{"id":16667,"date":"2015-08-17T13:13:03","date_gmt":"2015-08-17T11:13:03","guid":{"rendered":"http:\/\/dev.safety-plus.ch\/?p=466"},"modified":"2015-08-17T13:13:03","modified_gmt":"2015-08-17T11:13:03","slug":"berufs-wm-13-medaillen-fuer-die-schweiz","status":null,"type":"post","link":"https:\/\/news.save.ch\/en\/berufs-wm-13-medaillen-fuer-die-schweiz\/","title":{"rendered":"Professional World Championships: 13 medals for Switzerland"},"content":{"rendered":"<div id='gallery-1' class='gallery galleryid-16667 gallery-columns-3 gallery-size-thumbnail'><figure class='gallery-item'>\n\t\t\t<div class='gallery-icon landscape'>\n\t\t\t\t<a href='https:\/\/news.save.ch\/en\/berufs-wm_1_safety-plus\/'><img loading=\"lazy\" decoding=\"async\" width=\"150\" height=\"150\" src=\"https:\/\/news.save.ch\/wp-content\/uploads\/2016\/12\/Berufs-WM_1_safety-plus-scaled-1-150x150.jpeg\" class=\"attachment-thumbnail size-thumbnail\" alt=\"\" srcset=\"https:\/\/news.save.ch\/wp-content\/uploads\/2016\/12\/Berufs-WM_1_safety-plus-scaled-1-150x150.jpeg 150w, https:\/\/news.save.ch\/wp-content\/uploads\/2016\/12\/Berufs-WM_1_safety-plus-scaled-1-250x250.jpeg 250w\" sizes=\"auto, (max-width: 150px) 100vw, 150px\" \/><\/a>\n\t\t\t<\/div><\/figure><figure class='gallery-item'>\n\t\t\t<div class='gallery-icon landscape'>\n\t\t\t\t<a href='https:\/\/news.save.ch\/en\/berufs-wm_2_safety-plus\/'><img loading=\"lazy\" decoding=\"async\" width=\"150\" height=\"150\" src=\"https:\/\/news.save.ch\/wp-content\/uploads\/2016\/12\/Berufs-WM_2_safety-plus-scaled-1-150x150.jpeg\" class=\"attachment-thumbnail size-thumbnail\" alt=\"\" srcset=\"https:\/\/news.save.ch\/wp-content\/uploads\/2016\/12\/Berufs-WM_2_safety-plus-scaled-1-150x150.jpeg 150w, https:\/\/news.save.ch\/wp-content\/uploads\/2016\/12\/Berufs-WM_2_safety-plus-scaled-1-250x250.jpeg 250w\" sizes=\"auto, (max-width: 150px) 100vw, 150px\" \/><\/a>\n\t\t\t<\/div><\/figure><figure class='gallery-item'>\n\t\t\t<div class='gallery-icon landscape'>\n\t\t\t\t<a href='https:\/\/news.save.ch\/en\/berufs-wm_3_safety-plus\/'><img loading=\"lazy\" decoding=\"async\" width=\"150\" height=\"150\" src=\"https:\/\/news.save.ch\/wp-content\/uploads\/2016\/12\/Berufs-WM_3_safety-plus-scaled-1-150x150.jpeg\" class=\"attachment-thumbnail size-thumbnail\" alt=\"\" srcset=\"https:\/\/news.save.ch\/wp-content\/uploads\/2016\/12\/Berufs-WM_3_safety-plus-scaled-1-150x150.jpeg 150w, https:\/\/news.save.ch\/wp-content\/uploads\/2016\/12\/Berufs-WM_3_safety-plus-scaled-1-250x250.jpeg 250w\" sizes=\"auto, (max-width: 150px) 100vw, 150px\" \/><\/a>\n\t\t\t<\/div><\/figure><figure class='gallery-item'>\n\t\t\t<div class='gallery-icon landscape'>\n\t\t\t\t<a href='https:\/\/news.save.ch\/en\/eth-ausbau-der-informations-sicherheit-it-security\/'><img loading=\"lazy\" decoding=\"async\" width=\"150\" height=\"75\" src=\"https:\/\/news.save.ch\/wp-content\/uploads\/2016\/12\/ETH-Ausbau-der-Informations-Sicherheit-it-security.png\" class=\"attachment-thumbnail size-thumbnail\" alt=\"\" aria-describedby=\"gallery-1-471\" srcset=\"https:\/\/news.save.ch\/wp-content\/uploads\/2016\/12\/ETH-Ausbau-der-Informations-Sicherheit-it-security.png 464w, https:\/\/news.save.ch\/wp-content\/uploads\/2016\/12\/ETH-Ausbau-der-Informations-Sicherheit-it-security-375x188.png 375w\" sizes=\"auto, (max-width: 150px) 100vw, 150px\" \/><\/a>\n\t\t\t<\/div>\n\t\t\t\t<figcaption class='wp-caption-text gallery-caption' id='gallery-1-471'>\n\t\t\t\tFrom left to right: Chairman of the Bank Council of the ZKB, J\u00f6rg M\u00fcller-Ganz, ETH President Lino Guzzella and J\u00fcrgen Dormann, Chairman of the Board of Trustees of the ETH Zurich Foundation, at the signing of the contract. (Image: ETH Zurich \/ Peter R\u00fcegg)\n\t\t\t\t<\/figcaption><\/figure><figure class='gallery-item'>\n\t\t\t<div class='gallery-icon landscape'>\n\t\t\t\t<a href='https:\/\/news.save.ch\/en\/berufs-wm_6_safety-plus\/'><img loading=\"lazy\" decoding=\"async\" width=\"150\" height=\"150\" src=\"https:\/\/news.save.ch\/wp-content\/uploads\/2016\/12\/Berufs-WM_6_safety-plus-scaled-1-150x150.jpeg\" class=\"attachment-thumbnail size-thumbnail\" alt=\"\" srcset=\"https:\/\/news.save.ch\/wp-content\/uploads\/2016\/12\/Berufs-WM_6_safety-plus-scaled-1-150x150.jpeg 150w, https:\/\/news.save.ch\/wp-content\/uploads\/2016\/12\/Berufs-WM_6_safety-plus-scaled-1-250x250.jpeg 250w\" sizes=\"auto, (max-width: 150px) 100vw, 150px\" \/><\/a>\n\t\t\t<\/div><\/figure><figure class='gallery-item'>\n\t\t\t<div class='gallery-icon landscape'>\n\t\t\t\t<a href='https:\/\/news.save.ch\/en\/berufs-wm_7_safety-plus\/'><img loading=\"lazy\" decoding=\"async\" width=\"150\" height=\"150\" src=\"https:\/\/news.save.ch\/wp-content\/uploads\/2016\/12\/Berufs-WM_7_safety-plus-scaled-1-150x150.jpeg\" class=\"attachment-thumbnail size-thumbnail\" alt=\"\" srcset=\"https:\/\/news.save.ch\/wp-content\/uploads\/2016\/12\/Berufs-WM_7_safety-plus-scaled-1-150x150.jpeg 150w, https:\/\/news.save.ch\/wp-content\/uploads\/2016\/12\/Berufs-WM_7_safety-plus-scaled-1-250x250.jpeg 250w\" sizes=\"auto, (max-width: 150px) 100vw, 150px\" \/><\/a>\n\t\t\t<\/div><\/figure>\n\t\t<\/div>\n\n<p><em>Maximum concentration: the Swiss delegation demonstrates its skills in S\u00e3o Paolo.<\/em><\/p>\n<p>13 medals, best European nation and 4th national rank: The Swiss participants can be satisfied with their placement at the World Vocational Championships in Brazil. The fact that it was not quite enough for the podium this time - as has been the case in recent years - is bitter for the young professionals, but the heads of delegation nevertheless draw a positive balance: \"I am incredibly proud of our young people,\" says head of delegation Christine Davatz.<\/p>\n<p>Software developer Lars T\u00f6nz from Busswil took gold, while silver was won by the Swiss in the categories of automation technician, carrossier plumber, plasterer drywaller, carpenter, cook, landscape gardener and construction and loading machine mechanic. Bronze was awarded in the categories of panel layer, electronics technician, decorative painter, metal worker and mold maker.<\/p>\n<p>There is also praise from the highest level: Education Minister Schneider-Ammann congratulated the Swiss delegation. \"This consistency shows that Switzerland's dual, labor market-oriented vocational education and training system is a model of success,\" said Federal Councillor Schneider-Ammann. Thanks to the teaching of theory and practice, young people are optimally prepared for working life and are able to achieve top performance. \"However, the Swiss result also shows that international competition has increased. In the future, we must take this into account for our work here in Switzerland.\"<\/p>\n<p>The next edition of World Skills will take place in Abu Dhabi in 2017. Participation is open to young professionals up to the age of 22 who have been successful in regional and national vocational championships. In Switzerland, the Foundation <a href=\"http:\/\/www.swiss-skills.ch\/\" target=\"_blank\" data-cke-saved-href=\"http:\/\/www.swiss-skills.ch\/\" rel=\"noopener\">SwissSkills<\/a> the championships in over 60 different trades. It also prepares the World Cup team for the international championships and supervises the participants.<\/p>","protected":false},"excerpt":{"rendered":"<p>H\u00f6chste Konzentration: Die Schweizer Delegation demonstriert ihre F\u00e4higkeiten in S\u00e3o Paolo. 13 Medaillen, beste europ\u00e4ische Nation und 4. Nationenrang: Die Schweizer Teilnehmer k\u00f6nnen mit ihrer Platzierung an der Berufs-WM in Brasilien zufrieden sein. Dass es &#8211; wie dies\u00a0in den letzten Jahren der Fall war &#8211; diesmal nicht ganz f\u00fcr das Podest gereicht hat, ist zwar [&hellip;]<\/p>\n","protected":false},"author":1,"featured_media":467,"comment_status":"open","ping_status":"open","sticky":false,"template":"","format":"standard","meta":{"_acf_changed":false,"pgc_sgb_lightbox_settings":"","footnotes":""},"categories":[1],"tags":[292],"class_list":["post-16667","post","type-post","status-publish","format-standard","has-post-thumbnail","hentry","category-allgemein","tag-sportveranstaltung"],"acf":[],"hkrextid":null,"publication":null,"issue":null,"workflow":null,"startPage":null,"spitzmarke":null,"_posts_by_tag_page_fields":{"widget_title":"","widget_tags":""},"_at_widget":"1","_yoast_wpseo_primary_category":"1","_yoast_wpseo_focuskw_text_input":"Berufs-WM","_yoast_wpseo_opengraph-image":null,"_yoast_wpseo_opengraph-description":null,"_yoast_wpseo_opengraph-title":null,"enclosure":null,"_yoast_wpseo_twitter-title":null,"_yoast_wpseo_twitter-description":null,"_yoast_wpseo_twitter-image":null,"_wp_old_slug":null,"_yoast_wpseo_title":null,"_yoast_wpseo_canonical":null,"yoast_head":"<!-- This site is optimized with the Yoast SEO plugin v27.4 - https:\/\/yoast.com\/product\/yoast-seo-wordpress\/ -->\n<title>Berufs-WM: 13 Medaillen f\u00fcr die Schweiz - Save<\/title>\n<meta name=\"description\" content=\"Berufs-WM: Die Schweizer Delegation hat an den Berufsweltmeisterschaften World Skills in S\u00e3o Paulo den vierten Rang geholt.\" \/>\n<meta name=\"robots\" content=\"index, follow, max-snippet:-1, max-image-preview:large, max-video-preview:-1\" \/>\n<link rel=\"canonical\" href=\"https:\/\/news.save.ch\/en\/berufs-wm-13-medaillen-fuer-die-schweiz\/\" \/>\n<meta property=\"og:locale\" content=\"en_US\" \/>\n<meta property=\"og:type\" content=\"article\" \/>\n<meta property=\"og:title\" content=\"Berufs-WM: 13 Medaillen f\u00fcr die Schweiz - Save\" \/>\n<meta property=\"og:description\" content=\"Berufs-WM: Die Schweizer Delegation hat an den Berufsweltmeisterschaften World Skills in S\u00e3o Paulo den vierten Rang geholt.\" \/>\n<meta property=\"og:url\" content=\"https:\/\/news.save.ch\/en\/berufs-wm-13-medaillen-fuer-die-schweiz\/\" \/>\n<meta property=\"og:site_name\" content=\"Save\" \/>\n<meta property=\"article:published_time\" content=\"2015-08-17T11:13:03+00:00\" \/>\n<meta property=\"og:image\" content=\"https:\/\/news.save.ch\/wp-content\/uploads\/2016\/12\/Berufs-WM_1_safety-plus-scaled-1.jpeg\" \/>\n\t<meta property=\"og:image:width\" content=\"1200\" \/>\n\t<meta property=\"og:image:height\" content=\"801\" \/>\n\t<meta property=\"og:image:type\" content=\"image\/jpeg\" \/>\n<meta name=\"author\" content=\"admin\" \/>\n<meta name=\"twitter:card\" content=\"summary_large_image\" \/>\n<meta name=\"twitter:label1\" content=\"Written by\" \/>\n\t<meta name=\"twitter:data1\" content=\"admin\" \/>\n\t<meta name=\"twitter:label2\" content=\"Est. reading time\" \/>\n\t<meta name=\"twitter:data2\" content=\"1 minute\" \/>\n<script type=\"application\/ld+json\" class=\"yoast-schema-graph\">{\"@context\":\"https:\\\/\\\/schema.org\",\"@graph\":[{\"@type\":\"Article\",\"@id\":\"https:\\\/\\\/news.save.ch\\\/berufs-wm-13-medaillen-fuer-die-schweiz\\\/#article\",\"isPartOf\":{\"@id\":\"https:\\\/\\\/news.save.ch\\\/berufs-wm-13-medaillen-fuer-die-schweiz\\\/\"},\"author\":{\"name\":\"admin\",\"@id\":\"https:\\\/\\\/news.save.ch\\\/de\\\/#\\\/schema\\\/person\\\/d49e199490bad7c70d64b9ab51142f2b\"},\"headline\":\"Berufs-WM: 13 Medaillen f\u00fcr die Schweiz\",\"datePublished\":\"2015-08-17T11:13:03+00:00\",\"mainEntityOfPage\":{\"@id\":\"https:\\\/\\\/news.save.ch\\\/berufs-wm-13-medaillen-fuer-die-schweiz\\\/\"},\"wordCount\":272,\"commentCount\":0,\"publisher\":{\"@id\":\"https:\\\/\\\/news.save.ch\\\/de\\\/#organization\"},\"image\":{\"@id\":\"https:\\\/\\\/news.save.ch\\\/berufs-wm-13-medaillen-fuer-die-schweiz\\\/#primaryimage\"},\"thumbnailUrl\":\"https:\\\/\\\/news.save.ch\\\/wp-content\\\/uploads\\\/2016\\\/12\\\/Berufs-WM_1_safety-plus-scaled-1.jpeg\",\"keywords\":[\"Sportveranstaltung\"],\"articleSection\":[\"ALLGEMEIN\"],\"inLanguage\":\"en-US\"},{\"@type\":\"WebPage\",\"@id\":\"https:\\\/\\\/news.save.ch\\\/berufs-wm-13-medaillen-fuer-die-schweiz\\\/\",\"url\":\"https:\\\/\\\/news.save.ch\\\/berufs-wm-13-medaillen-fuer-die-schweiz\\\/\",\"name\":\"Berufs-WM: 13 Medaillen f\u00fcr die Schweiz - Save\",\"isPartOf\":{\"@id\":\"https:\\\/\\\/news.save.ch\\\/de\\\/#website\"},\"primaryImageOfPage\":{\"@id\":\"https:\\\/\\\/news.save.ch\\\/berufs-wm-13-medaillen-fuer-die-schweiz\\\/#primaryimage\"},\"image\":{\"@id\":\"https:\\\/\\\/news.save.ch\\\/berufs-wm-13-medaillen-fuer-die-schweiz\\\/#primaryimage\"},\"thumbnailUrl\":\"https:\\\/\\\/news.save.ch\\\/wp-content\\\/uploads\\\/2016\\\/12\\\/Berufs-WM_1_safety-plus-scaled-1.jpeg\",\"datePublished\":\"2015-08-17T11:13:03+00:00\",\"description\":\"Berufs-WM: Die Schweizer Delegation hat an den Berufsweltmeisterschaften World Skills in S\u00e3o Paulo den vierten Rang geholt.\",\"breadcrumb\":{\"@id\":\"https:\\\/\\\/news.save.ch\\\/berufs-wm-13-medaillen-fuer-die-schweiz\\\/#breadcrumb\"},\"inLanguage\":\"en-US\",\"potentialAction\":[{\"@type\":\"ReadAction\",\"target\":[\"https:\\\/\\\/news.save.ch\\\/berufs-wm-13-medaillen-fuer-die-schweiz\\\/\"]}]},{\"@type\":\"ImageObject\",\"inLanguage\":\"en-US\",\"@id\":\"https:\\\/\\\/news.save.ch\\\/berufs-wm-13-medaillen-fuer-die-schweiz\\\/#primaryimage\",\"url\":\"https:\\\/\\\/news.save.ch\\\/wp-content\\\/uploads\\\/2016\\\/12\\\/Berufs-WM_1_safety-plus-scaled-1.jpeg\",\"contentUrl\":\"https:\\\/\\\/news.save.ch\\\/wp-content\\\/uploads\\\/2016\\\/12\\\/Berufs-WM_1_safety-plus-scaled-1.jpeg\",\"width\":1200,\"height\":801},{\"@type\":\"BreadcrumbList\",\"@id\":\"https:\\\/\\\/news.save.ch\\\/berufs-wm-13-medaillen-fuer-die-schweiz\\\/#breadcrumb\",\"itemListElement\":[{\"@type\":\"ListItem\",\"position\":1,\"name\":\"Home\",\"item\":\"https:\\\/\\\/news.save.ch\\\/de\\\/\"},{\"@type\":\"ListItem\",\"position\":2,\"name\":\"Berufs-WM: 13 Medaillen f\u00fcr die Schweiz\"}]},{\"@type\":\"WebSite\",\"@id\":\"https:\\\/\\\/news.save.ch\\\/de\\\/#website\",\"url\":\"https:\\\/\\\/news.save.ch\\\/de\\\/\",\"name\":\"Save\",\"description\":\"Schweizer Fachzeitschrift f\u00fcr Sicherheit\",\"publisher\":{\"@id\":\"https:\\\/\\\/news.save.ch\\\/de\\\/#organization\"},\"potentialAction\":[{\"@type\":\"SearchAction\",\"target\":{\"@type\":\"EntryPoint\",\"urlTemplate\":\"https:\\\/\\\/news.save.ch\\\/de\\\/?s={search_term_string}\"},\"query-input\":{\"@type\":\"PropertyValueSpecification\",\"valueRequired\":true,\"valueName\":\"search_term_string\"}}],\"inLanguage\":\"en-US\"},{\"@type\":\"Organization\",\"@id\":\"https:\\\/\\\/news.save.ch\\\/de\\\/#organization\",\"name\":\"Sicherheitsforum\",\"url\":\"https:\\\/\\\/news.save.ch\\\/de\\\/\",\"logo\":{\"@type\":\"ImageObject\",\"inLanguage\":\"en-US\",\"@id\":\"https:\\\/\\\/news.save.ch\\\/de\\\/#\\\/schema\\\/logo\\\/image\\\/\",\"url\":\"https:\\\/\\\/news.save.ch\\\/wp-content\\\/uploads\\\/2022\\\/06\\\/Logo_SF_2012.png\",\"contentUrl\":\"https:\\\/\\\/news.save.ch\\\/wp-content\\\/uploads\\\/2022\\\/06\\\/Logo_SF_2012.png\",\"width\":1100,\"height\":91,\"caption\":\"Sicherheitsforum\"},\"image\":{\"@id\":\"https:\\\/\\\/news.save.ch\\\/de\\\/#\\\/schema\\\/logo\\\/image\\\/\"}},{\"@type\":\"Person\",\"@id\":\"https:\\\/\\\/news.save.ch\\\/de\\\/#\\\/schema\\\/person\\\/d49e199490bad7c70d64b9ab51142f2b\",\"name\":\"admin\",\"image\":{\"@type\":\"ImageObject\",\"inLanguage\":\"en-US\",\"@id\":\"https:\\\/\\\/secure.gravatar.com\\\/avatar\\\/ae2f4d718e6c49043e314ce431e7e645d646302a24a5ef5a8bc8e3f5a032e319?s=96&d=mm&r=g\",\"url\":\"https:\\\/\\\/secure.gravatar.com\\\/avatar\\\/ae2f4d718e6c49043e314ce431e7e645d646302a24a5ef5a8bc8e3f5a032e319?s=96&d=mm&r=g\",\"contentUrl\":\"https:\\\/\\\/secure.gravatar.com\\\/avatar\\\/ae2f4d718e6c49043e314ce431e7e645d646302a24a5ef5a8bc8e3f5a032e319?s=96&d=mm&r=g\",\"caption\":\"admin\"},\"sameAs\":[\"https:\\\/\\\/develop.organisator.galledia.ch\"],\"url\":\"https:\\\/\\\/news.save.ch\\\/en\\\/author\\\/admin\\\/\"}]}<\/script>\n<!-- \/ Yoast SEO plugin. -->","yoast_head_json":{"title":"Professional World Cup: 13 medals for Switzerland - Save","description":"World Skills Championships: The Swiss delegation took fourth place at the World Skills Championships in S\u00e3o Paulo.","robots":{"index":"index","follow":"follow","max-snippet":"max-snippet:-1","max-image-preview":"max-image-preview:large","max-video-preview":"max-video-preview:-1"},"canonical":"https:\/\/news.save.ch\/en\/berufs-wm-13-medaillen-fuer-die-schweiz\/","og_locale":"en_US","og_type":"article","og_title":"Berufs-WM: 13 Medaillen f\u00fcr die Schweiz - Save","og_description":"Berufs-WM: Die Schweizer Delegation hat an den Berufsweltmeisterschaften World Skills in S\u00e3o Paulo den vierten Rang geholt.","og_url":"https:\/\/news.save.ch\/en\/berufs-wm-13-medaillen-fuer-die-schweiz\/","og_site_name":"Save","article_published_time":"2015-08-17T11:13:03+00:00","og_image":[{"width":1200,"height":801,"url":"https:\/\/news.save.ch\/wp-content\/uploads\/2016\/12\/Berufs-WM_1_safety-plus-scaled-1.jpeg","type":"image\/jpeg"}],"author":"admin","twitter_card":"summary_large_image","twitter_misc":{"Written by":"admin","Est. reading time":"1 minute"},"schema":{"@context":"https:\/\/schema.org","@graph":[{"@type":"Article","@id":"https:\/\/news.save.ch\/berufs-wm-13-medaillen-fuer-die-schweiz\/#article","isPartOf":{"@id":"https:\/\/news.save.ch\/berufs-wm-13-medaillen-fuer-die-schweiz\/"},"author":{"name":"admin","@id":"https:\/\/news.save.ch\/de\/#\/schema\/person\/d49e199490bad7c70d64b9ab51142f2b"},"headline":"Berufs-WM: 13 Medaillen f\u00fcr die Schweiz","datePublished":"2015-08-17T11:13:03+00:00","mainEntityOfPage":{"@id":"https:\/\/news.save.ch\/berufs-wm-13-medaillen-fuer-die-schweiz\/"},"wordCount":272,"commentCount":0,"publisher":{"@id":"https:\/\/news.save.ch\/de\/#organization"},"image":{"@id":"https:\/\/news.save.ch\/berufs-wm-13-medaillen-fuer-die-schweiz\/#primaryimage"},"thumbnailUrl":"https:\/\/news.save.ch\/wp-content\/uploads\/2016\/12\/Berufs-WM_1_safety-plus-scaled-1.jpeg","keywords":["Sportveranstaltung"],"articleSection":["ALLGEMEIN"],"inLanguage":"en-US"},{"@type":"WebPage","@id":"https:\/\/news.save.ch\/berufs-wm-13-medaillen-fuer-die-schweiz\/","url":"https:\/\/news.save.ch\/berufs-wm-13-medaillen-fuer-die-schweiz\/","name":"Professional World Cup: 13 medals for Switzerland - Save","isPartOf":{"@id":"https:\/\/news.save.ch\/de\/#website"},"primaryImageOfPage":{"@id":"https:\/\/news.save.ch\/berufs-wm-13-medaillen-fuer-die-schweiz\/#primaryimage"},"image":{"@id":"https:\/\/news.save.ch\/berufs-wm-13-medaillen-fuer-die-schweiz\/#primaryimage"},"thumbnailUrl":"https:\/\/news.save.ch\/wp-content\/uploads\/2016\/12\/Berufs-WM_1_safety-plus-scaled-1.jpeg","datePublished":"2015-08-17T11:13:03+00:00","description":"World Skills Championships: The Swiss delegation took fourth place at the World Skills Championships in S\u00e3o Paulo.","breadcrumb":{"@id":"https:\/\/news.save.ch\/berufs-wm-13-medaillen-fuer-die-schweiz\/#breadcrumb"},"inLanguage":"en-US","potentialAction":[{"@type":"ReadAction","target":["https:\/\/news.save.ch\/berufs-wm-13-medaillen-fuer-die-schweiz\/"]}]},{"@type":"ImageObject","inLanguage":"en-US","@id":"https:\/\/news.save.ch\/berufs-wm-13-medaillen-fuer-die-schweiz\/#primaryimage","url":"https:\/\/news.save.ch\/wp-content\/uploads\/2016\/12\/Berufs-WM_1_safety-plus-scaled-1.jpeg","contentUrl":"https:\/\/news.save.ch\/wp-content\/uploads\/2016\/12\/Berufs-WM_1_safety-plus-scaled-1.jpeg","width":1200,"height":801},{"@type":"BreadcrumbList","@id":"https:\/\/news.save.ch\/berufs-wm-13-medaillen-fuer-die-schweiz\/#breadcrumb","itemListElement":[{"@type":"ListItem","position":1,"name":"Home","item":"https:\/\/news.save.ch\/de\/"},{"@type":"ListItem","position":2,"name":"Berufs-WM: 13 Medaillen f\u00fcr die Schweiz"}]},{"@type":"WebSite","@id":"https:\/\/news.save.ch\/de\/#website","url":"https:\/\/news.save.ch\/de\/","name":"Save","description":"Swiss trade journal for safety","publisher":{"@id":"https:\/\/news.save.ch\/de\/#organization"},"potentialAction":[{"@type":"SearchAction","target":{"@type":"EntryPoint","urlTemplate":"https:\/\/news.save.ch\/de\/?s={search_term_string}"},"query-input":{"@type":"PropertyValueSpecification","valueRequired":true,"valueName":"search_term_string"}}],"inLanguage":"en-US"},{"@type":"Organization","@id":"https:\/\/news.save.ch\/de\/#organization","name":"Security Forum","url":"https:\/\/news.save.ch\/de\/","logo":{"@type":"ImageObject","inLanguage":"en-US","@id":"https:\/\/news.save.ch\/de\/#\/schema\/logo\/image\/","url":"https:\/\/news.save.ch\/wp-content\/uploads\/2022\/06\/Logo_SF_2012.png","contentUrl":"https:\/\/news.save.ch\/wp-content\/uploads\/2022\/06\/Logo_SF_2012.png","width":1100,"height":91,"caption":"Sicherheitsforum"},"image":{"@id":"https:\/\/news.save.ch\/de\/#\/schema\/logo\/image\/"}},{"@type":"Person","@id":"https:\/\/news.save.ch\/de\/#\/schema\/person\/d49e199490bad7c70d64b9ab51142f2b","name":"admin","image":{"@type":"ImageObject","inLanguage":"en-US","@id":"https:\/\/secure.gravatar.com\/avatar\/ae2f4d718e6c49043e314ce431e7e645d646302a24a5ef5a8bc8e3f5a032e319?s=96&d=mm&r=g","url":"https:\/\/secure.gravatar.com\/avatar\/ae2f4d718e6c49043e314ce431e7e645d646302a24a5ef5a8bc8e3f5a032e319?s=96&d=mm&r=g","contentUrl":"https:\/\/secure.gravatar.com\/avatar\/ae2f4d718e6c49043e314ce431e7e645d646302a24a5ef5a8bc8e3f5a032e319?s=96&d=mm&r=g","caption":"admin"},"sameAs":["https:\/\/develop.organisator.galledia.ch"],"url":"https:\/\/news.save.ch\/en\/author\/admin\/"}]}},"_links":{"self":[{"href":"https:\/\/news.save.ch\/en\/wp-json\/wp\/v2\/posts\/16667","targetHints":{"allow":["GET"]}}],"collection":[{"href":"https:\/\/news.save.ch\/en\/wp-json\/wp\/v2\/posts"}],"about":[{"href":"https:\/\/news.save.ch\/en\/wp-json\/wp\/v2\/types\/post"}],"author":[{"embeddable":true,"href":"https:\/\/news.save.ch\/en\/wp-json\/wp\/v2\/users\/1"}],"replies":[{"embeddable":true,"href":"https:\/\/news.save.ch\/en\/wp-json\/wp\/v2\/comments?post=16667"}],"version-history":[{"count":0,"href":"https:\/\/news.save.ch\/en\/wp-json\/wp\/v2\/posts\/16667\/revisions"}],"wp:featuredmedia":[{"embeddable":true,"href":"https:\/\/news.save.ch\/en\/wp-json\/wp\/v2\/media\/467"}],"wp:attachment":[{"href":"https:\/\/news.save.ch\/en\/wp-json\/wp\/v2\/media?parent=16667"}],"wp:term":[{"taxonomy":"category","embeddable":true,"href":"https:\/\/news.save.ch\/en\/wp-json\/wp\/v2\/categories?post=16667"},{"taxonomy":"post_tag","embeddable":true,"href":"https:\/\/news.save.ch\/en\/wp-json\/wp\/v2\/tags?post=16667"}],"curies":[{"name":"wp","href":"https:\/\/api.w.org\/{rel}","templated":true}]}}