{"id":16698,"date":"2016-01-22T14:59:42","date_gmt":"2016-01-22T13:59:42","guid":{"rendered":"http:\/\/dev.safety-plus.ch\/?p=691"},"modified":"2023-03-14T09:03:04","modified_gmt":"2023-03-14T08:03:04","slug":"fast-40-der-arbeitnehmer-sind-depressionsgefaehrdet","status":null,"type":"post","link":"https:\/\/news.save.ch\/en\/fast-40-der-arbeitnehmer-sind-depressionsgefaehrdet\/","title":{"rendered":"Nearly 40% of workers are at risk for depression"},"content":{"rendered":"<figure id=\"attachment_692\" aria-describedby=\"caption-attachment-692\" style=\"width: 680px\" class=\"wp-caption alignnone\"><img loading=\"lazy\" decoding=\"async\" class=\"wp-image-692 size-medium\" src=\"http:\/\/develop.safety-plus.ch\/wp-content\/uploads\/2016\/12\/Fast-40-der-Arbeitnehmer-sind-depressionsgefaehrdet_safety-plus.jpg\" alt=\"Stress in the workplace is leading to a rapid increase in psychological problems.\" width=\"680\" height=\"511\" \/><figcaption id=\"caption-attachment-692\" class=\"wp-caption-text\">Stress in the workplace is leading to a rapid increase in psychological problems.<\/figcaption><\/figure>\n<p>According to the findings of a new report by <a href=\"https:\/\/www.gettheworldmoving.com\/\" target=\"_blank\" data-cke-saved-href=\"https:\/\/www.gettheworldmoving.com\/\" rel=\"noopener\">Global Corporate Challenge<\/a> (GCC), it is no longer back pain that is the number one work-related health problem, but psychological well-being.<\/p>\n<p>GCC surveyed 14,734 people from 34 leading companies in 67 countries. And an overwhelming 39 % of workers fell into the worst category in psychological well-being. This is an indication that these individuals are at risk of depression. The study was based on the 5-point well-being index of the World Health Organization (WHO).<\/p>\n<p>Dr. David Batman, Chief Medical Officer and thus responsible for occupational health and performance, said: \"In my 25 years as an occupational physician, I have seen a rapid increase in problems with psychological well-being in the workplace. Twenty years ago, it was back and neck pain, and there were also numerous cases of work-related skin conditions - in other words, mostly physical problems. In the last fifteen years, however, psychological problems have increased dramatically and have now become the most common problem in the workplace. One of the most important causes of this is stress - which used to affect mostly managers, but is now found at all levels of the company.\"<\/p>","protected":false},"excerpt":{"rendered":"<p>Gem\u00e4ss den Ergebnissen eines neuen Berichts von Global Corporate Challenge (GCC) sind es nicht mehr die R\u00fcckenschmerzen, die auf Platz 1 der arbeitsbedingten Gesundheitsprobleme stehen, sondern das psychologische Wohlbefinden. GCC hat 14\u00a0734 Personen aus 34 f\u00fchrenden Unternehmen in 67 L\u00e4ndern befragt. Und \u00fcberw\u00e4ltigende 39 % der Arbeitnehmer fielen in die schlechteste Kategorie im Bereich psychologisches [&hellip;]<\/p>\n","protected":false},"author":1,"featured_media":16050,"comment_status":"open","ping_status":"open","sticky":false,"template":"","format":"standard","meta":{"_acf_changed":false,"pgc_sgb_lightbox_settings":"","footnotes":""},"categories":[1,3314],"tags":[1775,149,2729],"class_list":["post-16698","post","type-post","status-publish","format-standard","has-post-thumbnail","hentry","category-allgemein","category-health-safety","tag-betriebliches-gesundheitsmanagement","tag-gesundheitsschutz","tag-psychische-gesundheit"],"acf":[],"hkrextid":null,"publication":null,"issue":null,"workflow":null,"startPage":null,"spitzmarke":null,"_posts_by_tag_page_fields":{"widget_title":"","widget_tags":""},"_at_widget":"1","_yoast_wpseo_primary_category":"4","_yoast_wpseo_focuskw_text_input":"depressionsgef\u00e4hrdet","_yoast_wpseo_opengraph-image":null,"_yoast_wpseo_opengraph-description":null,"_yoast_wpseo_opengraph-title":null,"enclosure":null,"_yoast_wpseo_twitter-title":null,"_yoast_wpseo_twitter-description":null,"_yoast_wpseo_twitter-image":null,"_wp_old_slug":null,"_yoast_wpseo_title":null,"_yoast_wpseo_canonical":null,"yoast_head":"<!-- This site is optimized with the Yoast SEO plugin v27.5 - https:\/\/yoast.com\/product\/yoast-seo-wordpress\/ -->\n<title>Fast 40% der Arbeitnehmer sind depressionsgef\u00e4hrdet - Save<\/title>\n<meta name=\"description\" content=\"depressionsgef\u00e4hrdet: Nicht mehr R\u00fcckenschmerzen, sondern das psychologische Wohlbefinden ist neu das h\u00e4ufigste arbeitsbedingte Gesundheitsproblem.\" \/>\n<meta name=\"robots\" content=\"index, follow, max-snippet:-1, max-image-preview:large, max-video-preview:-1\" \/>\n<link rel=\"canonical\" href=\"https:\/\/news.save.ch\/en\/fast-40-der-arbeitnehmer-sind-depressionsgefaehrdet\/\" \/>\n<meta property=\"og:locale\" content=\"en_US\" \/>\n<meta property=\"og:type\" content=\"article\" \/>\n<meta property=\"og:title\" content=\"Fast 40% der Arbeitnehmer sind depressionsgef\u00e4hrdet - Save\" \/>\n<meta property=\"og:description\" content=\"depressionsgef\u00e4hrdet: Nicht mehr R\u00fcckenschmerzen, sondern das psychologische Wohlbefinden ist neu das h\u00e4ufigste arbeitsbedingte Gesundheitsproblem.\" \/>\n<meta property=\"og:url\" content=\"https:\/\/news.save.ch\/en\/fast-40-der-arbeitnehmer-sind-depressionsgefaehrdet\/\" \/>\n<meta property=\"og:site_name\" content=\"Save\" \/>\n<meta property=\"article:published_time\" content=\"2016-01-22T13:59:42+00:00\" \/>\n<meta property=\"article:modified_time\" content=\"2023-03-14T08:03:04+00:00\" \/>\n<meta property=\"og:image\" content=\"https:\/\/news.save.ch\/wp-content\/uploads\/2016\/12\/Fast-40-der-Arbeitnehmer-sind-depressionsgefaehrdet_safety-plus.jpg\" \/>\n\t<meta property=\"og:image:width\" content=\"1000\" \/>\n\t<meta property=\"og:image:height\" content=\"751\" \/>\n\t<meta property=\"og:image:type\" content=\"image\/jpeg\" \/>\n<meta name=\"author\" content=\"admin\" \/>\n<meta name=\"twitter:card\" content=\"summary_large_image\" \/>\n<meta name=\"twitter:label1\" content=\"Written by\" \/>\n\t<meta name=\"twitter:data1\" content=\"admin\" \/>\n\t<meta name=\"twitter:label2\" content=\"Est. reading time\" \/>\n\t<meta name=\"twitter:data2\" content=\"1 minute\" \/>\n<script type=\"application\/ld+json\" class=\"yoast-schema-graph\">{\"@context\":\"https:\\\/\\\/schema.org\",\"@graph\":[{\"@type\":\"Article\",\"@id\":\"https:\\\/\\\/news.save.ch\\\/fast-40-der-arbeitnehmer-sind-depressionsgefaehrdet\\\/#article\",\"isPartOf\":{\"@id\":\"https:\\\/\\\/news.save.ch\\\/fast-40-der-arbeitnehmer-sind-depressionsgefaehrdet\\\/\"},\"author\":{\"name\":\"admin\",\"@id\":\"https:\\\/\\\/news.save.ch\\\/de\\\/#\\\/schema\\\/person\\\/d49e199490bad7c70d64b9ab51142f2b\"},\"headline\":\"Fast 40% der Arbeitnehmer sind depressionsgef\u00e4hrdet\",\"datePublished\":\"2016-01-22T13:59:42+00:00\",\"dateModified\":\"2023-03-14T08:03:04+00:00\",\"mainEntityOfPage\":{\"@id\":\"https:\\\/\\\/news.save.ch\\\/fast-40-der-arbeitnehmer-sind-depressionsgefaehrdet\\\/\"},\"wordCount\":219,\"commentCount\":0,\"publisher\":{\"@id\":\"https:\\\/\\\/news.save.ch\\\/de\\\/#organization\"},\"image\":{\"@id\":\"https:\\\/\\\/news.save.ch\\\/fast-40-der-arbeitnehmer-sind-depressionsgefaehrdet\\\/#primaryimage\"},\"thumbnailUrl\":\"https:\\\/\\\/news.save.ch\\\/wp-content\\\/uploads\\\/2016\\\/12\\\/Fast-40-der-Arbeitnehmer-sind-depressionsgefaehrdet_safety-plus.jpg\",\"keywords\":[\"Betriebliches Gesundheitsmanagement\",\"Gesundheitsschutz\",\"Psychische Gesundheit\"],\"articleSection\":[\"ALLGEMEIN\",\"HEALTH &amp; SAFETY\"],\"inLanguage\":\"en-US\"},{\"@type\":\"WebPage\",\"@id\":\"https:\\\/\\\/news.save.ch\\\/fast-40-der-arbeitnehmer-sind-depressionsgefaehrdet\\\/\",\"url\":\"https:\\\/\\\/news.save.ch\\\/fast-40-der-arbeitnehmer-sind-depressionsgefaehrdet\\\/\",\"name\":\"Fast 40% der Arbeitnehmer sind depressionsgef\u00e4hrdet - Save\",\"isPartOf\":{\"@id\":\"https:\\\/\\\/news.save.ch\\\/de\\\/#website\"},\"primaryImageOfPage\":{\"@id\":\"https:\\\/\\\/news.save.ch\\\/fast-40-der-arbeitnehmer-sind-depressionsgefaehrdet\\\/#primaryimage\"},\"image\":{\"@id\":\"https:\\\/\\\/news.save.ch\\\/fast-40-der-arbeitnehmer-sind-depressionsgefaehrdet\\\/#primaryimage\"},\"thumbnailUrl\":\"https:\\\/\\\/news.save.ch\\\/wp-content\\\/uploads\\\/2016\\\/12\\\/Fast-40-der-Arbeitnehmer-sind-depressionsgefaehrdet_safety-plus.jpg\",\"datePublished\":\"2016-01-22T13:59:42+00:00\",\"dateModified\":\"2023-03-14T08:03:04+00:00\",\"description\":\"depressionsgef\u00e4hrdet: Nicht mehr R\u00fcckenschmerzen, sondern das psychologische Wohlbefinden ist neu das h\u00e4ufigste arbeitsbedingte Gesundheitsproblem.\",\"breadcrumb\":{\"@id\":\"https:\\\/\\\/news.save.ch\\\/fast-40-der-arbeitnehmer-sind-depressionsgefaehrdet\\\/#breadcrumb\"},\"inLanguage\":\"en-US\",\"potentialAction\":[{\"@type\":\"ReadAction\",\"target\":[\"https:\\\/\\\/news.save.ch\\\/fast-40-der-arbeitnehmer-sind-depressionsgefaehrdet\\\/\"]}]},{\"@type\":\"ImageObject\",\"inLanguage\":\"en-US\",\"@id\":\"https:\\\/\\\/news.save.ch\\\/fast-40-der-arbeitnehmer-sind-depressionsgefaehrdet\\\/#primaryimage\",\"url\":\"https:\\\/\\\/news.save.ch\\\/wp-content\\\/uploads\\\/2016\\\/12\\\/Fast-40-der-Arbeitnehmer-sind-depressionsgefaehrdet_safety-plus.jpg\",\"contentUrl\":\"https:\\\/\\\/news.save.ch\\\/wp-content\\\/uploads\\\/2016\\\/12\\\/Fast-40-der-Arbeitnehmer-sind-depressionsgefaehrdet_safety-plus.jpg\",\"width\":1000,\"height\":751,\"caption\":\"Stress am Arbeitsplatz f\u00fchrt zu einem rasanten Anstieg an psychologischen Problemen.\"},{\"@type\":\"BreadcrumbList\",\"@id\":\"https:\\\/\\\/news.save.ch\\\/fast-40-der-arbeitnehmer-sind-depressionsgefaehrdet\\\/#breadcrumb\",\"itemListElement\":[{\"@type\":\"ListItem\",\"position\":1,\"name\":\"Home\",\"item\":\"https:\\\/\\\/news.save.ch\\\/de\\\/\"},{\"@type\":\"ListItem\",\"position\":2,\"name\":\"Fast 40% der Arbeitnehmer sind depressionsgef\u00e4hrdet\"}]},{\"@type\":\"WebSite\",\"@id\":\"https:\\\/\\\/news.save.ch\\\/de\\\/#website\",\"url\":\"https:\\\/\\\/news.save.ch\\\/de\\\/\",\"name\":\"Save\",\"description\":\"Schweizer Fachzeitschrift f\u00fcr Sicherheit\",\"publisher\":{\"@id\":\"https:\\\/\\\/news.save.ch\\\/de\\\/#organization\"},\"potentialAction\":[{\"@type\":\"SearchAction\",\"target\":{\"@type\":\"EntryPoint\",\"urlTemplate\":\"https:\\\/\\\/news.save.ch\\\/de\\\/?s={search_term_string}\"},\"query-input\":{\"@type\":\"PropertyValueSpecification\",\"valueRequired\":true,\"valueName\":\"search_term_string\"}}],\"inLanguage\":\"en-US\"},{\"@type\":\"Organization\",\"@id\":\"https:\\\/\\\/news.save.ch\\\/de\\\/#organization\",\"name\":\"Sicherheitsforum\",\"url\":\"https:\\\/\\\/news.save.ch\\\/de\\\/\",\"logo\":{\"@type\":\"ImageObject\",\"inLanguage\":\"en-US\",\"@id\":\"https:\\\/\\\/news.save.ch\\\/de\\\/#\\\/schema\\\/logo\\\/image\\\/\",\"url\":\"https:\\\/\\\/news.save.ch\\\/wp-content\\\/uploads\\\/2022\\\/06\\\/Logo_SF_2012.png\",\"contentUrl\":\"https:\\\/\\\/news.save.ch\\\/wp-content\\\/uploads\\\/2022\\\/06\\\/Logo_SF_2012.png\",\"width\":1100,\"height\":91,\"caption\":\"Sicherheitsforum\"},\"image\":{\"@id\":\"https:\\\/\\\/news.save.ch\\\/de\\\/#\\\/schema\\\/logo\\\/image\\\/\"}},{\"@type\":\"Person\",\"@id\":\"https:\\\/\\\/news.save.ch\\\/de\\\/#\\\/schema\\\/person\\\/d49e199490bad7c70d64b9ab51142f2b\",\"name\":\"admin\",\"image\":{\"@type\":\"ImageObject\",\"inLanguage\":\"en-US\",\"@id\":\"https:\\\/\\\/secure.gravatar.com\\\/avatar\\\/ae2f4d718e6c49043e314ce431e7e645d646302a24a5ef5a8bc8e3f5a032e319?s=96&d=mm&r=g\",\"url\":\"https:\\\/\\\/secure.gravatar.com\\\/avatar\\\/ae2f4d718e6c49043e314ce431e7e645d646302a24a5ef5a8bc8e3f5a032e319?s=96&d=mm&r=g\",\"contentUrl\":\"https:\\\/\\\/secure.gravatar.com\\\/avatar\\\/ae2f4d718e6c49043e314ce431e7e645d646302a24a5ef5a8bc8e3f5a032e319?s=96&d=mm&r=g\",\"caption\":\"admin\"},\"sameAs\":[\"https:\\\/\\\/develop.organisator.galledia.ch\"],\"url\":\"https:\\\/\\\/news.save.ch\\\/en\\\/author\\\/admin\\\/\"}]}<\/script>\n<!-- \/ Yoast SEO plugin. -->","yoast_head_json":{"title":"Nearly 40% of workers are at risk for depression - Save","description":"depression risk: Psychological well-being, not back pain, is now the most common work-related health problem.","robots":{"index":"index","follow":"follow","max-snippet":"max-snippet:-1","max-image-preview":"max-image-preview:large","max-video-preview":"max-video-preview:-1"},"canonical":"https:\/\/news.save.ch\/en\/fast-40-der-arbeitnehmer-sind-depressionsgefaehrdet\/","og_locale":"en_US","og_type":"article","og_title":"Fast 40% der Arbeitnehmer sind depressionsgef\u00e4hrdet - Save","og_description":"depressionsgef\u00e4hrdet: Nicht mehr R\u00fcckenschmerzen, sondern das psychologische Wohlbefinden ist neu das h\u00e4ufigste arbeitsbedingte Gesundheitsproblem.","og_url":"https:\/\/news.save.ch\/en\/fast-40-der-arbeitnehmer-sind-depressionsgefaehrdet\/","og_site_name":"Save","article_published_time":"2016-01-22T13:59:42+00:00","article_modified_time":"2023-03-14T08:03:04+00:00","og_image":[{"width":1000,"height":751,"url":"https:\/\/news.save.ch\/wp-content\/uploads\/2016\/12\/Fast-40-der-Arbeitnehmer-sind-depressionsgefaehrdet_safety-plus.jpg","type":"image\/jpeg"}],"author":"admin","twitter_card":"summary_large_image","twitter_misc":{"Written by":"admin","Est. reading time":"1 minute"},"schema":{"@context":"https:\/\/schema.org","@graph":[{"@type":"Article","@id":"https:\/\/news.save.ch\/fast-40-der-arbeitnehmer-sind-depressionsgefaehrdet\/#article","isPartOf":{"@id":"https:\/\/news.save.ch\/fast-40-der-arbeitnehmer-sind-depressionsgefaehrdet\/"},"author":{"name":"admin","@id":"https:\/\/news.save.ch\/de\/#\/schema\/person\/d49e199490bad7c70d64b9ab51142f2b"},"headline":"Fast 40% der Arbeitnehmer sind depressionsgef\u00e4hrdet","datePublished":"2016-01-22T13:59:42+00:00","dateModified":"2023-03-14T08:03:04+00:00","mainEntityOfPage":{"@id":"https:\/\/news.save.ch\/fast-40-der-arbeitnehmer-sind-depressionsgefaehrdet\/"},"wordCount":219,"commentCount":0,"publisher":{"@id":"https:\/\/news.save.ch\/de\/#organization"},"image":{"@id":"https:\/\/news.save.ch\/fast-40-der-arbeitnehmer-sind-depressionsgefaehrdet\/#primaryimage"},"thumbnailUrl":"https:\/\/news.save.ch\/wp-content\/uploads\/2016\/12\/Fast-40-der-Arbeitnehmer-sind-depressionsgefaehrdet_safety-plus.jpg","keywords":["Betriebliches Gesundheitsmanagement","Gesundheitsschutz","Psychische Gesundheit"],"articleSection":["ALLGEMEIN","HEALTH &amp; SAFETY"],"inLanguage":"en-US"},{"@type":"WebPage","@id":"https:\/\/news.save.ch\/fast-40-der-arbeitnehmer-sind-depressionsgefaehrdet\/","url":"https:\/\/news.save.ch\/fast-40-der-arbeitnehmer-sind-depressionsgefaehrdet\/","name":"Nearly 40% of workers are at risk for depression - Save","isPartOf":{"@id":"https:\/\/news.save.ch\/de\/#website"},"primaryImageOfPage":{"@id":"https:\/\/news.save.ch\/fast-40-der-arbeitnehmer-sind-depressionsgefaehrdet\/#primaryimage"},"image":{"@id":"https:\/\/news.save.ch\/fast-40-der-arbeitnehmer-sind-depressionsgefaehrdet\/#primaryimage"},"thumbnailUrl":"https:\/\/news.save.ch\/wp-content\/uploads\/2016\/12\/Fast-40-der-Arbeitnehmer-sind-depressionsgefaehrdet_safety-plus.jpg","datePublished":"2016-01-22T13:59:42+00:00","dateModified":"2023-03-14T08:03:04+00:00","description":"depression risk: Psychological well-being, not back pain, is now the most common work-related health problem.","breadcrumb":{"@id":"https:\/\/news.save.ch\/fast-40-der-arbeitnehmer-sind-depressionsgefaehrdet\/#breadcrumb"},"inLanguage":"en-US","potentialAction":[{"@type":"ReadAction","target":["https:\/\/news.save.ch\/fast-40-der-arbeitnehmer-sind-depressionsgefaehrdet\/"]}]},{"@type":"ImageObject","inLanguage":"en-US","@id":"https:\/\/news.save.ch\/fast-40-der-arbeitnehmer-sind-depressionsgefaehrdet\/#primaryimage","url":"https:\/\/news.save.ch\/wp-content\/uploads\/2016\/12\/Fast-40-der-Arbeitnehmer-sind-depressionsgefaehrdet_safety-plus.jpg","contentUrl":"https:\/\/news.save.ch\/wp-content\/uploads\/2016\/12\/Fast-40-der-Arbeitnehmer-sind-depressionsgefaehrdet_safety-plus.jpg","width":1000,"height":751,"caption":"Stress am Arbeitsplatz f\u00fchrt zu einem rasanten Anstieg an psychologischen Problemen."},{"@type":"BreadcrumbList","@id":"https:\/\/news.save.ch\/fast-40-der-arbeitnehmer-sind-depressionsgefaehrdet\/#breadcrumb","itemListElement":[{"@type":"ListItem","position":1,"name":"Home","item":"https:\/\/news.save.ch\/de\/"},{"@type":"ListItem","position":2,"name":"Fast 40% der Arbeitnehmer sind depressionsgef\u00e4hrdet"}]},{"@type":"WebSite","@id":"https:\/\/news.save.ch\/de\/#website","url":"https:\/\/news.save.ch\/de\/","name":"Save","description":"Swiss trade journal for safety","publisher":{"@id":"https:\/\/news.save.ch\/de\/#organization"},"potentialAction":[{"@type":"SearchAction","target":{"@type":"EntryPoint","urlTemplate":"https:\/\/news.save.ch\/de\/?s={search_term_string}"},"query-input":{"@type":"PropertyValueSpecification","valueRequired":true,"valueName":"search_term_string"}}],"inLanguage":"en-US"},{"@type":"Organization","@id":"https:\/\/news.save.ch\/de\/#organization","name":"Security Forum","url":"https:\/\/news.save.ch\/de\/","logo":{"@type":"ImageObject","inLanguage":"en-US","@id":"https:\/\/news.save.ch\/de\/#\/schema\/logo\/image\/","url":"https:\/\/news.save.ch\/wp-content\/uploads\/2022\/06\/Logo_SF_2012.png","contentUrl":"https:\/\/news.save.ch\/wp-content\/uploads\/2022\/06\/Logo_SF_2012.png","width":1100,"height":91,"caption":"Sicherheitsforum"},"image":{"@id":"https:\/\/news.save.ch\/de\/#\/schema\/logo\/image\/"}},{"@type":"Person","@id":"https:\/\/news.save.ch\/de\/#\/schema\/person\/d49e199490bad7c70d64b9ab51142f2b","name":"admin","image":{"@type":"ImageObject","inLanguage":"en-US","@id":"https:\/\/secure.gravatar.com\/avatar\/ae2f4d718e6c49043e314ce431e7e645d646302a24a5ef5a8bc8e3f5a032e319?s=96&d=mm&r=g","url":"https:\/\/secure.gravatar.com\/avatar\/ae2f4d718e6c49043e314ce431e7e645d646302a24a5ef5a8bc8e3f5a032e319?s=96&d=mm&r=g","contentUrl":"https:\/\/secure.gravatar.com\/avatar\/ae2f4d718e6c49043e314ce431e7e645d646302a24a5ef5a8bc8e3f5a032e319?s=96&d=mm&r=g","caption":"admin"},"sameAs":["https:\/\/develop.organisator.galledia.ch"],"url":"https:\/\/news.save.ch\/en\/author\/admin\/"}]}},"_links":{"self":[{"href":"https:\/\/news.save.ch\/en\/wp-json\/wp\/v2\/posts\/16698","targetHints":{"allow":["GET"]}}],"collection":[{"href":"https:\/\/news.save.ch\/en\/wp-json\/wp\/v2\/posts"}],"about":[{"href":"https:\/\/news.save.ch\/en\/wp-json\/wp\/v2\/types\/post"}],"author":[{"embeddable":true,"href":"https:\/\/news.save.ch\/en\/wp-json\/wp\/v2\/users\/1"}],"replies":[{"embeddable":true,"href":"https:\/\/news.save.ch\/en\/wp-json\/wp\/v2\/comments?post=16698"}],"version-history":[{"count":1,"href":"https:\/\/news.save.ch\/en\/wp-json\/wp\/v2\/posts\/16698\/revisions"}],"predecessor-version":[{"id":18839,"href":"https:\/\/news.save.ch\/en\/wp-json\/wp\/v2\/posts\/16698\/revisions\/18839"}],"wp:featuredmedia":[{"embeddable":true,"href":"https:\/\/news.save.ch\/en\/wp-json\/wp\/v2\/media\/16050"}],"wp:attachment":[{"href":"https:\/\/news.save.ch\/en\/wp-json\/wp\/v2\/media?parent=16698"}],"wp:term":[{"taxonomy":"category","embeddable":true,"href":"https:\/\/news.save.ch\/en\/wp-json\/wp\/v2\/categories?post=16698"},{"taxonomy":"post_tag","embeddable":true,"href":"https:\/\/news.save.ch\/en\/wp-json\/wp\/v2\/tags?post=16698"}],"curies":[{"name":"wp","href":"https:\/\/api.w.org\/{rel}","templated":true}]}}