{"id":16702,"date":"2016-02-02T15:21:04","date_gmt":"2016-02-02T14:21:04","guid":{"rendered":"http:\/\/dev.safety-plus.ch\/?p=703"},"modified":"2023-03-14T09:03:03","modified_gmt":"2023-03-14T08:03:03","slug":"weltkrebstag-arbeiten-mit-krebserkrankung","status":null,"type":"post","link":"https:\/\/news.save.ch\/en\/weltkrebstag-arbeiten-mit-krebserkrankung\/","title":{"rendered":"World Cancer Day: Working with Cancer"},"content":{"rendered":"<p><img loading=\"lazy\" decoding=\"async\" src=\"http:\/\/develop.safety-plus.ch\/wp-content\/uploads\/2016\/12\/Weltkrebstag-Arbeiten-mit-Krebserkrankung_safety-plus.jpg\" alt=\"Adjustments to the workplace may be necessary to enable return to work.\" width=\"680\" height=\"553\" \/><\/p>\n<p>February 4 is World Cancer Day.<\/p>\n<p>The <a href=\"http:\/\/www.krebsliga.ch\/de\/\" target=\"_blank\" data-cke-saved-href=\"http:\/\/www.krebsliga.ch\/de\/\" rel=\"noopener\">Swiss Cancer League<\/a>\u00a0is focusing on the topic of \"cancer patients in the workplace\", among other things.<\/p>\n<p>Since every cancer disease progresses differently and every person affected has individual needs, there is no universal recipe for resuming professional activity either. The experts of the Cancer League help with counseling, rehabilitation and with returning to work.<\/p>\n<p>\"More than 64,000 people between the ages of 20 and 69 are currently living with cancer in Switzerland,\" says Anna Zahno, who is responsible for \"Cancer Affected People at Work\" at the Swiss Cancer League. \"Many of them continue to work after or even during treatment, which can have a positive and lasting impact on the healing process. However, this often requires adjustments to the workplace, which have to be negotiated with the employer.\"<\/p>\n<p>The Cancer League can mediate between the employee and the employer and provide support during reintegration into everyday working life.<\/p>","protected":false},"excerpt":{"rendered":"<p>Am 4. Februar findet der Weltkrebstag statt. Die Krebsliga Schweiz\u00a0r\u00fcckt zu diesem Anlass unter anderem das Thema &#8222;Krebsbetroffene am Arbeitsplatz&#8220; ins Zentrum. Da jede Krebserkrankung anders verl\u00e4uft und jede betroffene Person individuelle Bed\u00fcrfnisse mit sich bringt, gibt es auch bei der Wiederaufnahme der beruflichen T\u00e4tigkeit kein allgemeing\u00fcltiges Rezept. Die Experten der Krebsliga helfen mit Beratung, [&hellip;]<\/p>\n","protected":false},"author":1,"featured_media":16054,"comment_status":"open","ping_status":"open","sticky":false,"template":"","format":"standard","meta":{"_acf_changed":false,"pgc_sgb_lightbox_settings":"","footnotes":""},"categories":[3314],"tags":[149],"class_list":["post-16702","post","type-post","status-publish","format-standard","has-post-thumbnail","hentry","category-health-safety","tag-gesundheitsschutz"],"acf":[],"hkrextid":null,"publication":null,"issue":null,"workflow":null,"startPage":null,"spitzmarke":null,"_posts_by_tag_page_fields":{"widget_title":"","widget_tags":""},"_at_widget":"1","_yoast_wpseo_primary_category":"4","_yoast_wpseo_focuskw_text_input":"Weltkrebstag","_yoast_wpseo_opengraph-image":null,"_yoast_wpseo_opengraph-description":null,"_yoast_wpseo_opengraph-title":null,"enclosure":null,"_yoast_wpseo_twitter-title":null,"_yoast_wpseo_twitter-description":null,"_yoast_wpseo_twitter-image":null,"_wp_old_slug":null,"_yoast_wpseo_title":null,"_yoast_wpseo_canonical":null,"yoast_head":"<!-- This site is optimized with the Yoast SEO plugin v27.5 - https:\/\/yoast.com\/product\/yoast-seo-wordpress\/ -->\n<title>Weltkrebstag: Arbeiten mit Krebserkrankung - Save<\/title>\n<meta name=\"description\" content=\"Weltkrebstag: Nach der Diagnose Krebs kann es den Heilungsprozess positiv beeinflussen, wenn der oder die Betroffene weiterarbeitet.\" \/>\n<meta name=\"robots\" content=\"index, follow, max-snippet:-1, max-image-preview:large, max-video-preview:-1\" \/>\n<link rel=\"canonical\" href=\"https:\/\/news.save.ch\/en\/weltkrebstag-arbeiten-mit-krebserkrankung\/\" \/>\n<meta property=\"og:locale\" content=\"en_US\" \/>\n<meta property=\"og:type\" content=\"article\" \/>\n<meta property=\"og:title\" content=\"Weltkrebstag: Arbeiten mit Krebserkrankung - Save\" \/>\n<meta property=\"og:description\" content=\"Weltkrebstag: Nach der Diagnose Krebs kann es den Heilungsprozess positiv beeinflussen, wenn der oder die Betroffene weiterarbeitet.\" \/>\n<meta property=\"og:url\" content=\"https:\/\/news.save.ch\/en\/weltkrebstag-arbeiten-mit-krebserkrankung\/\" \/>\n<meta property=\"og:site_name\" content=\"Save\" \/>\n<meta property=\"article:published_time\" content=\"2016-02-02T14:21:04+00:00\" \/>\n<meta property=\"article:modified_time\" content=\"2023-03-14T08:03:03+00:00\" \/>\n<meta property=\"og:image\" content=\"https:\/\/news.save.ch\/wp-content\/uploads\/2016\/12\/Weltkrebstag-Arbeiten-mit-Krebserkrankung_safety-plus-scaled-1.jpg\" \/>\n\t<meta property=\"og:image:width\" content=\"1200\" \/>\n\t<meta property=\"og:image:height\" content=\"975\" \/>\n\t<meta property=\"og:image:type\" content=\"image\/jpeg\" \/>\n<meta name=\"author\" content=\"admin\" \/>\n<meta name=\"twitter:card\" content=\"summary_large_image\" \/>\n<meta name=\"twitter:label1\" content=\"Written by\" \/>\n\t<meta name=\"twitter:data1\" content=\"admin\" \/>\n\t<meta name=\"twitter:label2\" content=\"Est. reading time\" \/>\n\t<meta name=\"twitter:data2\" content=\"1 minute\" \/>\n<script type=\"application\/ld+json\" class=\"yoast-schema-graph\">{\"@context\":\"https:\\\/\\\/schema.org\",\"@graph\":[{\"@type\":\"Article\",\"@id\":\"https:\\\/\\\/news.save.ch\\\/weltkrebstag-arbeiten-mit-krebserkrankung\\\/#article\",\"isPartOf\":{\"@id\":\"https:\\\/\\\/news.save.ch\\\/weltkrebstag-arbeiten-mit-krebserkrankung\\\/\"},\"author\":{\"name\":\"admin\",\"@id\":\"https:\\\/\\\/news.save.ch\\\/de\\\/#\\\/schema\\\/person\\\/d49e199490bad7c70d64b9ab51142f2b\"},\"headline\":\"Weltkrebstag: Arbeiten mit Krebserkrankung\",\"datePublished\":\"2016-02-02T14:21:04+00:00\",\"dateModified\":\"2023-03-14T08:03:03+00:00\",\"mainEntityOfPage\":{\"@id\":\"https:\\\/\\\/news.save.ch\\\/weltkrebstag-arbeiten-mit-krebserkrankung\\\/\"},\"wordCount\":162,\"commentCount\":0,\"publisher\":{\"@id\":\"https:\\\/\\\/news.save.ch\\\/de\\\/#organization\"},\"image\":{\"@id\":\"https:\\\/\\\/news.save.ch\\\/weltkrebstag-arbeiten-mit-krebserkrankung\\\/#primaryimage\"},\"thumbnailUrl\":\"https:\\\/\\\/news.save.ch\\\/wp-content\\\/uploads\\\/2016\\\/12\\\/Weltkrebstag-Arbeiten-mit-Krebserkrankung_safety-plus-scaled-1.jpg\",\"keywords\":[\"Gesundheitsschutz\"],\"articleSection\":[\"HEALTH &amp; SAFETY\"],\"inLanguage\":\"en-US\"},{\"@type\":\"WebPage\",\"@id\":\"https:\\\/\\\/news.save.ch\\\/weltkrebstag-arbeiten-mit-krebserkrankung\\\/\",\"url\":\"https:\\\/\\\/news.save.ch\\\/weltkrebstag-arbeiten-mit-krebserkrankung\\\/\",\"name\":\"Weltkrebstag: Arbeiten mit Krebserkrankung - Save\",\"isPartOf\":{\"@id\":\"https:\\\/\\\/news.save.ch\\\/de\\\/#website\"},\"primaryImageOfPage\":{\"@id\":\"https:\\\/\\\/news.save.ch\\\/weltkrebstag-arbeiten-mit-krebserkrankung\\\/#primaryimage\"},\"image\":{\"@id\":\"https:\\\/\\\/news.save.ch\\\/weltkrebstag-arbeiten-mit-krebserkrankung\\\/#primaryimage\"},\"thumbnailUrl\":\"https:\\\/\\\/news.save.ch\\\/wp-content\\\/uploads\\\/2016\\\/12\\\/Weltkrebstag-Arbeiten-mit-Krebserkrankung_safety-plus-scaled-1.jpg\",\"datePublished\":\"2016-02-02T14:21:04+00:00\",\"dateModified\":\"2023-03-14T08:03:03+00:00\",\"description\":\"Weltkrebstag: Nach der Diagnose Krebs kann es den Heilungsprozess positiv beeinflussen, wenn der oder die Betroffene weiterarbeitet.\",\"breadcrumb\":{\"@id\":\"https:\\\/\\\/news.save.ch\\\/weltkrebstag-arbeiten-mit-krebserkrankung\\\/#breadcrumb\"},\"inLanguage\":\"en-US\",\"potentialAction\":[{\"@type\":\"ReadAction\",\"target\":[\"https:\\\/\\\/news.save.ch\\\/weltkrebstag-arbeiten-mit-krebserkrankung\\\/\"]}]},{\"@type\":\"ImageObject\",\"inLanguage\":\"en-US\",\"@id\":\"https:\\\/\\\/news.save.ch\\\/weltkrebstag-arbeiten-mit-krebserkrankung\\\/#primaryimage\",\"url\":\"https:\\\/\\\/news.save.ch\\\/wp-content\\\/uploads\\\/2016\\\/12\\\/Weltkrebstag-Arbeiten-mit-Krebserkrankung_safety-plus-scaled-1.jpg\",\"contentUrl\":\"https:\\\/\\\/news.save.ch\\\/wp-content\\\/uploads\\\/2016\\\/12\\\/Weltkrebstag-Arbeiten-mit-Krebserkrankung_safety-plus-scaled-1.jpg\",\"width\":1200,\"height\":975,\"caption\":\"Um den Wiedereinstieg in die Arbeit zu erm\u00f6glichen, k\u00f6nnen Anpassungen an den Arbeitsplatz n\u00f6tig sein.\"},{\"@type\":\"BreadcrumbList\",\"@id\":\"https:\\\/\\\/news.save.ch\\\/weltkrebstag-arbeiten-mit-krebserkrankung\\\/#breadcrumb\",\"itemListElement\":[{\"@type\":\"ListItem\",\"position\":1,\"name\":\"Home\",\"item\":\"https:\\\/\\\/news.save.ch\\\/de\\\/\"},{\"@type\":\"ListItem\",\"position\":2,\"name\":\"Weltkrebstag: Arbeiten mit Krebserkrankung\"}]},{\"@type\":\"WebSite\",\"@id\":\"https:\\\/\\\/news.save.ch\\\/de\\\/#website\",\"url\":\"https:\\\/\\\/news.save.ch\\\/de\\\/\",\"name\":\"Save\",\"description\":\"Schweizer Fachzeitschrift f\u00fcr Sicherheit\",\"publisher\":{\"@id\":\"https:\\\/\\\/news.save.ch\\\/de\\\/#organization\"},\"potentialAction\":[{\"@type\":\"SearchAction\",\"target\":{\"@type\":\"EntryPoint\",\"urlTemplate\":\"https:\\\/\\\/news.save.ch\\\/de\\\/?s={search_term_string}\"},\"query-input\":{\"@type\":\"PropertyValueSpecification\",\"valueRequired\":true,\"valueName\":\"search_term_string\"}}],\"inLanguage\":\"en-US\"},{\"@type\":\"Organization\",\"@id\":\"https:\\\/\\\/news.save.ch\\\/de\\\/#organization\",\"name\":\"Sicherheitsforum\",\"url\":\"https:\\\/\\\/news.save.ch\\\/de\\\/\",\"logo\":{\"@type\":\"ImageObject\",\"inLanguage\":\"en-US\",\"@id\":\"https:\\\/\\\/news.save.ch\\\/de\\\/#\\\/schema\\\/logo\\\/image\\\/\",\"url\":\"https:\\\/\\\/news.save.ch\\\/wp-content\\\/uploads\\\/2022\\\/06\\\/Logo_SF_2012.png\",\"contentUrl\":\"https:\\\/\\\/news.save.ch\\\/wp-content\\\/uploads\\\/2022\\\/06\\\/Logo_SF_2012.png\",\"width\":1100,\"height\":91,\"caption\":\"Sicherheitsforum\"},\"image\":{\"@id\":\"https:\\\/\\\/news.save.ch\\\/de\\\/#\\\/schema\\\/logo\\\/image\\\/\"}},{\"@type\":\"Person\",\"@id\":\"https:\\\/\\\/news.save.ch\\\/de\\\/#\\\/schema\\\/person\\\/d49e199490bad7c70d64b9ab51142f2b\",\"name\":\"admin\",\"image\":{\"@type\":\"ImageObject\",\"inLanguage\":\"en-US\",\"@id\":\"https:\\\/\\\/secure.gravatar.com\\\/avatar\\\/ae2f4d718e6c49043e314ce431e7e645d646302a24a5ef5a8bc8e3f5a032e319?s=96&d=mm&r=g\",\"url\":\"https:\\\/\\\/secure.gravatar.com\\\/avatar\\\/ae2f4d718e6c49043e314ce431e7e645d646302a24a5ef5a8bc8e3f5a032e319?s=96&d=mm&r=g\",\"contentUrl\":\"https:\\\/\\\/secure.gravatar.com\\\/avatar\\\/ae2f4d718e6c49043e314ce431e7e645d646302a24a5ef5a8bc8e3f5a032e319?s=96&d=mm&r=g\",\"caption\":\"admin\"},\"sameAs\":[\"https:\\\/\\\/develop.organisator.galledia.ch\"],\"url\":\"https:\\\/\\\/news.save.ch\\\/en\\\/author\\\/admin\\\/\"}]}<\/script>\n<!-- \/ Yoast SEO plugin. -->","yoast_head_json":{"title":"World Cancer Day: Working with cancer - Save","description":"World Cancer Day: After a cancer diagnosis, it can have a positive influence on the healing process if the person affected continues to work.","robots":{"index":"index","follow":"follow","max-snippet":"max-snippet:-1","max-image-preview":"max-image-preview:large","max-video-preview":"max-video-preview:-1"},"canonical":"https:\/\/news.save.ch\/en\/weltkrebstag-arbeiten-mit-krebserkrankung\/","og_locale":"en_US","og_type":"article","og_title":"Weltkrebstag: Arbeiten mit Krebserkrankung - Save","og_description":"Weltkrebstag: Nach der Diagnose Krebs kann es den Heilungsprozess positiv beeinflussen, wenn der oder die Betroffene weiterarbeitet.","og_url":"https:\/\/news.save.ch\/en\/weltkrebstag-arbeiten-mit-krebserkrankung\/","og_site_name":"Save","article_published_time":"2016-02-02T14:21:04+00:00","article_modified_time":"2023-03-14T08:03:03+00:00","og_image":[{"width":1200,"height":975,"url":"https:\/\/news.save.ch\/wp-content\/uploads\/2016\/12\/Weltkrebstag-Arbeiten-mit-Krebserkrankung_safety-plus-scaled-1.jpg","type":"image\/jpeg"}],"author":"admin","twitter_card":"summary_large_image","twitter_misc":{"Written by":"admin","Est. reading time":"1 minute"},"schema":{"@context":"https:\/\/schema.org","@graph":[{"@type":"Article","@id":"https:\/\/news.save.ch\/weltkrebstag-arbeiten-mit-krebserkrankung\/#article","isPartOf":{"@id":"https:\/\/news.save.ch\/weltkrebstag-arbeiten-mit-krebserkrankung\/"},"author":{"name":"admin","@id":"https:\/\/news.save.ch\/de\/#\/schema\/person\/d49e199490bad7c70d64b9ab51142f2b"},"headline":"Weltkrebstag: Arbeiten mit Krebserkrankung","datePublished":"2016-02-02T14:21:04+00:00","dateModified":"2023-03-14T08:03:03+00:00","mainEntityOfPage":{"@id":"https:\/\/news.save.ch\/weltkrebstag-arbeiten-mit-krebserkrankung\/"},"wordCount":162,"commentCount":0,"publisher":{"@id":"https:\/\/news.save.ch\/de\/#organization"},"image":{"@id":"https:\/\/news.save.ch\/weltkrebstag-arbeiten-mit-krebserkrankung\/#primaryimage"},"thumbnailUrl":"https:\/\/news.save.ch\/wp-content\/uploads\/2016\/12\/Weltkrebstag-Arbeiten-mit-Krebserkrankung_safety-plus-scaled-1.jpg","keywords":["Gesundheitsschutz"],"articleSection":["HEALTH &amp; SAFETY"],"inLanguage":"en-US"},{"@type":"WebPage","@id":"https:\/\/news.save.ch\/weltkrebstag-arbeiten-mit-krebserkrankung\/","url":"https:\/\/news.save.ch\/weltkrebstag-arbeiten-mit-krebserkrankung\/","name":"World Cancer Day: Working with cancer - Save","isPartOf":{"@id":"https:\/\/news.save.ch\/de\/#website"},"primaryImageOfPage":{"@id":"https:\/\/news.save.ch\/weltkrebstag-arbeiten-mit-krebserkrankung\/#primaryimage"},"image":{"@id":"https:\/\/news.save.ch\/weltkrebstag-arbeiten-mit-krebserkrankung\/#primaryimage"},"thumbnailUrl":"https:\/\/news.save.ch\/wp-content\/uploads\/2016\/12\/Weltkrebstag-Arbeiten-mit-Krebserkrankung_safety-plus-scaled-1.jpg","datePublished":"2016-02-02T14:21:04+00:00","dateModified":"2023-03-14T08:03:03+00:00","description":"World Cancer Day: After a cancer diagnosis, it can have a positive influence on the healing process if the person affected continues to work.","breadcrumb":{"@id":"https:\/\/news.save.ch\/weltkrebstag-arbeiten-mit-krebserkrankung\/#breadcrumb"},"inLanguage":"en-US","potentialAction":[{"@type":"ReadAction","target":["https:\/\/news.save.ch\/weltkrebstag-arbeiten-mit-krebserkrankung\/"]}]},{"@type":"ImageObject","inLanguage":"en-US","@id":"https:\/\/news.save.ch\/weltkrebstag-arbeiten-mit-krebserkrankung\/#primaryimage","url":"https:\/\/news.save.ch\/wp-content\/uploads\/2016\/12\/Weltkrebstag-Arbeiten-mit-Krebserkrankung_safety-plus-scaled-1.jpg","contentUrl":"https:\/\/news.save.ch\/wp-content\/uploads\/2016\/12\/Weltkrebstag-Arbeiten-mit-Krebserkrankung_safety-plus-scaled-1.jpg","width":1200,"height":975,"caption":"Um den Wiedereinstieg in die Arbeit zu erm\u00f6glichen, k\u00f6nnen Anpassungen an den Arbeitsplatz n\u00f6tig sein."},{"@type":"BreadcrumbList","@id":"https:\/\/news.save.ch\/weltkrebstag-arbeiten-mit-krebserkrankung\/#breadcrumb","itemListElement":[{"@type":"ListItem","position":1,"name":"Home","item":"https:\/\/news.save.ch\/de\/"},{"@type":"ListItem","position":2,"name":"Weltkrebstag: Arbeiten mit Krebserkrankung"}]},{"@type":"WebSite","@id":"https:\/\/news.save.ch\/de\/#website","url":"https:\/\/news.save.ch\/de\/","name":"Save","description":"Swiss trade journal for safety","publisher":{"@id":"https:\/\/news.save.ch\/de\/#organization"},"potentialAction":[{"@type":"SearchAction","target":{"@type":"EntryPoint","urlTemplate":"https:\/\/news.save.ch\/de\/?s={search_term_string}"},"query-input":{"@type":"PropertyValueSpecification","valueRequired":true,"valueName":"search_term_string"}}],"inLanguage":"en-US"},{"@type":"Organization","@id":"https:\/\/news.save.ch\/de\/#organization","name":"Security Forum","url":"https:\/\/news.save.ch\/de\/","logo":{"@type":"ImageObject","inLanguage":"en-US","@id":"https:\/\/news.save.ch\/de\/#\/schema\/logo\/image\/","url":"https:\/\/news.save.ch\/wp-content\/uploads\/2022\/06\/Logo_SF_2012.png","contentUrl":"https:\/\/news.save.ch\/wp-content\/uploads\/2022\/06\/Logo_SF_2012.png","width":1100,"height":91,"caption":"Sicherheitsforum"},"image":{"@id":"https:\/\/news.save.ch\/de\/#\/schema\/logo\/image\/"}},{"@type":"Person","@id":"https:\/\/news.save.ch\/de\/#\/schema\/person\/d49e199490bad7c70d64b9ab51142f2b","name":"admin","image":{"@type":"ImageObject","inLanguage":"en-US","@id":"https:\/\/secure.gravatar.com\/avatar\/ae2f4d718e6c49043e314ce431e7e645d646302a24a5ef5a8bc8e3f5a032e319?s=96&d=mm&r=g","url":"https:\/\/secure.gravatar.com\/avatar\/ae2f4d718e6c49043e314ce431e7e645d646302a24a5ef5a8bc8e3f5a032e319?s=96&d=mm&r=g","contentUrl":"https:\/\/secure.gravatar.com\/avatar\/ae2f4d718e6c49043e314ce431e7e645d646302a24a5ef5a8bc8e3f5a032e319?s=96&d=mm&r=g","caption":"admin"},"sameAs":["https:\/\/develop.organisator.galledia.ch"],"url":"https:\/\/news.save.ch\/en\/author\/admin\/"}]}},"_links":{"self":[{"href":"https:\/\/news.save.ch\/en\/wp-json\/wp\/v2\/posts\/16702","targetHints":{"allow":["GET"]}}],"collection":[{"href":"https:\/\/news.save.ch\/en\/wp-json\/wp\/v2\/posts"}],"about":[{"href":"https:\/\/news.save.ch\/en\/wp-json\/wp\/v2\/types\/post"}],"author":[{"embeddable":true,"href":"https:\/\/news.save.ch\/en\/wp-json\/wp\/v2\/users\/1"}],"replies":[{"embeddable":true,"href":"https:\/\/news.save.ch\/en\/wp-json\/wp\/v2\/comments?post=16702"}],"version-history":[{"count":1,"href":"https:\/\/news.save.ch\/en\/wp-json\/wp\/v2\/posts\/16702\/revisions"}],"predecessor-version":[{"id":18836,"href":"https:\/\/news.save.ch\/en\/wp-json\/wp\/v2\/posts\/16702\/revisions\/18836"}],"wp:featuredmedia":[{"embeddable":true,"href":"https:\/\/news.save.ch\/en\/wp-json\/wp\/v2\/media\/16054"}],"wp:attachment":[{"href":"https:\/\/news.save.ch\/en\/wp-json\/wp\/v2\/media?parent=16702"}],"wp:term":[{"taxonomy":"category","embeddable":true,"href":"https:\/\/news.save.ch\/en\/wp-json\/wp\/v2\/categories?post=16702"},{"taxonomy":"post_tag","embeddable":true,"href":"https:\/\/news.save.ch\/en\/wp-json\/wp\/v2\/tags?post=16702"}],"curies":[{"name":"wp","href":"https:\/\/api.w.org\/{rel}","templated":true}]}}