{"id":16713,"date":"2016-01-11T15:55:15","date_gmt":"2016-01-11T14:55:15","guid":{"rendered":"http:\/\/dev.safety-plus.ch\/?p=766"},"modified":"2023-03-14T09:05:14","modified_gmt":"2023-03-14T08:05:14","slug":"intelligenter-helm-schuetzt-mehr-als-nur-den-kopf","status":null,"type":"post","link":"https:\/\/news.save.ch\/en\/intelligenter-helm-schuetzt-mehr-als-nur-den-kopf\/","title":{"rendered":"Intelligent helmet protects more than just the head"},"content":{"rendered":"<figure id=\"attachment_769\" aria-describedby=\"caption-attachment-769\" style=\"width: 680px\" class=\"wp-caption alignnone\"><img loading=\"lazy\" decoding=\"async\" class=\"wp-image-769 size-medium\" src=\"http:\/\/develop.safety-plus.ch\/wp-content\/uploads\/2016\/12\/Intelligenter-Helm-schuetzt-mehr-als-nur-den-Kopf_safety-plus.png\" alt=\"The Daqri smart helmet is designed to ensure greater work safety on construction sites. (Screenshot: Daqri)\" width=\"680\" height=\"371\" \/><figcaption id=\"caption-attachment-769\" class=\"wp-caption-text\">The Daqri smart helmet is designed to ensure greater work safety on construction sites. (Screenshot: Daqri)<\/figcaption><\/figure>\n<p>At the Consumer Electronic Show (CES) in Las Vegas, the latest gadgets are always presented to the public. This year, an intelligent industrial helmet attracted a lot of attention: the Daqri. Developed by the US company of the same name, the helmet is designed not only to protect the head, but also to make work easier and safer.<\/p>\n<p>The helmet uses the principle of augmented reality - it analyzes its surroundings and displays additional information. This can be work instructions or safety information, for example. But it can also make things visible that would otherwise remain hidden from the eye - such as thermal images, cracks in the walls or visualizations of the finished building.<\/p>\n<p>According to the manufacturer, the helmet will be on the market in spring 2016.<\/p>","protected":false},"excerpt":{"rendered":"<p>An der Consumer Electronic Show (CES) in Las Vegas werden jeweils die neusten Gadgets der \u00d6ffentlichkeit vorgestellt. In diesem Jahr sorgte ein intelligenter Industriehelm f\u00fcr viel Aufmerksamkeit: Der Daqri. Entwickelt vom gleichnamigen US-Unternehmen soll der Helm nicht nur den Kopf sch\u00fctzen, sondern auch das Arbeiten einfacher und sicherer machen. Der Helm nutzt das Prinzip der [&hellip;]<\/p>\n","protected":false},"author":1,"featured_media":16072,"comment_status":"open","ping_status":"open","sticky":false,"template":"","format":"standard","meta":{"_acf_changed":false,"pgc_sgb_lightbox_settings":"","footnotes":""},"categories":[3314],"tags":[172,2669],"class_list":["post-16713","post","type-post","status-publish","format-standard","has-post-thumbnail","hentry","category-health-safety","tag-arbeitssicherheit","tag-persoenliche-schutzausruestung-psa"],"acf":[],"hkrextid":null,"publication":null,"issue":null,"workflow":null,"startPage":null,"spitzmarke":null,"_posts_by_tag_page_fields":{"widget_title":"","widget_tags":""},"_at_widget":"1","_yoast_wpseo_primary_category":"5","_yoast_wpseo_focuskw_text_input":"Intelligenter Helm","_yoast_wpseo_opengraph-image":null,"_yoast_wpseo_opengraph-description":null,"_yoast_wpseo_opengraph-title":null,"enclosure":null,"_yoast_wpseo_twitter-title":null,"_yoast_wpseo_twitter-description":null,"_yoast_wpseo_twitter-image":null,"_wp_old_slug":null,"_yoast_wpseo_title":null,"_yoast_wpseo_canonical":null,"yoast_head":"<!-- This site is optimized with the Yoast SEO plugin v27.5 - https:\/\/yoast.com\/product\/yoast-seo-wordpress\/ -->\n<title>Intelligenter Helm sch\u00fctzt mehr als nur den Kopf - Save<\/title>\n<meta name=\"description\" content=\"Ein intelligenter Helm, der nicht nur den Kopf sch\u00fctzt, sondern das Arbeiten vereinfachen soll, kommt im Fr\u00fchling 2016 auf den Markt.\" \/>\n<meta name=\"robots\" content=\"index, follow, max-snippet:-1, max-image-preview:large, max-video-preview:-1\" \/>\n<link rel=\"canonical\" href=\"https:\/\/news.save.ch\/en\/intelligenter-helm-schuetzt-mehr-als-nur-den-kopf\/\" \/>\n<meta property=\"og:locale\" content=\"en_US\" \/>\n<meta property=\"og:type\" content=\"article\" \/>\n<meta property=\"og:title\" content=\"Intelligenter Helm sch\u00fctzt mehr als nur den Kopf - Save\" \/>\n<meta property=\"og:description\" content=\"Ein intelligenter Helm, der nicht nur den Kopf sch\u00fctzt, sondern das Arbeiten vereinfachen soll, kommt im Fr\u00fchling 2016 auf den Markt.\" \/>\n<meta property=\"og:url\" content=\"https:\/\/news.save.ch\/en\/intelligenter-helm-schuetzt-mehr-als-nur-den-kopf\/\" \/>\n<meta property=\"og:site_name\" content=\"Save\" \/>\n<meta property=\"article:published_time\" content=\"2016-01-11T14:55:15+00:00\" \/>\n<meta property=\"article:modified_time\" content=\"2023-03-14T08:05:14+00:00\" \/>\n<meta property=\"og:image\" content=\"https:\/\/news.save.ch\/wp-content\/uploads\/2016\/12\/Intelligenter-Helm-schuetzt-mehr-als-nur-den-Kopf_safety-plus.png\" \/>\n\t<meta property=\"og:image:width\" content=\"1200\" \/>\n\t<meta property=\"og:image:height\" content=\"655\" \/>\n\t<meta property=\"og:image:type\" content=\"image\/png\" \/>\n<meta name=\"author\" content=\"admin\" \/>\n<meta name=\"twitter:card\" content=\"summary_large_image\" \/>\n<meta name=\"twitter:label1\" content=\"Written by\" \/>\n\t<meta name=\"twitter:data1\" content=\"admin\" \/>\n\t<meta name=\"twitter:label2\" content=\"Est. reading time\" \/>\n\t<meta name=\"twitter:data2\" content=\"1 minute\" \/>\n<script type=\"application\/ld+json\" class=\"yoast-schema-graph\">{\"@context\":\"https:\\\/\\\/schema.org\",\"@graph\":[{\"@type\":\"Article\",\"@id\":\"https:\\\/\\\/news.save.ch\\\/intelligenter-helm-schuetzt-mehr-als-nur-den-kopf\\\/#article\",\"isPartOf\":{\"@id\":\"https:\\\/\\\/news.save.ch\\\/intelligenter-helm-schuetzt-mehr-als-nur-den-kopf\\\/\"},\"author\":{\"name\":\"admin\",\"@id\":\"https:\\\/\\\/news.save.ch\\\/de\\\/#\\\/schema\\\/person\\\/d49e199490bad7c70d64b9ab51142f2b\"},\"headline\":\"Intelligenter Helm sch\u00fctzt mehr als nur den Kopf\",\"datePublished\":\"2016-01-11T14:55:15+00:00\",\"dateModified\":\"2023-03-14T08:05:14+00:00\",\"mainEntityOfPage\":{\"@id\":\"https:\\\/\\\/news.save.ch\\\/intelligenter-helm-schuetzt-mehr-als-nur-den-kopf\\\/\"},\"wordCount\":150,\"commentCount\":0,\"publisher\":{\"@id\":\"https:\\\/\\\/news.save.ch\\\/de\\\/#organization\"},\"image\":{\"@id\":\"https:\\\/\\\/news.save.ch\\\/intelligenter-helm-schuetzt-mehr-als-nur-den-kopf\\\/#primaryimage\"},\"thumbnailUrl\":\"https:\\\/\\\/news.save.ch\\\/wp-content\\\/uploads\\\/2016\\\/12\\\/Intelligenter-Helm-schuetzt-mehr-als-nur-den-Kopf_safety-plus.png\",\"keywords\":[\"Arbeitssicherheit\",\"Pers\u00f6nliche Schutzausr\u00fcstung (PSA)\"],\"articleSection\":[\"HEALTH &amp; SAFETY\"],\"inLanguage\":\"en-US\"},{\"@type\":\"WebPage\",\"@id\":\"https:\\\/\\\/news.save.ch\\\/intelligenter-helm-schuetzt-mehr-als-nur-den-kopf\\\/\",\"url\":\"https:\\\/\\\/news.save.ch\\\/intelligenter-helm-schuetzt-mehr-als-nur-den-kopf\\\/\",\"name\":\"Intelligenter Helm sch\u00fctzt mehr als nur den Kopf - Save\",\"isPartOf\":{\"@id\":\"https:\\\/\\\/news.save.ch\\\/de\\\/#website\"},\"primaryImageOfPage\":{\"@id\":\"https:\\\/\\\/news.save.ch\\\/intelligenter-helm-schuetzt-mehr-als-nur-den-kopf\\\/#primaryimage\"},\"image\":{\"@id\":\"https:\\\/\\\/news.save.ch\\\/intelligenter-helm-schuetzt-mehr-als-nur-den-kopf\\\/#primaryimage\"},\"thumbnailUrl\":\"https:\\\/\\\/news.save.ch\\\/wp-content\\\/uploads\\\/2016\\\/12\\\/Intelligenter-Helm-schuetzt-mehr-als-nur-den-Kopf_safety-plus.png\",\"datePublished\":\"2016-01-11T14:55:15+00:00\",\"dateModified\":\"2023-03-14T08:05:14+00:00\",\"description\":\"Ein intelligenter Helm, der nicht nur den Kopf sch\u00fctzt, sondern das Arbeiten vereinfachen soll, kommt im Fr\u00fchling 2016 auf den Markt.\",\"breadcrumb\":{\"@id\":\"https:\\\/\\\/news.save.ch\\\/intelligenter-helm-schuetzt-mehr-als-nur-den-kopf\\\/#breadcrumb\"},\"inLanguage\":\"en-US\",\"potentialAction\":[{\"@type\":\"ReadAction\",\"target\":[\"https:\\\/\\\/news.save.ch\\\/intelligenter-helm-schuetzt-mehr-als-nur-den-kopf\\\/\"]}]},{\"@type\":\"ImageObject\",\"inLanguage\":\"en-US\",\"@id\":\"https:\\\/\\\/news.save.ch\\\/intelligenter-helm-schuetzt-mehr-als-nur-den-kopf\\\/#primaryimage\",\"url\":\"https:\\\/\\\/news.save.ch\\\/wp-content\\\/uploads\\\/2016\\\/12\\\/Intelligenter-Helm-schuetzt-mehr-als-nur-den-Kopf_safety-plus.png\",\"contentUrl\":\"https:\\\/\\\/news.save.ch\\\/wp-content\\\/uploads\\\/2016\\\/12\\\/Intelligenter-Helm-schuetzt-mehr-als-nur-den-Kopf_safety-plus.png\",\"width\":1200,\"height\":655,\"caption\":\"Der intelligente Helm Daqri soll f\u00fcr mehr Arbeitssicherheit auf Baustellen sorgen. (Screenshot: Daqri)\"},{\"@type\":\"BreadcrumbList\",\"@id\":\"https:\\\/\\\/news.save.ch\\\/intelligenter-helm-schuetzt-mehr-als-nur-den-kopf\\\/#breadcrumb\",\"itemListElement\":[{\"@type\":\"ListItem\",\"position\":1,\"name\":\"Home\",\"item\":\"https:\\\/\\\/news.save.ch\\\/de\\\/\"},{\"@type\":\"ListItem\",\"position\":2,\"name\":\"Intelligenter Helm sch\u00fctzt mehr als nur den Kopf\"}]},{\"@type\":\"WebSite\",\"@id\":\"https:\\\/\\\/news.save.ch\\\/de\\\/#website\",\"url\":\"https:\\\/\\\/news.save.ch\\\/de\\\/\",\"name\":\"Save\",\"description\":\"Schweizer Fachzeitschrift f\u00fcr Sicherheit\",\"publisher\":{\"@id\":\"https:\\\/\\\/news.save.ch\\\/de\\\/#organization\"},\"potentialAction\":[{\"@type\":\"SearchAction\",\"target\":{\"@type\":\"EntryPoint\",\"urlTemplate\":\"https:\\\/\\\/news.save.ch\\\/de\\\/?s={search_term_string}\"},\"query-input\":{\"@type\":\"PropertyValueSpecification\",\"valueRequired\":true,\"valueName\":\"search_term_string\"}}],\"inLanguage\":\"en-US\"},{\"@type\":\"Organization\",\"@id\":\"https:\\\/\\\/news.save.ch\\\/de\\\/#organization\",\"name\":\"Sicherheitsforum\",\"url\":\"https:\\\/\\\/news.save.ch\\\/de\\\/\",\"logo\":{\"@type\":\"ImageObject\",\"inLanguage\":\"en-US\",\"@id\":\"https:\\\/\\\/news.save.ch\\\/de\\\/#\\\/schema\\\/logo\\\/image\\\/\",\"url\":\"https:\\\/\\\/news.save.ch\\\/wp-content\\\/uploads\\\/2022\\\/06\\\/Logo_SF_2012.png\",\"contentUrl\":\"https:\\\/\\\/news.save.ch\\\/wp-content\\\/uploads\\\/2022\\\/06\\\/Logo_SF_2012.png\",\"width\":1100,\"height\":91,\"caption\":\"Sicherheitsforum\"},\"image\":{\"@id\":\"https:\\\/\\\/news.save.ch\\\/de\\\/#\\\/schema\\\/logo\\\/image\\\/\"}},{\"@type\":\"Person\",\"@id\":\"https:\\\/\\\/news.save.ch\\\/de\\\/#\\\/schema\\\/person\\\/d49e199490bad7c70d64b9ab51142f2b\",\"name\":\"admin\",\"image\":{\"@type\":\"ImageObject\",\"inLanguage\":\"en-US\",\"@id\":\"https:\\\/\\\/secure.gravatar.com\\\/avatar\\\/ae2f4d718e6c49043e314ce431e7e645d646302a24a5ef5a8bc8e3f5a032e319?s=96&d=mm&r=g\",\"url\":\"https:\\\/\\\/secure.gravatar.com\\\/avatar\\\/ae2f4d718e6c49043e314ce431e7e645d646302a24a5ef5a8bc8e3f5a032e319?s=96&d=mm&r=g\",\"contentUrl\":\"https:\\\/\\\/secure.gravatar.com\\\/avatar\\\/ae2f4d718e6c49043e314ce431e7e645d646302a24a5ef5a8bc8e3f5a032e319?s=96&d=mm&r=g\",\"caption\":\"admin\"},\"sameAs\":[\"https:\\\/\\\/develop.organisator.galledia.ch\"],\"url\":\"https:\\\/\\\/news.save.ch\\\/en\\\/author\\\/admin\\\/\"}]}<\/script>\n<!-- \/ Yoast SEO plugin. -->","yoast_head_json":{"title":"Intelligent helmet protects more than just the head - Save","description":"An intelligent helmet that not only protects the head but is designed to simplify work will be launched in spring 2016.","robots":{"index":"index","follow":"follow","max-snippet":"max-snippet:-1","max-image-preview":"max-image-preview:large","max-video-preview":"max-video-preview:-1"},"canonical":"https:\/\/news.save.ch\/en\/intelligenter-helm-schuetzt-mehr-als-nur-den-kopf\/","og_locale":"en_US","og_type":"article","og_title":"Intelligenter Helm sch\u00fctzt mehr als nur den Kopf - Save","og_description":"Ein intelligenter Helm, der nicht nur den Kopf sch\u00fctzt, sondern das Arbeiten vereinfachen soll, kommt im Fr\u00fchling 2016 auf den Markt.","og_url":"https:\/\/news.save.ch\/en\/intelligenter-helm-schuetzt-mehr-als-nur-den-kopf\/","og_site_name":"Save","article_published_time":"2016-01-11T14:55:15+00:00","article_modified_time":"2023-03-14T08:05:14+00:00","og_image":[{"width":1200,"height":655,"url":"https:\/\/news.save.ch\/wp-content\/uploads\/2016\/12\/Intelligenter-Helm-schuetzt-mehr-als-nur-den-Kopf_safety-plus.png","type":"image\/png"}],"author":"admin","twitter_card":"summary_large_image","twitter_misc":{"Written by":"admin","Est. reading time":"1 minute"},"schema":{"@context":"https:\/\/schema.org","@graph":[{"@type":"Article","@id":"https:\/\/news.save.ch\/intelligenter-helm-schuetzt-mehr-als-nur-den-kopf\/#article","isPartOf":{"@id":"https:\/\/news.save.ch\/intelligenter-helm-schuetzt-mehr-als-nur-den-kopf\/"},"author":{"name":"admin","@id":"https:\/\/news.save.ch\/de\/#\/schema\/person\/d49e199490bad7c70d64b9ab51142f2b"},"headline":"Intelligenter Helm sch\u00fctzt mehr als nur den Kopf","datePublished":"2016-01-11T14:55:15+00:00","dateModified":"2023-03-14T08:05:14+00:00","mainEntityOfPage":{"@id":"https:\/\/news.save.ch\/intelligenter-helm-schuetzt-mehr-als-nur-den-kopf\/"},"wordCount":150,"commentCount":0,"publisher":{"@id":"https:\/\/news.save.ch\/de\/#organization"},"image":{"@id":"https:\/\/news.save.ch\/intelligenter-helm-schuetzt-mehr-als-nur-den-kopf\/#primaryimage"},"thumbnailUrl":"https:\/\/news.save.ch\/wp-content\/uploads\/2016\/12\/Intelligenter-Helm-schuetzt-mehr-als-nur-den-Kopf_safety-plus.png","keywords":["Arbeitssicherheit","Pers\u00f6nliche Schutzausr\u00fcstung (PSA)"],"articleSection":["HEALTH &amp; SAFETY"],"inLanguage":"en-US"},{"@type":"WebPage","@id":"https:\/\/news.save.ch\/intelligenter-helm-schuetzt-mehr-als-nur-den-kopf\/","url":"https:\/\/news.save.ch\/intelligenter-helm-schuetzt-mehr-als-nur-den-kopf\/","name":"Intelligent helmet protects more than just the head - Save","isPartOf":{"@id":"https:\/\/news.save.ch\/de\/#website"},"primaryImageOfPage":{"@id":"https:\/\/news.save.ch\/intelligenter-helm-schuetzt-mehr-als-nur-den-kopf\/#primaryimage"},"image":{"@id":"https:\/\/news.save.ch\/intelligenter-helm-schuetzt-mehr-als-nur-den-kopf\/#primaryimage"},"thumbnailUrl":"https:\/\/news.save.ch\/wp-content\/uploads\/2016\/12\/Intelligenter-Helm-schuetzt-mehr-als-nur-den-Kopf_safety-plus.png","datePublished":"2016-01-11T14:55:15+00:00","dateModified":"2023-03-14T08:05:14+00:00","description":"An intelligent helmet that not only protects the head but is designed to simplify work will be launched in spring 2016.","breadcrumb":{"@id":"https:\/\/news.save.ch\/intelligenter-helm-schuetzt-mehr-als-nur-den-kopf\/#breadcrumb"},"inLanguage":"en-US","potentialAction":[{"@type":"ReadAction","target":["https:\/\/news.save.ch\/intelligenter-helm-schuetzt-mehr-als-nur-den-kopf\/"]}]},{"@type":"ImageObject","inLanguage":"en-US","@id":"https:\/\/news.save.ch\/intelligenter-helm-schuetzt-mehr-als-nur-den-kopf\/#primaryimage","url":"https:\/\/news.save.ch\/wp-content\/uploads\/2016\/12\/Intelligenter-Helm-schuetzt-mehr-als-nur-den-Kopf_safety-plus.png","contentUrl":"https:\/\/news.save.ch\/wp-content\/uploads\/2016\/12\/Intelligenter-Helm-schuetzt-mehr-als-nur-den-Kopf_safety-plus.png","width":1200,"height":655,"caption":"Der intelligente Helm Daqri soll f\u00fcr mehr Arbeitssicherheit auf Baustellen sorgen. (Screenshot: Daqri)"},{"@type":"BreadcrumbList","@id":"https:\/\/news.save.ch\/intelligenter-helm-schuetzt-mehr-als-nur-den-kopf\/#breadcrumb","itemListElement":[{"@type":"ListItem","position":1,"name":"Home","item":"https:\/\/news.save.ch\/de\/"},{"@type":"ListItem","position":2,"name":"Intelligenter Helm sch\u00fctzt mehr als nur den Kopf"}]},{"@type":"WebSite","@id":"https:\/\/news.save.ch\/de\/#website","url":"https:\/\/news.save.ch\/de\/","name":"Save","description":"Swiss trade journal for safety","publisher":{"@id":"https:\/\/news.save.ch\/de\/#organization"},"potentialAction":[{"@type":"SearchAction","target":{"@type":"EntryPoint","urlTemplate":"https:\/\/news.save.ch\/de\/?s={search_term_string}"},"query-input":{"@type":"PropertyValueSpecification","valueRequired":true,"valueName":"search_term_string"}}],"inLanguage":"en-US"},{"@type":"Organization","@id":"https:\/\/news.save.ch\/de\/#organization","name":"Security Forum","url":"https:\/\/news.save.ch\/de\/","logo":{"@type":"ImageObject","inLanguage":"en-US","@id":"https:\/\/news.save.ch\/de\/#\/schema\/logo\/image\/","url":"https:\/\/news.save.ch\/wp-content\/uploads\/2022\/06\/Logo_SF_2012.png","contentUrl":"https:\/\/news.save.ch\/wp-content\/uploads\/2022\/06\/Logo_SF_2012.png","width":1100,"height":91,"caption":"Sicherheitsforum"},"image":{"@id":"https:\/\/news.save.ch\/de\/#\/schema\/logo\/image\/"}},{"@type":"Person","@id":"https:\/\/news.save.ch\/de\/#\/schema\/person\/d49e199490bad7c70d64b9ab51142f2b","name":"admin","image":{"@type":"ImageObject","inLanguage":"en-US","@id":"https:\/\/secure.gravatar.com\/avatar\/ae2f4d718e6c49043e314ce431e7e645d646302a24a5ef5a8bc8e3f5a032e319?s=96&d=mm&r=g","url":"https:\/\/secure.gravatar.com\/avatar\/ae2f4d718e6c49043e314ce431e7e645d646302a24a5ef5a8bc8e3f5a032e319?s=96&d=mm&r=g","contentUrl":"https:\/\/secure.gravatar.com\/avatar\/ae2f4d718e6c49043e314ce431e7e645d646302a24a5ef5a8bc8e3f5a032e319?s=96&d=mm&r=g","caption":"admin"},"sameAs":["https:\/\/develop.organisator.galledia.ch"],"url":"https:\/\/news.save.ch\/en\/author\/admin\/"}]}},"_links":{"self":[{"href":"https:\/\/news.save.ch\/en\/wp-json\/wp\/v2\/posts\/16713","targetHints":{"allow":["GET"]}}],"collection":[{"href":"https:\/\/news.save.ch\/en\/wp-json\/wp\/v2\/posts"}],"about":[{"href":"https:\/\/news.save.ch\/en\/wp-json\/wp\/v2\/types\/post"}],"author":[{"embeddable":true,"href":"https:\/\/news.save.ch\/en\/wp-json\/wp\/v2\/users\/1"}],"replies":[{"embeddable":true,"href":"https:\/\/news.save.ch\/en\/wp-json\/wp\/v2\/comments?post=16713"}],"version-history":[{"count":1,"href":"https:\/\/news.save.ch\/en\/wp-json\/wp\/v2\/posts\/16713\/revisions"}],"predecessor-version":[{"id":18378,"href":"https:\/\/news.save.ch\/en\/wp-json\/wp\/v2\/posts\/16713\/revisions\/18378"}],"wp:featuredmedia":[{"embeddable":true,"href":"https:\/\/news.save.ch\/en\/wp-json\/wp\/v2\/media\/16072"}],"wp:attachment":[{"href":"https:\/\/news.save.ch\/en\/wp-json\/wp\/v2\/media?parent=16713"}],"wp:term":[{"taxonomy":"category","embeddable":true,"href":"https:\/\/news.save.ch\/en\/wp-json\/wp\/v2\/categories?post=16713"},{"taxonomy":"post_tag","embeddable":true,"href":"https:\/\/news.save.ch\/en\/wp-json\/wp\/v2\/tags?post=16713"}],"curies":[{"name":"wp","href":"https:\/\/api.w.org\/{rel}","templated":true}]}}