{"id":16714,"date":"2016-01-12T15:56:47","date_gmt":"2016-01-12T14:56:47","guid":{"rendered":"http:\/\/dev.safety-plus.ch\/?p=773"},"modified":"2023-03-14T09:03:04","modified_gmt":"2023-03-14T08:03:04","slug":"jeder-fuenfte-pensionaer-leidet-unter-hoerproblemen","status":null,"type":"post","link":"https:\/\/news.save.ch\/en\/jeder-fuenfte-pensionaer-leidet-unter-hoerproblemen\/","title":{"rendered":"One in five retirees suffers from hearing problems"},"content":{"rendered":"<figure id=\"attachment_775\" aria-describedby=\"caption-attachment-775\" style=\"width: 680px\" class=\"wp-caption alignnone\"><img loading=\"lazy\" decoding=\"async\" class=\"wp-image-775 size-medium\" src=\"http:\/\/develop.safety-plus.ch\/wp-content\/uploads\/2016\/12\/Jeder-fuenfte-Pensionaer-leidet-unter-Hoerproblemen_safety-plus.jpeg\" alt=\"Hearing loss increases with age.\" width=\"680\" height=\"454\" \/><figcaption id=\"caption-attachment-775\" class=\"wp-caption-text\">Hearing loss increases with age.<\/figcaption><\/figure>\n<p>As people's life expectancy increases, the demographic structure of Switzerland is also changing. While today around 18% of the population is at least 65 years old, according to the Swiss Federal Statistical Office (BfS) this will be around 23% in 2030 and even more than 26% in 2045. Demographic change brings with it many challenges, because people want to remain independent and healthy for as long as possible, even in old age; good hearing contributes a great deal to this.<\/p>\n<p>Similar to vision, hearing loss occurs at any age. According to the EuroTrak 2015 study, one in ten Swiss adults report having hearing problems. Young people are less affected, but the number of people with hearing loss increases with age. While 20% of Swiss people aged 65 to 74 suffer from hearing loss, the figure for those aged 75 and over is already 36%. Since the reasons for this are mostly to be found in the natural aging process, it is all the more important that the aging generation has opportunities to take care of hearing loss at an early stage. After all, hearing is the basis for communication with each other and, especially for older people, an important key to social life.<\/p>\n<p><strong>Consequences are underestimated<\/strong><br \/>\nHearing loss is often underestimated because people tell themselves that it is not so bad. But one should not wait with a care, because already with a small hearing loss the brain loses the ability to distinguish the relevant from irrelevant sounds. In addition, the brain areas responsible for processing take over other tasks over a longer, untreated period of time. In the worst case, this is irreversible, so that even a hearing aid can no longer help.<\/p>\n<p>Those who hear less have trouble following conversations and communication becomes correspondingly more laborious. For those with untreated hearing loss, this affects personal well-being and possibly health, so they tend to withdraw. Especially as people age, it is important not to shut oneself off. As a result of unattended hearing loss, people may have an increased tendency toward depression and become more susceptible to dementia symptoms, according to the EuroTrak 2015 study. In addition, hearing loss accelerates the decline of cognitive ability in older people, but the use of a hearing aid counteracts this.<\/p>\n<p>Nevertheless, 44% in Switzerland state that they have never had a hearing test. And even when a hearing loss is detected, by no means all of them seek treatment. \"More than half of the Swiss wait an average of 2 years before buying a hearing aid. A third even puts off the decision for 3-6 years,\" explains Luca Mastroberardino, Managing Director of Phonak Switzerland. This has a negative impact on the health and quality of life of those affected.<\/p>\n<p><strong>Positive effects in 95% of hearing aid users.<\/strong><br \/>\nHowever, the frequent fear that people with hearing aids feel excluded cannot be confirmed for Switzerland. Only 15% of hearing aid users say they are teased from time to time, compared to 55% with untreated hearing loss. In addition, more than 95% in the study stated that wearing a hearing aid had a noticeably positive effect. This is also noted by hearing care professional Monica De Carli from Zug: \"In most cases, the older people in particular are surprised and very satisfied with the effect of their hearing aid, which gives them back more quality of life in everyday life.\"<\/p>\n<p><strong>Social insurances pay with<\/strong><br \/>\nWhat many people don't know is that the social security system provides financial support for people with hearing loss. Until the age of 65, the IV pays a lump sum of CHF 1,650 every six years for two hearing aids, as well as an annual contribution to batteries and repairs. These contributions continue to be paid by the IV after the age of 65. However, if you are treated with a hearing aid for the first time after the age of 65, the AHV only pays 630 francs for one hearing aid.<\/p>","protected":false},"excerpt":{"rendered":"<p>Mit der steigenden Lebenserwartung der Menschen ver\u00e4ndert sich auch die demografische Struktur der Schweiz. W\u00e4hrend heute etwa 18% der Bev\u00f6lkerung mindestens 65 Jahre alt ist, werden es gem\u00e4ss Bundesamt f\u00fcr Statistik (BfS) im Jahr 2030 rund 23% und 2045 sogar mehr als 26% sein. Der demografische Wandel bringt viele Herausforderungen mit sich, denn die Menschen [&hellip;]<\/p>\n","protected":false},"author":1,"featured_media":16074,"comment_status":"open","ping_status":"open","sticky":false,"template":"","format":"standard","meta":{"_acf_changed":false,"pgc_sgb_lightbox_settings":"","footnotes":""},"categories":[3314],"tags":[149],"class_list":["post-16714","post","type-post","status-publish","format-standard","has-post-thumbnail","hentry","category-health-safety","tag-gesundheitsschutz"],"acf":[],"hkrextid":null,"publication":null,"issue":null,"workflow":null,"startPage":null,"spitzmarke":null,"_posts_by_tag_page_fields":{"widget_title":"","widget_tags":""},"_at_widget":"1","_yoast_wpseo_primary_category":"4","_yoast_wpseo_focuskw_text_input":"H\u00f6rprobleme","_yoast_wpseo_opengraph-image":null,"_yoast_wpseo_opengraph-description":null,"_yoast_wpseo_opengraph-title":null,"enclosure":null,"_yoast_wpseo_twitter-title":null,"_yoast_wpseo_twitter-description":null,"_yoast_wpseo_twitter-image":null,"_wp_old_slug":null,"_yoast_wpseo_title":null,"_yoast_wpseo_canonical":null,"yoast_head":"<!-- This site is optimized with the Yoast SEO plugin v27.5 - https:\/\/yoast.com\/product\/yoast-seo-wordpress\/ -->\n<title>Jeder f\u00fcnfte Pension\u00e4r leidet unter H\u00f6rproblemen - Save<\/title>\n<meta name=\"description\" content=\"H\u00f6rprobleme im Alter - dies hat Auswirkungen auf das Sozialleben und die Lebensqualit\u00e4t. Doch nur wenige lassen ihre H\u00f6rminderung behandeln.\" \/>\n<meta name=\"robots\" content=\"index, follow, max-snippet:-1, max-image-preview:large, max-video-preview:-1\" \/>\n<link rel=\"canonical\" href=\"https:\/\/news.save.ch\/en\/jeder-fuenfte-pensionaer-leidet-unter-hoerproblemen\/\" \/>\n<meta property=\"og:locale\" content=\"en_US\" \/>\n<meta property=\"og:type\" content=\"article\" \/>\n<meta property=\"og:title\" content=\"Jeder f\u00fcnfte Pension\u00e4r leidet unter H\u00f6rproblemen - Save\" \/>\n<meta property=\"og:description\" content=\"H\u00f6rprobleme im Alter - dies hat Auswirkungen auf das Sozialleben und die Lebensqualit\u00e4t. Doch nur wenige lassen ihre H\u00f6rminderung behandeln.\" \/>\n<meta property=\"og:url\" content=\"https:\/\/news.save.ch\/en\/jeder-fuenfte-pensionaer-leidet-unter-hoerproblemen\/\" \/>\n<meta property=\"og:site_name\" content=\"Save\" \/>\n<meta property=\"article:published_time\" content=\"2016-01-12T14:56:47+00:00\" \/>\n<meta property=\"article:modified_time\" content=\"2023-03-14T08:03:04+00:00\" \/>\n<meta property=\"og:image\" content=\"https:\/\/news.save.ch\/wp-content\/uploads\/2016\/12\/Jeder-fuenfte-Pensionaer-leidet-unter-Hoerproblemen_safety-plus.jpeg\" \/>\n\t<meta property=\"og:image:width\" content=\"1000\" \/>\n\t<meta property=\"og:image:height\" content=\"667\" \/>\n\t<meta property=\"og:image:type\" content=\"image\/jpeg\" \/>\n<meta name=\"author\" content=\"admin\" \/>\n<meta name=\"twitter:card\" content=\"summary_large_image\" \/>\n<meta name=\"twitter:label1\" content=\"Written by\" \/>\n\t<meta name=\"twitter:data1\" content=\"admin\" \/>\n\t<meta name=\"twitter:label2\" content=\"Est. reading time\" \/>\n\t<meta name=\"twitter:data2\" content=\"3 minutes\" \/>\n<script type=\"application\/ld+json\" class=\"yoast-schema-graph\">{\"@context\":\"https:\\\/\\\/schema.org\",\"@graph\":[{\"@type\":\"Article\",\"@id\":\"https:\\\/\\\/news.save.ch\\\/jeder-fuenfte-pensionaer-leidet-unter-hoerproblemen\\\/#article\",\"isPartOf\":{\"@id\":\"https:\\\/\\\/news.save.ch\\\/jeder-fuenfte-pensionaer-leidet-unter-hoerproblemen\\\/\"},\"author\":{\"name\":\"admin\",\"@id\":\"https:\\\/\\\/news.save.ch\\\/de\\\/#\\\/schema\\\/person\\\/d49e199490bad7c70d64b9ab51142f2b\"},\"headline\":\"Jeder f\u00fcnfte Pension\u00e4r leidet unter H\u00f6rproblemen\",\"datePublished\":\"2016-01-12T14:56:47+00:00\",\"dateModified\":\"2023-03-14T08:03:04+00:00\",\"mainEntityOfPage\":{\"@id\":\"https:\\\/\\\/news.save.ch\\\/jeder-fuenfte-pensionaer-leidet-unter-hoerproblemen\\\/\"},\"wordCount\":690,\"commentCount\":0,\"publisher\":{\"@id\":\"https:\\\/\\\/news.save.ch\\\/de\\\/#organization\"},\"image\":{\"@id\":\"https:\\\/\\\/news.save.ch\\\/jeder-fuenfte-pensionaer-leidet-unter-hoerproblemen\\\/#primaryimage\"},\"thumbnailUrl\":\"https:\\\/\\\/news.save.ch\\\/wp-content\\\/uploads\\\/2016\\\/12\\\/Jeder-fuenfte-Pensionaer-leidet-unter-Hoerproblemen_safety-plus.jpeg\",\"keywords\":[\"Gesundheitsschutz\"],\"articleSection\":[\"HEALTH &amp; SAFETY\"],\"inLanguage\":\"en-US\"},{\"@type\":\"WebPage\",\"@id\":\"https:\\\/\\\/news.save.ch\\\/jeder-fuenfte-pensionaer-leidet-unter-hoerproblemen\\\/\",\"url\":\"https:\\\/\\\/news.save.ch\\\/jeder-fuenfte-pensionaer-leidet-unter-hoerproblemen\\\/\",\"name\":\"Jeder f\u00fcnfte Pension\u00e4r leidet unter H\u00f6rproblemen - Save\",\"isPartOf\":{\"@id\":\"https:\\\/\\\/news.save.ch\\\/de\\\/#website\"},\"primaryImageOfPage\":{\"@id\":\"https:\\\/\\\/news.save.ch\\\/jeder-fuenfte-pensionaer-leidet-unter-hoerproblemen\\\/#primaryimage\"},\"image\":{\"@id\":\"https:\\\/\\\/news.save.ch\\\/jeder-fuenfte-pensionaer-leidet-unter-hoerproblemen\\\/#primaryimage\"},\"thumbnailUrl\":\"https:\\\/\\\/news.save.ch\\\/wp-content\\\/uploads\\\/2016\\\/12\\\/Jeder-fuenfte-Pensionaer-leidet-unter-Hoerproblemen_safety-plus.jpeg\",\"datePublished\":\"2016-01-12T14:56:47+00:00\",\"dateModified\":\"2023-03-14T08:03:04+00:00\",\"description\":\"H\u00f6rprobleme im Alter - dies hat Auswirkungen auf das Sozialleben und die Lebensqualit\u00e4t. Doch nur wenige lassen ihre H\u00f6rminderung behandeln.\",\"breadcrumb\":{\"@id\":\"https:\\\/\\\/news.save.ch\\\/jeder-fuenfte-pensionaer-leidet-unter-hoerproblemen\\\/#breadcrumb\"},\"inLanguage\":\"en-US\",\"potentialAction\":[{\"@type\":\"ReadAction\",\"target\":[\"https:\\\/\\\/news.save.ch\\\/jeder-fuenfte-pensionaer-leidet-unter-hoerproblemen\\\/\"]}]},{\"@type\":\"ImageObject\",\"inLanguage\":\"en-US\",\"@id\":\"https:\\\/\\\/news.save.ch\\\/jeder-fuenfte-pensionaer-leidet-unter-hoerproblemen\\\/#primaryimage\",\"url\":\"https:\\\/\\\/news.save.ch\\\/wp-content\\\/uploads\\\/2016\\\/12\\\/Jeder-fuenfte-Pensionaer-leidet-unter-Hoerproblemen_safety-plus.jpeg\",\"contentUrl\":\"https:\\\/\\\/news.save.ch\\\/wp-content\\\/uploads\\\/2016\\\/12\\\/Jeder-fuenfte-Pensionaer-leidet-unter-Hoerproblemen_safety-plus.jpeg\",\"width\":1000,\"height\":667,\"caption\":\"Im Alter nehmen die H\u00f6rverluste zu.\"},{\"@type\":\"BreadcrumbList\",\"@id\":\"https:\\\/\\\/news.save.ch\\\/jeder-fuenfte-pensionaer-leidet-unter-hoerproblemen\\\/#breadcrumb\",\"itemListElement\":[{\"@type\":\"ListItem\",\"position\":1,\"name\":\"Home\",\"item\":\"https:\\\/\\\/news.save.ch\\\/de\\\/\"},{\"@type\":\"ListItem\",\"position\":2,\"name\":\"Jeder f\u00fcnfte Pension\u00e4r leidet unter H\u00f6rproblemen\"}]},{\"@type\":\"WebSite\",\"@id\":\"https:\\\/\\\/news.save.ch\\\/de\\\/#website\",\"url\":\"https:\\\/\\\/news.save.ch\\\/de\\\/\",\"name\":\"Save\",\"description\":\"Schweizer Fachzeitschrift f\u00fcr Sicherheit\",\"publisher\":{\"@id\":\"https:\\\/\\\/news.save.ch\\\/de\\\/#organization\"},\"potentialAction\":[{\"@type\":\"SearchAction\",\"target\":{\"@type\":\"EntryPoint\",\"urlTemplate\":\"https:\\\/\\\/news.save.ch\\\/de\\\/?s={search_term_string}\"},\"query-input\":{\"@type\":\"PropertyValueSpecification\",\"valueRequired\":true,\"valueName\":\"search_term_string\"}}],\"inLanguage\":\"en-US\"},{\"@type\":\"Organization\",\"@id\":\"https:\\\/\\\/news.save.ch\\\/de\\\/#organization\",\"name\":\"Sicherheitsforum\",\"url\":\"https:\\\/\\\/news.save.ch\\\/de\\\/\",\"logo\":{\"@type\":\"ImageObject\",\"inLanguage\":\"en-US\",\"@id\":\"https:\\\/\\\/news.save.ch\\\/de\\\/#\\\/schema\\\/logo\\\/image\\\/\",\"url\":\"https:\\\/\\\/news.save.ch\\\/wp-content\\\/uploads\\\/2022\\\/06\\\/Logo_SF_2012.png\",\"contentUrl\":\"https:\\\/\\\/news.save.ch\\\/wp-content\\\/uploads\\\/2022\\\/06\\\/Logo_SF_2012.png\",\"width\":1100,\"height\":91,\"caption\":\"Sicherheitsforum\"},\"image\":{\"@id\":\"https:\\\/\\\/news.save.ch\\\/de\\\/#\\\/schema\\\/logo\\\/image\\\/\"}},{\"@type\":\"Person\",\"@id\":\"https:\\\/\\\/news.save.ch\\\/de\\\/#\\\/schema\\\/person\\\/d49e199490bad7c70d64b9ab51142f2b\",\"name\":\"admin\",\"image\":{\"@type\":\"ImageObject\",\"inLanguage\":\"en-US\",\"@id\":\"https:\\\/\\\/secure.gravatar.com\\\/avatar\\\/ae2f4d718e6c49043e314ce431e7e645d646302a24a5ef5a8bc8e3f5a032e319?s=96&d=mm&r=g\",\"url\":\"https:\\\/\\\/secure.gravatar.com\\\/avatar\\\/ae2f4d718e6c49043e314ce431e7e645d646302a24a5ef5a8bc8e3f5a032e319?s=96&d=mm&r=g\",\"contentUrl\":\"https:\\\/\\\/secure.gravatar.com\\\/avatar\\\/ae2f4d718e6c49043e314ce431e7e645d646302a24a5ef5a8bc8e3f5a032e319?s=96&d=mm&r=g\",\"caption\":\"admin\"},\"sameAs\":[\"https:\\\/\\\/develop.organisator.galledia.ch\"],\"url\":\"https:\\\/\\\/news.save.ch\\\/en\\\/author\\\/admin\\\/\"}]}<\/script>\n<!-- \/ Yoast SEO plugin. -->","yoast_head_json":{"title":"One in five retirees suffers from hearing problems - Save","description":"Hearing problems in old age - this has an impact on social life and quality of life. But only a few have their hearing loss treated.","robots":{"index":"index","follow":"follow","max-snippet":"max-snippet:-1","max-image-preview":"max-image-preview:large","max-video-preview":"max-video-preview:-1"},"canonical":"https:\/\/news.save.ch\/en\/jeder-fuenfte-pensionaer-leidet-unter-hoerproblemen\/","og_locale":"en_US","og_type":"article","og_title":"Jeder f\u00fcnfte Pension\u00e4r leidet unter H\u00f6rproblemen - Save","og_description":"H\u00f6rprobleme im Alter - dies hat Auswirkungen auf das Sozialleben und die Lebensqualit\u00e4t. Doch nur wenige lassen ihre H\u00f6rminderung behandeln.","og_url":"https:\/\/news.save.ch\/en\/jeder-fuenfte-pensionaer-leidet-unter-hoerproblemen\/","og_site_name":"Save","article_published_time":"2016-01-12T14:56:47+00:00","article_modified_time":"2023-03-14T08:03:04+00:00","og_image":[{"width":1000,"height":667,"url":"https:\/\/news.save.ch\/wp-content\/uploads\/2016\/12\/Jeder-fuenfte-Pensionaer-leidet-unter-Hoerproblemen_safety-plus.jpeg","type":"image\/jpeg"}],"author":"admin","twitter_card":"summary_large_image","twitter_misc":{"Written by":"admin","Est. reading time":"3 minutes"},"schema":{"@context":"https:\/\/schema.org","@graph":[{"@type":"Article","@id":"https:\/\/news.save.ch\/jeder-fuenfte-pensionaer-leidet-unter-hoerproblemen\/#article","isPartOf":{"@id":"https:\/\/news.save.ch\/jeder-fuenfte-pensionaer-leidet-unter-hoerproblemen\/"},"author":{"name":"admin","@id":"https:\/\/news.save.ch\/de\/#\/schema\/person\/d49e199490bad7c70d64b9ab51142f2b"},"headline":"Jeder f\u00fcnfte Pension\u00e4r leidet unter H\u00f6rproblemen","datePublished":"2016-01-12T14:56:47+00:00","dateModified":"2023-03-14T08:03:04+00:00","mainEntityOfPage":{"@id":"https:\/\/news.save.ch\/jeder-fuenfte-pensionaer-leidet-unter-hoerproblemen\/"},"wordCount":690,"commentCount":0,"publisher":{"@id":"https:\/\/news.save.ch\/de\/#organization"},"image":{"@id":"https:\/\/news.save.ch\/jeder-fuenfte-pensionaer-leidet-unter-hoerproblemen\/#primaryimage"},"thumbnailUrl":"https:\/\/news.save.ch\/wp-content\/uploads\/2016\/12\/Jeder-fuenfte-Pensionaer-leidet-unter-Hoerproblemen_safety-plus.jpeg","keywords":["Gesundheitsschutz"],"articleSection":["HEALTH &amp; SAFETY"],"inLanguage":"en-US"},{"@type":"WebPage","@id":"https:\/\/news.save.ch\/jeder-fuenfte-pensionaer-leidet-unter-hoerproblemen\/","url":"https:\/\/news.save.ch\/jeder-fuenfte-pensionaer-leidet-unter-hoerproblemen\/","name":"One in five retirees suffers from hearing problems - Save","isPartOf":{"@id":"https:\/\/news.save.ch\/de\/#website"},"primaryImageOfPage":{"@id":"https:\/\/news.save.ch\/jeder-fuenfte-pensionaer-leidet-unter-hoerproblemen\/#primaryimage"},"image":{"@id":"https:\/\/news.save.ch\/jeder-fuenfte-pensionaer-leidet-unter-hoerproblemen\/#primaryimage"},"thumbnailUrl":"https:\/\/news.save.ch\/wp-content\/uploads\/2016\/12\/Jeder-fuenfte-Pensionaer-leidet-unter-Hoerproblemen_safety-plus.jpeg","datePublished":"2016-01-12T14:56:47+00:00","dateModified":"2023-03-14T08:03:04+00:00","description":"Hearing problems in old age - this has an impact on social life and quality of life. But only a few have their hearing loss treated.","breadcrumb":{"@id":"https:\/\/news.save.ch\/jeder-fuenfte-pensionaer-leidet-unter-hoerproblemen\/#breadcrumb"},"inLanguage":"en-US","potentialAction":[{"@type":"ReadAction","target":["https:\/\/news.save.ch\/jeder-fuenfte-pensionaer-leidet-unter-hoerproblemen\/"]}]},{"@type":"ImageObject","inLanguage":"en-US","@id":"https:\/\/news.save.ch\/jeder-fuenfte-pensionaer-leidet-unter-hoerproblemen\/#primaryimage","url":"https:\/\/news.save.ch\/wp-content\/uploads\/2016\/12\/Jeder-fuenfte-Pensionaer-leidet-unter-Hoerproblemen_safety-plus.jpeg","contentUrl":"https:\/\/news.save.ch\/wp-content\/uploads\/2016\/12\/Jeder-fuenfte-Pensionaer-leidet-unter-Hoerproblemen_safety-plus.jpeg","width":1000,"height":667,"caption":"Im Alter nehmen die H\u00f6rverluste zu."},{"@type":"BreadcrumbList","@id":"https:\/\/news.save.ch\/jeder-fuenfte-pensionaer-leidet-unter-hoerproblemen\/#breadcrumb","itemListElement":[{"@type":"ListItem","position":1,"name":"Home","item":"https:\/\/news.save.ch\/de\/"},{"@type":"ListItem","position":2,"name":"Jeder f\u00fcnfte Pension\u00e4r leidet unter H\u00f6rproblemen"}]},{"@type":"WebSite","@id":"https:\/\/news.save.ch\/de\/#website","url":"https:\/\/news.save.ch\/de\/","name":"Save","description":"Swiss trade journal for safety","publisher":{"@id":"https:\/\/news.save.ch\/de\/#organization"},"potentialAction":[{"@type":"SearchAction","target":{"@type":"EntryPoint","urlTemplate":"https:\/\/news.save.ch\/de\/?s={search_term_string}"},"query-input":{"@type":"PropertyValueSpecification","valueRequired":true,"valueName":"search_term_string"}}],"inLanguage":"en-US"},{"@type":"Organization","@id":"https:\/\/news.save.ch\/de\/#organization","name":"Security Forum","url":"https:\/\/news.save.ch\/de\/","logo":{"@type":"ImageObject","inLanguage":"en-US","@id":"https:\/\/news.save.ch\/de\/#\/schema\/logo\/image\/","url":"https:\/\/news.save.ch\/wp-content\/uploads\/2022\/06\/Logo_SF_2012.png","contentUrl":"https:\/\/news.save.ch\/wp-content\/uploads\/2022\/06\/Logo_SF_2012.png","width":1100,"height":91,"caption":"Sicherheitsforum"},"image":{"@id":"https:\/\/news.save.ch\/de\/#\/schema\/logo\/image\/"}},{"@type":"Person","@id":"https:\/\/news.save.ch\/de\/#\/schema\/person\/d49e199490bad7c70d64b9ab51142f2b","name":"admin","image":{"@type":"ImageObject","inLanguage":"en-US","@id":"https:\/\/secure.gravatar.com\/avatar\/ae2f4d718e6c49043e314ce431e7e645d646302a24a5ef5a8bc8e3f5a032e319?s=96&d=mm&r=g","url":"https:\/\/secure.gravatar.com\/avatar\/ae2f4d718e6c49043e314ce431e7e645d646302a24a5ef5a8bc8e3f5a032e319?s=96&d=mm&r=g","contentUrl":"https:\/\/secure.gravatar.com\/avatar\/ae2f4d718e6c49043e314ce431e7e645d646302a24a5ef5a8bc8e3f5a032e319?s=96&d=mm&r=g","caption":"admin"},"sameAs":["https:\/\/develop.organisator.galledia.ch"],"url":"https:\/\/news.save.ch\/en\/author\/admin\/"}]}},"_links":{"self":[{"href":"https:\/\/news.save.ch\/en\/wp-json\/wp\/v2\/posts\/16714","targetHints":{"allow":["GET"]}}],"collection":[{"href":"https:\/\/news.save.ch\/en\/wp-json\/wp\/v2\/posts"}],"about":[{"href":"https:\/\/news.save.ch\/en\/wp-json\/wp\/v2\/types\/post"}],"author":[{"embeddable":true,"href":"https:\/\/news.save.ch\/en\/wp-json\/wp\/v2\/users\/1"}],"replies":[{"embeddable":true,"href":"https:\/\/news.save.ch\/en\/wp-json\/wp\/v2\/comments?post=16714"}],"version-history":[{"count":1,"href":"https:\/\/news.save.ch\/en\/wp-json\/wp\/v2\/posts\/16714\/revisions"}],"predecessor-version":[{"id":18840,"href":"https:\/\/news.save.ch\/en\/wp-json\/wp\/v2\/posts\/16714\/revisions\/18840"}],"wp:featuredmedia":[{"embeddable":true,"href":"https:\/\/news.save.ch\/en\/wp-json\/wp\/v2\/media\/16074"}],"wp:attachment":[{"href":"https:\/\/news.save.ch\/en\/wp-json\/wp\/v2\/media?parent=16714"}],"wp:term":[{"taxonomy":"category","embeddable":true,"href":"https:\/\/news.save.ch\/en\/wp-json\/wp\/v2\/categories?post=16714"},{"taxonomy":"post_tag","embeddable":true,"href":"https:\/\/news.save.ch\/en\/wp-json\/wp\/v2\/tags?post=16714"}],"curies":[{"name":"wp","href":"https:\/\/api.w.org\/{rel}","templated":true}]}}