{"id":16736,"date":"2016-03-31T16:41:18","date_gmt":"2016-03-31T14:41:18","guid":{"rendered":"http:\/\/dev.safety-plus.ch\/?p=830"},"modified":"2016-03-31T16:41:18","modified_gmt":"2016-03-31T14:41:18","slug":"zahl-der-strassenverkehrsopfer-steigt-leicht-an","status":null,"type":"post","link":"https:\/\/news.save.ch\/en\/zahl-der-strassenverkehrsopfer-steigt-leicht-an\/","title":{"rendered":"Number of road traffic victims rises slightly"},"content":{"rendered":"<figure id=\"attachment_831\" aria-describedby=\"caption-attachment-831\" style=\"width: 680px\" class=\"wp-caption alignnone\"><img loading=\"lazy\" decoding=\"async\" class=\"wp-image-831 size-medium\" src=\"http:\/\/develop.safety-plus.ch\/wp-content\/uploads\/2016\/12\/Zahl-der-Strassenverkehrsopfer-steigt-leicht-an_safety-plus.jpg\" alt=\"The map shows where people were killed in accidents last year.\" width=\"680\" height=\"509\" \/><figcaption id=\"caption-attachment-831\" class=\"wp-caption-text\">The map shows where people were killed in accidents last year.<\/figcaption><\/figure>\n<p>253 people died on Swiss roads last year. This means that the number of fatal accidents increased by 4% or 10 people compared to 2014. However, the Federal Roads Office FEDRO does not want to speak of a trend reversal: The number of traffic fatalities is still 16% below the average of the past four years. In 2012, for example, there were still 339 traffic fatalities.<\/p>\n<p>On the other hand, the number of people seriously injured has decreased, from 4043 to 3830. This is a decrease of 5%.<\/p>\n<p><strong>Two-wheeled vehicles particularly often affected<\/strong><br \/>\nAlthough the number of fatally injured cyclists decreased by 14 % compared to 2014. In contrast, the number of e-bike users killed increased. 14 people were killed here (compared to 5 in the previous year). More than two-thirds of the fatalities were 65 years of age or older.<\/p>\n<p>Last year, 66 motorcyclists died in accidents, an increase of 25% compared to 2014. The exceptionally mild weather in the summer of 2015 likely contributed to this increase. As a result, nearly two-thirds of fatal motorcycle accidents occurred in the period from June to September; in 2014, the figure was less than half.<\/p>\n<p><strong>Measures for two-wheeled vehicles<\/strong><br \/>\nFEDRO emphasized that increasing the safety of two-wheeled vehicles is a permanent concern for it: thus, an enforcement aid was developed to remedy the infrastructure deficits for motorcycle traffic. In addition, a brochure analyzing accidents involving cyclists was published in 2015. In addition, there are the road safety campaigns and training courses for the actors involved in prevention (e.g. Fund for Road Safety FVS).<\/p>\n<p><strong>More pedestrian fatalities<\/strong><br \/>\nPedestrians are also more affected than last year, with 58 pedestrians killed in traffic crashes in 2015, 35 %more than 204. Nearly two-thirds of those killed were 65 or older, and about one-third died at pedestrian crossings. However, over several years, the number has been declining.<\/p>\n<p><strong>Major accidents hit statistics<\/strong><br \/>\nLast year, a slight increase (+4 persons) in the number of fatal accidents on highways and freeways was recorded compared to 2014. The reason for this increase was three particularly serious accidents, each involving several fatalities. With the exception of 2012 (car accident in Sierre), the number of fatalities on freeways and freeways remains at a low level with a general downward trend.<\/p>\n<p>To the <a href=\"http:\/\/www.news.admin.ch\/NSBSubscriber\/message\/attachments\/43502.pdf\" target=\"_blank\" data-cke-saved-href=\"http:\/\/www.news.admin.ch\/NSBSubscriber\/message\/attachments\/43502.pdf\" rel=\"noopener\">Detailed figures <\/a>(PDF)<\/p>","protected":false},"excerpt":{"rendered":"<p>Auf den Schweizer Strassen starben im vergangenen Jahr 253 Menschen. Damit stieg\u00a0die Anzahl t\u00f6dlich Verunfallten gegen\u00fcber 2014 um 4% oder 10 Personen. Das Bundesamt f\u00fcr Strassen ASTRA will allerdings nicht von einer Trendumkehr sprechen: Die Zahl der Verkehrstoten liegt immer noch 16% unter dem Durchschnitt der vergangenen vier Jahre. 2012 waren es zum Beispiel noch [&hellip;]<\/p>\n","protected":false},"author":1,"featured_media":16089,"comment_status":"open","ping_status":"open","sticky":false,"template":"","format":"standard","meta":{"_acf_changed":false,"pgc_sgb_lightbox_settings":"","footnotes":""},"categories":[1],"tags":[175],"class_list":["post-16736","post","type-post","status-publish","format-standard","has-post-thumbnail","hentry","category-allgemein","tag-nichtberufsunfaelle"],"acf":[],"hkrextid":null,"publication":null,"issue":null,"workflow":null,"startPage":null,"spitzmarke":null,"_posts_by_tag_page_fields":{"widget_title":"","widget_tags":""},"_at_widget":"1","_yoast_wpseo_primary_category":"1","_yoast_wpseo_focuskw_text_input":"Strassenverkehrsopfer","_yoast_wpseo_opengraph-image":null,"_yoast_wpseo_opengraph-description":null,"_yoast_wpseo_opengraph-title":null,"enclosure":null,"_yoast_wpseo_twitter-title":null,"_yoast_wpseo_twitter-description":null,"_yoast_wpseo_twitter-image":null,"_wp_old_slug":null,"_yoast_wpseo_title":null,"_yoast_wpseo_canonical":null,"yoast_head":"<!-- This site is optimized with the Yoast SEO plugin v27.5 - https:\/\/yoast.com\/product\/yoast-seo-wordpress\/ -->\n<title>Zahl der Strassenverkehrsopfer steigt leicht an - Save<\/title>\n<meta name=\"description\" content=\"Strassenverkehrsopfer: W\u00e4hrend Personenwagen immer sicherer werden, nehmen die Opfer bei Fussg\u00e4ngern und Zweiradfahrern \u00fcberproportional zu.\" \/>\n<meta name=\"robots\" content=\"index, follow, max-snippet:-1, max-image-preview:large, max-video-preview:-1\" \/>\n<link rel=\"canonical\" href=\"https:\/\/news.save.ch\/en\/zahl-der-strassenverkehrsopfer-steigt-leicht-an\/\" \/>\n<meta property=\"og:locale\" content=\"en_US\" \/>\n<meta property=\"og:type\" content=\"article\" \/>\n<meta property=\"og:title\" content=\"Zahl der Strassenverkehrsopfer steigt leicht an - Save\" \/>\n<meta property=\"og:description\" content=\"Strassenverkehrsopfer: W\u00e4hrend Personenwagen immer sicherer werden, nehmen die Opfer bei Fussg\u00e4ngern und Zweiradfahrern \u00fcberproportional zu.\" \/>\n<meta property=\"og:url\" content=\"https:\/\/news.save.ch\/en\/zahl-der-strassenverkehrsopfer-steigt-leicht-an\/\" \/>\n<meta property=\"og:site_name\" content=\"Save\" \/>\n<meta property=\"article:published_time\" content=\"2016-03-31T14:41:18+00:00\" \/>\n<meta property=\"og:image\" content=\"https:\/\/news.save.ch\/wp-content\/uploads\/2016\/12\/Zahl-der-Strassenverkehrsopfer-steigt-leicht-an_safety-plus.jpg\" \/>\n\t<meta property=\"og:image:width\" content=\"1025\" \/>\n\t<meta property=\"og:image:height\" content=\"767\" \/>\n\t<meta property=\"og:image:type\" content=\"image\/jpeg\" \/>\n<meta name=\"author\" content=\"admin\" \/>\n<meta name=\"twitter:card\" content=\"summary_large_image\" \/>\n<meta name=\"twitter:label1\" content=\"Written by\" \/>\n\t<meta name=\"twitter:data1\" content=\"admin\" \/>\n\t<meta name=\"twitter:label2\" content=\"Est. reading time\" \/>\n\t<meta name=\"twitter:data2\" content=\"2 minutes\" \/>\n<script type=\"application\/ld+json\" class=\"yoast-schema-graph\">{\"@context\":\"https:\\\/\\\/schema.org\",\"@graph\":[{\"@type\":\"Article\",\"@id\":\"https:\\\/\\\/news.save.ch\\\/zahl-der-strassenverkehrsopfer-steigt-leicht-an\\\/#article\",\"isPartOf\":{\"@id\":\"https:\\\/\\\/news.save.ch\\\/zahl-der-strassenverkehrsopfer-steigt-leicht-an\\\/\"},\"author\":{\"name\":\"admin\",\"@id\":\"https:\\\/\\\/news.save.ch\\\/de\\\/#\\\/schema\\\/person\\\/d49e199490bad7c70d64b9ab51142f2b\"},\"headline\":\"Zahl der Strassenverkehrsopfer steigt leicht an\",\"datePublished\":\"2016-03-31T14:41:18+00:00\",\"mainEntityOfPage\":{\"@id\":\"https:\\\/\\\/news.save.ch\\\/zahl-der-strassenverkehrsopfer-steigt-leicht-an\\\/\"},\"wordCount\":393,\"commentCount\":1,\"publisher\":{\"@id\":\"https:\\\/\\\/news.save.ch\\\/de\\\/#organization\"},\"image\":{\"@id\":\"https:\\\/\\\/news.save.ch\\\/zahl-der-strassenverkehrsopfer-steigt-leicht-an\\\/#primaryimage\"},\"thumbnailUrl\":\"https:\\\/\\\/news.save.ch\\\/wp-content\\\/uploads\\\/2016\\\/12\\\/Zahl-der-Strassenverkehrsopfer-steigt-leicht-an_safety-plus.jpg\",\"keywords\":[\"Nichtberufsunf\u00e4lle\"],\"articleSection\":[\"ALLGEMEIN\"],\"inLanguage\":\"en-US\"},{\"@type\":\"WebPage\",\"@id\":\"https:\\\/\\\/news.save.ch\\\/zahl-der-strassenverkehrsopfer-steigt-leicht-an\\\/\",\"url\":\"https:\\\/\\\/news.save.ch\\\/zahl-der-strassenverkehrsopfer-steigt-leicht-an\\\/\",\"name\":\"Zahl der Strassenverkehrsopfer steigt leicht an - Save\",\"isPartOf\":{\"@id\":\"https:\\\/\\\/news.save.ch\\\/de\\\/#website\"},\"primaryImageOfPage\":{\"@id\":\"https:\\\/\\\/news.save.ch\\\/zahl-der-strassenverkehrsopfer-steigt-leicht-an\\\/#primaryimage\"},\"image\":{\"@id\":\"https:\\\/\\\/news.save.ch\\\/zahl-der-strassenverkehrsopfer-steigt-leicht-an\\\/#primaryimage\"},\"thumbnailUrl\":\"https:\\\/\\\/news.save.ch\\\/wp-content\\\/uploads\\\/2016\\\/12\\\/Zahl-der-Strassenverkehrsopfer-steigt-leicht-an_safety-plus.jpg\",\"datePublished\":\"2016-03-31T14:41:18+00:00\",\"description\":\"Strassenverkehrsopfer: W\u00e4hrend Personenwagen immer sicherer werden, nehmen die Opfer bei Fussg\u00e4ngern und Zweiradfahrern \u00fcberproportional zu.\",\"breadcrumb\":{\"@id\":\"https:\\\/\\\/news.save.ch\\\/zahl-der-strassenverkehrsopfer-steigt-leicht-an\\\/#breadcrumb\"},\"inLanguage\":\"en-US\",\"potentialAction\":[{\"@type\":\"ReadAction\",\"target\":[\"https:\\\/\\\/news.save.ch\\\/zahl-der-strassenverkehrsopfer-steigt-leicht-an\\\/\"]}]},{\"@type\":\"ImageObject\",\"inLanguage\":\"en-US\",\"@id\":\"https:\\\/\\\/news.save.ch\\\/zahl-der-strassenverkehrsopfer-steigt-leicht-an\\\/#primaryimage\",\"url\":\"https:\\\/\\\/news.save.ch\\\/wp-content\\\/uploads\\\/2016\\\/12\\\/Zahl-der-Strassenverkehrsopfer-steigt-leicht-an_safety-plus.jpg\",\"contentUrl\":\"https:\\\/\\\/news.save.ch\\\/wp-content\\\/uploads\\\/2016\\\/12\\\/Zahl-der-Strassenverkehrsopfer-steigt-leicht-an_safety-plus.jpg\",\"width\":1025,\"height\":767,\"caption\":\"Die Karte zeigt, wo im letzten Jahr Personen t\u00f6dlich verunfallt sind.\"},{\"@type\":\"BreadcrumbList\",\"@id\":\"https:\\\/\\\/news.save.ch\\\/zahl-der-strassenverkehrsopfer-steigt-leicht-an\\\/#breadcrumb\",\"itemListElement\":[{\"@type\":\"ListItem\",\"position\":1,\"name\":\"Home\",\"item\":\"https:\\\/\\\/news.save.ch\\\/de\\\/\"},{\"@type\":\"ListItem\",\"position\":2,\"name\":\"Zahl der Strassenverkehrsopfer steigt leicht an\"}]},{\"@type\":\"WebSite\",\"@id\":\"https:\\\/\\\/news.save.ch\\\/de\\\/#website\",\"url\":\"https:\\\/\\\/news.save.ch\\\/de\\\/\",\"name\":\"Save\",\"description\":\"Schweizer Fachzeitschrift f\u00fcr Sicherheit\",\"publisher\":{\"@id\":\"https:\\\/\\\/news.save.ch\\\/de\\\/#organization\"},\"potentialAction\":[{\"@type\":\"SearchAction\",\"target\":{\"@type\":\"EntryPoint\",\"urlTemplate\":\"https:\\\/\\\/news.save.ch\\\/de\\\/?s={search_term_string}\"},\"query-input\":{\"@type\":\"PropertyValueSpecification\",\"valueRequired\":true,\"valueName\":\"search_term_string\"}}],\"inLanguage\":\"en-US\"},{\"@type\":\"Organization\",\"@id\":\"https:\\\/\\\/news.save.ch\\\/de\\\/#organization\",\"name\":\"Sicherheitsforum\",\"url\":\"https:\\\/\\\/news.save.ch\\\/de\\\/\",\"logo\":{\"@type\":\"ImageObject\",\"inLanguage\":\"en-US\",\"@id\":\"https:\\\/\\\/news.save.ch\\\/de\\\/#\\\/schema\\\/logo\\\/image\\\/\",\"url\":\"https:\\\/\\\/news.save.ch\\\/wp-content\\\/uploads\\\/2022\\\/06\\\/Logo_SF_2012.png\",\"contentUrl\":\"https:\\\/\\\/news.save.ch\\\/wp-content\\\/uploads\\\/2022\\\/06\\\/Logo_SF_2012.png\",\"width\":1100,\"height\":91,\"caption\":\"Sicherheitsforum\"},\"image\":{\"@id\":\"https:\\\/\\\/news.save.ch\\\/de\\\/#\\\/schema\\\/logo\\\/image\\\/\"}},{\"@type\":\"Person\",\"@id\":\"https:\\\/\\\/news.save.ch\\\/de\\\/#\\\/schema\\\/person\\\/d49e199490bad7c70d64b9ab51142f2b\",\"name\":\"admin\",\"image\":{\"@type\":\"ImageObject\",\"inLanguage\":\"en-US\",\"@id\":\"https:\\\/\\\/secure.gravatar.com\\\/avatar\\\/ae2f4d718e6c49043e314ce431e7e645d646302a24a5ef5a8bc8e3f5a032e319?s=96&d=mm&r=g\",\"url\":\"https:\\\/\\\/secure.gravatar.com\\\/avatar\\\/ae2f4d718e6c49043e314ce431e7e645d646302a24a5ef5a8bc8e3f5a032e319?s=96&d=mm&r=g\",\"contentUrl\":\"https:\\\/\\\/secure.gravatar.com\\\/avatar\\\/ae2f4d718e6c49043e314ce431e7e645d646302a24a5ef5a8bc8e3f5a032e319?s=96&d=mm&r=g\",\"caption\":\"admin\"},\"sameAs\":[\"https:\\\/\\\/develop.organisator.galledia.ch\"],\"url\":\"https:\\\/\\\/news.save.ch\\\/en\\\/author\\\/admin\\\/\"}]}<\/script>\n<!-- \/ Yoast SEO plugin. -->","yoast_head_json":{"title":"Number of road traffic victims rises slightly - Save","description":"Road traffic casualties: While passenger cars are becoming safer and safer, casualties among pedestrians and two-wheelers are increasing disproportionately.","robots":{"index":"index","follow":"follow","max-snippet":"max-snippet:-1","max-image-preview":"max-image-preview:large","max-video-preview":"max-video-preview:-1"},"canonical":"https:\/\/news.save.ch\/en\/zahl-der-strassenverkehrsopfer-steigt-leicht-an\/","og_locale":"en_US","og_type":"article","og_title":"Zahl der Strassenverkehrsopfer steigt leicht an - Save","og_description":"Strassenverkehrsopfer: W\u00e4hrend Personenwagen immer sicherer werden, nehmen die Opfer bei Fussg\u00e4ngern und Zweiradfahrern \u00fcberproportional zu.","og_url":"https:\/\/news.save.ch\/en\/zahl-der-strassenverkehrsopfer-steigt-leicht-an\/","og_site_name":"Save","article_published_time":"2016-03-31T14:41:18+00:00","og_image":[{"width":1025,"height":767,"url":"https:\/\/news.save.ch\/wp-content\/uploads\/2016\/12\/Zahl-der-Strassenverkehrsopfer-steigt-leicht-an_safety-plus.jpg","type":"image\/jpeg"}],"author":"admin","twitter_card":"summary_large_image","twitter_misc":{"Written by":"admin","Est. reading time":"2 minutes"},"schema":{"@context":"https:\/\/schema.org","@graph":[{"@type":"Article","@id":"https:\/\/news.save.ch\/zahl-der-strassenverkehrsopfer-steigt-leicht-an\/#article","isPartOf":{"@id":"https:\/\/news.save.ch\/zahl-der-strassenverkehrsopfer-steigt-leicht-an\/"},"author":{"name":"admin","@id":"https:\/\/news.save.ch\/de\/#\/schema\/person\/d49e199490bad7c70d64b9ab51142f2b"},"headline":"Zahl der Strassenverkehrsopfer steigt leicht an","datePublished":"2016-03-31T14:41:18+00:00","mainEntityOfPage":{"@id":"https:\/\/news.save.ch\/zahl-der-strassenverkehrsopfer-steigt-leicht-an\/"},"wordCount":393,"commentCount":1,"publisher":{"@id":"https:\/\/news.save.ch\/de\/#organization"},"image":{"@id":"https:\/\/news.save.ch\/zahl-der-strassenverkehrsopfer-steigt-leicht-an\/#primaryimage"},"thumbnailUrl":"https:\/\/news.save.ch\/wp-content\/uploads\/2016\/12\/Zahl-der-Strassenverkehrsopfer-steigt-leicht-an_safety-plus.jpg","keywords":["Nichtberufsunf\u00e4lle"],"articleSection":["ALLGEMEIN"],"inLanguage":"en-US"},{"@type":"WebPage","@id":"https:\/\/news.save.ch\/zahl-der-strassenverkehrsopfer-steigt-leicht-an\/","url":"https:\/\/news.save.ch\/zahl-der-strassenverkehrsopfer-steigt-leicht-an\/","name":"Number of road traffic victims rises slightly - Save","isPartOf":{"@id":"https:\/\/news.save.ch\/de\/#website"},"primaryImageOfPage":{"@id":"https:\/\/news.save.ch\/zahl-der-strassenverkehrsopfer-steigt-leicht-an\/#primaryimage"},"image":{"@id":"https:\/\/news.save.ch\/zahl-der-strassenverkehrsopfer-steigt-leicht-an\/#primaryimage"},"thumbnailUrl":"https:\/\/news.save.ch\/wp-content\/uploads\/2016\/12\/Zahl-der-Strassenverkehrsopfer-steigt-leicht-an_safety-plus.jpg","datePublished":"2016-03-31T14:41:18+00:00","description":"Road traffic casualties: While passenger cars are becoming safer and safer, casualties among pedestrians and two-wheelers are increasing disproportionately.","breadcrumb":{"@id":"https:\/\/news.save.ch\/zahl-der-strassenverkehrsopfer-steigt-leicht-an\/#breadcrumb"},"inLanguage":"en-US","potentialAction":[{"@type":"ReadAction","target":["https:\/\/news.save.ch\/zahl-der-strassenverkehrsopfer-steigt-leicht-an\/"]}]},{"@type":"ImageObject","inLanguage":"en-US","@id":"https:\/\/news.save.ch\/zahl-der-strassenverkehrsopfer-steigt-leicht-an\/#primaryimage","url":"https:\/\/news.save.ch\/wp-content\/uploads\/2016\/12\/Zahl-der-Strassenverkehrsopfer-steigt-leicht-an_safety-plus.jpg","contentUrl":"https:\/\/news.save.ch\/wp-content\/uploads\/2016\/12\/Zahl-der-Strassenverkehrsopfer-steigt-leicht-an_safety-plus.jpg","width":1025,"height":767,"caption":"Die Karte zeigt, wo im letzten Jahr Personen t\u00f6dlich verunfallt sind."},{"@type":"BreadcrumbList","@id":"https:\/\/news.save.ch\/zahl-der-strassenverkehrsopfer-steigt-leicht-an\/#breadcrumb","itemListElement":[{"@type":"ListItem","position":1,"name":"Home","item":"https:\/\/news.save.ch\/de\/"},{"@type":"ListItem","position":2,"name":"Zahl der Strassenverkehrsopfer steigt leicht an"}]},{"@type":"WebSite","@id":"https:\/\/news.save.ch\/de\/#website","url":"https:\/\/news.save.ch\/de\/","name":"Save","description":"Swiss trade journal for safety","publisher":{"@id":"https:\/\/news.save.ch\/de\/#organization"},"potentialAction":[{"@type":"SearchAction","target":{"@type":"EntryPoint","urlTemplate":"https:\/\/news.save.ch\/de\/?s={search_term_string}"},"query-input":{"@type":"PropertyValueSpecification","valueRequired":true,"valueName":"search_term_string"}}],"inLanguage":"en-US"},{"@type":"Organization","@id":"https:\/\/news.save.ch\/de\/#organization","name":"Security Forum","url":"https:\/\/news.save.ch\/de\/","logo":{"@type":"ImageObject","inLanguage":"en-US","@id":"https:\/\/news.save.ch\/de\/#\/schema\/logo\/image\/","url":"https:\/\/news.save.ch\/wp-content\/uploads\/2022\/06\/Logo_SF_2012.png","contentUrl":"https:\/\/news.save.ch\/wp-content\/uploads\/2022\/06\/Logo_SF_2012.png","width":1100,"height":91,"caption":"Sicherheitsforum"},"image":{"@id":"https:\/\/news.save.ch\/de\/#\/schema\/logo\/image\/"}},{"@type":"Person","@id":"https:\/\/news.save.ch\/de\/#\/schema\/person\/d49e199490bad7c70d64b9ab51142f2b","name":"admin","image":{"@type":"ImageObject","inLanguage":"en-US","@id":"https:\/\/secure.gravatar.com\/avatar\/ae2f4d718e6c49043e314ce431e7e645d646302a24a5ef5a8bc8e3f5a032e319?s=96&d=mm&r=g","url":"https:\/\/secure.gravatar.com\/avatar\/ae2f4d718e6c49043e314ce431e7e645d646302a24a5ef5a8bc8e3f5a032e319?s=96&d=mm&r=g","contentUrl":"https:\/\/secure.gravatar.com\/avatar\/ae2f4d718e6c49043e314ce431e7e645d646302a24a5ef5a8bc8e3f5a032e319?s=96&d=mm&r=g","caption":"admin"},"sameAs":["https:\/\/develop.organisator.galledia.ch"],"url":"https:\/\/news.save.ch\/en\/author\/admin\/"}]}},"_links":{"self":[{"href":"https:\/\/news.save.ch\/en\/wp-json\/wp\/v2\/posts\/16736","targetHints":{"allow":["GET"]}}],"collection":[{"href":"https:\/\/news.save.ch\/en\/wp-json\/wp\/v2\/posts"}],"about":[{"href":"https:\/\/news.save.ch\/en\/wp-json\/wp\/v2\/types\/post"}],"author":[{"embeddable":true,"href":"https:\/\/news.save.ch\/en\/wp-json\/wp\/v2\/users\/1"}],"replies":[{"embeddable":true,"href":"https:\/\/news.save.ch\/en\/wp-json\/wp\/v2\/comments?post=16736"}],"version-history":[{"count":0,"href":"https:\/\/news.save.ch\/en\/wp-json\/wp\/v2\/posts\/16736\/revisions"}],"wp:featuredmedia":[{"embeddable":true,"href":"https:\/\/news.save.ch\/en\/wp-json\/wp\/v2\/media\/16089"}],"wp:attachment":[{"href":"https:\/\/news.save.ch\/en\/wp-json\/wp\/v2\/media?parent=16736"}],"wp:term":[{"taxonomy":"category","embeddable":true,"href":"https:\/\/news.save.ch\/en\/wp-json\/wp\/v2\/categories?post=16736"},{"taxonomy":"post_tag","embeddable":true,"href":"https:\/\/news.save.ch\/en\/wp-json\/wp\/v2\/tags?post=16736"}],"curies":[{"name":"wp","href":"https:\/\/api.w.org\/{rel}","templated":true}]}}