{"id":16741,"date":"2016-04-25T08:29:56","date_gmt":"2016-04-25T06:29:56","guid":{"rendered":"http:\/\/dev.safety-plus.ch\/?p=859"},"modified":"2023-03-14T09:03:03","modified_gmt":"2023-03-14T08:03:03","slug":"impfschutz-ueberpruefen","status":null,"type":"post","link":"https:\/\/news.save.ch\/en\/impfschutz-ueberpruefen\/","title":{"rendered":"Check vaccination protection"},"content":{"rendered":"<figure id=\"attachment_860\" aria-describedby=\"caption-attachment-860\" style=\"width: 680px\" class=\"wp-caption alignnone\"><img loading=\"lazy\" decoding=\"async\" class=\"size-medium wp-image-860\" src=\"http:\/\/develop.safety-plus.ch\/wp-content\/uploads\/2016\/12\/Impfschutz-ueberpruefen_safety-plus.jpg\" alt=\"\" width=\"680\" height=\"454\" \/><figcaption id=\"caption-attachment-860\" class=\"wp-caption-text\">Vaccinations should be checked and refreshed regularly.<\/figcaption><\/figure>\n<p>The European Immunization Week will take place from April 25 to 30, 2016. The Federal Office of Public Health (FOPH) takes this opportunity to remind people to check their vaccination protection and to revaccinate if necessary.<\/p>\n<p>Vaccination not only protects one's own health, but also the weakest members of society, as the FOPH emphasizes. But it is precisely in them that a measles infection can cause complications that can be fatal. It is therefore particularly important that parents, family members and caregivers of young children are vaccinated.<\/p>\n<p>However, many do not even know whether they have been sufficiently vaccinated. The FOPH therefore calls on young parents in particular to have their vaccination status checked.<\/p>\n<p>For measles, all persons born after 1963 who have not had the disease should make up the missing vaccinations to the total of two doses. For pertussis, vaccination is required for 25- to 29-year-olds and for anyone with close contact with infants younger than six months. The recommendation also applies to pregnant women, who are advised to be vaccinated from the second trimester of pregnancy.<\/p>\n<p><strong>Electronic vaccination card<\/strong><\/p>\n<p>A newer tool should simplify the vaccination issue considerably: The electronic vaccination card. It sends e-mail or SMS notifications when a vaccination is missing or a booster is indicated. During the vaccination week, the electronic card can be created and validated free of charge. It is available on the website\u00a0<a href=\"http:\/\/www.meineimpfungen.ch\" target=\"_blank\" data-cke-saved-href=\"http:\/\/www.meineimpfungen.ch\" rel=\"noopener\">www.meineimpfungen.ch<\/a>.<\/p>","protected":false},"excerpt":{"rendered":"<p>Vom 25. bis zum 30. April 2016 findet die Europ\u00e4ische Impfwoche statt. Das Bundesamt f\u00fcr Gesundheit (BAG) erinnert zu dieser Gelegenheit daran, den Impfschutz zu \u00fcberpr\u00fcfen und gegebenenfalls nachzuimpfen. Impfen sch\u00fctzt nicht nur die eigene Gesundheit, sondern auch die Schw\u00e4chsten der Gesellschaft, wie das BAG betont\u00a0Insbesondere geh\u00f6ren dazu S\u00e4uglinge, die noch zu jung f\u00fcr einen [&hellip;]<\/p>\n","protected":false},"author":1,"featured_media":16097,"comment_status":"open","ping_status":"open","sticky":false,"template":"","format":"standard","meta":{"_acf_changed":false,"pgc_sgb_lightbox_settings":"","footnotes":""},"categories":[3314],"tags":[149],"class_list":["post-16741","post","type-post","status-publish","format-standard","has-post-thumbnail","hentry","category-health-safety","tag-gesundheitsschutz"],"acf":[],"hkrextid":null,"publication":null,"issue":null,"workflow":null,"startPage":null,"spitzmarke":null,"_posts_by_tag_page_fields":{"widget_title":"","widget_tags":""},"_at_widget":"1","_yoast_wpseo_primary_category":"4","_yoast_wpseo_focuskw_text_input":"Impfschutz \u00fcberpr\u00fcfen","_yoast_wpseo_opengraph-image":null,"_yoast_wpseo_opengraph-description":null,"_yoast_wpseo_opengraph-title":null,"enclosure":null,"_yoast_wpseo_twitter-title":null,"_yoast_wpseo_twitter-description":null,"_yoast_wpseo_twitter-image":null,"_wp_old_slug":null,"_yoast_wpseo_title":null,"_yoast_wpseo_canonical":null,"yoast_head":"<!-- This site is optimized with the Yoast SEO plugin v27.5 - https:\/\/yoast.com\/product\/yoast-seo-wordpress\/ -->\n<title>Impfschutz \u00fcberpr\u00fcfen - Save<\/title>\n<meta name=\"description\" content=\"Impfschutz \u00fcberpr\u00fcfen: Zur Europ\u00e4ischen Impfwoche fordert das Bundesamt f\u00fcr Gesundheit alle Personen auf, ihren Impfstatus zu \u00fcberpr\u00fcfen.\" \/>\n<meta name=\"robots\" content=\"index, follow, max-snippet:-1, max-image-preview:large, max-video-preview:-1\" \/>\n<link rel=\"canonical\" href=\"https:\/\/news.save.ch\/en\/impfschutz-ueberpruefen\/\" \/>\n<meta property=\"og:locale\" content=\"en_US\" \/>\n<meta property=\"og:type\" content=\"article\" \/>\n<meta property=\"og:title\" content=\"Impfschutz \u00fcberpr\u00fcfen - Save\" \/>\n<meta property=\"og:description\" content=\"Impfschutz \u00fcberpr\u00fcfen: Zur Europ\u00e4ischen Impfwoche fordert das Bundesamt f\u00fcr Gesundheit alle Personen auf, ihren Impfstatus zu \u00fcberpr\u00fcfen.\" \/>\n<meta property=\"og:url\" content=\"https:\/\/news.save.ch\/en\/impfschutz-ueberpruefen\/\" \/>\n<meta property=\"og:site_name\" content=\"Save\" \/>\n<meta property=\"article:published_time\" content=\"2016-04-25T06:29:56+00:00\" \/>\n<meta property=\"article:modified_time\" content=\"2023-03-14T08:03:03+00:00\" \/>\n<meta property=\"og:image\" content=\"https:\/\/news.save.ch\/wp-content\/uploads\/2016\/12\/Impfschutz-ueberpruefen_safety-plus.jpg\" \/>\n\t<meta property=\"og:image:width\" content=\"1000\" \/>\n\t<meta property=\"og:image:height\" content=\"667\" \/>\n\t<meta property=\"og:image:type\" content=\"image\/jpeg\" \/>\n<meta name=\"author\" content=\"admin\" \/>\n<meta name=\"twitter:card\" content=\"summary_large_image\" \/>\n<meta name=\"twitter:label1\" content=\"Written by\" \/>\n\t<meta name=\"twitter:data1\" content=\"admin\" \/>\n\t<meta name=\"twitter:label2\" content=\"Est. reading time\" \/>\n\t<meta name=\"twitter:data2\" content=\"1 minute\" \/>\n<script type=\"application\/ld+json\" class=\"yoast-schema-graph\">{\"@context\":\"https:\\\/\\\/schema.org\",\"@graph\":[{\"@type\":\"Article\",\"@id\":\"https:\\\/\\\/news.save.ch\\\/impfschutz-ueberpruefen\\\/#article\",\"isPartOf\":{\"@id\":\"https:\\\/\\\/news.save.ch\\\/impfschutz-ueberpruefen\\\/\"},\"author\":{\"name\":\"admin\",\"@id\":\"https:\\\/\\\/news.save.ch\\\/de\\\/#\\\/schema\\\/person\\\/d49e199490bad7c70d64b9ab51142f2b\"},\"headline\":\"Impfschutz \u00fcberpr\u00fcfen\",\"datePublished\":\"2016-04-25T06:29:56+00:00\",\"dateModified\":\"2023-03-14T08:03:03+00:00\",\"mainEntityOfPage\":{\"@id\":\"https:\\\/\\\/news.save.ch\\\/impfschutz-ueberpruefen\\\/\"},\"wordCount\":255,\"commentCount\":0,\"publisher\":{\"@id\":\"https:\\\/\\\/news.save.ch\\\/de\\\/#organization\"},\"image\":{\"@id\":\"https:\\\/\\\/news.save.ch\\\/impfschutz-ueberpruefen\\\/#primaryimage\"},\"thumbnailUrl\":\"https:\\\/\\\/news.save.ch\\\/wp-content\\\/uploads\\\/2016\\\/12\\\/Impfschutz-ueberpruefen_safety-plus.jpg\",\"keywords\":[\"Gesundheitsschutz\"],\"articleSection\":[\"HEALTH &amp; SAFETY\"],\"inLanguage\":\"en-US\"},{\"@type\":\"WebPage\",\"@id\":\"https:\\\/\\\/news.save.ch\\\/impfschutz-ueberpruefen\\\/\",\"url\":\"https:\\\/\\\/news.save.ch\\\/impfschutz-ueberpruefen\\\/\",\"name\":\"Impfschutz \u00fcberpr\u00fcfen - Save\",\"isPartOf\":{\"@id\":\"https:\\\/\\\/news.save.ch\\\/de\\\/#website\"},\"primaryImageOfPage\":{\"@id\":\"https:\\\/\\\/news.save.ch\\\/impfschutz-ueberpruefen\\\/#primaryimage\"},\"image\":{\"@id\":\"https:\\\/\\\/news.save.ch\\\/impfschutz-ueberpruefen\\\/#primaryimage\"},\"thumbnailUrl\":\"https:\\\/\\\/news.save.ch\\\/wp-content\\\/uploads\\\/2016\\\/12\\\/Impfschutz-ueberpruefen_safety-plus.jpg\",\"datePublished\":\"2016-04-25T06:29:56+00:00\",\"dateModified\":\"2023-03-14T08:03:03+00:00\",\"description\":\"Impfschutz \u00fcberpr\u00fcfen: Zur Europ\u00e4ischen Impfwoche fordert das Bundesamt f\u00fcr Gesundheit alle Personen auf, ihren Impfstatus zu \u00fcberpr\u00fcfen.\",\"breadcrumb\":{\"@id\":\"https:\\\/\\\/news.save.ch\\\/impfschutz-ueberpruefen\\\/#breadcrumb\"},\"inLanguage\":\"en-US\",\"potentialAction\":[{\"@type\":\"ReadAction\",\"target\":[\"https:\\\/\\\/news.save.ch\\\/impfschutz-ueberpruefen\\\/\"]}]},{\"@type\":\"ImageObject\",\"inLanguage\":\"en-US\",\"@id\":\"https:\\\/\\\/news.save.ch\\\/impfschutz-ueberpruefen\\\/#primaryimage\",\"url\":\"https:\\\/\\\/news.save.ch\\\/wp-content\\\/uploads\\\/2016\\\/12\\\/Impfschutz-ueberpruefen_safety-plus.jpg\",\"contentUrl\":\"https:\\\/\\\/news.save.ch\\\/wp-content\\\/uploads\\\/2016\\\/12\\\/Impfschutz-ueberpruefen_safety-plus.jpg\",\"width\":1000,\"height\":667,\"caption\":\"Impfungen sollten regelm\u00e4ssig \u00fcberpr\u00fcft und aufgefrischt werden.\"},{\"@type\":\"BreadcrumbList\",\"@id\":\"https:\\\/\\\/news.save.ch\\\/impfschutz-ueberpruefen\\\/#breadcrumb\",\"itemListElement\":[{\"@type\":\"ListItem\",\"position\":1,\"name\":\"Home\",\"item\":\"https:\\\/\\\/news.save.ch\\\/de\\\/\"},{\"@type\":\"ListItem\",\"position\":2,\"name\":\"Impfschutz \u00fcberpr\u00fcfen\"}]},{\"@type\":\"WebSite\",\"@id\":\"https:\\\/\\\/news.save.ch\\\/de\\\/#website\",\"url\":\"https:\\\/\\\/news.save.ch\\\/de\\\/\",\"name\":\"Save\",\"description\":\"Schweizer Fachzeitschrift f\u00fcr Sicherheit\",\"publisher\":{\"@id\":\"https:\\\/\\\/news.save.ch\\\/de\\\/#organization\"},\"potentialAction\":[{\"@type\":\"SearchAction\",\"target\":{\"@type\":\"EntryPoint\",\"urlTemplate\":\"https:\\\/\\\/news.save.ch\\\/de\\\/?s={search_term_string}\"},\"query-input\":{\"@type\":\"PropertyValueSpecification\",\"valueRequired\":true,\"valueName\":\"search_term_string\"}}],\"inLanguage\":\"en-US\"},{\"@type\":\"Organization\",\"@id\":\"https:\\\/\\\/news.save.ch\\\/de\\\/#organization\",\"name\":\"Sicherheitsforum\",\"url\":\"https:\\\/\\\/news.save.ch\\\/de\\\/\",\"logo\":{\"@type\":\"ImageObject\",\"inLanguage\":\"en-US\",\"@id\":\"https:\\\/\\\/news.save.ch\\\/de\\\/#\\\/schema\\\/logo\\\/image\\\/\",\"url\":\"https:\\\/\\\/news.save.ch\\\/wp-content\\\/uploads\\\/2022\\\/06\\\/Logo_SF_2012.png\",\"contentUrl\":\"https:\\\/\\\/news.save.ch\\\/wp-content\\\/uploads\\\/2022\\\/06\\\/Logo_SF_2012.png\",\"width\":1100,\"height\":91,\"caption\":\"Sicherheitsforum\"},\"image\":{\"@id\":\"https:\\\/\\\/news.save.ch\\\/de\\\/#\\\/schema\\\/logo\\\/image\\\/\"}},{\"@type\":\"Person\",\"@id\":\"https:\\\/\\\/news.save.ch\\\/de\\\/#\\\/schema\\\/person\\\/d49e199490bad7c70d64b9ab51142f2b\",\"name\":\"admin\",\"image\":{\"@type\":\"ImageObject\",\"inLanguage\":\"en-US\",\"@id\":\"https:\\\/\\\/secure.gravatar.com\\\/avatar\\\/ae2f4d718e6c49043e314ce431e7e645d646302a24a5ef5a8bc8e3f5a032e319?s=96&d=mm&r=g\",\"url\":\"https:\\\/\\\/secure.gravatar.com\\\/avatar\\\/ae2f4d718e6c49043e314ce431e7e645d646302a24a5ef5a8bc8e3f5a032e319?s=96&d=mm&r=g\",\"contentUrl\":\"https:\\\/\\\/secure.gravatar.com\\\/avatar\\\/ae2f4d718e6c49043e314ce431e7e645d646302a24a5ef5a8bc8e3f5a032e319?s=96&d=mm&r=g\",\"caption\":\"admin\"},\"sameAs\":[\"https:\\\/\\\/develop.organisator.galledia.ch\"],\"url\":\"https:\\\/\\\/news.save.ch\\\/en\\\/author\\\/admin\\\/\"}]}<\/script>\n<!-- \/ Yoast SEO plugin. -->","yoast_head_json":{"title":"Check vaccination protection - Save","description":"Check vaccination protection: For European Immunization Week, the Federal Office of Public Health encourages everyone to check their vaccination status.","robots":{"index":"index","follow":"follow","max-snippet":"max-snippet:-1","max-image-preview":"max-image-preview:large","max-video-preview":"max-video-preview:-1"},"canonical":"https:\/\/news.save.ch\/en\/impfschutz-ueberpruefen\/","og_locale":"en_US","og_type":"article","og_title":"Impfschutz \u00fcberpr\u00fcfen - Save","og_description":"Impfschutz \u00fcberpr\u00fcfen: Zur Europ\u00e4ischen Impfwoche fordert das Bundesamt f\u00fcr Gesundheit alle Personen auf, ihren Impfstatus zu \u00fcberpr\u00fcfen.","og_url":"https:\/\/news.save.ch\/en\/impfschutz-ueberpruefen\/","og_site_name":"Save","article_published_time":"2016-04-25T06:29:56+00:00","article_modified_time":"2023-03-14T08:03:03+00:00","og_image":[{"width":1000,"height":667,"url":"https:\/\/news.save.ch\/wp-content\/uploads\/2016\/12\/Impfschutz-ueberpruefen_safety-plus.jpg","type":"image\/jpeg"}],"author":"admin","twitter_card":"summary_large_image","twitter_misc":{"Written by":"admin","Est. reading time":"1 minute"},"schema":{"@context":"https:\/\/schema.org","@graph":[{"@type":"Article","@id":"https:\/\/news.save.ch\/impfschutz-ueberpruefen\/#article","isPartOf":{"@id":"https:\/\/news.save.ch\/impfschutz-ueberpruefen\/"},"author":{"name":"admin","@id":"https:\/\/news.save.ch\/de\/#\/schema\/person\/d49e199490bad7c70d64b9ab51142f2b"},"headline":"Impfschutz \u00fcberpr\u00fcfen","datePublished":"2016-04-25T06:29:56+00:00","dateModified":"2023-03-14T08:03:03+00:00","mainEntityOfPage":{"@id":"https:\/\/news.save.ch\/impfschutz-ueberpruefen\/"},"wordCount":255,"commentCount":0,"publisher":{"@id":"https:\/\/news.save.ch\/de\/#organization"},"image":{"@id":"https:\/\/news.save.ch\/impfschutz-ueberpruefen\/#primaryimage"},"thumbnailUrl":"https:\/\/news.save.ch\/wp-content\/uploads\/2016\/12\/Impfschutz-ueberpruefen_safety-plus.jpg","keywords":["Gesundheitsschutz"],"articleSection":["HEALTH &amp; SAFETY"],"inLanguage":"en-US"},{"@type":"WebPage","@id":"https:\/\/news.save.ch\/impfschutz-ueberpruefen\/","url":"https:\/\/news.save.ch\/impfschutz-ueberpruefen\/","name":"Check vaccination protection - Save","isPartOf":{"@id":"https:\/\/news.save.ch\/de\/#website"},"primaryImageOfPage":{"@id":"https:\/\/news.save.ch\/impfschutz-ueberpruefen\/#primaryimage"},"image":{"@id":"https:\/\/news.save.ch\/impfschutz-ueberpruefen\/#primaryimage"},"thumbnailUrl":"https:\/\/news.save.ch\/wp-content\/uploads\/2016\/12\/Impfschutz-ueberpruefen_safety-plus.jpg","datePublished":"2016-04-25T06:29:56+00:00","dateModified":"2023-03-14T08:03:03+00:00","description":"Check vaccination protection: For European Immunization Week, the Federal Office of Public Health encourages everyone to check their vaccination status.","breadcrumb":{"@id":"https:\/\/news.save.ch\/impfschutz-ueberpruefen\/#breadcrumb"},"inLanguage":"en-US","potentialAction":[{"@type":"ReadAction","target":["https:\/\/news.save.ch\/impfschutz-ueberpruefen\/"]}]},{"@type":"ImageObject","inLanguage":"en-US","@id":"https:\/\/news.save.ch\/impfschutz-ueberpruefen\/#primaryimage","url":"https:\/\/news.save.ch\/wp-content\/uploads\/2016\/12\/Impfschutz-ueberpruefen_safety-plus.jpg","contentUrl":"https:\/\/news.save.ch\/wp-content\/uploads\/2016\/12\/Impfschutz-ueberpruefen_safety-plus.jpg","width":1000,"height":667,"caption":"Impfungen sollten regelm\u00e4ssig \u00fcberpr\u00fcft und aufgefrischt werden."},{"@type":"BreadcrumbList","@id":"https:\/\/news.save.ch\/impfschutz-ueberpruefen\/#breadcrumb","itemListElement":[{"@type":"ListItem","position":1,"name":"Home","item":"https:\/\/news.save.ch\/de\/"},{"@type":"ListItem","position":2,"name":"Impfschutz \u00fcberpr\u00fcfen"}]},{"@type":"WebSite","@id":"https:\/\/news.save.ch\/de\/#website","url":"https:\/\/news.save.ch\/de\/","name":"Save","description":"Swiss trade journal for safety","publisher":{"@id":"https:\/\/news.save.ch\/de\/#organization"},"potentialAction":[{"@type":"SearchAction","target":{"@type":"EntryPoint","urlTemplate":"https:\/\/news.save.ch\/de\/?s={search_term_string}"},"query-input":{"@type":"PropertyValueSpecification","valueRequired":true,"valueName":"search_term_string"}}],"inLanguage":"en-US"},{"@type":"Organization","@id":"https:\/\/news.save.ch\/de\/#organization","name":"Security Forum","url":"https:\/\/news.save.ch\/de\/","logo":{"@type":"ImageObject","inLanguage":"en-US","@id":"https:\/\/news.save.ch\/de\/#\/schema\/logo\/image\/","url":"https:\/\/news.save.ch\/wp-content\/uploads\/2022\/06\/Logo_SF_2012.png","contentUrl":"https:\/\/news.save.ch\/wp-content\/uploads\/2022\/06\/Logo_SF_2012.png","width":1100,"height":91,"caption":"Sicherheitsforum"},"image":{"@id":"https:\/\/news.save.ch\/de\/#\/schema\/logo\/image\/"}},{"@type":"Person","@id":"https:\/\/news.save.ch\/de\/#\/schema\/person\/d49e199490bad7c70d64b9ab51142f2b","name":"admin","image":{"@type":"ImageObject","inLanguage":"en-US","@id":"https:\/\/secure.gravatar.com\/avatar\/ae2f4d718e6c49043e314ce431e7e645d646302a24a5ef5a8bc8e3f5a032e319?s=96&d=mm&r=g","url":"https:\/\/secure.gravatar.com\/avatar\/ae2f4d718e6c49043e314ce431e7e645d646302a24a5ef5a8bc8e3f5a032e319?s=96&d=mm&r=g","contentUrl":"https:\/\/secure.gravatar.com\/avatar\/ae2f4d718e6c49043e314ce431e7e645d646302a24a5ef5a8bc8e3f5a032e319?s=96&d=mm&r=g","caption":"admin"},"sameAs":["https:\/\/develop.organisator.galledia.ch"],"url":"https:\/\/news.save.ch\/en\/author\/admin\/"}]}},"_links":{"self":[{"href":"https:\/\/news.save.ch\/en\/wp-json\/wp\/v2\/posts\/16741","targetHints":{"allow":["GET"]}}],"collection":[{"href":"https:\/\/news.save.ch\/en\/wp-json\/wp\/v2\/posts"}],"about":[{"href":"https:\/\/news.save.ch\/en\/wp-json\/wp\/v2\/types\/post"}],"author":[{"embeddable":true,"href":"https:\/\/news.save.ch\/en\/wp-json\/wp\/v2\/users\/1"}],"replies":[{"embeddable":true,"href":"https:\/\/news.save.ch\/en\/wp-json\/wp\/v2\/comments?post=16741"}],"version-history":[{"count":1,"href":"https:\/\/news.save.ch\/en\/wp-json\/wp\/v2\/posts\/16741\/revisions"}],"predecessor-version":[{"id":18831,"href":"https:\/\/news.save.ch\/en\/wp-json\/wp\/v2\/posts\/16741\/revisions\/18831"}],"wp:featuredmedia":[{"embeddable":true,"href":"https:\/\/news.save.ch\/en\/wp-json\/wp\/v2\/media\/16097"}],"wp:attachment":[{"href":"https:\/\/news.save.ch\/en\/wp-json\/wp\/v2\/media?parent=16741"}],"wp:term":[{"taxonomy":"category","embeddable":true,"href":"https:\/\/news.save.ch\/en\/wp-json\/wp\/v2\/categories?post=16741"},{"taxonomy":"post_tag","embeddable":true,"href":"https:\/\/news.save.ch\/en\/wp-json\/wp\/v2\/tags?post=16741"}],"curies":[{"name":"wp","href":"https:\/\/api.w.org\/{rel}","templated":true}]}}