{"id":16752,"date":"2016-06-12T11:08:16","date_gmt":"2016-06-12T09:08:16","guid":{"rendered":"http:\/\/dev.safety-plus.ch\/?p=910"},"modified":"2016-06-12T11:08:16","modified_gmt":"2016-06-12T09:08:16","slug":"suva-praemien-bleiben-2017-stabil","status":null,"type":"post","link":"https:\/\/news.save.ch\/en\/suva-praemien-bleiben-2017-stabil\/","title":{"rendered":"Suva: Premiums to remain stable in 2017"},"content":{"rendered":"<figure id=\"attachment_911\" aria-describedby=\"caption-attachment-911\" style=\"width: 680px\" class=\"wp-caption alignnone\"><img loading=\"lazy\" decoding=\"async\" class=\"wp-image-911 size-medium\" src=\"http:\/\/develop.safety-plus.ch\/wp-content\/uploads\/2016\/12\/Suva-Praemien-bleiben-2017-stabil_safety-plus.jpg\" width=\"680\" height=\"453\" \/><figcaption id=\"caption-attachment-911\" class=\"wp-caption-text\">Felix Weber, Chairman of the Executive Board of Suva, presents the latest figures. (Photo: Dominik Baur, Photopress)<\/figcaption><\/figure>\n<p>It is a pleasing result for the Swiss workplace that Felix Weber was able to present at his first balance sheet media conference as Chairman of the Executive Board. Suva closed 2015 with an earnings surplus of 27 million francs. Switzerland's largest accident insurer also reduced compensation reserves once again. 48 million francs flowed back to policyholders, ultimately leading to a negative operating result of 21 million francs. \"This result is an expression of the balance between premiums and risk,\" as Felix Weber explained at the balance sheet media conference. \"As a result, we have succeeded in not unnecessarily depriving the Swiss workplace of capital.\" In addition, Suva is suspending the premium surcharge to finance inflation compensation as of the current year. This will relieve the burden on insured persons - and thus on the Swiss workplace - by around CHF 200 million per year. The premium level will also remain stable for 2017. \"In the coming years, Suva will continue to work to keep premiums as low as possible,\" Felix Weber added.<\/p>\n<p><strong>Remarkable performance in a difficult environment<\/strong><\/p>\n<p>Thanks to currency hedges, the accident insurer weathered the discontinuation of the minimum euro exchange rate well. Overall, the environment was challenging last year. Nevertheless, Suva achieved a remarkable performance of 1.2 percent on its investment capital. Real estate, bonds, equities, hedge funds and private equity in particular contributed positively to the result. Fixed assets increased slightly from 46.3 to 46.4 billion francs. These funds are earmarked for specific purposes. They serve the legal mandate of providing long-term security for pensions, as well as for medical expenses and daily allowances for accidents that have already occurred. The financial coverage ratio - the ratio of assets to liabilities - was 133.6 percent at the end of 2015 (previous year 134.2 percent).<\/p>\n<p>Chief Financial Officer Ernst M\u00e4der assessed the outlook for the coming years as difficult. Negative interest rates in the Swiss money and capital markets would weigh on the outlook. In particular, they led to increased costs for currency hedges. As of May 2016, Ernst M\u00e4der presented the following figures: \"The investment performance was 1.1 percent and the coverage ratio was an estimated 134 percent.\"<\/p>\n<p><strong>Stable accident figures and fewer new pension cases<\/strong><\/p>\n<p>Last year, the number of new disability pensions fell from 1714 to 1605, but Felix Weber does not expect the trend to reverse. Rather, he sees a stable level reached with slight deviations. There was little increase in accidents and occupational diseases. Their number rose to 463186 (previous year 459 921) cases. While occupational accidents and diseases decreased from 182 141 to 180 376, the number of non-occupational accidents increased from 261 360 to 265 297. Medical costs were 1.8 percent higher than in the previous year. They amounted to 1.2 billion Swiss francs. This development continued in 2016.<\/p>\n<p>To prevent costs - and thus premiums - from rising further due to unjustified claims, Suva is using new technologies. The company saved over 200 million francs in 2015 thanks to its invoice control system. 290,000 invoices were rejected. And since the beginning of the year, software has been analyzing and comparing the billing behavior of service providers such as hospitals and doctors: For example, the system recognizes when a doctor bills vitamin tablets for every patient, regardless of appropriateness. Suva then clarifies these cases.<\/p>\n<p><strong>A clear basis<\/strong><\/p>\n<p>Markus D\u00fcrr, Chairman of the Board of Directors, was pleased to announce the completion of the UVG revision. Last year, Parliament had approved the compromise proposal of the social partners without any significant changes. \"The revised law confirms the Suva model,\" said Markus D\u00fcrr. He stressed that the model of prevention, insurance and rehabilitation was a key success factor. Now, he said, it was important that the revision of the ordinance also went well. \"In view of the challenges ahead, it is important that Suva can tackle the future on a clear legal basis,\" D\u00fcrr emphasized. The difficult economic environment is not only challenging Suva, but above all its customers. The revised law is expected to come into force at the beginning of 2017.<\/p>\n<p>Source: Suva<\/p>","protected":false},"excerpt":{"rendered":"<p>Es ist ein erfreuliches Ergebnis f\u00fcr den Werkplatz Schweiz, das Felix Weber an seiner ersten Bilanzmedienkonferenz als Vorsitzender der Gesch\u00e4ftsleitung pr\u00e4sentieren konnte. Das Jahr 2015 schloss die Suva mit einem Ertrags\u00fcberschuss von 27 Millionen Franken ab. Der gr\u00f6sste Unfallversicherer der Schweiz baute zudem erneut Ausgleichsreserven ab. 48 Millionen Franken flossen an die Versicherten zur\u00fcck, was [&hellip;]<\/p>\n","protected":false},"author":1,"featured_media":16109,"comment_status":"open","ping_status":"open","sticky":false,"template":"","format":"standard","meta":{"_acf_changed":false,"pgc_sgb_lightbox_settings":"","footnotes":""},"categories":[1],"tags":[167,181],"class_list":["post-16752","post","type-post","status-publish","format-standard","has-post-thumbnail","hentry","category-allgemein","tag-suva","tag-versicherung"],"acf":[],"hkrextid":null,"publication":null,"issue":null,"workflow":null,"startPage":null,"spitzmarke":null,"_posts_by_tag_page_fields":{"widget_title":"","widget_tags":""},"_at_widget":"1","_yoast_wpseo_primary_category":"1","_yoast_wpseo_focuskw_text_input":"Suva","_yoast_wpseo_opengraph-image":null,"_yoast_wpseo_opengraph-description":null,"_yoast_wpseo_opengraph-title":null,"enclosure":null,"_yoast_wpseo_twitter-title":null,"_yoast_wpseo_twitter-description":null,"_yoast_wpseo_twitter-image":null,"_wp_old_slug":null,"_yoast_wpseo_title":null,"_yoast_wpseo_canonical":null,"yoast_head":"<!-- This site is optimized with the Yoast SEO plugin v27.5 - https:\/\/yoast.com\/product\/yoast-seo-wordpress\/ -->\n<title>Suva: Pr\u00e4mien bleiben 2017 stabil - Save<\/title>\n<meta name=\"description\" content=\"Die Suva hat das Gesch\u00e4ftsjahr 2015 mit einem \u00dcberschuss von 27 Millionen Franken abgeschlossen.\" \/>\n<meta name=\"robots\" content=\"index, follow, max-snippet:-1, max-image-preview:large, max-video-preview:-1\" \/>\n<link rel=\"canonical\" href=\"https:\/\/news.save.ch\/en\/suva-praemien-bleiben-2017-stabil\/\" \/>\n<meta property=\"og:locale\" content=\"en_US\" \/>\n<meta property=\"og:type\" content=\"article\" \/>\n<meta property=\"og:title\" content=\"Suva: Pr\u00e4mien bleiben 2017 stabil - Save\" \/>\n<meta property=\"og:description\" content=\"Die Suva hat das Gesch\u00e4ftsjahr 2015 mit einem \u00dcberschuss von 27 Millionen Franken abgeschlossen.\" \/>\n<meta property=\"og:url\" content=\"https:\/\/news.save.ch\/en\/suva-praemien-bleiben-2017-stabil\/\" \/>\n<meta property=\"og:site_name\" content=\"Save\" \/>\n<meta property=\"article:published_time\" content=\"2016-06-12T09:08:16+00:00\" \/>\n<meta property=\"og:image\" content=\"https:\/\/news.save.ch\/wp-content\/uploads\/2016\/12\/Suva-Praemien-bleiben-2017-stabil_safety-plus-scaled-1.jpg\" \/>\n\t<meta property=\"og:image:width\" content=\"1200\" \/>\n\t<meta property=\"og:image:height\" content=\"800\" \/>\n\t<meta property=\"og:image:type\" content=\"image\/jpeg\" \/>\n<meta name=\"author\" content=\"admin\" \/>\n<meta name=\"twitter:card\" content=\"summary_large_image\" \/>\n<meta name=\"twitter:label1\" content=\"Written by\" \/>\n\t<meta name=\"twitter:data1\" content=\"admin\" \/>\n\t<meta name=\"twitter:label2\" content=\"Est. reading time\" \/>\n\t<meta name=\"twitter:data2\" content=\"3 minutes\" \/>\n<script type=\"application\/ld+json\" class=\"yoast-schema-graph\">{\"@context\":\"https:\\\/\\\/schema.org\",\"@graph\":[{\"@type\":\"Article\",\"@id\":\"https:\\\/\\\/news.save.ch\\\/suva-praemien-bleiben-2017-stabil\\\/#article\",\"isPartOf\":{\"@id\":\"https:\\\/\\\/news.save.ch\\\/suva-praemien-bleiben-2017-stabil\\\/\"},\"author\":{\"name\":\"admin\",\"@id\":\"https:\\\/\\\/news.save.ch\\\/de\\\/#\\\/schema\\\/person\\\/d49e199490bad7c70d64b9ab51142f2b\"},\"headline\":\"Suva: Pr\u00e4mien bleiben 2017 stabil\",\"datePublished\":\"2016-06-12T09:08:16+00:00\",\"mainEntityOfPage\":{\"@id\":\"https:\\\/\\\/news.save.ch\\\/suva-praemien-bleiben-2017-stabil\\\/\"},\"wordCount\":652,\"commentCount\":0,\"publisher\":{\"@id\":\"https:\\\/\\\/news.save.ch\\\/de\\\/#organization\"},\"image\":{\"@id\":\"https:\\\/\\\/news.save.ch\\\/suva-praemien-bleiben-2017-stabil\\\/#primaryimage\"},\"thumbnailUrl\":\"https:\\\/\\\/news.save.ch\\\/wp-content\\\/uploads\\\/2016\\\/12\\\/Suva-Praemien-bleiben-2017-stabil_safety-plus-scaled-1.jpg\",\"keywords\":[\"SUVA\",\"Versicherung\"],\"articleSection\":[\"ALLGEMEIN\"],\"inLanguage\":\"en-US\"},{\"@type\":\"WebPage\",\"@id\":\"https:\\\/\\\/news.save.ch\\\/suva-praemien-bleiben-2017-stabil\\\/\",\"url\":\"https:\\\/\\\/news.save.ch\\\/suva-praemien-bleiben-2017-stabil\\\/\",\"name\":\"Suva: Pr\u00e4mien bleiben 2017 stabil - Save\",\"isPartOf\":{\"@id\":\"https:\\\/\\\/news.save.ch\\\/de\\\/#website\"},\"primaryImageOfPage\":{\"@id\":\"https:\\\/\\\/news.save.ch\\\/suva-praemien-bleiben-2017-stabil\\\/#primaryimage\"},\"image\":{\"@id\":\"https:\\\/\\\/news.save.ch\\\/suva-praemien-bleiben-2017-stabil\\\/#primaryimage\"},\"thumbnailUrl\":\"https:\\\/\\\/news.save.ch\\\/wp-content\\\/uploads\\\/2016\\\/12\\\/Suva-Praemien-bleiben-2017-stabil_safety-plus-scaled-1.jpg\",\"datePublished\":\"2016-06-12T09:08:16+00:00\",\"description\":\"Die Suva hat das Gesch\u00e4ftsjahr 2015 mit einem \u00dcberschuss von 27 Millionen Franken abgeschlossen.\",\"breadcrumb\":{\"@id\":\"https:\\\/\\\/news.save.ch\\\/suva-praemien-bleiben-2017-stabil\\\/#breadcrumb\"},\"inLanguage\":\"en-US\",\"potentialAction\":[{\"@type\":\"ReadAction\",\"target\":[\"https:\\\/\\\/news.save.ch\\\/suva-praemien-bleiben-2017-stabil\\\/\"]}]},{\"@type\":\"ImageObject\",\"inLanguage\":\"en-US\",\"@id\":\"https:\\\/\\\/news.save.ch\\\/suva-praemien-bleiben-2017-stabil\\\/#primaryimage\",\"url\":\"https:\\\/\\\/news.save.ch\\\/wp-content\\\/uploads\\\/2016\\\/12\\\/Suva-Praemien-bleiben-2017-stabil_safety-plus-scaled-1.jpg\",\"contentUrl\":\"https:\\\/\\\/news.save.ch\\\/wp-content\\\/uploads\\\/2016\\\/12\\\/Suva-Praemien-bleiben-2017-stabil_safety-plus-scaled-1.jpg\",\"width\":1200,\"height\":800,\"caption\":\"Felix Weber, Vorsitzender der Gesch\u00e4ftsleitung der Suva, pr\u00e4sentiert die aktuellen Zahlen. (Foto: Dominik Baur, Photopress)\"},{\"@type\":\"BreadcrumbList\",\"@id\":\"https:\\\/\\\/news.save.ch\\\/suva-praemien-bleiben-2017-stabil\\\/#breadcrumb\",\"itemListElement\":[{\"@type\":\"ListItem\",\"position\":1,\"name\":\"Home\",\"item\":\"https:\\\/\\\/news.save.ch\\\/de\\\/\"},{\"@type\":\"ListItem\",\"position\":2,\"name\":\"Suva: Pr\u00e4mien bleiben 2017 stabil\"}]},{\"@type\":\"WebSite\",\"@id\":\"https:\\\/\\\/news.save.ch\\\/de\\\/#website\",\"url\":\"https:\\\/\\\/news.save.ch\\\/de\\\/\",\"name\":\"Save\",\"description\":\"Schweizer Fachzeitschrift f\u00fcr Sicherheit\",\"publisher\":{\"@id\":\"https:\\\/\\\/news.save.ch\\\/de\\\/#organization\"},\"potentialAction\":[{\"@type\":\"SearchAction\",\"target\":{\"@type\":\"EntryPoint\",\"urlTemplate\":\"https:\\\/\\\/news.save.ch\\\/de\\\/?s={search_term_string}\"},\"query-input\":{\"@type\":\"PropertyValueSpecification\",\"valueRequired\":true,\"valueName\":\"search_term_string\"}}],\"inLanguage\":\"en-US\"},{\"@type\":\"Organization\",\"@id\":\"https:\\\/\\\/news.save.ch\\\/de\\\/#organization\",\"name\":\"Sicherheitsforum\",\"url\":\"https:\\\/\\\/news.save.ch\\\/de\\\/\",\"logo\":{\"@type\":\"ImageObject\",\"inLanguage\":\"en-US\",\"@id\":\"https:\\\/\\\/news.save.ch\\\/de\\\/#\\\/schema\\\/logo\\\/image\\\/\",\"url\":\"https:\\\/\\\/news.save.ch\\\/wp-content\\\/uploads\\\/2022\\\/06\\\/Logo_SF_2012.png\",\"contentUrl\":\"https:\\\/\\\/news.save.ch\\\/wp-content\\\/uploads\\\/2022\\\/06\\\/Logo_SF_2012.png\",\"width\":1100,\"height\":91,\"caption\":\"Sicherheitsforum\"},\"image\":{\"@id\":\"https:\\\/\\\/news.save.ch\\\/de\\\/#\\\/schema\\\/logo\\\/image\\\/\"}},{\"@type\":\"Person\",\"@id\":\"https:\\\/\\\/news.save.ch\\\/de\\\/#\\\/schema\\\/person\\\/d49e199490bad7c70d64b9ab51142f2b\",\"name\":\"admin\",\"image\":{\"@type\":\"ImageObject\",\"inLanguage\":\"en-US\",\"@id\":\"https:\\\/\\\/secure.gravatar.com\\\/avatar\\\/ae2f4d718e6c49043e314ce431e7e645d646302a24a5ef5a8bc8e3f5a032e319?s=96&d=mm&r=g\",\"url\":\"https:\\\/\\\/secure.gravatar.com\\\/avatar\\\/ae2f4d718e6c49043e314ce431e7e645d646302a24a5ef5a8bc8e3f5a032e319?s=96&d=mm&r=g\",\"contentUrl\":\"https:\\\/\\\/secure.gravatar.com\\\/avatar\\\/ae2f4d718e6c49043e314ce431e7e645d646302a24a5ef5a8bc8e3f5a032e319?s=96&d=mm&r=g\",\"caption\":\"admin\"},\"sameAs\":[\"https:\\\/\\\/develop.organisator.galledia.ch\"],\"url\":\"https:\\\/\\\/news.save.ch\\\/en\\\/author\\\/admin\\\/\"}]}<\/script>\n<!-- \/ Yoast SEO plugin. -->","yoast_head_json":{"title":"Suva: Premiums to remain stable in 2017 - Save","description":"Suva closed the 2015 financial year with a surplus of 27 million francs.","robots":{"index":"index","follow":"follow","max-snippet":"max-snippet:-1","max-image-preview":"max-image-preview:large","max-video-preview":"max-video-preview:-1"},"canonical":"https:\/\/news.save.ch\/en\/suva-praemien-bleiben-2017-stabil\/","og_locale":"en_US","og_type":"article","og_title":"Suva: Pr\u00e4mien bleiben 2017 stabil - Save","og_description":"Die Suva hat das Gesch\u00e4ftsjahr 2015 mit einem \u00dcberschuss von 27 Millionen Franken abgeschlossen.","og_url":"https:\/\/news.save.ch\/en\/suva-praemien-bleiben-2017-stabil\/","og_site_name":"Save","article_published_time":"2016-06-12T09:08:16+00:00","og_image":[{"width":1200,"height":800,"url":"https:\/\/news.save.ch\/wp-content\/uploads\/2016\/12\/Suva-Praemien-bleiben-2017-stabil_safety-plus-scaled-1.jpg","type":"image\/jpeg"}],"author":"admin","twitter_card":"summary_large_image","twitter_misc":{"Written by":"admin","Est. reading time":"3 minutes"},"schema":{"@context":"https:\/\/schema.org","@graph":[{"@type":"Article","@id":"https:\/\/news.save.ch\/suva-praemien-bleiben-2017-stabil\/#article","isPartOf":{"@id":"https:\/\/news.save.ch\/suva-praemien-bleiben-2017-stabil\/"},"author":{"name":"admin","@id":"https:\/\/news.save.ch\/de\/#\/schema\/person\/d49e199490bad7c70d64b9ab51142f2b"},"headline":"Suva: Pr\u00e4mien bleiben 2017 stabil","datePublished":"2016-06-12T09:08:16+00:00","mainEntityOfPage":{"@id":"https:\/\/news.save.ch\/suva-praemien-bleiben-2017-stabil\/"},"wordCount":652,"commentCount":0,"publisher":{"@id":"https:\/\/news.save.ch\/de\/#organization"},"image":{"@id":"https:\/\/news.save.ch\/suva-praemien-bleiben-2017-stabil\/#primaryimage"},"thumbnailUrl":"https:\/\/news.save.ch\/wp-content\/uploads\/2016\/12\/Suva-Praemien-bleiben-2017-stabil_safety-plus-scaled-1.jpg","keywords":["SUVA","Versicherung"],"articleSection":["ALLGEMEIN"],"inLanguage":"en-US"},{"@type":"WebPage","@id":"https:\/\/news.save.ch\/suva-praemien-bleiben-2017-stabil\/","url":"https:\/\/news.save.ch\/suva-praemien-bleiben-2017-stabil\/","name":"Suva: Premiums to remain stable in 2017 - Save","isPartOf":{"@id":"https:\/\/news.save.ch\/de\/#website"},"primaryImageOfPage":{"@id":"https:\/\/news.save.ch\/suva-praemien-bleiben-2017-stabil\/#primaryimage"},"image":{"@id":"https:\/\/news.save.ch\/suva-praemien-bleiben-2017-stabil\/#primaryimage"},"thumbnailUrl":"https:\/\/news.save.ch\/wp-content\/uploads\/2016\/12\/Suva-Praemien-bleiben-2017-stabil_safety-plus-scaled-1.jpg","datePublished":"2016-06-12T09:08:16+00:00","description":"Suva closed the 2015 financial year with a surplus of 27 million francs.","breadcrumb":{"@id":"https:\/\/news.save.ch\/suva-praemien-bleiben-2017-stabil\/#breadcrumb"},"inLanguage":"en-US","potentialAction":[{"@type":"ReadAction","target":["https:\/\/news.save.ch\/suva-praemien-bleiben-2017-stabil\/"]}]},{"@type":"ImageObject","inLanguage":"en-US","@id":"https:\/\/news.save.ch\/suva-praemien-bleiben-2017-stabil\/#primaryimage","url":"https:\/\/news.save.ch\/wp-content\/uploads\/2016\/12\/Suva-Praemien-bleiben-2017-stabil_safety-plus-scaled-1.jpg","contentUrl":"https:\/\/news.save.ch\/wp-content\/uploads\/2016\/12\/Suva-Praemien-bleiben-2017-stabil_safety-plus-scaled-1.jpg","width":1200,"height":800,"caption":"Felix Weber, Vorsitzender der Gesch\u00e4ftsleitung der Suva, pr\u00e4sentiert die aktuellen Zahlen. (Foto: Dominik Baur, Photopress)"},{"@type":"BreadcrumbList","@id":"https:\/\/news.save.ch\/suva-praemien-bleiben-2017-stabil\/#breadcrumb","itemListElement":[{"@type":"ListItem","position":1,"name":"Home","item":"https:\/\/news.save.ch\/de\/"},{"@type":"ListItem","position":2,"name":"Suva: Pr\u00e4mien bleiben 2017 stabil"}]},{"@type":"WebSite","@id":"https:\/\/news.save.ch\/de\/#website","url":"https:\/\/news.save.ch\/de\/","name":"Save","description":"Swiss trade journal for safety","publisher":{"@id":"https:\/\/news.save.ch\/de\/#organization"},"potentialAction":[{"@type":"SearchAction","target":{"@type":"EntryPoint","urlTemplate":"https:\/\/news.save.ch\/de\/?s={search_term_string}"},"query-input":{"@type":"PropertyValueSpecification","valueRequired":true,"valueName":"search_term_string"}}],"inLanguage":"en-US"},{"@type":"Organization","@id":"https:\/\/news.save.ch\/de\/#organization","name":"Security Forum","url":"https:\/\/news.save.ch\/de\/","logo":{"@type":"ImageObject","inLanguage":"en-US","@id":"https:\/\/news.save.ch\/de\/#\/schema\/logo\/image\/","url":"https:\/\/news.save.ch\/wp-content\/uploads\/2022\/06\/Logo_SF_2012.png","contentUrl":"https:\/\/news.save.ch\/wp-content\/uploads\/2022\/06\/Logo_SF_2012.png","width":1100,"height":91,"caption":"Sicherheitsforum"},"image":{"@id":"https:\/\/news.save.ch\/de\/#\/schema\/logo\/image\/"}},{"@type":"Person","@id":"https:\/\/news.save.ch\/de\/#\/schema\/person\/d49e199490bad7c70d64b9ab51142f2b","name":"admin","image":{"@type":"ImageObject","inLanguage":"en-US","@id":"https:\/\/secure.gravatar.com\/avatar\/ae2f4d718e6c49043e314ce431e7e645d646302a24a5ef5a8bc8e3f5a032e319?s=96&d=mm&r=g","url":"https:\/\/secure.gravatar.com\/avatar\/ae2f4d718e6c49043e314ce431e7e645d646302a24a5ef5a8bc8e3f5a032e319?s=96&d=mm&r=g","contentUrl":"https:\/\/secure.gravatar.com\/avatar\/ae2f4d718e6c49043e314ce431e7e645d646302a24a5ef5a8bc8e3f5a032e319?s=96&d=mm&r=g","caption":"admin"},"sameAs":["https:\/\/develop.organisator.galledia.ch"],"url":"https:\/\/news.save.ch\/en\/author\/admin\/"}]}},"_links":{"self":[{"href":"https:\/\/news.save.ch\/en\/wp-json\/wp\/v2\/posts\/16752","targetHints":{"allow":["GET"]}}],"collection":[{"href":"https:\/\/news.save.ch\/en\/wp-json\/wp\/v2\/posts"}],"about":[{"href":"https:\/\/news.save.ch\/en\/wp-json\/wp\/v2\/types\/post"}],"author":[{"embeddable":true,"href":"https:\/\/news.save.ch\/en\/wp-json\/wp\/v2\/users\/1"}],"replies":[{"embeddable":true,"href":"https:\/\/news.save.ch\/en\/wp-json\/wp\/v2\/comments?post=16752"}],"version-history":[{"count":0,"href":"https:\/\/news.save.ch\/en\/wp-json\/wp\/v2\/posts\/16752\/revisions"}],"wp:featuredmedia":[{"embeddable":true,"href":"https:\/\/news.save.ch\/en\/wp-json\/wp\/v2\/media\/16109"}],"wp:attachment":[{"href":"https:\/\/news.save.ch\/en\/wp-json\/wp\/v2\/media?parent=16752"}],"wp:term":[{"taxonomy":"category","embeddable":true,"href":"https:\/\/news.save.ch\/en\/wp-json\/wp\/v2\/categories?post=16752"},{"taxonomy":"post_tag","embeddable":true,"href":"https:\/\/news.save.ch\/en\/wp-json\/wp\/v2\/tags?post=16752"}],"curies":[{"name":"wp","href":"https:\/\/api.w.org\/{rel}","templated":true}]}}