{"id":16781,"date":"2016-10-21T10:36:25","date_gmt":"2016-10-21T08:36:25","guid":{"rendered":"http:\/\/dev.safety-plus.ch\/?p=1253"},"modified":"2016-10-21T10:36:25","modified_gmt":"2016-10-21T08:36:25","slug":"innere-kuendigung-was-tun","status":null,"type":"post","link":"https:\/\/news.save.ch\/en\/innere-kuendigung-was-tun\/","title":{"rendered":"Internal termination: What to do?"},"content":{"rendered":"<figure id=\"attachment_1254\" aria-describedby=\"caption-attachment-1254\" style=\"width: 680px\" class=\"wp-caption alignnone\"><img loading=\"lazy\" decoding=\"async\" class=\"wp-image-1254 size-medium\" src=\"http:\/\/develop.safety-plus.ch\/wp-content\/uploads\/2016\/12\/Innere-Kuendigung-Was-tun_safety-plus.jpg\" width=\"680\" height=\"454\" \/><figcaption id=\"caption-attachment-1254\" class=\"wp-caption-text\">For example, weaknesses in leadership behaviors can cause employees to lose commitment and minimize work engagement.<\/figcaption><\/figure>\n<p>One in five employees is no longer interested in his or her job and does only what is necessary, according to an estimate by HR managers. The consequences of \"internal resignation\" are serious for companies and employees: quality losses, declining productivity, increasing absenteeism and conflicts within the team are among them. The decline in commitment is often accompanied by mental and physical illness. A scientific study by the Initiative Gesundheit und Arbeit (iga) shows what triggers inner resignation and what companies can do to maintain or regain the commitment of their employees. For the three-part study, iga interviewed 230 HR managers in twelve large, medium-sized and small companies. Participants included organizations in the private and public sectors as well as a non-governmental organization.<\/p>\n<p><strong>Risk factor weak leadership<\/strong><\/p>\n<p>According to the survey, weaknesses in leadership behavior, among other things, cause employees to lose their commitment and reduce their work effort to a minimum. Lack of appreciation, lack of co-determination and unresolved conflicts are among the most important triggers, according to the respondents. But changes in the organization can also trigger internal resignation, especially if these changes are accompanied by staff reductions and work compression and are characterized by long phases of uncertainty. In this context, the HR managers surveyed estimate that around 20 percent of employees nationwide have already resigned internally. Interestingly, however, they assume that only ten percent have done so in their own companies.<\/p>\n<p>For the employees affected, internal termination can have significant health consequences. HR managers confirm empirical findings that it can lead to depression, addiction and cardiovascular diseases. In addition, internal resignation of individual employees can have a negative impact on the rest of the workforce: social relationships deteriorate, there is extra work for colleagues and dissatisfaction among other employees.<\/p>\n<p><strong>Employee appraisals help<\/strong><\/p>\n<p>However, the iga.study also shows promising measures for maintaining commitment. According to the respondents, regular employee appraisals are particularly helpful. Among other things, it is important that employees have a high proportion of discussions (e.g. 80 percent). In addition, managers should be trained to conduct employee appraisals. In the opinion of a large proportion of those surveyed, company health management can also promote and increase employee commitment. Among other things, sports programs and health days were mentioned. Other countermeasures, according to the experience of HR managers, are: participation (e.g., by involving them in decisions) and greater scope for action and decision-making.<\/p>\n<p>The results of the three-part study project \"Maintaining commitment - avoiding internal resignation\" have been published in the current iga.Report 33. The report also contains a list of best-practice strategies for maintaining and promoting commitment, as well as a checklist for identifying internal resignation among employees at an early stage.<\/p>\n<p>The iga.Report 33 is available free of charge on the Internet at <a href=\"http:\/\/www.iga-info.de\/veroeffentlichungen\/igareporte\/igareport-33\/\" target=\"_blank\" rel=\"noreferrer noopener\" data-cke-saved-href=\"http:\/\/www.iga-info.de\/veroeffentlichungen\/igareporte\/igareport-33\/\">www.iga-info.de\/veroeffentlichungen\/igareporte\/igareport-33\/<\/a> ready for download.<\/p>","protected":false},"excerpt":{"rendered":"<p>Jeder f\u00fcnfte Arbeitnehmer interessiert sich nicht mehr f\u00fcr seinen Job und tut nur noch das N\u00f6tigste, so eine Sch\u00e4tzung von Personalverantwortlichen. Die Folgen der &#8222;inneren K\u00fcndigung&#8220; sind f\u00fcr Unternehmen und Angestellte gravierend: Qualit\u00e4tseinbu\u00dfen, sinkende Produktivit\u00e4t, steigende Fehlzeiten und Konflikte im Team z\u00e4hlen dazu. Oft geht das Nachlassen des Engagements mit seelischen und k\u00f6rperlichen Erkrankungen einher. [&hellip;]<\/p>\n","protected":false},"author":1,"featured_media":16148,"comment_status":"open","ping_status":"open","sticky":false,"template":"","format":"standard","meta":{"_acf_changed":false,"pgc_sgb_lightbox_settings":"","footnotes":""},"categories":[1],"tags":[2500,64],"class_list":["post-16781","post","type-post","status-publish","format-standard","has-post-thumbnail","hentry","category-allgemein","tag-management-und-unternehmensfuehrung","tag-studie"],"acf":[],"hkrextid":null,"publication":null,"issue":null,"workflow":null,"startPage":null,"spitzmarke":null,"_posts_by_tag_page_fields":{"widget_title":"","widget_tags":""},"_at_widget":"1","_yoast_wpseo_primary_category":"1","_yoast_wpseo_focuskw_text_input":"Innere K\u00fcndigung","_yoast_wpseo_opengraph-image":null,"_yoast_wpseo_opengraph-description":null,"_yoast_wpseo_opengraph-title":null,"enclosure":null,"_yoast_wpseo_twitter-title":null,"_yoast_wpseo_twitter-description":null,"_yoast_wpseo_twitter-image":null,"_wp_old_slug":null,"_yoast_wpseo_title":null,"_yoast_wpseo_canonical":null,"yoast_head":"<!-- This site is optimized with the Yoast SEO plugin v27.5 - https:\/\/yoast.com\/product\/yoast-seo-wordpress\/ -->\n<title>Innere K\u00fcndigung: Was tun? - Save<\/title>\n<meta name=\"description\" content=\"Wenn Personen innerlich bereits gek\u00fcndigt haben, schadet dies sowohl Unternehmen als auch den Angestellten selber.\" \/>\n<meta name=\"robots\" content=\"index, follow, max-snippet:-1, max-image-preview:large, max-video-preview:-1\" \/>\n<link rel=\"canonical\" href=\"https:\/\/news.save.ch\/en\/innere-kuendigung-was-tun\/\" \/>\n<meta property=\"og:locale\" content=\"en_US\" \/>\n<meta property=\"og:type\" content=\"article\" \/>\n<meta property=\"og:title\" content=\"Innere K\u00fcndigung: Was tun? - Save\" \/>\n<meta property=\"og:description\" content=\"Wenn Personen innerlich bereits gek\u00fcndigt haben, schadet dies sowohl Unternehmen als auch den Angestellten selber.\" \/>\n<meta property=\"og:url\" content=\"https:\/\/news.save.ch\/en\/innere-kuendigung-was-tun\/\" \/>\n<meta property=\"og:site_name\" content=\"Save\" \/>\n<meta property=\"article:published_time\" content=\"2016-10-21T08:36:25+00:00\" \/>\n<meta property=\"og:image\" content=\"https:\/\/news.save.ch\/wp-content\/uploads\/2016\/12\/Innere-Kuendigung-Was-tun_safety-plus.jpg\" \/>\n\t<meta property=\"og:image:width\" content=\"1000\" \/>\n\t<meta property=\"og:image:height\" content=\"667\" \/>\n\t<meta property=\"og:image:type\" content=\"image\/jpeg\" \/>\n<meta name=\"author\" content=\"admin\" \/>\n<meta name=\"twitter:card\" content=\"summary_large_image\" \/>\n<meta name=\"twitter:label1\" content=\"Written by\" \/>\n\t<meta name=\"twitter:data1\" content=\"admin\" \/>\n\t<meta name=\"twitter:label2\" content=\"Est. reading time\" \/>\n\t<meta name=\"twitter:data2\" content=\"3 minutes\" \/>\n<script type=\"application\/ld+json\" class=\"yoast-schema-graph\">{\"@context\":\"https:\\\/\\\/schema.org\",\"@graph\":[{\"@type\":\"Article\",\"@id\":\"https:\\\/\\\/news.save.ch\\\/innere-kuendigung-was-tun\\\/#article\",\"isPartOf\":{\"@id\":\"https:\\\/\\\/news.save.ch\\\/innere-kuendigung-was-tun\\\/\"},\"author\":{\"name\":\"admin\",\"@id\":\"https:\\\/\\\/news.save.ch\\\/de\\\/#\\\/schema\\\/person\\\/d49e199490bad7c70d64b9ab51142f2b\"},\"headline\":\"Innere K\u00fcndigung: Was tun?\",\"datePublished\":\"2016-10-21T08:36:25+00:00\",\"mainEntityOfPage\":{\"@id\":\"https:\\\/\\\/news.save.ch\\\/innere-kuendigung-was-tun\\\/\"},\"wordCount\":512,\"commentCount\":0,\"publisher\":{\"@id\":\"https:\\\/\\\/news.save.ch\\\/de\\\/#organization\"},\"image\":{\"@id\":\"https:\\\/\\\/news.save.ch\\\/innere-kuendigung-was-tun\\\/#primaryimage\"},\"thumbnailUrl\":\"https:\\\/\\\/news.save.ch\\\/wp-content\\\/uploads\\\/2016\\\/12\\\/Innere-Kuendigung-Was-tun_safety-plus.jpg\",\"keywords\":[\"Management und Unternehmensf\u00fchrung\",\"Studie\"],\"articleSection\":[\"ALLGEMEIN\"],\"inLanguage\":\"en-US\"},{\"@type\":\"WebPage\",\"@id\":\"https:\\\/\\\/news.save.ch\\\/innere-kuendigung-was-tun\\\/\",\"url\":\"https:\\\/\\\/news.save.ch\\\/innere-kuendigung-was-tun\\\/\",\"name\":\"Innere K\u00fcndigung: Was tun? - Save\",\"isPartOf\":{\"@id\":\"https:\\\/\\\/news.save.ch\\\/de\\\/#website\"},\"primaryImageOfPage\":{\"@id\":\"https:\\\/\\\/news.save.ch\\\/innere-kuendigung-was-tun\\\/#primaryimage\"},\"image\":{\"@id\":\"https:\\\/\\\/news.save.ch\\\/innere-kuendigung-was-tun\\\/#primaryimage\"},\"thumbnailUrl\":\"https:\\\/\\\/news.save.ch\\\/wp-content\\\/uploads\\\/2016\\\/12\\\/Innere-Kuendigung-Was-tun_safety-plus.jpg\",\"datePublished\":\"2016-10-21T08:36:25+00:00\",\"description\":\"Wenn Personen innerlich bereits gek\u00fcndigt haben, schadet dies sowohl Unternehmen als auch den Angestellten selber.\",\"breadcrumb\":{\"@id\":\"https:\\\/\\\/news.save.ch\\\/innere-kuendigung-was-tun\\\/#breadcrumb\"},\"inLanguage\":\"en-US\",\"potentialAction\":[{\"@type\":\"ReadAction\",\"target\":[\"https:\\\/\\\/news.save.ch\\\/innere-kuendigung-was-tun\\\/\"]}]},{\"@type\":\"ImageObject\",\"inLanguage\":\"en-US\",\"@id\":\"https:\\\/\\\/news.save.ch\\\/innere-kuendigung-was-tun\\\/#primaryimage\",\"url\":\"https:\\\/\\\/news.save.ch\\\/wp-content\\\/uploads\\\/2016\\\/12\\\/Innere-Kuendigung-Was-tun_safety-plus.jpg\",\"contentUrl\":\"https:\\\/\\\/news.save.ch\\\/wp-content\\\/uploads\\\/2016\\\/12\\\/Innere-Kuendigung-Was-tun_safety-plus.jpg\",\"width\":1000,\"height\":667,\"caption\":\"Zum Beispiel Schw\u00e4chen im F\u00fchrungsverhalten k\u00f6nnen dazu f\u00fchren, dass Mitarbeiter ihr Engagement verlieren und den Arbeitseinsatz auf ein Minimum reduzieren.\"},{\"@type\":\"BreadcrumbList\",\"@id\":\"https:\\\/\\\/news.save.ch\\\/innere-kuendigung-was-tun\\\/#breadcrumb\",\"itemListElement\":[{\"@type\":\"ListItem\",\"position\":1,\"name\":\"Home\",\"item\":\"https:\\\/\\\/news.save.ch\\\/de\\\/\"},{\"@type\":\"ListItem\",\"position\":2,\"name\":\"Innere K\u00fcndigung: Was tun?\"}]},{\"@type\":\"WebSite\",\"@id\":\"https:\\\/\\\/news.save.ch\\\/de\\\/#website\",\"url\":\"https:\\\/\\\/news.save.ch\\\/de\\\/\",\"name\":\"Save\",\"description\":\"Schweizer Fachzeitschrift f\u00fcr Sicherheit\",\"publisher\":{\"@id\":\"https:\\\/\\\/news.save.ch\\\/de\\\/#organization\"},\"potentialAction\":[{\"@type\":\"SearchAction\",\"target\":{\"@type\":\"EntryPoint\",\"urlTemplate\":\"https:\\\/\\\/news.save.ch\\\/de\\\/?s={search_term_string}\"},\"query-input\":{\"@type\":\"PropertyValueSpecification\",\"valueRequired\":true,\"valueName\":\"search_term_string\"}}],\"inLanguage\":\"en-US\"},{\"@type\":\"Organization\",\"@id\":\"https:\\\/\\\/news.save.ch\\\/de\\\/#organization\",\"name\":\"Sicherheitsforum\",\"url\":\"https:\\\/\\\/news.save.ch\\\/de\\\/\",\"logo\":{\"@type\":\"ImageObject\",\"inLanguage\":\"en-US\",\"@id\":\"https:\\\/\\\/news.save.ch\\\/de\\\/#\\\/schema\\\/logo\\\/image\\\/\",\"url\":\"https:\\\/\\\/news.save.ch\\\/wp-content\\\/uploads\\\/2022\\\/06\\\/Logo_SF_2012.png\",\"contentUrl\":\"https:\\\/\\\/news.save.ch\\\/wp-content\\\/uploads\\\/2022\\\/06\\\/Logo_SF_2012.png\",\"width\":1100,\"height\":91,\"caption\":\"Sicherheitsforum\"},\"image\":{\"@id\":\"https:\\\/\\\/news.save.ch\\\/de\\\/#\\\/schema\\\/logo\\\/image\\\/\"}},{\"@type\":\"Person\",\"@id\":\"https:\\\/\\\/news.save.ch\\\/de\\\/#\\\/schema\\\/person\\\/d49e199490bad7c70d64b9ab51142f2b\",\"name\":\"admin\",\"image\":{\"@type\":\"ImageObject\",\"inLanguage\":\"en-US\",\"@id\":\"https:\\\/\\\/secure.gravatar.com\\\/avatar\\\/ae2f4d718e6c49043e314ce431e7e645d646302a24a5ef5a8bc8e3f5a032e319?s=96&d=mm&r=g\",\"url\":\"https:\\\/\\\/secure.gravatar.com\\\/avatar\\\/ae2f4d718e6c49043e314ce431e7e645d646302a24a5ef5a8bc8e3f5a032e319?s=96&d=mm&r=g\",\"contentUrl\":\"https:\\\/\\\/secure.gravatar.com\\\/avatar\\\/ae2f4d718e6c49043e314ce431e7e645d646302a24a5ef5a8bc8e3f5a032e319?s=96&d=mm&r=g\",\"caption\":\"admin\"},\"sameAs\":[\"https:\\\/\\\/develop.organisator.galledia.ch\"],\"url\":\"https:\\\/\\\/news.save.ch\\\/en\\\/author\\\/admin\\\/\"}]}<\/script>\n<!-- \/ Yoast SEO plugin. -->","yoast_head_json":{"title":"Internal termination: What to do? - Save","description":"If people have already quit internally, this harms both companies and the employees themselves.","robots":{"index":"index","follow":"follow","max-snippet":"max-snippet:-1","max-image-preview":"max-image-preview:large","max-video-preview":"max-video-preview:-1"},"canonical":"https:\/\/news.save.ch\/en\/innere-kuendigung-was-tun\/","og_locale":"en_US","og_type":"article","og_title":"Innere K\u00fcndigung: Was tun? - Save","og_description":"Wenn Personen innerlich bereits gek\u00fcndigt haben, schadet dies sowohl Unternehmen als auch den Angestellten selber.","og_url":"https:\/\/news.save.ch\/en\/innere-kuendigung-was-tun\/","og_site_name":"Save","article_published_time":"2016-10-21T08:36:25+00:00","og_image":[{"width":1000,"height":667,"url":"https:\/\/news.save.ch\/wp-content\/uploads\/2016\/12\/Innere-Kuendigung-Was-tun_safety-plus.jpg","type":"image\/jpeg"}],"author":"admin","twitter_card":"summary_large_image","twitter_misc":{"Written by":"admin","Est. reading time":"3 minutes"},"schema":{"@context":"https:\/\/schema.org","@graph":[{"@type":"Article","@id":"https:\/\/news.save.ch\/innere-kuendigung-was-tun\/#article","isPartOf":{"@id":"https:\/\/news.save.ch\/innere-kuendigung-was-tun\/"},"author":{"name":"admin","@id":"https:\/\/news.save.ch\/de\/#\/schema\/person\/d49e199490bad7c70d64b9ab51142f2b"},"headline":"Innere K\u00fcndigung: Was tun?","datePublished":"2016-10-21T08:36:25+00:00","mainEntityOfPage":{"@id":"https:\/\/news.save.ch\/innere-kuendigung-was-tun\/"},"wordCount":512,"commentCount":0,"publisher":{"@id":"https:\/\/news.save.ch\/de\/#organization"},"image":{"@id":"https:\/\/news.save.ch\/innere-kuendigung-was-tun\/#primaryimage"},"thumbnailUrl":"https:\/\/news.save.ch\/wp-content\/uploads\/2016\/12\/Innere-Kuendigung-Was-tun_safety-plus.jpg","keywords":["Management und Unternehmensf\u00fchrung","Studie"],"articleSection":["ALLGEMEIN"],"inLanguage":"en-US"},{"@type":"WebPage","@id":"https:\/\/news.save.ch\/innere-kuendigung-was-tun\/","url":"https:\/\/news.save.ch\/innere-kuendigung-was-tun\/","name":"Internal termination: What to do? - Save","isPartOf":{"@id":"https:\/\/news.save.ch\/de\/#website"},"primaryImageOfPage":{"@id":"https:\/\/news.save.ch\/innere-kuendigung-was-tun\/#primaryimage"},"image":{"@id":"https:\/\/news.save.ch\/innere-kuendigung-was-tun\/#primaryimage"},"thumbnailUrl":"https:\/\/news.save.ch\/wp-content\/uploads\/2016\/12\/Innere-Kuendigung-Was-tun_safety-plus.jpg","datePublished":"2016-10-21T08:36:25+00:00","description":"If people have already quit internally, this harms both companies and the employees themselves.","breadcrumb":{"@id":"https:\/\/news.save.ch\/innere-kuendigung-was-tun\/#breadcrumb"},"inLanguage":"en-US","potentialAction":[{"@type":"ReadAction","target":["https:\/\/news.save.ch\/innere-kuendigung-was-tun\/"]}]},{"@type":"ImageObject","inLanguage":"en-US","@id":"https:\/\/news.save.ch\/innere-kuendigung-was-tun\/#primaryimage","url":"https:\/\/news.save.ch\/wp-content\/uploads\/2016\/12\/Innere-Kuendigung-Was-tun_safety-plus.jpg","contentUrl":"https:\/\/news.save.ch\/wp-content\/uploads\/2016\/12\/Innere-Kuendigung-Was-tun_safety-plus.jpg","width":1000,"height":667,"caption":"Zum Beispiel Schw\u00e4chen im F\u00fchrungsverhalten k\u00f6nnen dazu f\u00fchren, dass Mitarbeiter ihr Engagement verlieren und den Arbeitseinsatz auf ein Minimum reduzieren."},{"@type":"BreadcrumbList","@id":"https:\/\/news.save.ch\/innere-kuendigung-was-tun\/#breadcrumb","itemListElement":[{"@type":"ListItem","position":1,"name":"Home","item":"https:\/\/news.save.ch\/de\/"},{"@type":"ListItem","position":2,"name":"Innere K\u00fcndigung: Was tun?"}]},{"@type":"WebSite","@id":"https:\/\/news.save.ch\/de\/#website","url":"https:\/\/news.save.ch\/de\/","name":"Save","description":"Swiss trade journal for safety","publisher":{"@id":"https:\/\/news.save.ch\/de\/#organization"},"potentialAction":[{"@type":"SearchAction","target":{"@type":"EntryPoint","urlTemplate":"https:\/\/news.save.ch\/de\/?s={search_term_string}"},"query-input":{"@type":"PropertyValueSpecification","valueRequired":true,"valueName":"search_term_string"}}],"inLanguage":"en-US"},{"@type":"Organization","@id":"https:\/\/news.save.ch\/de\/#organization","name":"Security Forum","url":"https:\/\/news.save.ch\/de\/","logo":{"@type":"ImageObject","inLanguage":"en-US","@id":"https:\/\/news.save.ch\/de\/#\/schema\/logo\/image\/","url":"https:\/\/news.save.ch\/wp-content\/uploads\/2022\/06\/Logo_SF_2012.png","contentUrl":"https:\/\/news.save.ch\/wp-content\/uploads\/2022\/06\/Logo_SF_2012.png","width":1100,"height":91,"caption":"Sicherheitsforum"},"image":{"@id":"https:\/\/news.save.ch\/de\/#\/schema\/logo\/image\/"}},{"@type":"Person","@id":"https:\/\/news.save.ch\/de\/#\/schema\/person\/d49e199490bad7c70d64b9ab51142f2b","name":"admin","image":{"@type":"ImageObject","inLanguage":"en-US","@id":"https:\/\/secure.gravatar.com\/avatar\/ae2f4d718e6c49043e314ce431e7e645d646302a24a5ef5a8bc8e3f5a032e319?s=96&d=mm&r=g","url":"https:\/\/secure.gravatar.com\/avatar\/ae2f4d718e6c49043e314ce431e7e645d646302a24a5ef5a8bc8e3f5a032e319?s=96&d=mm&r=g","contentUrl":"https:\/\/secure.gravatar.com\/avatar\/ae2f4d718e6c49043e314ce431e7e645d646302a24a5ef5a8bc8e3f5a032e319?s=96&d=mm&r=g","caption":"admin"},"sameAs":["https:\/\/develop.organisator.galledia.ch"],"url":"https:\/\/news.save.ch\/en\/author\/admin\/"}]}},"_links":{"self":[{"href":"https:\/\/news.save.ch\/en\/wp-json\/wp\/v2\/posts\/16781","targetHints":{"allow":["GET"]}}],"collection":[{"href":"https:\/\/news.save.ch\/en\/wp-json\/wp\/v2\/posts"}],"about":[{"href":"https:\/\/news.save.ch\/en\/wp-json\/wp\/v2\/types\/post"}],"author":[{"embeddable":true,"href":"https:\/\/news.save.ch\/en\/wp-json\/wp\/v2\/users\/1"}],"replies":[{"embeddable":true,"href":"https:\/\/news.save.ch\/en\/wp-json\/wp\/v2\/comments?post=16781"}],"version-history":[{"count":0,"href":"https:\/\/news.save.ch\/en\/wp-json\/wp\/v2\/posts\/16781\/revisions"}],"wp:featuredmedia":[{"embeddable":true,"href":"https:\/\/news.save.ch\/en\/wp-json\/wp\/v2\/media\/16148"}],"wp:attachment":[{"href":"https:\/\/news.save.ch\/en\/wp-json\/wp\/v2\/media?parent=16781"}],"wp:term":[{"taxonomy":"category","embeddable":true,"href":"https:\/\/news.save.ch\/en\/wp-json\/wp\/v2\/categories?post=16781"},{"taxonomy":"post_tag","embeddable":true,"href":"https:\/\/news.save.ch\/en\/wp-json\/wp\/v2\/tags?post=16781"}],"curies":[{"name":"wp","href":"https:\/\/api.w.org\/{rel}","templated":true}]}}