{"id":16784,"date":"2016-11-08T10:59:49","date_gmt":"2016-11-08T09:59:49","guid":{"rendered":"http:\/\/dev.safety-plus.ch\/?p=1274"},"modified":"2023-03-14T09:05:36","modified_gmt":"2023-03-14T08:05:36","slug":"fach-und-fuehrungskraefte-sind-oft-ueberfordert","status":null,"type":"post","link":"https:\/\/news.save.ch\/en\/fach-und-fuehrungskraefte-sind-oft-ueberfordert\/","title":{"rendered":"Professional and managerial staff are often overwhelmed"},"content":{"rendered":"<p><img loading=\"lazy\" decoding=\"async\" class=\"alignnone wp-image-1275 size-medium\" src=\"http:\/\/develop.safety-plus.ch\/wp-content\/uploads\/2016\/12\/Fach-und-Fuehrungskraefte-sind-oft-ueberfordert_safety-plus.jpg\" width=\"680\" height=\"454\" \/><\/p>\n<p>Many specialists and managers are overwhelmed by their responsibilities and the prevailing work pressure. This is the result of a survey conducted by Deutsche\u00a0<a href=\"http:\/\/www.bwabonn.de\/\" target=\"_blank\" rel=\"noreferrer noopener\" data-cke-saved-href=\"http:\/\/www.bwabonn.de\/\">BWA Academy<\/a>\u00a0among 100 predominantly medium-sized companies. More than two-thirds (68 percent) of the companies surveyed believe that large sections of their workforce are overworked. A quarter even admit to being \"severely overworked\". Only 11 percent of the companies disagree with the statement \"not true. In almost three quarters (74 percent) of the companies, there is a lack of motivational measures for specialists and managers.<\/p>\n<p>The BWA survey identified the following as the main reasons for dissatisfaction among employees (multiple answers were requested): no support for training and development (79 percent), inflexible working hours (78 percent), inadequate pay (67 percent) and ongoing restructuring within the company (64 percent).<\/p>\n<p><strong>Excessive demands exacerbate the shortage of P&amp;MS<\/strong><\/p>\n<p>\"All these factors exacerbate the shortage of skilled workers and managers, which more than 90 percent of all companies are already suffering from,\" emphasizes BWA Managing Director Harald M\u00fcller. He explains: \"Companies are urgently advised to professionalize the further training of their workforce, to better integrate older employees, to pay greater attention to the advancement of women in the company, to attach more importance to the work-life balance and to place greater emphasis on employee motivation and professional recognition.\"<\/p>\n<p><strong>Working atmosphere plays a key role<\/strong><\/p>\n<p>The survey found that the way managers treat their staff plays a key role. 98 percent of companies expect their managers to show clear appreciation for their employees. 87 percent attach importance to responsible cooperation, which 84 percent believe should encourage employees to work independently. Cooperative (75 percent), helpful (73 percent), demanding (71 percent) and friendly (67 percent) dealings continue to be in demand. Always \"easy-going\" and \"relaxed\" are considered to be the right basic mood by 64 percent and 51 percent of respondents, respectively.<\/p>\n<p>However, \"just being nice\" is not enough for the companies' working atmosphere. Fifty-seven percent of the companies surveyed also expect their managers to be strict, and 41 percent expect authority when communicating with the workforce.<\/p>\n<p><strong>Managers are neglected<\/strong><\/p>\n<p>The BWA Academy wanted to find out how well managers are supported in their leadership tasks as part of the survey. Far too little, admit 78 percent of the companies contacted. Only 18 percent of the companies provide their managers with sufficient support.<\/p>\n<p>\"Companies that neglect their management levels should not be surprised if this neglect spreads throughout the entire company. Those who do not experience any promotion themselves usually show little willingness to promote others,\" clarifies BWA boss Harald M\u00fcller. He explains: \"Although 89 percent of companies have taken up the cause of coaching their managers, not even half of all companies invest sufficiently in coaching. 91 percent of companies are aware of the importance of work-life balance in the workforce. But for very few companies, this awareness is expressed in concrete measures to improve the situation. Recognizing problems is an important step. But it's equally important to then address and solve those problems.\"<\/p>\n<p><em>Source: BWA Academy<\/em><\/p>","protected":false},"excerpt":{"rendered":"<p>Viele Fach- und F\u00fchrungskr\u00e4fte sind mit ihrem Aufgabenbereich und dem herrschenden Arbeitsdruck \u00fcberfordert. Dieses Ergebnis hat eine Umfrage der Deutschen\u00a0BWA Akademie\u00a0unter 100 vorwiegend mittelst\u00e4ndischen Unternehmen an den Tag gebracht. So gehen \u00fcber zwei Drittel (68 Prozent) der befragten Firmen von einer \u00dcberlastung weiter Teile ihrer Belegschaft aus. Ein Viertel bekennt sich sogar zu einer \u201estarken [&hellip;]<\/p>\n","protected":false},"author":1,"featured_media":16151,"comment_status":"open","ping_status":"open","sticky":false,"template":"","format":"standard","meta":{"_acf_changed":false,"pgc_sgb_lightbox_settings":"","footnotes":""},"categories":[1,3314],"tags":[2729,64],"class_list":["post-16784","post","type-post","status-publish","format-standard","has-post-thumbnail","hentry","category-allgemein","category-health-safety","tag-psychische-gesundheit","tag-studie"],"acf":[],"hkrextid":null,"publication":null,"issue":null,"workflow":null,"startPage":null,"spitzmarke":null,"_posts_by_tag_page_fields":{"widget_title":"","widget_tags":""},"_at_widget":"1","_yoast_wpseo_primary_category":"3303","_yoast_wpseo_focuskw_text_input":"F\u00fchrungskr\u00e4fte","_yoast_wpseo_opengraph-image":null,"_yoast_wpseo_opengraph-description":null,"_yoast_wpseo_opengraph-title":null,"enclosure":null,"_yoast_wpseo_twitter-title":null,"_yoast_wpseo_twitter-description":null,"_yoast_wpseo_twitter-image":null,"_wp_old_slug":null,"_yoast_wpseo_title":null,"_yoast_wpseo_canonical":null,"yoast_head":"<!-- This site is optimized with the Yoast SEO plugin v27.4 - https:\/\/yoast.com\/product\/yoast-seo-wordpress\/ -->\n<title>Fach- und F\u00fchrungskr\u00e4fte sind oft \u00fcberfordert - Save<\/title>\n<meta name=\"description\" content=\"Laut einer Umfrage der BWA-Akademie sind viele Fach- und F\u00fchrungskr\u00e4fte mit ihrem Aufgabenbereich und dem herrschenden Arbeitsdruck \u00fcberfordert.\" \/>\n<meta name=\"robots\" content=\"index, follow, max-snippet:-1, max-image-preview:large, max-video-preview:-1\" \/>\n<link rel=\"canonical\" href=\"https:\/\/news.save.ch\/en\/fach-und-fuehrungskraefte-sind-oft-ueberfordert\/\" \/>\n<meta property=\"og:locale\" content=\"en_US\" \/>\n<meta property=\"og:type\" content=\"article\" \/>\n<meta property=\"og:title\" content=\"Fach- und F\u00fchrungskr\u00e4fte sind oft \u00fcberfordert - Save\" \/>\n<meta property=\"og:description\" content=\"Laut einer Umfrage der BWA-Akademie sind viele Fach- und F\u00fchrungskr\u00e4fte mit ihrem Aufgabenbereich und dem herrschenden Arbeitsdruck \u00fcberfordert.\" \/>\n<meta property=\"og:url\" content=\"https:\/\/news.save.ch\/en\/fach-und-fuehrungskraefte-sind-oft-ueberfordert\/\" \/>\n<meta property=\"og:site_name\" content=\"Save\" \/>\n<meta property=\"article:published_time\" content=\"2016-11-08T09:59:49+00:00\" \/>\n<meta property=\"article:modified_time\" content=\"2023-03-14T08:05:36+00:00\" \/>\n<meta property=\"og:image\" content=\"https:\/\/news.save.ch\/wp-content\/uploads\/2016\/12\/Fach-und-Fuehrungskraefte-sind-oft-ueberfordert_safety-plus.jpg\" \/>\n\t<meta property=\"og:image:width\" content=\"1000\" \/>\n\t<meta property=\"og:image:height\" content=\"667\" \/>\n\t<meta property=\"og:image:type\" content=\"image\/jpeg\" \/>\n<meta name=\"author\" content=\"admin\" \/>\n<meta name=\"twitter:card\" content=\"summary_large_image\" \/>\n<meta name=\"twitter:label1\" content=\"Written by\" \/>\n\t<meta name=\"twitter:data1\" content=\"admin\" \/>\n\t<meta name=\"twitter:label2\" content=\"Est. reading time\" \/>\n\t<meta name=\"twitter:data2\" content=\"3 minutes\" \/>\n<script type=\"application\/ld+json\" class=\"yoast-schema-graph\">{\"@context\":\"https:\\\/\\\/schema.org\",\"@graph\":[{\"@type\":\"Article\",\"@id\":\"https:\\\/\\\/news.save.ch\\\/fach-und-fuehrungskraefte-sind-oft-ueberfordert\\\/#article\",\"isPartOf\":{\"@id\":\"https:\\\/\\\/news.save.ch\\\/fach-und-fuehrungskraefte-sind-oft-ueberfordert\\\/\"},\"author\":{\"name\":\"admin\",\"@id\":\"https:\\\/\\\/news.save.ch\\\/de\\\/#\\\/schema\\\/person\\\/d49e199490bad7c70d64b9ab51142f2b\"},\"headline\":\"Fach- und F\u00fchrungskr\u00e4fte sind oft \u00fcberfordert\",\"datePublished\":\"2016-11-08T09:59:49+00:00\",\"dateModified\":\"2023-03-14T08:05:36+00:00\",\"mainEntityOfPage\":{\"@id\":\"https:\\\/\\\/news.save.ch\\\/fach-und-fuehrungskraefte-sind-oft-ueberfordert\\\/\"},\"wordCount\":522,\"commentCount\":1,\"publisher\":{\"@id\":\"https:\\\/\\\/news.save.ch\\\/de\\\/#organization\"},\"image\":{\"@id\":\"https:\\\/\\\/news.save.ch\\\/fach-und-fuehrungskraefte-sind-oft-ueberfordert\\\/#primaryimage\"},\"thumbnailUrl\":\"https:\\\/\\\/news.save.ch\\\/wp-content\\\/uploads\\\/2016\\\/12\\\/Fach-und-Fuehrungskraefte-sind-oft-ueberfordert_safety-plus.jpg\",\"keywords\":[\"Psychische Gesundheit\",\"Studie\"],\"articleSection\":[\"ALLGEMEIN\",\"HEALTH &amp; SAFETY\"],\"inLanguage\":\"en-US\"},{\"@type\":\"WebPage\",\"@id\":\"https:\\\/\\\/news.save.ch\\\/fach-und-fuehrungskraefte-sind-oft-ueberfordert\\\/\",\"url\":\"https:\\\/\\\/news.save.ch\\\/fach-und-fuehrungskraefte-sind-oft-ueberfordert\\\/\",\"name\":\"Fach- und F\u00fchrungskr\u00e4fte sind oft \u00fcberfordert - Save\",\"isPartOf\":{\"@id\":\"https:\\\/\\\/news.save.ch\\\/de\\\/#website\"},\"primaryImageOfPage\":{\"@id\":\"https:\\\/\\\/news.save.ch\\\/fach-und-fuehrungskraefte-sind-oft-ueberfordert\\\/#primaryimage\"},\"image\":{\"@id\":\"https:\\\/\\\/news.save.ch\\\/fach-und-fuehrungskraefte-sind-oft-ueberfordert\\\/#primaryimage\"},\"thumbnailUrl\":\"https:\\\/\\\/news.save.ch\\\/wp-content\\\/uploads\\\/2016\\\/12\\\/Fach-und-Fuehrungskraefte-sind-oft-ueberfordert_safety-plus.jpg\",\"datePublished\":\"2016-11-08T09:59:49+00:00\",\"dateModified\":\"2023-03-14T08:05:36+00:00\",\"description\":\"Laut einer Umfrage der BWA-Akademie sind viele Fach- und F\u00fchrungskr\u00e4fte mit ihrem Aufgabenbereich und dem herrschenden Arbeitsdruck \u00fcberfordert.\",\"breadcrumb\":{\"@id\":\"https:\\\/\\\/news.save.ch\\\/fach-und-fuehrungskraefte-sind-oft-ueberfordert\\\/#breadcrumb\"},\"inLanguage\":\"en-US\",\"potentialAction\":[{\"@type\":\"ReadAction\",\"target\":[\"https:\\\/\\\/news.save.ch\\\/fach-und-fuehrungskraefte-sind-oft-ueberfordert\\\/\"]}]},{\"@type\":\"ImageObject\",\"inLanguage\":\"en-US\",\"@id\":\"https:\\\/\\\/news.save.ch\\\/fach-und-fuehrungskraefte-sind-oft-ueberfordert\\\/#primaryimage\",\"url\":\"https:\\\/\\\/news.save.ch\\\/wp-content\\\/uploads\\\/2016\\\/12\\\/Fach-und-Fuehrungskraefte-sind-oft-ueberfordert_safety-plus.jpg\",\"contentUrl\":\"https:\\\/\\\/news.save.ch\\\/wp-content\\\/uploads\\\/2016\\\/12\\\/Fach-und-Fuehrungskraefte-sind-oft-ueberfordert_safety-plus.jpg\",\"width\":1000,\"height\":667},{\"@type\":\"BreadcrumbList\",\"@id\":\"https:\\\/\\\/news.save.ch\\\/fach-und-fuehrungskraefte-sind-oft-ueberfordert\\\/#breadcrumb\",\"itemListElement\":[{\"@type\":\"ListItem\",\"position\":1,\"name\":\"Home\",\"item\":\"https:\\\/\\\/news.save.ch\\\/de\\\/\"},{\"@type\":\"ListItem\",\"position\":2,\"name\":\"Fach- und F\u00fchrungskr\u00e4fte sind oft \u00fcberfordert\"}]},{\"@type\":\"WebSite\",\"@id\":\"https:\\\/\\\/news.save.ch\\\/de\\\/#website\",\"url\":\"https:\\\/\\\/news.save.ch\\\/de\\\/\",\"name\":\"Save\",\"description\":\"Schweizer Fachzeitschrift f\u00fcr Sicherheit\",\"publisher\":{\"@id\":\"https:\\\/\\\/news.save.ch\\\/de\\\/#organization\"},\"potentialAction\":[{\"@type\":\"SearchAction\",\"target\":{\"@type\":\"EntryPoint\",\"urlTemplate\":\"https:\\\/\\\/news.save.ch\\\/de\\\/?s={search_term_string}\"},\"query-input\":{\"@type\":\"PropertyValueSpecification\",\"valueRequired\":true,\"valueName\":\"search_term_string\"}}],\"inLanguage\":\"en-US\"},{\"@type\":\"Organization\",\"@id\":\"https:\\\/\\\/news.save.ch\\\/de\\\/#organization\",\"name\":\"Sicherheitsforum\",\"url\":\"https:\\\/\\\/news.save.ch\\\/de\\\/\",\"logo\":{\"@type\":\"ImageObject\",\"inLanguage\":\"en-US\",\"@id\":\"https:\\\/\\\/news.save.ch\\\/de\\\/#\\\/schema\\\/logo\\\/image\\\/\",\"url\":\"https:\\\/\\\/news.save.ch\\\/wp-content\\\/uploads\\\/2022\\\/06\\\/Logo_SF_2012.png\",\"contentUrl\":\"https:\\\/\\\/news.save.ch\\\/wp-content\\\/uploads\\\/2022\\\/06\\\/Logo_SF_2012.png\",\"width\":1100,\"height\":91,\"caption\":\"Sicherheitsforum\"},\"image\":{\"@id\":\"https:\\\/\\\/news.save.ch\\\/de\\\/#\\\/schema\\\/logo\\\/image\\\/\"}},{\"@type\":\"Person\",\"@id\":\"https:\\\/\\\/news.save.ch\\\/de\\\/#\\\/schema\\\/person\\\/d49e199490bad7c70d64b9ab51142f2b\",\"name\":\"admin\",\"image\":{\"@type\":\"ImageObject\",\"inLanguage\":\"en-US\",\"@id\":\"https:\\\/\\\/secure.gravatar.com\\\/avatar\\\/ae2f4d718e6c49043e314ce431e7e645d646302a24a5ef5a8bc8e3f5a032e319?s=96&d=mm&r=g\",\"url\":\"https:\\\/\\\/secure.gravatar.com\\\/avatar\\\/ae2f4d718e6c49043e314ce431e7e645d646302a24a5ef5a8bc8e3f5a032e319?s=96&d=mm&r=g\",\"contentUrl\":\"https:\\\/\\\/secure.gravatar.com\\\/avatar\\\/ae2f4d718e6c49043e314ce431e7e645d646302a24a5ef5a8bc8e3f5a032e319?s=96&d=mm&r=g\",\"caption\":\"admin\"},\"sameAs\":[\"https:\\\/\\\/develop.organisator.galledia.ch\"],\"url\":\"https:\\\/\\\/news.save.ch\\\/en\\\/author\\\/admin\\\/\"}]}<\/script>\n<!-- \/ Yoast SEO plugin. -->","yoast_head_json":{"title":"Professionals and managers are often overwhelmed - Save","description":"According to a survey by the BWA Academy, many specialists and managers are overwhelmed by their responsibilities and the prevailing work pressure.","robots":{"index":"index","follow":"follow","max-snippet":"max-snippet:-1","max-image-preview":"max-image-preview:large","max-video-preview":"max-video-preview:-1"},"canonical":"https:\/\/news.save.ch\/en\/fach-und-fuehrungskraefte-sind-oft-ueberfordert\/","og_locale":"en_US","og_type":"article","og_title":"Fach- und F\u00fchrungskr\u00e4fte sind oft \u00fcberfordert - Save","og_description":"Laut einer Umfrage der BWA-Akademie sind viele Fach- und F\u00fchrungskr\u00e4fte mit ihrem Aufgabenbereich und dem herrschenden Arbeitsdruck \u00fcberfordert.","og_url":"https:\/\/news.save.ch\/en\/fach-und-fuehrungskraefte-sind-oft-ueberfordert\/","og_site_name":"Save","article_published_time":"2016-11-08T09:59:49+00:00","article_modified_time":"2023-03-14T08:05:36+00:00","og_image":[{"width":1000,"height":667,"url":"https:\/\/news.save.ch\/wp-content\/uploads\/2016\/12\/Fach-und-Fuehrungskraefte-sind-oft-ueberfordert_safety-plus.jpg","type":"image\/jpeg"}],"author":"admin","twitter_card":"summary_large_image","twitter_misc":{"Written by":"admin","Est. reading time":"3 minutes"},"schema":{"@context":"https:\/\/schema.org","@graph":[{"@type":"Article","@id":"https:\/\/news.save.ch\/fach-und-fuehrungskraefte-sind-oft-ueberfordert\/#article","isPartOf":{"@id":"https:\/\/news.save.ch\/fach-und-fuehrungskraefte-sind-oft-ueberfordert\/"},"author":{"name":"admin","@id":"https:\/\/news.save.ch\/de\/#\/schema\/person\/d49e199490bad7c70d64b9ab51142f2b"},"headline":"Fach- und F\u00fchrungskr\u00e4fte sind oft \u00fcberfordert","datePublished":"2016-11-08T09:59:49+00:00","dateModified":"2023-03-14T08:05:36+00:00","mainEntityOfPage":{"@id":"https:\/\/news.save.ch\/fach-und-fuehrungskraefte-sind-oft-ueberfordert\/"},"wordCount":522,"commentCount":1,"publisher":{"@id":"https:\/\/news.save.ch\/de\/#organization"},"image":{"@id":"https:\/\/news.save.ch\/fach-und-fuehrungskraefte-sind-oft-ueberfordert\/#primaryimage"},"thumbnailUrl":"https:\/\/news.save.ch\/wp-content\/uploads\/2016\/12\/Fach-und-Fuehrungskraefte-sind-oft-ueberfordert_safety-plus.jpg","keywords":["Psychische Gesundheit","Studie"],"articleSection":["ALLGEMEIN","HEALTH &amp; SAFETY"],"inLanguage":"en-US"},{"@type":"WebPage","@id":"https:\/\/news.save.ch\/fach-und-fuehrungskraefte-sind-oft-ueberfordert\/","url":"https:\/\/news.save.ch\/fach-und-fuehrungskraefte-sind-oft-ueberfordert\/","name":"Professionals and managers are often overwhelmed - Save","isPartOf":{"@id":"https:\/\/news.save.ch\/de\/#website"},"primaryImageOfPage":{"@id":"https:\/\/news.save.ch\/fach-und-fuehrungskraefte-sind-oft-ueberfordert\/#primaryimage"},"image":{"@id":"https:\/\/news.save.ch\/fach-und-fuehrungskraefte-sind-oft-ueberfordert\/#primaryimage"},"thumbnailUrl":"https:\/\/news.save.ch\/wp-content\/uploads\/2016\/12\/Fach-und-Fuehrungskraefte-sind-oft-ueberfordert_safety-plus.jpg","datePublished":"2016-11-08T09:59:49+00:00","dateModified":"2023-03-14T08:05:36+00:00","description":"According to a survey by the BWA Academy, many specialists and managers are overwhelmed by their responsibilities and the prevailing work pressure.","breadcrumb":{"@id":"https:\/\/news.save.ch\/fach-und-fuehrungskraefte-sind-oft-ueberfordert\/#breadcrumb"},"inLanguage":"en-US","potentialAction":[{"@type":"ReadAction","target":["https:\/\/news.save.ch\/fach-und-fuehrungskraefte-sind-oft-ueberfordert\/"]}]},{"@type":"ImageObject","inLanguage":"en-US","@id":"https:\/\/news.save.ch\/fach-und-fuehrungskraefte-sind-oft-ueberfordert\/#primaryimage","url":"https:\/\/news.save.ch\/wp-content\/uploads\/2016\/12\/Fach-und-Fuehrungskraefte-sind-oft-ueberfordert_safety-plus.jpg","contentUrl":"https:\/\/news.save.ch\/wp-content\/uploads\/2016\/12\/Fach-und-Fuehrungskraefte-sind-oft-ueberfordert_safety-plus.jpg","width":1000,"height":667},{"@type":"BreadcrumbList","@id":"https:\/\/news.save.ch\/fach-und-fuehrungskraefte-sind-oft-ueberfordert\/#breadcrumb","itemListElement":[{"@type":"ListItem","position":1,"name":"Home","item":"https:\/\/news.save.ch\/de\/"},{"@type":"ListItem","position":2,"name":"Fach- und F\u00fchrungskr\u00e4fte sind oft \u00fcberfordert"}]},{"@type":"WebSite","@id":"https:\/\/news.save.ch\/de\/#website","url":"https:\/\/news.save.ch\/de\/","name":"Save","description":"Swiss trade journal for safety","publisher":{"@id":"https:\/\/news.save.ch\/de\/#organization"},"potentialAction":[{"@type":"SearchAction","target":{"@type":"EntryPoint","urlTemplate":"https:\/\/news.save.ch\/de\/?s={search_term_string}"},"query-input":{"@type":"PropertyValueSpecification","valueRequired":true,"valueName":"search_term_string"}}],"inLanguage":"en-US"},{"@type":"Organization","@id":"https:\/\/news.save.ch\/de\/#organization","name":"Security Forum","url":"https:\/\/news.save.ch\/de\/","logo":{"@type":"ImageObject","inLanguage":"en-US","@id":"https:\/\/news.save.ch\/de\/#\/schema\/logo\/image\/","url":"https:\/\/news.save.ch\/wp-content\/uploads\/2022\/06\/Logo_SF_2012.png","contentUrl":"https:\/\/news.save.ch\/wp-content\/uploads\/2022\/06\/Logo_SF_2012.png","width":1100,"height":91,"caption":"Sicherheitsforum"},"image":{"@id":"https:\/\/news.save.ch\/de\/#\/schema\/logo\/image\/"}},{"@type":"Person","@id":"https:\/\/news.save.ch\/de\/#\/schema\/person\/d49e199490bad7c70d64b9ab51142f2b","name":"admin","image":{"@type":"ImageObject","inLanguage":"en-US","@id":"https:\/\/secure.gravatar.com\/avatar\/ae2f4d718e6c49043e314ce431e7e645d646302a24a5ef5a8bc8e3f5a032e319?s=96&d=mm&r=g","url":"https:\/\/secure.gravatar.com\/avatar\/ae2f4d718e6c49043e314ce431e7e645d646302a24a5ef5a8bc8e3f5a032e319?s=96&d=mm&r=g","contentUrl":"https:\/\/secure.gravatar.com\/avatar\/ae2f4d718e6c49043e314ce431e7e645d646302a24a5ef5a8bc8e3f5a032e319?s=96&d=mm&r=g","caption":"admin"},"sameAs":["https:\/\/develop.organisator.galledia.ch"],"url":"https:\/\/news.save.ch\/en\/author\/admin\/"}]}},"_links":{"self":[{"href":"https:\/\/news.save.ch\/en\/wp-json\/wp\/v2\/posts\/16784","targetHints":{"allow":["GET"]}}],"collection":[{"href":"https:\/\/news.save.ch\/en\/wp-json\/wp\/v2\/posts"}],"about":[{"href":"https:\/\/news.save.ch\/en\/wp-json\/wp\/v2\/types\/post"}],"author":[{"embeddable":true,"href":"https:\/\/news.save.ch\/en\/wp-json\/wp\/v2\/users\/1"}],"replies":[{"embeddable":true,"href":"https:\/\/news.save.ch\/en\/wp-json\/wp\/v2\/comments?post=16784"}],"version-history":[{"count":1,"href":"https:\/\/news.save.ch\/en\/wp-json\/wp\/v2\/posts\/16784\/revisions"}],"predecessor-version":[{"id":19019,"href":"https:\/\/news.save.ch\/en\/wp-json\/wp\/v2\/posts\/16784\/revisions\/19019"}],"wp:featuredmedia":[{"embeddable":true,"href":"https:\/\/news.save.ch\/en\/wp-json\/wp\/v2\/media\/16151"}],"wp:attachment":[{"href":"https:\/\/news.save.ch\/en\/wp-json\/wp\/v2\/media?parent=16784"}],"wp:term":[{"taxonomy":"category","embeddable":true,"href":"https:\/\/news.save.ch\/en\/wp-json\/wp\/v2\/categories?post=16784"},{"taxonomy":"post_tag","embeddable":true,"href":"https:\/\/news.save.ch\/en\/wp-json\/wp\/v2\/tags?post=16784"}],"curies":[{"name":"wp","href":"https:\/\/api.w.org\/{rel}","templated":true}]}}