{"id":16789,"date":"2016-11-22T11:22:12","date_gmt":"2016-11-22T10:22:12","guid":{"rendered":"http:\/\/dev.safety-plus.ch\/?p=1304"},"modified":"2016-11-22T11:22:12","modified_gmt":"2016-11-22T10:22:12","slug":"suva-will-detektive-zurueck","status":null,"type":"post","link":"https:\/\/news.save.ch\/en\/suva-will-detektive-zurueck\/","title":{"rendered":"Suva wants detectives back"},"content":{"rendered":"<figure id=\"attachment_1305\" aria-describedby=\"caption-attachment-1305\" style=\"width: 667px\" class=\"wp-caption alignnone\"><img loading=\"lazy\" decoding=\"async\" class=\"wp-image-1305 size-medium\" src=\"http:\/\/develop.safety-plus.ch\/wp-content\/uploads\/2016\/12\/Suva-will-Detektive-zurueck_safety-plus.jpg\" width=\"667\" height=\"1000\" \/><figcaption id=\"caption-attachment-1305\" class=\"wp-caption-text\">Anyone who is on sick leave due to back problems, but lifts heavy loads in their spare time, makes themselves suspect.<\/figcaption><\/figure>\n<p>On October 18, 2016, the European Court of Human Rights (ECHR) reprimanded the use of detectives to observe insured persons. According to the ruling, Switzerland does not have a sufficient legal basis for this.<\/p>\n<p>In response, Suva has discontinued its ongoing observations and refrained from new assignments. Observation documents from ongoing cases are destroyed, as are medical assessments based on film footage.<\/p>\n<p><strong>Suva wants swift law<\/strong><\/p>\n<p>Now, however, Suva wants to ensure that the corresponding legal basis is created. To this end, it has already submitted its own proposal for a legal article on the subject of monitoring. This regulates, among other things, which conditions permit monitoring and where it may take place.<\/p>\n<p>The political will is also there on the part of the federal government: The Federal Social Insurance Office (FSIO) has already announced that it will send a corresponding revision of the law for consultation by the end of the year. In addition, the Commission for Social Security and Health of the Council of States (SGK-S) decided last week to also prepare a draft law, which in the quickest case could be passed by parliament in the fall of 2017.<\/p>\n<p><strong>Tighter controls<\/strong><\/p>\n<p>In order to be able to continue to combat abuse in a targeted manner until a clear legal basis comes into force, Suva says it wants to monitor conspicuous cases more intensively: More medical examinations, increased cooperation with the authorities and more interviews with witnesses are intended to provide clarity at an early stage.<\/p>\n<p>In addition, it wants to carry out more frequent checks with the field staff if there are reasonable grounds for suspicion. This happens especially when an accident victim works according to indications, although he is on sick leave. \"We are still doing everything we can to uncover abuse,\" says Roger Bolt, Suva's team leader for combating abuse. \"For us, it is central that we can handle the premium money entrusted to us dutifully and only provide benefits to insured persons who are entitled to them.\" However, there will always be expensive individual cases that can only be prevented thanks to detectives.<\/p>\n<p><em>With material from Suva<\/em><\/p>","protected":false},"excerpt":{"rendered":"<p>Am 18. Oktober 2016 hat der Europ\u00e4ische Gerichtshof f\u00fcr Menschenrechte (EMGR) den Einsatz von Detektiven zur Observierung von Versicherten ger\u00fcgt. Laut dem Urteil hat die Schweiz keine ausreichende Gesetzesgrundlage daf\u00fcr. Als Reaktion hat die Suva ihre laufenden Observierungen eingestellt und auf neue Eins\u00e4tze verzichtet. Observationsunterlagen von laufenden F\u00e4llen werden vernichtet, ebenso medizinische Beurteilungen aufgrund von [&hellip;]<\/p>\n","protected":false},"author":1,"featured_media":16155,"comment_status":"open","ping_status":"open","sticky":false,"template":"","format":"standard","meta":{"_acf_changed":false,"pgc_sgb_lightbox_settings":"","footnotes":""},"categories":[1],"tags":[167,181],"class_list":["post-16789","post","type-post","status-publish","format-standard","has-post-thumbnail","hentry","category-allgemein","tag-suva","tag-versicherung"],"acf":[],"hkrextid":null,"publication":null,"issue":null,"workflow":null,"startPage":null,"spitzmarke":null,"_posts_by_tag_page_fields":{"widget_title":"","widget_tags":""},"_at_widget":"1","_yoast_wpseo_primary_category":"1","_yoast_wpseo_focuskw_text_input":"Suva","_yoast_wpseo_opengraph-image":null,"_yoast_wpseo_opengraph-description":null,"_yoast_wpseo_opengraph-title":null,"enclosure":null,"_yoast_wpseo_twitter-title":null,"_yoast_wpseo_twitter-description":null,"_yoast_wpseo_twitter-image":null,"_wp_old_slug":null,"_yoast_wpseo_title":null,"_yoast_wpseo_canonical":null,"yoast_head":"<!-- This site is optimized with the Yoast SEO plugin v27.5 - https:\/\/yoast.com\/product\/yoast-seo-wordpress\/ -->\n<title>Suva will Detektive zur\u00fcck - Save<\/title>\n<meta name=\"description\" content=\"Nach einem Urteil des Europ\u00e4ischen Gerichtshofs verzichtete die Suva auf Detektive, um Betrugsf\u00e4lle aufzudecken.\" \/>\n<meta name=\"robots\" content=\"index, follow, max-snippet:-1, max-image-preview:large, max-video-preview:-1\" \/>\n<link rel=\"canonical\" href=\"https:\/\/news.save.ch\/en\/suva-will-detektive-zurueck\/\" \/>\n<meta property=\"og:locale\" content=\"en_US\" \/>\n<meta property=\"og:type\" content=\"article\" \/>\n<meta property=\"og:title\" content=\"Suva will Detektive zur\u00fcck - Save\" \/>\n<meta property=\"og:description\" content=\"Nach einem Urteil des Europ\u00e4ischen Gerichtshofs verzichtete die Suva auf Detektive, um Betrugsf\u00e4lle aufzudecken.\" \/>\n<meta property=\"og:url\" content=\"https:\/\/news.save.ch\/en\/suva-will-detektive-zurueck\/\" \/>\n<meta property=\"og:site_name\" content=\"Save\" \/>\n<meta property=\"article:published_time\" content=\"2016-11-22T10:22:12+00:00\" \/>\n<meta property=\"og:image\" content=\"https:\/\/news.save.ch\/wp-content\/uploads\/2016\/12\/Suva-will-Detektive-zurueck_safety-plus.jpg\" \/>\n\t<meta property=\"og:image:width\" content=\"667\" \/>\n\t<meta property=\"og:image:height\" content=\"1000\" \/>\n\t<meta property=\"og:image:type\" content=\"image\/jpeg\" \/>\n<meta name=\"author\" content=\"admin\" \/>\n<meta name=\"twitter:card\" content=\"summary_large_image\" \/>\n<meta name=\"twitter:label1\" content=\"Written by\" \/>\n\t<meta name=\"twitter:data1\" content=\"admin\" \/>\n\t<meta name=\"twitter:label2\" content=\"Est. reading time\" \/>\n\t<meta name=\"twitter:data2\" content=\"2 minutes\" \/>\n<script type=\"application\/ld+json\" class=\"yoast-schema-graph\">{\"@context\":\"https:\\\/\\\/schema.org\",\"@graph\":[{\"@type\":\"Article\",\"@id\":\"https:\\\/\\\/news.save.ch\\\/suva-will-detektive-zurueck\\\/#article\",\"isPartOf\":{\"@id\":\"https:\\\/\\\/news.save.ch\\\/suva-will-detektive-zurueck\\\/\"},\"author\":{\"name\":\"admin\",\"@id\":\"https:\\\/\\\/news.save.ch\\\/de\\\/#\\\/schema\\\/person\\\/d49e199490bad7c70d64b9ab51142f2b\"},\"headline\":\"Suva will Detektive zur\u00fcck\",\"datePublished\":\"2016-11-22T10:22:12+00:00\",\"mainEntityOfPage\":{\"@id\":\"https:\\\/\\\/news.save.ch\\\/suva-will-detektive-zurueck\\\/\"},\"wordCount\":347,\"commentCount\":0,\"publisher\":{\"@id\":\"https:\\\/\\\/news.save.ch\\\/de\\\/#organization\"},\"image\":{\"@id\":\"https:\\\/\\\/news.save.ch\\\/suva-will-detektive-zurueck\\\/#primaryimage\"},\"thumbnailUrl\":\"https:\\\/\\\/news.save.ch\\\/wp-content\\\/uploads\\\/2016\\\/12\\\/Suva-will-Detektive-zurueck_safety-plus.jpg\",\"keywords\":[\"SUVA\",\"Versicherung\"],\"articleSection\":[\"ALLGEMEIN\"],\"inLanguage\":\"en-US\"},{\"@type\":\"WebPage\",\"@id\":\"https:\\\/\\\/news.save.ch\\\/suva-will-detektive-zurueck\\\/\",\"url\":\"https:\\\/\\\/news.save.ch\\\/suva-will-detektive-zurueck\\\/\",\"name\":\"Suva will Detektive zur\u00fcck - Save\",\"isPartOf\":{\"@id\":\"https:\\\/\\\/news.save.ch\\\/de\\\/#website\"},\"primaryImageOfPage\":{\"@id\":\"https:\\\/\\\/news.save.ch\\\/suva-will-detektive-zurueck\\\/#primaryimage\"},\"image\":{\"@id\":\"https:\\\/\\\/news.save.ch\\\/suva-will-detektive-zurueck\\\/#primaryimage\"},\"thumbnailUrl\":\"https:\\\/\\\/news.save.ch\\\/wp-content\\\/uploads\\\/2016\\\/12\\\/Suva-will-Detektive-zurueck_safety-plus.jpg\",\"datePublished\":\"2016-11-22T10:22:12+00:00\",\"description\":\"Nach einem Urteil des Europ\u00e4ischen Gerichtshofs verzichtete die Suva auf Detektive, um Betrugsf\u00e4lle aufzudecken.\",\"breadcrumb\":{\"@id\":\"https:\\\/\\\/news.save.ch\\\/suva-will-detektive-zurueck\\\/#breadcrumb\"},\"inLanguage\":\"en-US\",\"potentialAction\":[{\"@type\":\"ReadAction\",\"target\":[\"https:\\\/\\\/news.save.ch\\\/suva-will-detektive-zurueck\\\/\"]}]},{\"@type\":\"ImageObject\",\"inLanguage\":\"en-US\",\"@id\":\"https:\\\/\\\/news.save.ch\\\/suva-will-detektive-zurueck\\\/#primaryimage\",\"url\":\"https:\\\/\\\/news.save.ch\\\/wp-content\\\/uploads\\\/2016\\\/12\\\/Suva-will-Detektive-zurueck_safety-plus.jpg\",\"contentUrl\":\"https:\\\/\\\/news.save.ch\\\/wp-content\\\/uploads\\\/2016\\\/12\\\/Suva-will-Detektive-zurueck_safety-plus.jpg\",\"width\":667,\"height\":1000,\"caption\":\"Wer wegen R\u00fcckenleiden krankgeschrieben ist, aber in der Freizeit schwere Lasten hebt, macht sich verd\u00e4chtig.\"},{\"@type\":\"BreadcrumbList\",\"@id\":\"https:\\\/\\\/news.save.ch\\\/suva-will-detektive-zurueck\\\/#breadcrumb\",\"itemListElement\":[{\"@type\":\"ListItem\",\"position\":1,\"name\":\"Home\",\"item\":\"https:\\\/\\\/news.save.ch\\\/de\\\/\"},{\"@type\":\"ListItem\",\"position\":2,\"name\":\"Suva will Detektive zur\u00fcck\"}]},{\"@type\":\"WebSite\",\"@id\":\"https:\\\/\\\/news.save.ch\\\/de\\\/#website\",\"url\":\"https:\\\/\\\/news.save.ch\\\/de\\\/\",\"name\":\"Save\",\"description\":\"Schweizer Fachzeitschrift f\u00fcr Sicherheit\",\"publisher\":{\"@id\":\"https:\\\/\\\/news.save.ch\\\/de\\\/#organization\"},\"potentialAction\":[{\"@type\":\"SearchAction\",\"target\":{\"@type\":\"EntryPoint\",\"urlTemplate\":\"https:\\\/\\\/news.save.ch\\\/de\\\/?s={search_term_string}\"},\"query-input\":{\"@type\":\"PropertyValueSpecification\",\"valueRequired\":true,\"valueName\":\"search_term_string\"}}],\"inLanguage\":\"en-US\"},{\"@type\":\"Organization\",\"@id\":\"https:\\\/\\\/news.save.ch\\\/de\\\/#organization\",\"name\":\"Sicherheitsforum\",\"url\":\"https:\\\/\\\/news.save.ch\\\/de\\\/\",\"logo\":{\"@type\":\"ImageObject\",\"inLanguage\":\"en-US\",\"@id\":\"https:\\\/\\\/news.save.ch\\\/de\\\/#\\\/schema\\\/logo\\\/image\\\/\",\"url\":\"https:\\\/\\\/news.save.ch\\\/wp-content\\\/uploads\\\/2022\\\/06\\\/Logo_SF_2012.png\",\"contentUrl\":\"https:\\\/\\\/news.save.ch\\\/wp-content\\\/uploads\\\/2022\\\/06\\\/Logo_SF_2012.png\",\"width\":1100,\"height\":91,\"caption\":\"Sicherheitsforum\"},\"image\":{\"@id\":\"https:\\\/\\\/news.save.ch\\\/de\\\/#\\\/schema\\\/logo\\\/image\\\/\"}},{\"@type\":\"Person\",\"@id\":\"https:\\\/\\\/news.save.ch\\\/de\\\/#\\\/schema\\\/person\\\/d49e199490bad7c70d64b9ab51142f2b\",\"name\":\"admin\",\"image\":{\"@type\":\"ImageObject\",\"inLanguage\":\"en-US\",\"@id\":\"https:\\\/\\\/secure.gravatar.com\\\/avatar\\\/ae2f4d718e6c49043e314ce431e7e645d646302a24a5ef5a8bc8e3f5a032e319?s=96&d=mm&r=g\",\"url\":\"https:\\\/\\\/secure.gravatar.com\\\/avatar\\\/ae2f4d718e6c49043e314ce431e7e645d646302a24a5ef5a8bc8e3f5a032e319?s=96&d=mm&r=g\",\"contentUrl\":\"https:\\\/\\\/secure.gravatar.com\\\/avatar\\\/ae2f4d718e6c49043e314ce431e7e645d646302a24a5ef5a8bc8e3f5a032e319?s=96&d=mm&r=g\",\"caption\":\"admin\"},\"sameAs\":[\"https:\\\/\\\/develop.organisator.galledia.ch\"],\"url\":\"https:\\\/\\\/news.save.ch\\\/en\\\/author\\\/admin\\\/\"}]}<\/script>\n<!-- \/ Yoast SEO plugin. -->","yoast_head_json":{"title":"Suva wants detectives back - Save","description":"Following a ruling by the European Court of Justice, Suva dispensed with detectives to uncover cases of fraud.","robots":{"index":"index","follow":"follow","max-snippet":"max-snippet:-1","max-image-preview":"max-image-preview:large","max-video-preview":"max-video-preview:-1"},"canonical":"https:\/\/news.save.ch\/en\/suva-will-detektive-zurueck\/","og_locale":"en_US","og_type":"article","og_title":"Suva will Detektive zur\u00fcck - Save","og_description":"Nach einem Urteil des Europ\u00e4ischen Gerichtshofs verzichtete die Suva auf Detektive, um Betrugsf\u00e4lle aufzudecken.","og_url":"https:\/\/news.save.ch\/en\/suva-will-detektive-zurueck\/","og_site_name":"Save","article_published_time":"2016-11-22T10:22:12+00:00","og_image":[{"width":667,"height":1000,"url":"https:\/\/news.save.ch\/wp-content\/uploads\/2016\/12\/Suva-will-Detektive-zurueck_safety-plus.jpg","type":"image\/jpeg"}],"author":"admin","twitter_card":"summary_large_image","twitter_misc":{"Written by":"admin","Est. reading time":"2 minutes"},"schema":{"@context":"https:\/\/schema.org","@graph":[{"@type":"Article","@id":"https:\/\/news.save.ch\/suva-will-detektive-zurueck\/#article","isPartOf":{"@id":"https:\/\/news.save.ch\/suva-will-detektive-zurueck\/"},"author":{"name":"admin","@id":"https:\/\/news.save.ch\/de\/#\/schema\/person\/d49e199490bad7c70d64b9ab51142f2b"},"headline":"Suva will Detektive zur\u00fcck","datePublished":"2016-11-22T10:22:12+00:00","mainEntityOfPage":{"@id":"https:\/\/news.save.ch\/suva-will-detektive-zurueck\/"},"wordCount":347,"commentCount":0,"publisher":{"@id":"https:\/\/news.save.ch\/de\/#organization"},"image":{"@id":"https:\/\/news.save.ch\/suva-will-detektive-zurueck\/#primaryimage"},"thumbnailUrl":"https:\/\/news.save.ch\/wp-content\/uploads\/2016\/12\/Suva-will-Detektive-zurueck_safety-plus.jpg","keywords":["SUVA","Versicherung"],"articleSection":["ALLGEMEIN"],"inLanguage":"en-US"},{"@type":"WebPage","@id":"https:\/\/news.save.ch\/suva-will-detektive-zurueck\/","url":"https:\/\/news.save.ch\/suva-will-detektive-zurueck\/","name":"Suva wants detectives back - Save","isPartOf":{"@id":"https:\/\/news.save.ch\/de\/#website"},"primaryImageOfPage":{"@id":"https:\/\/news.save.ch\/suva-will-detektive-zurueck\/#primaryimage"},"image":{"@id":"https:\/\/news.save.ch\/suva-will-detektive-zurueck\/#primaryimage"},"thumbnailUrl":"https:\/\/news.save.ch\/wp-content\/uploads\/2016\/12\/Suva-will-Detektive-zurueck_safety-plus.jpg","datePublished":"2016-11-22T10:22:12+00:00","description":"Following a ruling by the European Court of Justice, Suva dispensed with detectives to uncover cases of fraud.","breadcrumb":{"@id":"https:\/\/news.save.ch\/suva-will-detektive-zurueck\/#breadcrumb"},"inLanguage":"en-US","potentialAction":[{"@type":"ReadAction","target":["https:\/\/news.save.ch\/suva-will-detektive-zurueck\/"]}]},{"@type":"ImageObject","inLanguage":"en-US","@id":"https:\/\/news.save.ch\/suva-will-detektive-zurueck\/#primaryimage","url":"https:\/\/news.save.ch\/wp-content\/uploads\/2016\/12\/Suva-will-Detektive-zurueck_safety-plus.jpg","contentUrl":"https:\/\/news.save.ch\/wp-content\/uploads\/2016\/12\/Suva-will-Detektive-zurueck_safety-plus.jpg","width":667,"height":1000,"caption":"Wer wegen R\u00fcckenleiden krankgeschrieben ist, aber in der Freizeit schwere Lasten hebt, macht sich verd\u00e4chtig."},{"@type":"BreadcrumbList","@id":"https:\/\/news.save.ch\/suva-will-detektive-zurueck\/#breadcrumb","itemListElement":[{"@type":"ListItem","position":1,"name":"Home","item":"https:\/\/news.save.ch\/de\/"},{"@type":"ListItem","position":2,"name":"Suva will Detektive zur\u00fcck"}]},{"@type":"WebSite","@id":"https:\/\/news.save.ch\/de\/#website","url":"https:\/\/news.save.ch\/de\/","name":"Save","description":"Swiss trade journal for safety","publisher":{"@id":"https:\/\/news.save.ch\/de\/#organization"},"potentialAction":[{"@type":"SearchAction","target":{"@type":"EntryPoint","urlTemplate":"https:\/\/news.save.ch\/de\/?s={search_term_string}"},"query-input":{"@type":"PropertyValueSpecification","valueRequired":true,"valueName":"search_term_string"}}],"inLanguage":"en-US"},{"@type":"Organization","@id":"https:\/\/news.save.ch\/de\/#organization","name":"Security Forum","url":"https:\/\/news.save.ch\/de\/","logo":{"@type":"ImageObject","inLanguage":"en-US","@id":"https:\/\/news.save.ch\/de\/#\/schema\/logo\/image\/","url":"https:\/\/news.save.ch\/wp-content\/uploads\/2022\/06\/Logo_SF_2012.png","contentUrl":"https:\/\/news.save.ch\/wp-content\/uploads\/2022\/06\/Logo_SF_2012.png","width":1100,"height":91,"caption":"Sicherheitsforum"},"image":{"@id":"https:\/\/news.save.ch\/de\/#\/schema\/logo\/image\/"}},{"@type":"Person","@id":"https:\/\/news.save.ch\/de\/#\/schema\/person\/d49e199490bad7c70d64b9ab51142f2b","name":"admin","image":{"@type":"ImageObject","inLanguage":"en-US","@id":"https:\/\/secure.gravatar.com\/avatar\/ae2f4d718e6c49043e314ce431e7e645d646302a24a5ef5a8bc8e3f5a032e319?s=96&d=mm&r=g","url":"https:\/\/secure.gravatar.com\/avatar\/ae2f4d718e6c49043e314ce431e7e645d646302a24a5ef5a8bc8e3f5a032e319?s=96&d=mm&r=g","contentUrl":"https:\/\/secure.gravatar.com\/avatar\/ae2f4d718e6c49043e314ce431e7e645d646302a24a5ef5a8bc8e3f5a032e319?s=96&d=mm&r=g","caption":"admin"},"sameAs":["https:\/\/develop.organisator.galledia.ch"],"url":"https:\/\/news.save.ch\/en\/author\/admin\/"}]}},"_links":{"self":[{"href":"https:\/\/news.save.ch\/en\/wp-json\/wp\/v2\/posts\/16789","targetHints":{"allow":["GET"]}}],"collection":[{"href":"https:\/\/news.save.ch\/en\/wp-json\/wp\/v2\/posts"}],"about":[{"href":"https:\/\/news.save.ch\/en\/wp-json\/wp\/v2\/types\/post"}],"author":[{"embeddable":true,"href":"https:\/\/news.save.ch\/en\/wp-json\/wp\/v2\/users\/1"}],"replies":[{"embeddable":true,"href":"https:\/\/news.save.ch\/en\/wp-json\/wp\/v2\/comments?post=16789"}],"version-history":[{"count":0,"href":"https:\/\/news.save.ch\/en\/wp-json\/wp\/v2\/posts\/16789\/revisions"}],"wp:featuredmedia":[{"embeddable":true,"href":"https:\/\/news.save.ch\/en\/wp-json\/wp\/v2\/media\/16155"}],"wp:attachment":[{"href":"https:\/\/news.save.ch\/en\/wp-json\/wp\/v2\/media?parent=16789"}],"wp:term":[{"taxonomy":"category","embeddable":true,"href":"https:\/\/news.save.ch\/en\/wp-json\/wp\/v2\/categories?post=16789"},{"taxonomy":"post_tag","embeddable":true,"href":"https:\/\/news.save.ch\/en\/wp-json\/wp\/v2\/tags?post=16789"}],"curies":[{"name":"wp","href":"https:\/\/api.w.org\/{rel}","templated":true}]}}