{"id":16864,"date":"2018-03-13T11:14:44","date_gmt":"2018-03-13T10:14:44","guid":{"rendered":"https:\/\/news.save.ch\/?p=2702"},"modified":"2023-03-14T09:05:35","modified_gmt":"2023-03-14T08:05:35","slug":"bundesrat-lehnt-pflegeinitiative-ab","status":null,"type":"post","link":"https:\/\/news.save.ch\/en\/bundesrat-lehnt-pflegeinitiative-ab\/","title":{"rendered":"Federal Council rejects \"nursing care initiative"},"content":{"rendered":"<figure id=\"attachment_2703\" aria-describedby=\"caption-attachment-2703\" style=\"width: 680px\" class=\"wp-caption alignnone\"><img loading=\"lazy\" decoding=\"async\" class=\"size-medium wp-image-2703\" src=\"http:\/\/develop.safety-plus.ch\/wp-content\/uploads\/2018\/03\/Depositphotos_Wavebreakmedia.jpg\" alt=\"\" width=\"680\" height=\"453\" \/><figcaption id=\"caption-attachment-2703\" class=\"wp-caption-text\">The care initiative fights for more rights for employees. However, the Federal Council believes that the constitutional article on basic medical care is sufficient.<br \/>\u00a9 Depositphotos\/Wavebreakmedia<\/figcaption><\/figure>\n<p>The Federal Council understands the demand of the initiators that the Confederation and the cantons continue to work together for sufficient and well-qualified <a href=\"https:\/\/news.save.ch\/en\/gesundheitsfachmann-immer-ein-traumjob\/\" target=\"_blank\" rel=\"noopener\">Nursing staff<\/a> have to use. With the Master Plan for Education in the Nursing Professions 2010-2015, together with the cantons, it has already outlined measures to counter the shortage of skilled workers in the nursing professions. The master plan is beginning to bear fruit. Training qualifications in basic vocational training are rising. In addition, the Federal Council adopted further projects in 2016 as part of the skilled workers initiative, which are aimed in particular at the area of long-term care. These include a support program for people re-entering the workforce, as well as a campaign to improve the image of apprenticeships and careers in long-term care. The federal government is also committed to supporting companies that want to make their working conditions more attractive.<\/p>\n<p><strong>Constitutional article on primary health care would be sufficient<\/strong><\/p>\n<p>The Federal Council shares the view of the initiative committee that nursing, like family medicine, is an indispensable part of the <a href=\"https:\/\/news.save.ch\/en\/schweizer-bevoelkerung-ist-zufrieden-mit-der-gesundheitsversorgung\/\" target=\"_blank\" rel=\"noopener\">primary health care<\/a> is. However, it notes that the constitutional article on basic medical care (117a BV) is sufficient for the strengthening of care by the Confederation and cantons within the framework of existing competences, as called for by the initiators. The Federal Council is also convinced that direct billing of care services to the compulsory health insurance (OKP) without coordinating measures would lead to an increase in volume and thus to undesirable consequences. <a href=\"https:\/\/news.save.ch\/en\/armut-macht-krank-und-krankheit-macht-arm\/\" target=\"_blank\" rel=\"noopener\">Cost developments in the health care system<\/a> should lead to a reduction of the initiative. However, the Federal Council has instructed the FDHA to examine and develop further measures with the involvement of the most important players and the initiative committee. The justified concerns of the initiators are to be taken up with concrete solutions within the framework of existing competencies.<\/p>\n<p>Publisher:\u00a0 <a href=\"https:\/\/www.admin.ch\/gov\/de\/start.html\" target=\"_blank\" rel=\"noopener\">The Federal Council<\/a>\u00a0 &amp; \u00a0<a href=\"http:\/\/www.bag.admin.ch\" target=\"_blank\" rel=\"noopener\">Federal Office of Public Health <\/a><\/p>\n<p>More info about the <a href=\"http:\/\/www.pflegeinitiative.ch\" target=\"_blank\" rel=\"noopener\">Nursing Initiative<\/a><\/p>\n<p><a href=\"https:\/\/www.youtube.com\/watch?v=JZWvzcTRces#action=share\" target=\"_blank\" rel=\"noopener\">Care initiative video <\/a><\/p>","protected":false},"excerpt":{"rendered":"<p>Der Bundesrat hat Verst\u00e4ndnis f\u00fcr die Forderung der Initiantinnen und Initianten, dass Bund und Kantone sich weiterhin gemeinsam f\u00fcr gen\u00fcgend und gut qualifiziertes Pflegefachpersonal einsetzen m\u00fcssen. Mit dem Masterplan Bildung Pflegeberufe 2010-2015 hat er gemeinsam mit den Kantonen bereits Massnahmen aufgezeigt, wie er dem Fachkr\u00e4ftemangel in den Pflegeberufen begegnen will. Der Masterplan zeitigt erste Erfolge. [&hellip;]<\/p>\n","protected":false},"author":1,"featured_media":16259,"comment_status":"open","ping_status":"open","sticky":false,"template":"","format":"standard","meta":{"_acf_changed":false,"pgc_sgb_lightbox_settings":"","footnotes":""},"categories":[3314],"tags":[172,1678,540,700,1762,168,2025,2026,149,2398,2519,2679,2680,2682],"class_list":["post-16864","post","type-post","status-publish","format-standard","has-post-thumbnail","hentry","category-health-safety","tag-arbeitssicherheit","tag-arbeitszeit","tag-ausbildung","tag-bag","tag-berufliche-grundbildung","tag-bundesrat","tag-fachkraefteinitiative","tag-fachkraeftemangel","tag-gesundheitsschutz","tag-kostenentwicklung","tag-medizinische-grundversorgung","tag-pflegeberufe","tag-pflegefachpersonal","tag-pflegeleistung"],"acf":[],"hkrextid":null,"publication":null,"issue":null,"workflow":null,"startPage":null,"spitzmarke":null,"_posts_by_tag_page_fields":{"widget_title":"","widget_tags":""},"_at_widget":"1","_yoast_wpseo_primary_category":"5","_yoast_wpseo_focuskw_text_input":"Pflegeinitiative","_yoast_wpseo_opengraph-image":null,"_yoast_wpseo_opengraph-description":null,"_yoast_wpseo_opengraph-title":null,"enclosure":null,"_yoast_wpseo_twitter-title":null,"_yoast_wpseo_twitter-description":null,"_yoast_wpseo_twitter-image":null,"_wp_old_slug":null,"_yoast_wpseo_title":null,"_yoast_wpseo_canonical":null,"yoast_head":"<!-- This site is optimized with the Yoast SEO plugin v27.5 - https:\/\/yoast.com\/product\/yoast-seo-wordpress\/ -->\n<title>Bundesrat lehnt \u00abPflegeinitiative\u00bb ab - Save<\/title>\n<meta name=\"description\" content=\"Die Pflegeinitiative k\u00e4mpft f\u00fcr mehr Rechte der Arbeitnehmer. Der Bundesrat ist jedoch der Ansicht, dass der Verfassungsartikel zur medizinischen Grundversorgung ausreiche.\" \/>\n<meta name=\"robots\" content=\"index, follow, max-snippet:-1, max-image-preview:large, max-video-preview:-1\" \/>\n<link rel=\"canonical\" href=\"https:\/\/news.save.ch\/en\/bundesrat-lehnt-pflegeinitiative-ab\/\" \/>\n<meta property=\"og:locale\" content=\"en_US\" \/>\n<meta property=\"og:type\" content=\"article\" \/>\n<meta property=\"og:title\" content=\"Bundesrat lehnt \u00abPflegeinitiative\u00bb ab - Save\" \/>\n<meta property=\"og:description\" content=\"Die Pflegeinitiative k\u00e4mpft f\u00fcr mehr Rechte der Arbeitnehmer. Der Bundesrat ist jedoch der Ansicht, dass der Verfassungsartikel zur medizinischen Grundversorgung ausreiche.\" \/>\n<meta property=\"og:url\" content=\"https:\/\/news.save.ch\/en\/bundesrat-lehnt-pflegeinitiative-ab\/\" \/>\n<meta property=\"og:site_name\" content=\"Save\" \/>\n<meta property=\"article:published_time\" content=\"2018-03-13T10:14:44+00:00\" \/>\n<meta property=\"article:modified_time\" content=\"2023-03-14T08:05:35+00:00\" \/>\n<meta property=\"og:image\" content=\"https:\/\/news.save.ch\/wp-content\/uploads\/2018\/03\/Depositphotos_Wavebreakmedia-scaled-1.jpg\" \/>\n\t<meta property=\"og:image:width\" content=\"1200\" \/>\n\t<meta property=\"og:image:height\" content=\"800\" \/>\n\t<meta property=\"og:image:type\" content=\"image\/jpeg\" \/>\n<meta name=\"author\" content=\"admin\" \/>\n<meta name=\"twitter:card\" content=\"summary_large_image\" \/>\n<meta name=\"twitter:label1\" content=\"Written by\" \/>\n\t<meta name=\"twitter:data1\" content=\"admin\" \/>\n\t<meta name=\"twitter:label2\" content=\"Est. reading time\" \/>\n\t<meta name=\"twitter:data2\" content=\"2 minutes\" \/>\n<script type=\"application\/ld+json\" class=\"yoast-schema-graph\">{\"@context\":\"https:\\\/\\\/schema.org\",\"@graph\":[{\"@type\":\"Article\",\"@id\":\"https:\\\/\\\/news.save.ch\\\/bundesrat-lehnt-pflegeinitiative-ab\\\/#article\",\"isPartOf\":{\"@id\":\"https:\\\/\\\/news.save.ch\\\/bundesrat-lehnt-pflegeinitiative-ab\\\/\"},\"author\":{\"name\":\"admin\",\"@id\":\"https:\\\/\\\/news.save.ch\\\/de\\\/#\\\/schema\\\/person\\\/d49e199490bad7c70d64b9ab51142f2b\"},\"headline\":\"Bundesrat lehnt \u00abPflegeinitiative\u00bb ab\",\"datePublished\":\"2018-03-13T10:14:44+00:00\",\"dateModified\":\"2023-03-14T08:05:35+00:00\",\"mainEntityOfPage\":{\"@id\":\"https:\\\/\\\/news.save.ch\\\/bundesrat-lehnt-pflegeinitiative-ab\\\/\"},\"wordCount\":329,\"commentCount\":0,\"publisher\":{\"@id\":\"https:\\\/\\\/news.save.ch\\\/de\\\/#organization\"},\"image\":{\"@id\":\"https:\\\/\\\/news.save.ch\\\/bundesrat-lehnt-pflegeinitiative-ab\\\/#primaryimage\"},\"thumbnailUrl\":\"https:\\\/\\\/news.save.ch\\\/wp-content\\\/uploads\\\/2018\\\/03\\\/Depositphotos_Wavebreakmedia-scaled-1.jpg\",\"keywords\":[\"Arbeitssicherheit\",\"Arbeitszeit\",\"Ausbildung\",\"BAG\",\"berufliche Grundbildung\",\"Bundesrat\",\"Fachkr\u00e4fteinitiative\",\"Fachkr\u00e4ftemangel\",\"Gesundheitsschutz\",\"Kostenentwicklung\",\"medizinische Grundversorgung\",\"Pflegeberufe\",\"Pflegefachpersonal\",\"Pflegeleistung\"],\"articleSection\":[\"HEALTH &amp; SAFETY\"],\"inLanguage\":\"en-US\"},{\"@type\":\"WebPage\",\"@id\":\"https:\\\/\\\/news.save.ch\\\/bundesrat-lehnt-pflegeinitiative-ab\\\/\",\"url\":\"https:\\\/\\\/news.save.ch\\\/bundesrat-lehnt-pflegeinitiative-ab\\\/\",\"name\":\"Bundesrat lehnt \u00abPflegeinitiative\u00bb ab - Save\",\"isPartOf\":{\"@id\":\"https:\\\/\\\/news.save.ch\\\/de\\\/#website\"},\"primaryImageOfPage\":{\"@id\":\"https:\\\/\\\/news.save.ch\\\/bundesrat-lehnt-pflegeinitiative-ab\\\/#primaryimage\"},\"image\":{\"@id\":\"https:\\\/\\\/news.save.ch\\\/bundesrat-lehnt-pflegeinitiative-ab\\\/#primaryimage\"},\"thumbnailUrl\":\"https:\\\/\\\/news.save.ch\\\/wp-content\\\/uploads\\\/2018\\\/03\\\/Depositphotos_Wavebreakmedia-scaled-1.jpg\",\"datePublished\":\"2018-03-13T10:14:44+00:00\",\"dateModified\":\"2023-03-14T08:05:35+00:00\",\"description\":\"Die Pflegeinitiative k\u00e4mpft f\u00fcr mehr Rechte der Arbeitnehmer. Der Bundesrat ist jedoch der Ansicht, dass der Verfassungsartikel zur medizinischen Grundversorgung ausreiche.\",\"breadcrumb\":{\"@id\":\"https:\\\/\\\/news.save.ch\\\/bundesrat-lehnt-pflegeinitiative-ab\\\/#breadcrumb\"},\"inLanguage\":\"en-US\",\"potentialAction\":[{\"@type\":\"ReadAction\",\"target\":[\"https:\\\/\\\/news.save.ch\\\/bundesrat-lehnt-pflegeinitiative-ab\\\/\"]}]},{\"@type\":\"ImageObject\",\"inLanguage\":\"en-US\",\"@id\":\"https:\\\/\\\/news.save.ch\\\/bundesrat-lehnt-pflegeinitiative-ab\\\/#primaryimage\",\"url\":\"https:\\\/\\\/news.save.ch\\\/wp-content\\\/uploads\\\/2018\\\/03\\\/Depositphotos_Wavebreakmedia-scaled-1.jpg\",\"contentUrl\":\"https:\\\/\\\/news.save.ch\\\/wp-content\\\/uploads\\\/2018\\\/03\\\/Depositphotos_Wavebreakmedia-scaled-1.jpg\",\"width\":1200,\"height\":800,\"caption\":\"Die Pflegeinitiative k\u00e4mpft f\u00fcr mehr Rechte der Arbeitnehmer. Der Bundesrat ist jedoch der Ansicht, dass der Verfassungsartikel zur medizinischen Grundversorgung ausreiche. \u00a9 Depositphotos\\\/Wavebreakmedia\"},{\"@type\":\"BreadcrumbList\",\"@id\":\"https:\\\/\\\/news.save.ch\\\/bundesrat-lehnt-pflegeinitiative-ab\\\/#breadcrumb\",\"itemListElement\":[{\"@type\":\"ListItem\",\"position\":1,\"name\":\"Home\",\"item\":\"https:\\\/\\\/news.save.ch\\\/de\\\/\"},{\"@type\":\"ListItem\",\"position\":2,\"name\":\"Bundesrat lehnt \u00abPflegeinitiative\u00bb ab\"}]},{\"@type\":\"WebSite\",\"@id\":\"https:\\\/\\\/news.save.ch\\\/de\\\/#website\",\"url\":\"https:\\\/\\\/news.save.ch\\\/de\\\/\",\"name\":\"Save\",\"description\":\"Schweizer Fachzeitschrift f\u00fcr Sicherheit\",\"publisher\":{\"@id\":\"https:\\\/\\\/news.save.ch\\\/de\\\/#organization\"},\"potentialAction\":[{\"@type\":\"SearchAction\",\"target\":{\"@type\":\"EntryPoint\",\"urlTemplate\":\"https:\\\/\\\/news.save.ch\\\/de\\\/?s={search_term_string}\"},\"query-input\":{\"@type\":\"PropertyValueSpecification\",\"valueRequired\":true,\"valueName\":\"search_term_string\"}}],\"inLanguage\":\"en-US\"},{\"@type\":\"Organization\",\"@id\":\"https:\\\/\\\/news.save.ch\\\/de\\\/#organization\",\"name\":\"Sicherheitsforum\",\"url\":\"https:\\\/\\\/news.save.ch\\\/de\\\/\",\"logo\":{\"@type\":\"ImageObject\",\"inLanguage\":\"en-US\",\"@id\":\"https:\\\/\\\/news.save.ch\\\/de\\\/#\\\/schema\\\/logo\\\/image\\\/\",\"url\":\"https:\\\/\\\/news.save.ch\\\/wp-content\\\/uploads\\\/2022\\\/06\\\/Logo_SF_2012.png\",\"contentUrl\":\"https:\\\/\\\/news.save.ch\\\/wp-content\\\/uploads\\\/2022\\\/06\\\/Logo_SF_2012.png\",\"width\":1100,\"height\":91,\"caption\":\"Sicherheitsforum\"},\"image\":{\"@id\":\"https:\\\/\\\/news.save.ch\\\/de\\\/#\\\/schema\\\/logo\\\/image\\\/\"}},{\"@type\":\"Person\",\"@id\":\"https:\\\/\\\/news.save.ch\\\/de\\\/#\\\/schema\\\/person\\\/d49e199490bad7c70d64b9ab51142f2b\",\"name\":\"admin\",\"image\":{\"@type\":\"ImageObject\",\"inLanguage\":\"en-US\",\"@id\":\"https:\\\/\\\/secure.gravatar.com\\\/avatar\\\/ae2f4d718e6c49043e314ce431e7e645d646302a24a5ef5a8bc8e3f5a032e319?s=96&d=mm&r=g\",\"url\":\"https:\\\/\\\/secure.gravatar.com\\\/avatar\\\/ae2f4d718e6c49043e314ce431e7e645d646302a24a5ef5a8bc8e3f5a032e319?s=96&d=mm&r=g\",\"contentUrl\":\"https:\\\/\\\/secure.gravatar.com\\\/avatar\\\/ae2f4d718e6c49043e314ce431e7e645d646302a24a5ef5a8bc8e3f5a032e319?s=96&d=mm&r=g\",\"caption\":\"admin\"},\"sameAs\":[\"https:\\\/\\\/develop.organisator.galledia.ch\"],\"url\":\"https:\\\/\\\/news.save.ch\\\/en\\\/author\\\/admin\\\/\"}]}<\/script>\n<!-- \/ Yoast SEO plugin. -->","yoast_head_json":{"title":"Federal Council rejects \"care initiative\" - Save","description":"The care initiative fights for more rights for employees. However, the Federal Council believes that the constitutional article on basic medical care is sufficient.","robots":{"index":"index","follow":"follow","max-snippet":"max-snippet:-1","max-image-preview":"max-image-preview:large","max-video-preview":"max-video-preview:-1"},"canonical":"https:\/\/news.save.ch\/en\/bundesrat-lehnt-pflegeinitiative-ab\/","og_locale":"en_US","og_type":"article","og_title":"Bundesrat lehnt \u00abPflegeinitiative\u00bb ab - Save","og_description":"Die Pflegeinitiative k\u00e4mpft f\u00fcr mehr Rechte der Arbeitnehmer. Der Bundesrat ist jedoch der Ansicht, dass der Verfassungsartikel zur medizinischen Grundversorgung ausreiche.","og_url":"https:\/\/news.save.ch\/en\/bundesrat-lehnt-pflegeinitiative-ab\/","og_site_name":"Save","article_published_time":"2018-03-13T10:14:44+00:00","article_modified_time":"2023-03-14T08:05:35+00:00","og_image":[{"width":1200,"height":800,"url":"https:\/\/news.save.ch\/wp-content\/uploads\/2018\/03\/Depositphotos_Wavebreakmedia-scaled-1.jpg","type":"image\/jpeg"}],"author":"admin","twitter_card":"summary_large_image","twitter_misc":{"Written by":"admin","Est. reading time":"2 minutes"},"schema":{"@context":"https:\/\/schema.org","@graph":[{"@type":"Article","@id":"https:\/\/news.save.ch\/bundesrat-lehnt-pflegeinitiative-ab\/#article","isPartOf":{"@id":"https:\/\/news.save.ch\/bundesrat-lehnt-pflegeinitiative-ab\/"},"author":{"name":"admin","@id":"https:\/\/news.save.ch\/de\/#\/schema\/person\/d49e199490bad7c70d64b9ab51142f2b"},"headline":"Bundesrat lehnt \u00abPflegeinitiative\u00bb ab","datePublished":"2018-03-13T10:14:44+00:00","dateModified":"2023-03-14T08:05:35+00:00","mainEntityOfPage":{"@id":"https:\/\/news.save.ch\/bundesrat-lehnt-pflegeinitiative-ab\/"},"wordCount":329,"commentCount":0,"publisher":{"@id":"https:\/\/news.save.ch\/de\/#organization"},"image":{"@id":"https:\/\/news.save.ch\/bundesrat-lehnt-pflegeinitiative-ab\/#primaryimage"},"thumbnailUrl":"https:\/\/news.save.ch\/wp-content\/uploads\/2018\/03\/Depositphotos_Wavebreakmedia-scaled-1.jpg","keywords":["Arbeitssicherheit","Arbeitszeit","Ausbildung","BAG","berufliche Grundbildung","Bundesrat","Fachkr\u00e4fteinitiative","Fachkr\u00e4ftemangel","Gesundheitsschutz","Kostenentwicklung","medizinische Grundversorgung","Pflegeberufe","Pflegefachpersonal","Pflegeleistung"],"articleSection":["HEALTH &amp; SAFETY"],"inLanguage":"en-US"},{"@type":"WebPage","@id":"https:\/\/news.save.ch\/bundesrat-lehnt-pflegeinitiative-ab\/","url":"https:\/\/news.save.ch\/bundesrat-lehnt-pflegeinitiative-ab\/","name":"Federal Council rejects \"care initiative\" - Save","isPartOf":{"@id":"https:\/\/news.save.ch\/de\/#website"},"primaryImageOfPage":{"@id":"https:\/\/news.save.ch\/bundesrat-lehnt-pflegeinitiative-ab\/#primaryimage"},"image":{"@id":"https:\/\/news.save.ch\/bundesrat-lehnt-pflegeinitiative-ab\/#primaryimage"},"thumbnailUrl":"https:\/\/news.save.ch\/wp-content\/uploads\/2018\/03\/Depositphotos_Wavebreakmedia-scaled-1.jpg","datePublished":"2018-03-13T10:14:44+00:00","dateModified":"2023-03-14T08:05:35+00:00","description":"The care initiative fights for more rights for employees. However, the Federal Council believes that the constitutional article on basic medical care is sufficient.","breadcrumb":{"@id":"https:\/\/news.save.ch\/bundesrat-lehnt-pflegeinitiative-ab\/#breadcrumb"},"inLanguage":"en-US","potentialAction":[{"@type":"ReadAction","target":["https:\/\/news.save.ch\/bundesrat-lehnt-pflegeinitiative-ab\/"]}]},{"@type":"ImageObject","inLanguage":"en-US","@id":"https:\/\/news.save.ch\/bundesrat-lehnt-pflegeinitiative-ab\/#primaryimage","url":"https:\/\/news.save.ch\/wp-content\/uploads\/2018\/03\/Depositphotos_Wavebreakmedia-scaled-1.jpg","contentUrl":"https:\/\/news.save.ch\/wp-content\/uploads\/2018\/03\/Depositphotos_Wavebreakmedia-scaled-1.jpg","width":1200,"height":800,"caption":"Die Pflegeinitiative k\u00e4mpft f\u00fcr mehr Rechte der Arbeitnehmer. Der Bundesrat ist jedoch der Ansicht, dass der Verfassungsartikel zur medizinischen Grundversorgung ausreiche. \u00a9 Depositphotos\/Wavebreakmedia"},{"@type":"BreadcrumbList","@id":"https:\/\/news.save.ch\/bundesrat-lehnt-pflegeinitiative-ab\/#breadcrumb","itemListElement":[{"@type":"ListItem","position":1,"name":"Home","item":"https:\/\/news.save.ch\/de\/"},{"@type":"ListItem","position":2,"name":"Bundesrat lehnt \u00abPflegeinitiative\u00bb ab"}]},{"@type":"WebSite","@id":"https:\/\/news.save.ch\/de\/#website","url":"https:\/\/news.save.ch\/de\/","name":"Save","description":"Swiss trade journal for safety","publisher":{"@id":"https:\/\/news.save.ch\/de\/#organization"},"potentialAction":[{"@type":"SearchAction","target":{"@type":"EntryPoint","urlTemplate":"https:\/\/news.save.ch\/de\/?s={search_term_string}"},"query-input":{"@type":"PropertyValueSpecification","valueRequired":true,"valueName":"search_term_string"}}],"inLanguage":"en-US"},{"@type":"Organization","@id":"https:\/\/news.save.ch\/de\/#organization","name":"Security Forum","url":"https:\/\/news.save.ch\/de\/","logo":{"@type":"ImageObject","inLanguage":"en-US","@id":"https:\/\/news.save.ch\/de\/#\/schema\/logo\/image\/","url":"https:\/\/news.save.ch\/wp-content\/uploads\/2022\/06\/Logo_SF_2012.png","contentUrl":"https:\/\/news.save.ch\/wp-content\/uploads\/2022\/06\/Logo_SF_2012.png","width":1100,"height":91,"caption":"Sicherheitsforum"},"image":{"@id":"https:\/\/news.save.ch\/de\/#\/schema\/logo\/image\/"}},{"@type":"Person","@id":"https:\/\/news.save.ch\/de\/#\/schema\/person\/d49e199490bad7c70d64b9ab51142f2b","name":"admin","image":{"@type":"ImageObject","inLanguage":"en-US","@id":"https:\/\/secure.gravatar.com\/avatar\/ae2f4d718e6c49043e314ce431e7e645d646302a24a5ef5a8bc8e3f5a032e319?s=96&d=mm&r=g","url":"https:\/\/secure.gravatar.com\/avatar\/ae2f4d718e6c49043e314ce431e7e645d646302a24a5ef5a8bc8e3f5a032e319?s=96&d=mm&r=g","contentUrl":"https:\/\/secure.gravatar.com\/avatar\/ae2f4d718e6c49043e314ce431e7e645d646302a24a5ef5a8bc8e3f5a032e319?s=96&d=mm&r=g","caption":"admin"},"sameAs":["https:\/\/develop.organisator.galledia.ch"],"url":"https:\/\/news.save.ch\/en\/author\/admin\/"}]}},"_links":{"self":[{"href":"https:\/\/news.save.ch\/en\/wp-json\/wp\/v2\/posts\/16864","targetHints":{"allow":["GET"]}}],"collection":[{"href":"https:\/\/news.save.ch\/en\/wp-json\/wp\/v2\/posts"}],"about":[{"href":"https:\/\/news.save.ch\/en\/wp-json\/wp\/v2\/types\/post"}],"author":[{"embeddable":true,"href":"https:\/\/news.save.ch\/en\/wp-json\/wp\/v2\/users\/1"}],"replies":[{"embeddable":true,"href":"https:\/\/news.save.ch\/en\/wp-json\/wp\/v2\/comments?post=16864"}],"version-history":[{"count":1,"href":"https:\/\/news.save.ch\/en\/wp-json\/wp\/v2\/posts\/16864\/revisions"}],"predecessor-version":[{"id":18316,"href":"https:\/\/news.save.ch\/en\/wp-json\/wp\/v2\/posts\/16864\/revisions\/18316"}],"wp:featuredmedia":[{"embeddable":true,"href":"https:\/\/news.save.ch\/en\/wp-json\/wp\/v2\/media\/16259"}],"wp:attachment":[{"href":"https:\/\/news.save.ch\/en\/wp-json\/wp\/v2\/media?parent=16864"}],"wp:term":[{"taxonomy":"category","embeddable":true,"href":"https:\/\/news.save.ch\/en\/wp-json\/wp\/v2\/categories?post=16864"},{"taxonomy":"post_tag","embeddable":true,"href":"https:\/\/news.save.ch\/en\/wp-json\/wp\/v2\/tags?post=16864"}],"curies":[{"name":"wp","href":"https:\/\/api.w.org\/{rel}","templated":true}]}}