{"id":16880,"date":"2018-06-13T08:55:02","date_gmt":"2018-06-13T06:55:02","guid":{"rendered":"https:\/\/news.save.ch\/?p=2969"},"modified":"2023-03-14T09:04:12","modified_gmt":"2023-03-14T08:04:12","slug":"neuer-direktor-beim-bfu-ab-2019","status":null,"type":"post","link":"https:\/\/news.save.ch\/en\/neuer-direktor-beim-bfu-ab-2019\/","title":{"rendered":"New director at the bfu from 2019"},"content":{"rendered":"<figure id=\"attachment_2974\" aria-describedby=\"caption-attachment-2974\" style=\"width: 680px\" class=\"wp-caption alignnone\"><img loading=\"lazy\" decoding=\"async\" class=\"size-medium wp-image-2974\" src=\"http:\/\/develop.safety-plus.ch\/wp-content\/uploads\/2018\/06\/Stefan_Siegrist_bfu-online.jpg\" alt=\"\" width=\"680\" height=\"657\" \/><figcaption id=\"caption-attachment-2974\" class=\"wp-caption-text\">Stefan Siegrist will take over as head of the bfu at the beginning of 2019. \u00a9 bfu<\/figcaption><\/figure>\n<p>Stefan Siegrist is to become the new director of the bfu. He will succeed Brigitte Buhmann, who is retiring after 15 years as bfu director, at the beginning of 2019. The bfu Foundation Board, led by Suva CEO Felix Weber, unanimously elected Siegrist on May 30, 2018. The 56-year-old prevention expert and long-time bfu employee prevailed against external competition.<\/p>\n<p>Since 1988, Stefan Siegrist has headed various research and consulting departments at the bfu and helped shape prevention in its three areas of activity: road traffic, sports, home\/leisure. In 2003, Siegrist was elected to the executive board, and he has been deputy director since 2008. Siegrist, who holds a doctorate in psychology, also chairs the expert council of the Road Safety Fund FVS. He also represents Switzerland internationally in several road safety committees and working groups.<\/p>\n<p><strong>Benefit from research knowledge<\/strong><\/p>\n<p>As director, Stefan Siegrist wants to establish the bfu even more strongly as a thought leader: \"Under the leadership of Brigitte Buhmann, the bfu has consistently developed its competencies in recent years. As a result, we now have the necessary know-how to research future accident risks at an early stage. If the bfu skillfully puts its scientific findings into practice, everyone can benefit from this knowledge.\" Examples of upcoming challenges in accident prevention include self-driving cars, demographic change and the increasing popularity of sports and leisure activities with a high risk of injury.<\/p>\n<p><strong>Competence Center for Accident Prevention<\/strong><\/p>\n<p>The bfu is committed to the safety of people in Switzerland as mandated by law. As the Swiss competence center for the <a href=\"https:\/\/news.save.ch\/en\/nichtberufsunfaelle-75-millionen-verlorene-arbeitstage\/\" target=\"_blank\" rel=\"noopener\">Prevention of non-occupational accidents<\/a> it conducts research in the areas of road traffic, sport and home\/leisure. The bfu employees pass on their knowledge to private individuals, schools, companies and professional circles. With a network of 1200 bfu safety delegates, the advisory service is anchored in all Swiss regions. The bfu acts independently of economic and political interests. As a specialist body, it is committed exclusively to safety.<\/p>\n<p>Text: <a href=\"https:\/\/www.bfu.ch\/de\" target=\"_blank\" rel=\"noopener\">bfu<\/a><\/p>","protected":false},"excerpt":{"rendered":"<p>Stefan Siegrist wird neuer Direktor der bfu. Er tritt Anfang 2019 die Nachfolge von Brigitte Buhmann an, die nach 15 Jahren als bfu-Direktorin in Pension geht. Der Stiftungsrat der bfu unter der Leitung von Suva-Chef Felix Weber hat Siegrist am 30. Mai 2018 einstimmig gew\u00e4hlt. Der 56-j\u00e4hrige Pr\u00e4ventionsexperte und langj\u00e4hrige bfu-Mitarbeiter setzte sich gegen externe [&hellip;]<\/p>\n","protected":false},"author":1,"featured_media":16278,"comment_status":"open","ping_status":"open","sticky":false,"template":"","format":"standard","meta":{"_acf_changed":false,"pgc_sgb_lightbox_settings":"","footnotes":""},"categories":[1,3314],"tags":[1775,952,2165,149,175,144,141,2973,176,327,68,3135,352,3186],"class_list":["post-16880","post","type-post","status-publish","format-standard","has-post-thumbnail","hentry","category-allgemein","category-health-safety","tag-betriebliches-gesundheitsmanagement","tag-bfu","tag-gesundheitsfoerderung","tag-gesundheitsschutz","tag-nichtberufsunfaelle","tag-personalien","tag-praevention","tag-sport","tag-sportunfaelle","tag-strassenverkehr","tag-tipps-und-tricks","tag-unfaelle","tag-verkehrssicherheit","tag-verkehrsunfall"],"acf":[],"hkrextid":null,"publication":null,"issue":null,"workflow":null,"startPage":null,"spitzmarke":null,"_posts_by_tag_page_fields":{"widget_title":"","widget_tags":""},"_at_widget":"1","_yoast_wpseo_primary_category":"1","_yoast_wpseo_focuskw_text_input":"Direktor bfu","_yoast_wpseo_opengraph-image":null,"_yoast_wpseo_opengraph-description":null,"_yoast_wpseo_opengraph-title":null,"enclosure":null,"_yoast_wpseo_twitter-title":null,"_yoast_wpseo_twitter-description":null,"_yoast_wpseo_twitter-image":null,"_wp_old_slug":null,"_yoast_wpseo_title":null,"_yoast_wpseo_canonical":null,"yoast_head":"<!-- This site is optimized with the Yoast SEO plugin v27.4 - https:\/\/yoast.com\/product\/yoast-seo-wordpress\/ -->\n<title>Neuer Direktor beim bfu ab 2019 - Save<\/title>\n<meta name=\"description\" content=\"Stefan Siegrist wird neuer Direktor der bfu. Er tritt Anfang 2019 die Nachfolge von Brigitte Buhmann an, die nach 15 Jahren als bfu-Direktorin in Pension geht.\" \/>\n<meta name=\"robots\" content=\"index, follow, max-snippet:-1, max-image-preview:large, max-video-preview:-1\" \/>\n<link rel=\"canonical\" href=\"https:\/\/news.save.ch\/en\/neuer-direktor-beim-bfu-ab-2019\/\" \/>\n<meta property=\"og:locale\" content=\"en_US\" \/>\n<meta property=\"og:type\" content=\"article\" \/>\n<meta property=\"og:title\" content=\"Neuer Direktor beim bfu ab 2019 - Save\" \/>\n<meta property=\"og:description\" content=\"Stefan Siegrist wird neuer Direktor der bfu. Er tritt Anfang 2019 die Nachfolge von Brigitte Buhmann an, die nach 15 Jahren als bfu-Direktorin in Pension geht.\" \/>\n<meta property=\"og:url\" content=\"https:\/\/news.save.ch\/en\/neuer-direktor-beim-bfu-ab-2019\/\" \/>\n<meta property=\"og:site_name\" content=\"Save\" \/>\n<meta property=\"article:published_time\" content=\"2018-06-13T06:55:02+00:00\" \/>\n<meta property=\"article:modified_time\" content=\"2023-03-14T08:04:12+00:00\" \/>\n<meta property=\"og:image\" content=\"https:\/\/news.save.ch\/wp-content\/uploads\/2018\/06\/Stefan_Siegrist_bfu-online-scaled-1.jpg\" \/>\n\t<meta property=\"og:image:width\" content=\"1200\" \/>\n\t<meta property=\"og:image:height\" content=\"1160\" \/>\n\t<meta property=\"og:image:type\" content=\"image\/jpeg\" \/>\n<meta name=\"author\" content=\"admin\" \/>\n<meta name=\"twitter:card\" content=\"summary_large_image\" \/>\n<meta name=\"twitter:label1\" content=\"Written by\" \/>\n\t<meta name=\"twitter:data1\" content=\"admin\" \/>\n\t<meta name=\"twitter:label2\" content=\"Est. reading time\" \/>\n\t<meta name=\"twitter:data2\" content=\"2 minutes\" \/>\n<script type=\"application\/ld+json\" class=\"yoast-schema-graph\">{\"@context\":\"https:\\\/\\\/schema.org\",\"@graph\":[{\"@type\":\"Article\",\"@id\":\"https:\\\/\\\/news.save.ch\\\/neuer-direktor-beim-bfu-ab-2019\\\/#article\",\"isPartOf\":{\"@id\":\"https:\\\/\\\/news.save.ch\\\/neuer-direktor-beim-bfu-ab-2019\\\/\"},\"author\":{\"name\":\"admin\",\"@id\":\"https:\\\/\\\/news.save.ch\\\/de\\\/#\\\/schema\\\/person\\\/d49e199490bad7c70d64b9ab51142f2b\"},\"headline\":\"Neuer Direktor beim bfu ab 2019\",\"datePublished\":\"2018-06-13T06:55:02+00:00\",\"dateModified\":\"2023-03-14T08:04:12+00:00\",\"mainEntityOfPage\":{\"@id\":\"https:\\\/\\\/news.save.ch\\\/neuer-direktor-beim-bfu-ab-2019\\\/\"},\"wordCount\":325,\"commentCount\":0,\"publisher\":{\"@id\":\"https:\\\/\\\/news.save.ch\\\/de\\\/#organization\"},\"image\":{\"@id\":\"https:\\\/\\\/news.save.ch\\\/neuer-direktor-beim-bfu-ab-2019\\\/#primaryimage\"},\"thumbnailUrl\":\"https:\\\/\\\/news.save.ch\\\/wp-content\\\/uploads\\\/2018\\\/06\\\/Stefan_Siegrist_bfu-online-scaled-1.jpg\",\"keywords\":[\"Betriebliches Gesundheitsmanagement\",\"BFU\",\"Gesundheitsf\u00f6rderung\",\"Gesundheitsschutz\",\"Nichtberufsunf\u00e4lle\",\"Personalien\",\"Pr\u00e4vention\",\"Sport\",\"Sportunf\u00e4lle\",\"Strassenverkehr\",\"Tipps und Tricks\",\"Unf\u00e4lle\",\"Verkehrssicherheit\",\"Verkehrsunfall\"],\"articleSection\":[\"ALLGEMEIN\",\"HEALTH &amp; SAFETY\"],\"inLanguage\":\"en-US\"},{\"@type\":\"WebPage\",\"@id\":\"https:\\\/\\\/news.save.ch\\\/neuer-direktor-beim-bfu-ab-2019\\\/\",\"url\":\"https:\\\/\\\/news.save.ch\\\/neuer-direktor-beim-bfu-ab-2019\\\/\",\"name\":\"Neuer Direktor beim bfu ab 2019 - Save\",\"isPartOf\":{\"@id\":\"https:\\\/\\\/news.save.ch\\\/de\\\/#website\"},\"primaryImageOfPage\":{\"@id\":\"https:\\\/\\\/news.save.ch\\\/neuer-direktor-beim-bfu-ab-2019\\\/#primaryimage\"},\"image\":{\"@id\":\"https:\\\/\\\/news.save.ch\\\/neuer-direktor-beim-bfu-ab-2019\\\/#primaryimage\"},\"thumbnailUrl\":\"https:\\\/\\\/news.save.ch\\\/wp-content\\\/uploads\\\/2018\\\/06\\\/Stefan_Siegrist_bfu-online-scaled-1.jpg\",\"datePublished\":\"2018-06-13T06:55:02+00:00\",\"dateModified\":\"2023-03-14T08:04:12+00:00\",\"description\":\"Stefan Siegrist wird neuer Direktor der bfu. Er tritt Anfang 2019 die Nachfolge von Brigitte Buhmann an, die nach 15 Jahren als bfu-Direktorin in Pension geht.\",\"breadcrumb\":{\"@id\":\"https:\\\/\\\/news.save.ch\\\/neuer-direktor-beim-bfu-ab-2019\\\/#breadcrumb\"},\"inLanguage\":\"en-US\",\"potentialAction\":[{\"@type\":\"ReadAction\",\"target\":[\"https:\\\/\\\/news.save.ch\\\/neuer-direktor-beim-bfu-ab-2019\\\/\"]}]},{\"@type\":\"ImageObject\",\"inLanguage\":\"en-US\",\"@id\":\"https:\\\/\\\/news.save.ch\\\/neuer-direktor-beim-bfu-ab-2019\\\/#primaryimage\",\"url\":\"https:\\\/\\\/news.save.ch\\\/wp-content\\\/uploads\\\/2018\\\/06\\\/Stefan_Siegrist_bfu-online-scaled-1.jpg\",\"contentUrl\":\"https:\\\/\\\/news.save.ch\\\/wp-content\\\/uploads\\\/2018\\\/06\\\/Stefan_Siegrist_bfu-online-scaled-1.jpg\",\"width\":1200,\"height\":1160,\"caption\":\"Stefan Siegrist \u00fcbernimmt Anfang 2019 die Leitung der bfu. \u00a9 bfu\"},{\"@type\":\"BreadcrumbList\",\"@id\":\"https:\\\/\\\/news.save.ch\\\/neuer-direktor-beim-bfu-ab-2019\\\/#breadcrumb\",\"itemListElement\":[{\"@type\":\"ListItem\",\"position\":1,\"name\":\"Home\",\"item\":\"https:\\\/\\\/news.save.ch\\\/de\\\/\"},{\"@type\":\"ListItem\",\"position\":2,\"name\":\"Neuer Direktor beim bfu ab 2019\"}]},{\"@type\":\"WebSite\",\"@id\":\"https:\\\/\\\/news.save.ch\\\/de\\\/#website\",\"url\":\"https:\\\/\\\/news.save.ch\\\/de\\\/\",\"name\":\"Save\",\"description\":\"Schweizer Fachzeitschrift f\u00fcr Sicherheit\",\"publisher\":{\"@id\":\"https:\\\/\\\/news.save.ch\\\/de\\\/#organization\"},\"potentialAction\":[{\"@type\":\"SearchAction\",\"target\":{\"@type\":\"EntryPoint\",\"urlTemplate\":\"https:\\\/\\\/news.save.ch\\\/de\\\/?s={search_term_string}\"},\"query-input\":{\"@type\":\"PropertyValueSpecification\",\"valueRequired\":true,\"valueName\":\"search_term_string\"}}],\"inLanguage\":\"en-US\"},{\"@type\":\"Organization\",\"@id\":\"https:\\\/\\\/news.save.ch\\\/de\\\/#organization\",\"name\":\"Sicherheitsforum\",\"url\":\"https:\\\/\\\/news.save.ch\\\/de\\\/\",\"logo\":{\"@type\":\"ImageObject\",\"inLanguage\":\"en-US\",\"@id\":\"https:\\\/\\\/news.save.ch\\\/de\\\/#\\\/schema\\\/logo\\\/image\\\/\",\"url\":\"https:\\\/\\\/news.save.ch\\\/wp-content\\\/uploads\\\/2022\\\/06\\\/Logo_SF_2012.png\",\"contentUrl\":\"https:\\\/\\\/news.save.ch\\\/wp-content\\\/uploads\\\/2022\\\/06\\\/Logo_SF_2012.png\",\"width\":1100,\"height\":91,\"caption\":\"Sicherheitsforum\"},\"image\":{\"@id\":\"https:\\\/\\\/news.save.ch\\\/de\\\/#\\\/schema\\\/logo\\\/image\\\/\"}},{\"@type\":\"Person\",\"@id\":\"https:\\\/\\\/news.save.ch\\\/de\\\/#\\\/schema\\\/person\\\/d49e199490bad7c70d64b9ab51142f2b\",\"name\":\"admin\",\"image\":{\"@type\":\"ImageObject\",\"inLanguage\":\"en-US\",\"@id\":\"https:\\\/\\\/secure.gravatar.com\\\/avatar\\\/ae2f4d718e6c49043e314ce431e7e645d646302a24a5ef5a8bc8e3f5a032e319?s=96&d=mm&r=g\",\"url\":\"https:\\\/\\\/secure.gravatar.com\\\/avatar\\\/ae2f4d718e6c49043e314ce431e7e645d646302a24a5ef5a8bc8e3f5a032e319?s=96&d=mm&r=g\",\"contentUrl\":\"https:\\\/\\\/secure.gravatar.com\\\/avatar\\\/ae2f4d718e6c49043e314ce431e7e645d646302a24a5ef5a8bc8e3f5a032e319?s=96&d=mm&r=g\",\"caption\":\"admin\"},\"sameAs\":[\"https:\\\/\\\/develop.organisator.galledia.ch\"],\"url\":\"https:\\\/\\\/news.save.ch\\\/en\\\/author\\\/admin\\\/\"}]}<\/script>\n<!-- \/ Yoast SEO plugin. -->","yoast_head_json":{"title":"New director at the bfu from 2019 - Save","description":"Stefan Siegrist is to become the new director of the bfu. He will succeed Brigitte Buhmann at the beginning of 2019, who is retiring after 15 years as bfu director.","robots":{"index":"index","follow":"follow","max-snippet":"max-snippet:-1","max-image-preview":"max-image-preview:large","max-video-preview":"max-video-preview:-1"},"canonical":"https:\/\/news.save.ch\/en\/neuer-direktor-beim-bfu-ab-2019\/","og_locale":"en_US","og_type":"article","og_title":"Neuer Direktor beim bfu ab 2019 - Save","og_description":"Stefan Siegrist wird neuer Direktor der bfu. Er tritt Anfang 2019 die Nachfolge von Brigitte Buhmann an, die nach 15 Jahren als bfu-Direktorin in Pension geht.","og_url":"https:\/\/news.save.ch\/en\/neuer-direktor-beim-bfu-ab-2019\/","og_site_name":"Save","article_published_time":"2018-06-13T06:55:02+00:00","article_modified_time":"2023-03-14T08:04:12+00:00","og_image":[{"width":1200,"height":1160,"url":"https:\/\/news.save.ch\/wp-content\/uploads\/2018\/06\/Stefan_Siegrist_bfu-online-scaled-1.jpg","type":"image\/jpeg"}],"author":"admin","twitter_card":"summary_large_image","twitter_misc":{"Written by":"admin","Est. reading time":"2 minutes"},"schema":{"@context":"https:\/\/schema.org","@graph":[{"@type":"Article","@id":"https:\/\/news.save.ch\/neuer-direktor-beim-bfu-ab-2019\/#article","isPartOf":{"@id":"https:\/\/news.save.ch\/neuer-direktor-beim-bfu-ab-2019\/"},"author":{"name":"admin","@id":"https:\/\/news.save.ch\/de\/#\/schema\/person\/d49e199490bad7c70d64b9ab51142f2b"},"headline":"Neuer Direktor beim bfu ab 2019","datePublished":"2018-06-13T06:55:02+00:00","dateModified":"2023-03-14T08:04:12+00:00","mainEntityOfPage":{"@id":"https:\/\/news.save.ch\/neuer-direktor-beim-bfu-ab-2019\/"},"wordCount":325,"commentCount":0,"publisher":{"@id":"https:\/\/news.save.ch\/de\/#organization"},"image":{"@id":"https:\/\/news.save.ch\/neuer-direktor-beim-bfu-ab-2019\/#primaryimage"},"thumbnailUrl":"https:\/\/news.save.ch\/wp-content\/uploads\/2018\/06\/Stefan_Siegrist_bfu-online-scaled-1.jpg","keywords":["Betriebliches Gesundheitsmanagement","BFU","Gesundheitsf\u00f6rderung","Gesundheitsschutz","Nichtberufsunf\u00e4lle","Personalien","Pr\u00e4vention","Sport","Sportunf\u00e4lle","Strassenverkehr","Tipps und Tricks","Unf\u00e4lle","Verkehrssicherheit","Verkehrsunfall"],"articleSection":["ALLGEMEIN","HEALTH &amp; SAFETY"],"inLanguage":"en-US"},{"@type":"WebPage","@id":"https:\/\/news.save.ch\/neuer-direktor-beim-bfu-ab-2019\/","url":"https:\/\/news.save.ch\/neuer-direktor-beim-bfu-ab-2019\/","name":"New director at the bfu from 2019 - Save","isPartOf":{"@id":"https:\/\/news.save.ch\/de\/#website"},"primaryImageOfPage":{"@id":"https:\/\/news.save.ch\/neuer-direktor-beim-bfu-ab-2019\/#primaryimage"},"image":{"@id":"https:\/\/news.save.ch\/neuer-direktor-beim-bfu-ab-2019\/#primaryimage"},"thumbnailUrl":"https:\/\/news.save.ch\/wp-content\/uploads\/2018\/06\/Stefan_Siegrist_bfu-online-scaled-1.jpg","datePublished":"2018-06-13T06:55:02+00:00","dateModified":"2023-03-14T08:04:12+00:00","description":"Stefan Siegrist is to become the new director of the bfu. He will succeed Brigitte Buhmann at the beginning of 2019, who is retiring after 15 years as bfu director.","breadcrumb":{"@id":"https:\/\/news.save.ch\/neuer-direktor-beim-bfu-ab-2019\/#breadcrumb"},"inLanguage":"en-US","potentialAction":[{"@type":"ReadAction","target":["https:\/\/news.save.ch\/neuer-direktor-beim-bfu-ab-2019\/"]}]},{"@type":"ImageObject","inLanguage":"en-US","@id":"https:\/\/news.save.ch\/neuer-direktor-beim-bfu-ab-2019\/#primaryimage","url":"https:\/\/news.save.ch\/wp-content\/uploads\/2018\/06\/Stefan_Siegrist_bfu-online-scaled-1.jpg","contentUrl":"https:\/\/news.save.ch\/wp-content\/uploads\/2018\/06\/Stefan_Siegrist_bfu-online-scaled-1.jpg","width":1200,"height":1160,"caption":"Stefan Siegrist \u00fcbernimmt Anfang 2019 die Leitung der bfu. \u00a9 bfu"},{"@type":"BreadcrumbList","@id":"https:\/\/news.save.ch\/neuer-direktor-beim-bfu-ab-2019\/#breadcrumb","itemListElement":[{"@type":"ListItem","position":1,"name":"Home","item":"https:\/\/news.save.ch\/de\/"},{"@type":"ListItem","position":2,"name":"Neuer Direktor beim bfu ab 2019"}]},{"@type":"WebSite","@id":"https:\/\/news.save.ch\/de\/#website","url":"https:\/\/news.save.ch\/de\/","name":"Save","description":"Swiss trade journal for safety","publisher":{"@id":"https:\/\/news.save.ch\/de\/#organization"},"potentialAction":[{"@type":"SearchAction","target":{"@type":"EntryPoint","urlTemplate":"https:\/\/news.save.ch\/de\/?s={search_term_string}"},"query-input":{"@type":"PropertyValueSpecification","valueRequired":true,"valueName":"search_term_string"}}],"inLanguage":"en-US"},{"@type":"Organization","@id":"https:\/\/news.save.ch\/de\/#organization","name":"Security Forum","url":"https:\/\/news.save.ch\/de\/","logo":{"@type":"ImageObject","inLanguage":"en-US","@id":"https:\/\/news.save.ch\/de\/#\/schema\/logo\/image\/","url":"https:\/\/news.save.ch\/wp-content\/uploads\/2022\/06\/Logo_SF_2012.png","contentUrl":"https:\/\/news.save.ch\/wp-content\/uploads\/2022\/06\/Logo_SF_2012.png","width":1100,"height":91,"caption":"Sicherheitsforum"},"image":{"@id":"https:\/\/news.save.ch\/de\/#\/schema\/logo\/image\/"}},{"@type":"Person","@id":"https:\/\/news.save.ch\/de\/#\/schema\/person\/d49e199490bad7c70d64b9ab51142f2b","name":"admin","image":{"@type":"ImageObject","inLanguage":"en-US","@id":"https:\/\/secure.gravatar.com\/avatar\/ae2f4d718e6c49043e314ce431e7e645d646302a24a5ef5a8bc8e3f5a032e319?s=96&d=mm&r=g","url":"https:\/\/secure.gravatar.com\/avatar\/ae2f4d718e6c49043e314ce431e7e645d646302a24a5ef5a8bc8e3f5a032e319?s=96&d=mm&r=g","contentUrl":"https:\/\/secure.gravatar.com\/avatar\/ae2f4d718e6c49043e314ce431e7e645d646302a24a5ef5a8bc8e3f5a032e319?s=96&d=mm&r=g","caption":"admin"},"sameAs":["https:\/\/develop.organisator.galledia.ch"],"url":"https:\/\/news.save.ch\/en\/author\/admin\/"}]}},"_links":{"self":[{"href":"https:\/\/news.save.ch\/en\/wp-json\/wp\/v2\/posts\/16880","targetHints":{"allow":["GET"]}}],"collection":[{"href":"https:\/\/news.save.ch\/en\/wp-json\/wp\/v2\/posts"}],"about":[{"href":"https:\/\/news.save.ch\/en\/wp-json\/wp\/v2\/types\/post"}],"author":[{"embeddable":true,"href":"https:\/\/news.save.ch\/en\/wp-json\/wp\/v2\/users\/1"}],"replies":[{"embeddable":true,"href":"https:\/\/news.save.ch\/en\/wp-json\/wp\/v2\/comments?post=16880"}],"version-history":[{"count":1,"href":"https:\/\/news.save.ch\/en\/wp-json\/wp\/v2\/posts\/16880\/revisions"}],"predecessor-version":[{"id":18717,"href":"https:\/\/news.save.ch\/en\/wp-json\/wp\/v2\/posts\/16880\/revisions\/18717"}],"wp:featuredmedia":[{"embeddable":true,"href":"https:\/\/news.save.ch\/en\/wp-json\/wp\/v2\/media\/16278"}],"wp:attachment":[{"href":"https:\/\/news.save.ch\/en\/wp-json\/wp\/v2\/media?parent=16880"}],"wp:term":[{"taxonomy":"category","embeddable":true,"href":"https:\/\/news.save.ch\/en\/wp-json\/wp\/v2\/categories?post=16880"},{"taxonomy":"post_tag","embeddable":true,"href":"https:\/\/news.save.ch\/en\/wp-json\/wp\/v2\/tags?post=16880"}],"curies":[{"name":"wp","href":"https:\/\/api.w.org\/{rel}","templated":true}]}}