{"id":16900,"date":"2018-10-02T08:00:59","date_gmt":"2018-10-02T06:00:59","guid":{"rendered":"https:\/\/news.save.ch\/?p=3261"},"modified":"2023-03-14T09:05:34","modified_gmt":"2023-03-14T08:05:34","slug":"resilienz-schutz-vor-gesundheitsschaedigendem-stress","status":null,"type":"post","link":"https:\/\/news.save.ch\/en\/resilienz-schutz-vor-gesundheitsschaedigendem-stress\/","title":{"rendered":"Resilience: Protection against stress that is harmful to health"},"content":{"rendered":"<figure id=\"attachment_3262\" aria-describedby=\"caption-attachment-3262\" style=\"width: 680px\" class=\"wp-caption alignnone\"><img loading=\"lazy\" decoding=\"async\" class=\"size-medium wp-image-3262\" src=\"http:\/\/develop.safety-plus.ch\/wp-content\/uploads\/2018\/10\/Depositphotos_monkeybusiness.jpg\" alt=\"\" width=\"680\" height=\"453\" \/><figcaption id=\"caption-attachment-3262\" class=\"wp-caption-text\">Resilience stands for a protective effect against stress, depression and burnout. \u00a9 Depositphotos\/monkeybusiness<\/figcaption><\/figure>\n<p>The answer must be differentiated because the <a href=\"https:\/\/news.save.ch\/en\/tagung-optimierung-der-betrieblichen-sicherheit\/\" target=\"_blank\" rel=\"noopener\">Resilience<\/a> depends on various components that can be influenced to a greater or lesser extent. Within the framework of the external trust center for employees at AEH Zentrum f\u00fcr Arbeitssicherheit, Ergonomie und Hygiene AG who are confronted with psychologically stressful problems at work (e.g. conflict, <a href=\"https:\/\/news.save.ch\/en\/fachtagung-arbeitssicherheit-bedeutet-mehr-als-nur-sorgfaltspflichten\/\" target=\"_blank\" rel=\"noopener\">Bullying<\/a>, looming <a href=\"https:\/\/news.save.ch\/en\/motiviert-und-leistungsfaehig-trotz-viel-arbeit-ein-resultat-gesunder-fuehrung\/\" target=\"_blank\" rel=\"noopener\">Burn-out<\/a>), this aspect plays an important role. On the one hand, it is a matter of investigating possible causes at the workplace and also checking the extent to which the person affected has already taken advantage of support from specialists. On the other hand, however, factors are also important that are relevant for the personal <a href=\"https:\/\/news.save.ch\/en\/bueroangestellte-sind-gestresst\/\" target=\"_blank\" rel=\"noopener\">Stress defense<\/a> are of importance.<\/p>\n<p><strong>Personality traits<\/strong><\/p>\n<p>An important role is played by the personality traits that are unique to each person and can only be influenced to a limited extent. A distinction is made between the under-controlled, the over-controlled and the resilient type. The under-controlled type includes people who are outwardly oriented (extroverted), who appear lively, impulsive and sometimes aggressive to others. The over-controlled type, on the other hand, tends to be anxious, inwardly oriented (introverted), cautious, and defensive, whereas people of the resilient type tend to be extroverted, conscientious, agreeable, and tend to be open to new things. It is also known that resilience is positively influenced by increasing age.<\/p>\n<p>You get to know yourself better and better and know about your own weaknesses and strengths so that you can better master difficult situations. At some point, your career is over and other values come to the fore. You want to catch up on what you have missed out on, have more time for yourself and do things that you really want to do. We are less controlled by others, less dependent on the praise and criticism of others, which reduces our susceptibility to psychological crises. It should be noted that age alone is no guarantee of a stress-free life.<\/p>\n<p>Further info and text: AEH Center for Occupational Safety, Ergonomics and Hygiene AG<br \/>\n<a href=\"http:\/\/www.aeh.ch\" target=\"_blank\" rel=\"noopener\">www.aeh.ch<\/a><\/p>","protected":false},"excerpt":{"rendered":"<p>Die Beantwortung muss differenziert erfolgen, weil die Resilienz von verschiedenen Komponenten abh\u00e4ngt, die mehr oder weniger beeinflussbar sind. Im Rahmen der externen Vertrauensstelle f\u00fcr Mitarbeitende bei der AEH Zentrum f\u00fcr Arbeitssicherheit,\u00a0 Ergonomie und Hygiene AG, die bei der Arbeit mit psychisch belastenden Problemen konfrontiert sind (z.B. Konflikt, Mobbing, drohendes Burn-out), spielt dieser Aspekt eine wichtige [&hellip;]<\/p>\n","protected":false},"author":1,"featured_media":16301,"comment_status":"open","ping_status":"open","sticky":false,"template":"","format":"standard","meta":{"_acf_changed":false,"pgc_sgb_lightbox_settings":"","footnotes":""},"categories":[1,3314],"tags":[183,172,1775,1826,2165,149,2552,141,2729,1430,3013],"class_list":["post-16900","post","type-post","status-publish","format-standard","has-post-thumbnail","hentry","category-allgemein","category-health-safety","tag-arbeitsplatzgestaltung","tag-arbeitssicherheit","tag-betriebliches-gesundheitsmanagement","tag-burn-out","tag-gesundheitsfoerderung","tag-gesundheitsschutz","tag-mobbing","tag-praevention","tag-psychische-gesundheit","tag-resilienz","tag-stressabwehr"],"acf":[],"hkrextid":null,"publication":null,"issue":null,"workflow":null,"startPage":null,"spitzmarke":null,"_posts_by_tag_page_fields":{"widget_title":"","widget_tags":""},"_at_widget":"1","_yoast_wpseo_primary_category":"4","_yoast_wpseo_focuskw_text_input":"Resilienz","_yoast_wpseo_opengraph-image":null,"_yoast_wpseo_opengraph-description":null,"_yoast_wpseo_opengraph-title":null,"enclosure":null,"_yoast_wpseo_twitter-title":null,"_yoast_wpseo_twitter-description":null,"_yoast_wpseo_twitter-image":null,"_wp_old_slug":null,"_yoast_wpseo_title":null,"_yoast_wpseo_canonical":null,"yoast_head":"<!-- This site is optimized with the Yoast SEO plugin v27.5 - https:\/\/yoast.com\/product\/yoast-seo-wordpress\/ -->\n<title>Resilienz: Schutz vor gesundheitssch\u00e4digendem Stress - Save<\/title>\n<meta name=\"description\" content=\"Resilienz ist in gewissen Kreisen zu einem Modebegriff geworden und steht f\u00fcr einen Schutzeffekt gegen Stress, Depression und Burn-out.\" \/>\n<meta name=\"robots\" content=\"index, follow, max-snippet:-1, max-image-preview:large, max-video-preview:-1\" \/>\n<link rel=\"canonical\" href=\"https:\/\/news.save.ch\/en\/resilienz-schutz-vor-gesundheitsschaedigendem-stress\/\" \/>\n<meta property=\"og:locale\" content=\"en_US\" \/>\n<meta property=\"og:type\" content=\"article\" \/>\n<meta property=\"og:title\" content=\"Resilienz: Schutz vor gesundheitssch\u00e4digendem Stress - Save\" \/>\n<meta property=\"og:description\" content=\"Resilienz ist in gewissen Kreisen zu einem Modebegriff geworden und steht f\u00fcr einen Schutzeffekt gegen Stress, Depression und Burn-out.\" \/>\n<meta property=\"og:url\" content=\"https:\/\/news.save.ch\/en\/resilienz-schutz-vor-gesundheitsschaedigendem-stress\/\" \/>\n<meta property=\"og:site_name\" content=\"Save\" \/>\n<meta property=\"article:published_time\" content=\"2018-10-02T06:00:59+00:00\" \/>\n<meta property=\"article:modified_time\" content=\"2023-03-14T08:05:34+00:00\" \/>\n<meta property=\"og:image\" content=\"https:\/\/news.save.ch\/wp-content\/uploads\/2018\/10\/Depositphotos_monkeybusiness-scaled-1.jpg\" \/>\n\t<meta property=\"og:image:width\" content=\"1200\" \/>\n\t<meta property=\"og:image:height\" content=\"800\" \/>\n\t<meta property=\"og:image:type\" content=\"image\/jpeg\" \/>\n<meta name=\"author\" content=\"admin\" \/>\n<meta name=\"twitter:card\" content=\"summary_large_image\" \/>\n<meta name=\"twitter:label1\" content=\"Written by\" \/>\n\t<meta name=\"twitter:data1\" content=\"admin\" \/>\n\t<meta name=\"twitter:label2\" content=\"Est. reading time\" \/>\n\t<meta name=\"twitter:data2\" content=\"2 minutes\" \/>\n<script type=\"application\/ld+json\" class=\"yoast-schema-graph\">{\"@context\":\"https:\\\/\\\/schema.org\",\"@graph\":[{\"@type\":\"Article\",\"@id\":\"https:\\\/\\\/news.save.ch\\\/resilienz-schutz-vor-gesundheitsschaedigendem-stress\\\/#article\",\"isPartOf\":{\"@id\":\"https:\\\/\\\/news.save.ch\\\/resilienz-schutz-vor-gesundheitsschaedigendem-stress\\\/\"},\"author\":{\"name\":\"admin\",\"@id\":\"https:\\\/\\\/news.save.ch\\\/de\\\/#\\\/schema\\\/person\\\/d49e199490bad7c70d64b9ab51142f2b\"},\"headline\":\"Resilienz: Schutz vor gesundheitssch\u00e4digendem Stress\",\"datePublished\":\"2018-10-02T06:00:59+00:00\",\"dateModified\":\"2023-03-14T08:05:34+00:00\",\"mainEntityOfPage\":{\"@id\":\"https:\\\/\\\/news.save.ch\\\/resilienz-schutz-vor-gesundheitsschaedigendem-stress\\\/\"},\"wordCount\":348,\"commentCount\":0,\"publisher\":{\"@id\":\"https:\\\/\\\/news.save.ch\\\/de\\\/#organization\"},\"image\":{\"@id\":\"https:\\\/\\\/news.save.ch\\\/resilienz-schutz-vor-gesundheitsschaedigendem-stress\\\/#primaryimage\"},\"thumbnailUrl\":\"https:\\\/\\\/news.save.ch\\\/wp-content\\\/uploads\\\/2018\\\/10\\\/Depositphotos_monkeybusiness-scaled-1.jpg\",\"keywords\":[\"Arbeitsplatzgestaltung\",\"Arbeitssicherheit\",\"Betriebliches Gesundheitsmanagement\",\"Burn-out\",\"Gesundheitsf\u00f6rderung\",\"Gesundheitsschutz\",\"Mobbing\",\"Pr\u00e4vention\",\"Psychische Gesundheit\",\"Resilienz\",\"Stressabwehr\"],\"articleSection\":[\"ALLGEMEIN\",\"HEALTH &amp; SAFETY\"],\"inLanguage\":\"en-US\"},{\"@type\":\"WebPage\",\"@id\":\"https:\\\/\\\/news.save.ch\\\/resilienz-schutz-vor-gesundheitsschaedigendem-stress\\\/\",\"url\":\"https:\\\/\\\/news.save.ch\\\/resilienz-schutz-vor-gesundheitsschaedigendem-stress\\\/\",\"name\":\"Resilienz: Schutz vor gesundheitssch\u00e4digendem Stress - Save\",\"isPartOf\":{\"@id\":\"https:\\\/\\\/news.save.ch\\\/de\\\/#website\"},\"primaryImageOfPage\":{\"@id\":\"https:\\\/\\\/news.save.ch\\\/resilienz-schutz-vor-gesundheitsschaedigendem-stress\\\/#primaryimage\"},\"image\":{\"@id\":\"https:\\\/\\\/news.save.ch\\\/resilienz-schutz-vor-gesundheitsschaedigendem-stress\\\/#primaryimage\"},\"thumbnailUrl\":\"https:\\\/\\\/news.save.ch\\\/wp-content\\\/uploads\\\/2018\\\/10\\\/Depositphotos_monkeybusiness-scaled-1.jpg\",\"datePublished\":\"2018-10-02T06:00:59+00:00\",\"dateModified\":\"2023-03-14T08:05:34+00:00\",\"description\":\"Resilienz ist in gewissen Kreisen zu einem Modebegriff geworden und steht f\u00fcr einen Schutzeffekt gegen Stress, Depression und Burn-out.\",\"breadcrumb\":{\"@id\":\"https:\\\/\\\/news.save.ch\\\/resilienz-schutz-vor-gesundheitsschaedigendem-stress\\\/#breadcrumb\"},\"inLanguage\":\"en-US\",\"potentialAction\":[{\"@type\":\"ReadAction\",\"target\":[\"https:\\\/\\\/news.save.ch\\\/resilienz-schutz-vor-gesundheitsschaedigendem-stress\\\/\"]}]},{\"@type\":\"ImageObject\",\"inLanguage\":\"en-US\",\"@id\":\"https:\\\/\\\/news.save.ch\\\/resilienz-schutz-vor-gesundheitsschaedigendem-stress\\\/#primaryimage\",\"url\":\"https:\\\/\\\/news.save.ch\\\/wp-content\\\/uploads\\\/2018\\\/10\\\/Depositphotos_monkeybusiness-scaled-1.jpg\",\"contentUrl\":\"https:\\\/\\\/news.save.ch\\\/wp-content\\\/uploads\\\/2018\\\/10\\\/Depositphotos_monkeybusiness-scaled-1.jpg\",\"width\":1200,\"height\":800,\"caption\":\"Resilienz steht f\u00fcr einen Schutzeffekt gegen Stress, Depression und Burn-out. \u00a9 Depositphotos\\\/monkeybusiness\"},{\"@type\":\"BreadcrumbList\",\"@id\":\"https:\\\/\\\/news.save.ch\\\/resilienz-schutz-vor-gesundheitsschaedigendem-stress\\\/#breadcrumb\",\"itemListElement\":[{\"@type\":\"ListItem\",\"position\":1,\"name\":\"Home\",\"item\":\"https:\\\/\\\/news.save.ch\\\/de\\\/\"},{\"@type\":\"ListItem\",\"position\":2,\"name\":\"Resilienz: Schutz vor gesundheitssch\u00e4digendem Stress\"}]},{\"@type\":\"WebSite\",\"@id\":\"https:\\\/\\\/news.save.ch\\\/de\\\/#website\",\"url\":\"https:\\\/\\\/news.save.ch\\\/de\\\/\",\"name\":\"Save\",\"description\":\"Schweizer Fachzeitschrift f\u00fcr Sicherheit\",\"publisher\":{\"@id\":\"https:\\\/\\\/news.save.ch\\\/de\\\/#organization\"},\"potentialAction\":[{\"@type\":\"SearchAction\",\"target\":{\"@type\":\"EntryPoint\",\"urlTemplate\":\"https:\\\/\\\/news.save.ch\\\/de\\\/?s={search_term_string}\"},\"query-input\":{\"@type\":\"PropertyValueSpecification\",\"valueRequired\":true,\"valueName\":\"search_term_string\"}}],\"inLanguage\":\"en-US\"},{\"@type\":\"Organization\",\"@id\":\"https:\\\/\\\/news.save.ch\\\/de\\\/#organization\",\"name\":\"Sicherheitsforum\",\"url\":\"https:\\\/\\\/news.save.ch\\\/de\\\/\",\"logo\":{\"@type\":\"ImageObject\",\"inLanguage\":\"en-US\",\"@id\":\"https:\\\/\\\/news.save.ch\\\/de\\\/#\\\/schema\\\/logo\\\/image\\\/\",\"url\":\"https:\\\/\\\/news.save.ch\\\/wp-content\\\/uploads\\\/2022\\\/06\\\/Logo_SF_2012.png\",\"contentUrl\":\"https:\\\/\\\/news.save.ch\\\/wp-content\\\/uploads\\\/2022\\\/06\\\/Logo_SF_2012.png\",\"width\":1100,\"height\":91,\"caption\":\"Sicherheitsforum\"},\"image\":{\"@id\":\"https:\\\/\\\/news.save.ch\\\/de\\\/#\\\/schema\\\/logo\\\/image\\\/\"}},{\"@type\":\"Person\",\"@id\":\"https:\\\/\\\/news.save.ch\\\/de\\\/#\\\/schema\\\/person\\\/d49e199490bad7c70d64b9ab51142f2b\",\"name\":\"admin\",\"image\":{\"@type\":\"ImageObject\",\"inLanguage\":\"en-US\",\"@id\":\"https:\\\/\\\/secure.gravatar.com\\\/avatar\\\/ae2f4d718e6c49043e314ce431e7e645d646302a24a5ef5a8bc8e3f5a032e319?s=96&d=mm&r=g\",\"url\":\"https:\\\/\\\/secure.gravatar.com\\\/avatar\\\/ae2f4d718e6c49043e314ce431e7e645d646302a24a5ef5a8bc8e3f5a032e319?s=96&d=mm&r=g\",\"contentUrl\":\"https:\\\/\\\/secure.gravatar.com\\\/avatar\\\/ae2f4d718e6c49043e314ce431e7e645d646302a24a5ef5a8bc8e3f5a032e319?s=96&d=mm&r=g\",\"caption\":\"admin\"},\"sameAs\":[\"https:\\\/\\\/develop.organisator.galledia.ch\"],\"url\":\"https:\\\/\\\/news.save.ch\\\/en\\\/author\\\/admin\\\/\"}]}<\/script>\n<!-- \/ Yoast SEO plugin. -->","yoast_head_json":{"title":"Resilience: Protection against stress that is harmful to health - Save","description":"Resilience has become a fashionable term in certain circles and stands for a protective effect against stress, depression and burn-out.","robots":{"index":"index","follow":"follow","max-snippet":"max-snippet:-1","max-image-preview":"max-image-preview:large","max-video-preview":"max-video-preview:-1"},"canonical":"https:\/\/news.save.ch\/en\/resilienz-schutz-vor-gesundheitsschaedigendem-stress\/","og_locale":"en_US","og_type":"article","og_title":"Resilienz: Schutz vor gesundheitssch\u00e4digendem Stress - Save","og_description":"Resilienz ist in gewissen Kreisen zu einem Modebegriff geworden und steht f\u00fcr einen Schutzeffekt gegen Stress, Depression und Burn-out.","og_url":"https:\/\/news.save.ch\/en\/resilienz-schutz-vor-gesundheitsschaedigendem-stress\/","og_site_name":"Save","article_published_time":"2018-10-02T06:00:59+00:00","article_modified_time":"2023-03-14T08:05:34+00:00","og_image":[{"width":1200,"height":800,"url":"https:\/\/news.save.ch\/wp-content\/uploads\/2018\/10\/Depositphotos_monkeybusiness-scaled-1.jpg","type":"image\/jpeg"}],"author":"admin","twitter_card":"summary_large_image","twitter_misc":{"Written by":"admin","Est. reading time":"2 minutes"},"schema":{"@context":"https:\/\/schema.org","@graph":[{"@type":"Article","@id":"https:\/\/news.save.ch\/resilienz-schutz-vor-gesundheitsschaedigendem-stress\/#article","isPartOf":{"@id":"https:\/\/news.save.ch\/resilienz-schutz-vor-gesundheitsschaedigendem-stress\/"},"author":{"name":"admin","@id":"https:\/\/news.save.ch\/de\/#\/schema\/person\/d49e199490bad7c70d64b9ab51142f2b"},"headline":"Resilienz: Schutz vor gesundheitssch\u00e4digendem Stress","datePublished":"2018-10-02T06:00:59+00:00","dateModified":"2023-03-14T08:05:34+00:00","mainEntityOfPage":{"@id":"https:\/\/news.save.ch\/resilienz-schutz-vor-gesundheitsschaedigendem-stress\/"},"wordCount":348,"commentCount":0,"publisher":{"@id":"https:\/\/news.save.ch\/de\/#organization"},"image":{"@id":"https:\/\/news.save.ch\/resilienz-schutz-vor-gesundheitsschaedigendem-stress\/#primaryimage"},"thumbnailUrl":"https:\/\/news.save.ch\/wp-content\/uploads\/2018\/10\/Depositphotos_monkeybusiness-scaled-1.jpg","keywords":["Arbeitsplatzgestaltung","Arbeitssicherheit","Betriebliches Gesundheitsmanagement","Burn-out","Gesundheitsf\u00f6rderung","Gesundheitsschutz","Mobbing","Pr\u00e4vention","Psychische Gesundheit","Resilienz","Stressabwehr"],"articleSection":["ALLGEMEIN","HEALTH &amp; SAFETY"],"inLanguage":"en-US"},{"@type":"WebPage","@id":"https:\/\/news.save.ch\/resilienz-schutz-vor-gesundheitsschaedigendem-stress\/","url":"https:\/\/news.save.ch\/resilienz-schutz-vor-gesundheitsschaedigendem-stress\/","name":"Resilience: Protection against stress that is harmful to health - Save","isPartOf":{"@id":"https:\/\/news.save.ch\/de\/#website"},"primaryImageOfPage":{"@id":"https:\/\/news.save.ch\/resilienz-schutz-vor-gesundheitsschaedigendem-stress\/#primaryimage"},"image":{"@id":"https:\/\/news.save.ch\/resilienz-schutz-vor-gesundheitsschaedigendem-stress\/#primaryimage"},"thumbnailUrl":"https:\/\/news.save.ch\/wp-content\/uploads\/2018\/10\/Depositphotos_monkeybusiness-scaled-1.jpg","datePublished":"2018-10-02T06:00:59+00:00","dateModified":"2023-03-14T08:05:34+00:00","description":"Resilience has become a fashionable term in certain circles and stands for a protective effect against stress, depression and burn-out.","breadcrumb":{"@id":"https:\/\/news.save.ch\/resilienz-schutz-vor-gesundheitsschaedigendem-stress\/#breadcrumb"},"inLanguage":"en-US","potentialAction":[{"@type":"ReadAction","target":["https:\/\/news.save.ch\/resilienz-schutz-vor-gesundheitsschaedigendem-stress\/"]}]},{"@type":"ImageObject","inLanguage":"en-US","@id":"https:\/\/news.save.ch\/resilienz-schutz-vor-gesundheitsschaedigendem-stress\/#primaryimage","url":"https:\/\/news.save.ch\/wp-content\/uploads\/2018\/10\/Depositphotos_monkeybusiness-scaled-1.jpg","contentUrl":"https:\/\/news.save.ch\/wp-content\/uploads\/2018\/10\/Depositphotos_monkeybusiness-scaled-1.jpg","width":1200,"height":800,"caption":"Resilienz steht f\u00fcr einen Schutzeffekt gegen Stress, Depression und Burn-out. \u00a9 Depositphotos\/monkeybusiness"},{"@type":"BreadcrumbList","@id":"https:\/\/news.save.ch\/resilienz-schutz-vor-gesundheitsschaedigendem-stress\/#breadcrumb","itemListElement":[{"@type":"ListItem","position":1,"name":"Home","item":"https:\/\/news.save.ch\/de\/"},{"@type":"ListItem","position":2,"name":"Resilienz: Schutz vor gesundheitssch\u00e4digendem Stress"}]},{"@type":"WebSite","@id":"https:\/\/news.save.ch\/de\/#website","url":"https:\/\/news.save.ch\/de\/","name":"Save","description":"Swiss trade journal for safety","publisher":{"@id":"https:\/\/news.save.ch\/de\/#organization"},"potentialAction":[{"@type":"SearchAction","target":{"@type":"EntryPoint","urlTemplate":"https:\/\/news.save.ch\/de\/?s={search_term_string}"},"query-input":{"@type":"PropertyValueSpecification","valueRequired":true,"valueName":"search_term_string"}}],"inLanguage":"en-US"},{"@type":"Organization","@id":"https:\/\/news.save.ch\/de\/#organization","name":"Security Forum","url":"https:\/\/news.save.ch\/de\/","logo":{"@type":"ImageObject","inLanguage":"en-US","@id":"https:\/\/news.save.ch\/de\/#\/schema\/logo\/image\/","url":"https:\/\/news.save.ch\/wp-content\/uploads\/2022\/06\/Logo_SF_2012.png","contentUrl":"https:\/\/news.save.ch\/wp-content\/uploads\/2022\/06\/Logo_SF_2012.png","width":1100,"height":91,"caption":"Sicherheitsforum"},"image":{"@id":"https:\/\/news.save.ch\/de\/#\/schema\/logo\/image\/"}},{"@type":"Person","@id":"https:\/\/news.save.ch\/de\/#\/schema\/person\/d49e199490bad7c70d64b9ab51142f2b","name":"admin","image":{"@type":"ImageObject","inLanguage":"en-US","@id":"https:\/\/secure.gravatar.com\/avatar\/ae2f4d718e6c49043e314ce431e7e645d646302a24a5ef5a8bc8e3f5a032e319?s=96&d=mm&r=g","url":"https:\/\/secure.gravatar.com\/avatar\/ae2f4d718e6c49043e314ce431e7e645d646302a24a5ef5a8bc8e3f5a032e319?s=96&d=mm&r=g","contentUrl":"https:\/\/secure.gravatar.com\/avatar\/ae2f4d718e6c49043e314ce431e7e645d646302a24a5ef5a8bc8e3f5a032e319?s=96&d=mm&r=g","caption":"admin"},"sameAs":["https:\/\/develop.organisator.galledia.ch"],"url":"https:\/\/news.save.ch\/en\/author\/admin\/"}]}},"_links":{"self":[{"href":"https:\/\/news.save.ch\/en\/wp-json\/wp\/v2\/posts\/16900","targetHints":{"allow":["GET"]}}],"collection":[{"href":"https:\/\/news.save.ch\/en\/wp-json\/wp\/v2\/posts"}],"about":[{"href":"https:\/\/news.save.ch\/en\/wp-json\/wp\/v2\/types\/post"}],"author":[{"embeddable":true,"href":"https:\/\/news.save.ch\/en\/wp-json\/wp\/v2\/users\/1"}],"replies":[{"embeddable":true,"href":"https:\/\/news.save.ch\/en\/wp-json\/wp\/v2\/comments?post=16900"}],"version-history":[{"count":1,"href":"https:\/\/news.save.ch\/en\/wp-json\/wp\/v2\/posts\/16900\/revisions"}],"predecessor-version":[{"id":18290,"href":"https:\/\/news.save.ch\/en\/wp-json\/wp\/v2\/posts\/16900\/revisions\/18290"}],"wp:featuredmedia":[{"embeddable":true,"href":"https:\/\/news.save.ch\/en\/wp-json\/wp\/v2\/media\/16301"}],"wp:attachment":[{"href":"https:\/\/news.save.ch\/en\/wp-json\/wp\/v2\/media?parent=16900"}],"wp:term":[{"taxonomy":"category","embeddable":true,"href":"https:\/\/news.save.ch\/en\/wp-json\/wp\/v2\/categories?post=16900"},{"taxonomy":"post_tag","embeddable":true,"href":"https:\/\/news.save.ch\/en\/wp-json\/wp\/v2\/tags?post=16900"}],"curies":[{"name":"wp","href":"https:\/\/api.w.org\/{rel}","templated":true}]}}