{"id":16916,"date":"2019-03-06T08:00:20","date_gmt":"2019-03-06T07:00:20","guid":{"rendered":"https:\/\/news.save.ch\/?p=3861"},"modified":"2023-03-14T09:04:04","modified_gmt":"2023-03-14T08:04:04","slug":"neue-schutzwesten-fuer-die-kantonspolizei","status":null,"type":"post","link":"https:\/\/news.save.ch\/en\/neue-schutzwesten-fuer-die-kantonspolizei\/","title":{"rendered":"New protective vests for the cantonal police"},"content":{"rendered":"<figure id=\"attachment_3862\" aria-describedby=\"caption-attachment-3862\" style=\"width: 680px\" class=\"wp-caption alignnone\"><img loading=\"lazy\" decoding=\"async\" class=\"size-medium wp-image-3862\" src=\"http:\/\/develop.safety-plus.ch\/wp-content\/uploads\/2019\/02\/Depositphotos_NataliGlado.jpg\" alt=\"\" width=\"680\" height=\"467\" \/><figcaption id=\"caption-attachment-3862\" class=\"wp-caption-text\">The contract amount for the award now ordered by Security Director Mario Fehr totals 960,000 Swiss francs. \u00a9 Depositphotos\/NataliGlado<\/figcaption><\/figure>\n<p>This <a href=\"https:\/\/news.save.ch\/en\/arbeitsschutz-bei-additiven-fertigungsverfahren\/\" target=\"_blank\" rel=\"noopener\">Protective vests<\/a> must be replaced in a staggered manner over the next four years (2019 to 2022). At the same time, the cantonal police are aiming for added functional value in the new protective equipment: through additional gilets, which are worn as the top garment and can also accommodate the two ballistic insertion protective elements on the front and back. This facilitates the rapid donning and brief removal of the protective vest in situations where the constant wearing of a <a href=\"https:\/\/news.save.ch\/en\/arbeit-gesundheitsgerecht-gestalten\/\" target=\"_blank\" rel=\"noopener\">Protective equipment<\/a> is not required.<\/p>\n<p><strong>Procurement and financing<\/strong><\/p>\n<p>Within the framework of an open tender procedure, four suppliers submitted offers for such protective vests. The company Action-Sport Landolt AG, Matten bei Interlaken, fulfilled the specifications and quality requirements and submitted the lowest-priced offer. The model of protective vest offered has already been procured by various security organizations in Switzerland and abroad. The contract, which has now been awarded by Security Director Mario Fehr, amounts to a total of 960,000 Swiss francs.<\/p>\n<p><strong>More info<\/strong><\/p>\n<p><a href=\"https:\/\/www.kapo.zh.ch\/internet\/sicherheitsdirektion\/kapo\/de\/aktuell.html\" target=\"_blank\" rel=\"noopener\"><strong>www.kapo.zh.ch<\/strong><\/a><\/p>","protected":false},"excerpt":{"rendered":"<p>Diese Schutzwesten m\u00fcssen \u00fcber die n\u00e4chsten vier Jahre (2019 bis 2022) gestaffelt ersetzt werden. Gleichzeitig strebt die Kantonspolizei einen funktionalen Mehrwert bei der neuen Schutzausr\u00fcstung an: durch zus\u00e4tzliche Gilets, welche als oberstes Kleidungsst\u00fcck getragen werden und die beiden ballistischen Einschub-Schutzelemente an Front und R\u00fccken ebenfalls aufnehmen k\u00f6nnen. Dies erleichtert das rasche Anziehen und das kurzzeitige [&hellip;]<\/p>\n","protected":false},"author":1,"featured_media":3862,"comment_status":"open","ping_status":"open","sticky":false,"template":"","format":"standard","meta":{"_acf_changed":false,"pgc_sgb_lightbox_settings":"","footnotes":""},"categories":[1,3314],"tags":[172,120,132,2184,436,2369,2669,141,2873],"class_list":["post-16916","post","type-post","status-publish","format-standard","has-post-thumbnail","hentry","category-allgemein","category-health-safety","tag-arbeitssicherheit","tag-bundesamt","tag-finanzierung","tag-gilet","tag-kantonspolizei","tag-kleidungsstueck","tag-persoenliche-schutzausruestung-psa","tag-praevention","tag-schutzweste"],"acf":[],"hkrextid":null,"publication":null,"issue":null,"workflow":null,"startPage":null,"spitzmarke":null,"_posts_by_tag_page_fields":{"widget_title":"","widget_tags":""},"_at_widget":"1","_yoast_wpseo_primary_category":"5","_yoast_wpseo_focuskw_text_input":"Kantonspolizei","_yoast_wpseo_opengraph-image":null,"_yoast_wpseo_opengraph-description":null,"_yoast_wpseo_opengraph-title":null,"enclosure":null,"_yoast_wpseo_twitter-title":null,"_yoast_wpseo_twitter-description":null,"_yoast_wpseo_twitter-image":null,"_wp_old_slug":null,"_yoast_wpseo_title":null,"_yoast_wpseo_canonical":null,"yoast_head":"<!-- This site is optimized with the Yoast SEO plugin v27.5 - https:\/\/yoast.com\/product\/yoast-seo-wordpress\/ -->\n<title>Neue Schutzwesten f\u00fcr die Kantonspolizei - Save<\/title>\n<meta name=\"description\" content=\"Sicherheitsdirektor Mario Fehr hat eine Verf\u00fcgung unterzeichnet, mit der er den Ersatz der Schutzwesten f\u00fcr die Frontkr\u00e4fte der Kantonspolizei erm\u00f6glicht.\" \/>\n<meta name=\"robots\" content=\"index, follow, max-snippet:-1, max-image-preview:large, max-video-preview:-1\" \/>\n<link rel=\"canonical\" href=\"https:\/\/news.save.ch\/en\/neue-schutzwesten-fuer-die-kantonspolizei\/\" \/>\n<meta property=\"og:locale\" content=\"en_US\" \/>\n<meta property=\"og:type\" content=\"article\" \/>\n<meta property=\"og:title\" content=\"Neue Schutzwesten f\u00fcr die Kantonspolizei - Save\" \/>\n<meta property=\"og:description\" content=\"Sicherheitsdirektor Mario Fehr hat eine Verf\u00fcgung unterzeichnet, mit der er den Ersatz der Schutzwesten f\u00fcr die Frontkr\u00e4fte der Kantonspolizei erm\u00f6glicht.\" \/>\n<meta property=\"og:url\" content=\"https:\/\/news.save.ch\/en\/neue-schutzwesten-fuer-die-kantonspolizei\/\" \/>\n<meta property=\"og:site_name\" content=\"Save\" \/>\n<meta property=\"article:published_time\" content=\"2019-03-06T07:00:20+00:00\" \/>\n<meta property=\"article:modified_time\" content=\"2023-03-14T08:04:04+00:00\" \/>\n<meta property=\"og:image\" content=\"https:\/\/news.save.ch\/wp-content\/uploads\/2019\/02\/Depositphotos_NataliGlado-scaled-1.jpg\" \/>\n\t<meta property=\"og:image:width\" content=\"1200\" \/>\n\t<meta property=\"og:image:height\" content=\"825\" \/>\n\t<meta property=\"og:image:type\" content=\"image\/jpeg\" \/>\n<meta name=\"author\" content=\"admin\" \/>\n<meta name=\"twitter:card\" content=\"summary_large_image\" \/>\n<meta name=\"twitter:label1\" content=\"Written by\" \/>\n\t<meta name=\"twitter:data1\" content=\"admin\" \/>\n\t<meta name=\"twitter:label2\" content=\"Est. reading time\" \/>\n\t<meta name=\"twitter:data2\" content=\"1 minute\" \/>\n<script type=\"application\/ld+json\" class=\"yoast-schema-graph\">{\"@context\":\"https:\\\/\\\/schema.org\",\"@graph\":[{\"@type\":\"Article\",\"@id\":\"https:\\\/\\\/news.save.ch\\\/neue-schutzwesten-fuer-die-kantonspolizei\\\/#article\",\"isPartOf\":{\"@id\":\"https:\\\/\\\/news.save.ch\\\/neue-schutzwesten-fuer-die-kantonspolizei\\\/\"},\"author\":{\"name\":\"admin\",\"@id\":\"https:\\\/\\\/news.save.ch\\\/de\\\/#\\\/schema\\\/person\\\/d49e199490bad7c70d64b9ab51142f2b\"},\"headline\":\"Neue Schutzwesten f\u00fcr die Kantonspolizei\",\"datePublished\":\"2019-03-06T07:00:20+00:00\",\"dateModified\":\"2023-03-14T08:04:04+00:00\",\"mainEntityOfPage\":{\"@id\":\"https:\\\/\\\/news.save.ch\\\/neue-schutzwesten-fuer-die-kantonspolizei\\\/\"},\"wordCount\":191,\"commentCount\":0,\"publisher\":{\"@id\":\"https:\\\/\\\/news.save.ch\\\/de\\\/#organization\"},\"image\":{\"@id\":\"https:\\\/\\\/news.save.ch\\\/neue-schutzwesten-fuer-die-kantonspolizei\\\/#primaryimage\"},\"thumbnailUrl\":\"https:\\\/\\\/news.save.ch\\\/wp-content\\\/uploads\\\/2019\\\/02\\\/Depositphotos_NataliGlado-scaled-1.jpg\",\"keywords\":[\"Arbeitssicherheit\",\"Bundesamt\",\"Finanzierung\",\"Gilet\",\"Kantonspolizei\",\"Kleidungsst\u00fcck\",\"Pers\u00f6nliche Schutzausr\u00fcstung (PSA)\",\"Pr\u00e4vention\",\"Schutzweste\"],\"articleSection\":[\"ALLGEMEIN\",\"HEALTH &amp; SAFETY\"],\"inLanguage\":\"en-US\"},{\"@type\":\"WebPage\",\"@id\":\"https:\\\/\\\/news.save.ch\\\/neue-schutzwesten-fuer-die-kantonspolizei\\\/\",\"url\":\"https:\\\/\\\/news.save.ch\\\/neue-schutzwesten-fuer-die-kantonspolizei\\\/\",\"name\":\"Neue Schutzwesten f\u00fcr die Kantonspolizei - Save\",\"isPartOf\":{\"@id\":\"https:\\\/\\\/news.save.ch\\\/de\\\/#website\"},\"primaryImageOfPage\":{\"@id\":\"https:\\\/\\\/news.save.ch\\\/neue-schutzwesten-fuer-die-kantonspolizei\\\/#primaryimage\"},\"image\":{\"@id\":\"https:\\\/\\\/news.save.ch\\\/neue-schutzwesten-fuer-die-kantonspolizei\\\/#primaryimage\"},\"thumbnailUrl\":\"https:\\\/\\\/news.save.ch\\\/wp-content\\\/uploads\\\/2019\\\/02\\\/Depositphotos_NataliGlado-scaled-1.jpg\",\"datePublished\":\"2019-03-06T07:00:20+00:00\",\"dateModified\":\"2023-03-14T08:04:04+00:00\",\"description\":\"Sicherheitsdirektor Mario Fehr hat eine Verf\u00fcgung unterzeichnet, mit der er den Ersatz der Schutzwesten f\u00fcr die Frontkr\u00e4fte der Kantonspolizei erm\u00f6glicht.\",\"breadcrumb\":{\"@id\":\"https:\\\/\\\/news.save.ch\\\/neue-schutzwesten-fuer-die-kantonspolizei\\\/#breadcrumb\"},\"inLanguage\":\"en-US\",\"potentialAction\":[{\"@type\":\"ReadAction\",\"target\":[\"https:\\\/\\\/news.save.ch\\\/neue-schutzwesten-fuer-die-kantonspolizei\\\/\"]}]},{\"@type\":\"ImageObject\",\"inLanguage\":\"en-US\",\"@id\":\"https:\\\/\\\/news.save.ch\\\/neue-schutzwesten-fuer-die-kantonspolizei\\\/#primaryimage\",\"url\":\"https:\\\/\\\/news.save.ch\\\/wp-content\\\/uploads\\\/2019\\\/02\\\/Depositphotos_NataliGlado-scaled-1.jpg\",\"contentUrl\":\"https:\\\/\\\/news.save.ch\\\/wp-content\\\/uploads\\\/2019\\\/02\\\/Depositphotos_NataliGlado-scaled-1.jpg\",\"width\":1200,\"height\":825,\"caption\":\"Die Auftragssumme f\u00fcr den jetzt von Sicherheitsdirektor Mario Fehr verf\u00fcgten Zuschlag bel\u00e4uft sich auf insgesamt 960 000 Franken. \u00a9 Depositphotos\\\/NataliGlado\"},{\"@type\":\"BreadcrumbList\",\"@id\":\"https:\\\/\\\/news.save.ch\\\/neue-schutzwesten-fuer-die-kantonspolizei\\\/#breadcrumb\",\"itemListElement\":[{\"@type\":\"ListItem\",\"position\":1,\"name\":\"Home\",\"item\":\"https:\\\/\\\/news.save.ch\\\/de\\\/\"},{\"@type\":\"ListItem\",\"position\":2,\"name\":\"Neue Schutzwesten f\u00fcr die Kantonspolizei\"}]},{\"@type\":\"WebSite\",\"@id\":\"https:\\\/\\\/news.save.ch\\\/de\\\/#website\",\"url\":\"https:\\\/\\\/news.save.ch\\\/de\\\/\",\"name\":\"Save\",\"description\":\"Schweizer Fachzeitschrift f\u00fcr Sicherheit\",\"publisher\":{\"@id\":\"https:\\\/\\\/news.save.ch\\\/de\\\/#organization\"},\"potentialAction\":[{\"@type\":\"SearchAction\",\"target\":{\"@type\":\"EntryPoint\",\"urlTemplate\":\"https:\\\/\\\/news.save.ch\\\/de\\\/?s={search_term_string}\"},\"query-input\":{\"@type\":\"PropertyValueSpecification\",\"valueRequired\":true,\"valueName\":\"search_term_string\"}}],\"inLanguage\":\"en-US\"},{\"@type\":\"Organization\",\"@id\":\"https:\\\/\\\/news.save.ch\\\/de\\\/#organization\",\"name\":\"Sicherheitsforum\",\"url\":\"https:\\\/\\\/news.save.ch\\\/de\\\/\",\"logo\":{\"@type\":\"ImageObject\",\"inLanguage\":\"en-US\",\"@id\":\"https:\\\/\\\/news.save.ch\\\/de\\\/#\\\/schema\\\/logo\\\/image\\\/\",\"url\":\"https:\\\/\\\/news.save.ch\\\/wp-content\\\/uploads\\\/2022\\\/06\\\/Logo_SF_2012.png\",\"contentUrl\":\"https:\\\/\\\/news.save.ch\\\/wp-content\\\/uploads\\\/2022\\\/06\\\/Logo_SF_2012.png\",\"width\":1100,\"height\":91,\"caption\":\"Sicherheitsforum\"},\"image\":{\"@id\":\"https:\\\/\\\/news.save.ch\\\/de\\\/#\\\/schema\\\/logo\\\/image\\\/\"}},{\"@type\":\"Person\",\"@id\":\"https:\\\/\\\/news.save.ch\\\/de\\\/#\\\/schema\\\/person\\\/d49e199490bad7c70d64b9ab51142f2b\",\"name\":\"admin\",\"image\":{\"@type\":\"ImageObject\",\"inLanguage\":\"en-US\",\"@id\":\"https:\\\/\\\/secure.gravatar.com\\\/avatar\\\/ae2f4d718e6c49043e314ce431e7e645d646302a24a5ef5a8bc8e3f5a032e319?s=96&d=mm&r=g\",\"url\":\"https:\\\/\\\/secure.gravatar.com\\\/avatar\\\/ae2f4d718e6c49043e314ce431e7e645d646302a24a5ef5a8bc8e3f5a032e319?s=96&d=mm&r=g\",\"contentUrl\":\"https:\\\/\\\/secure.gravatar.com\\\/avatar\\\/ae2f4d718e6c49043e314ce431e7e645d646302a24a5ef5a8bc8e3f5a032e319?s=96&d=mm&r=g\",\"caption\":\"admin\"},\"sameAs\":[\"https:\\\/\\\/develop.organisator.galledia.ch\"],\"url\":\"https:\\\/\\\/news.save.ch\\\/en\\\/author\\\/admin\\\/\"}]}<\/script>\n<!-- \/ Yoast SEO plugin. -->","yoast_head_json":{"title":"New protective vests for the cantonal police - Save","description":"Security Director Mario Fehr has signed an order allowing the replacement of protective vests for the front-line forces of the cantonal police.","robots":{"index":"index","follow":"follow","max-snippet":"max-snippet:-1","max-image-preview":"max-image-preview:large","max-video-preview":"max-video-preview:-1"},"canonical":"https:\/\/news.save.ch\/en\/neue-schutzwesten-fuer-die-kantonspolizei\/","og_locale":"en_US","og_type":"article","og_title":"Neue Schutzwesten f\u00fcr die Kantonspolizei - Save","og_description":"Sicherheitsdirektor Mario Fehr hat eine Verf\u00fcgung unterzeichnet, mit der er den Ersatz der Schutzwesten f\u00fcr die Frontkr\u00e4fte der Kantonspolizei erm\u00f6glicht.","og_url":"https:\/\/news.save.ch\/en\/neue-schutzwesten-fuer-die-kantonspolizei\/","og_site_name":"Save","article_published_time":"2019-03-06T07:00:20+00:00","article_modified_time":"2023-03-14T08:04:04+00:00","og_image":[{"width":1200,"height":825,"url":"https:\/\/news.save.ch\/wp-content\/uploads\/2019\/02\/Depositphotos_NataliGlado-scaled-1.jpg","type":"image\/jpeg"}],"author":"admin","twitter_card":"summary_large_image","twitter_misc":{"Written by":"admin","Est. reading time":"1 minute"},"schema":{"@context":"https:\/\/schema.org","@graph":[{"@type":"Article","@id":"https:\/\/news.save.ch\/neue-schutzwesten-fuer-die-kantonspolizei\/#article","isPartOf":{"@id":"https:\/\/news.save.ch\/neue-schutzwesten-fuer-die-kantonspolizei\/"},"author":{"name":"admin","@id":"https:\/\/news.save.ch\/de\/#\/schema\/person\/d49e199490bad7c70d64b9ab51142f2b"},"headline":"Neue Schutzwesten f\u00fcr die Kantonspolizei","datePublished":"2019-03-06T07:00:20+00:00","dateModified":"2023-03-14T08:04:04+00:00","mainEntityOfPage":{"@id":"https:\/\/news.save.ch\/neue-schutzwesten-fuer-die-kantonspolizei\/"},"wordCount":191,"commentCount":0,"publisher":{"@id":"https:\/\/news.save.ch\/de\/#organization"},"image":{"@id":"https:\/\/news.save.ch\/neue-schutzwesten-fuer-die-kantonspolizei\/#primaryimage"},"thumbnailUrl":"https:\/\/news.save.ch\/wp-content\/uploads\/2019\/02\/Depositphotos_NataliGlado-scaled-1.jpg","keywords":["Arbeitssicherheit","Bundesamt","Finanzierung","Gilet","Kantonspolizei","Kleidungsst\u00fcck","Pers\u00f6nliche Schutzausr\u00fcstung (PSA)","Pr\u00e4vention","Schutzweste"],"articleSection":["ALLGEMEIN","HEALTH &amp; SAFETY"],"inLanguage":"en-US"},{"@type":"WebPage","@id":"https:\/\/news.save.ch\/neue-schutzwesten-fuer-die-kantonspolizei\/","url":"https:\/\/news.save.ch\/neue-schutzwesten-fuer-die-kantonspolizei\/","name":"New protective vests for the cantonal police - Save","isPartOf":{"@id":"https:\/\/news.save.ch\/de\/#website"},"primaryImageOfPage":{"@id":"https:\/\/news.save.ch\/neue-schutzwesten-fuer-die-kantonspolizei\/#primaryimage"},"image":{"@id":"https:\/\/news.save.ch\/neue-schutzwesten-fuer-die-kantonspolizei\/#primaryimage"},"thumbnailUrl":"https:\/\/news.save.ch\/wp-content\/uploads\/2019\/02\/Depositphotos_NataliGlado-scaled-1.jpg","datePublished":"2019-03-06T07:00:20+00:00","dateModified":"2023-03-14T08:04:04+00:00","description":"Security Director Mario Fehr has signed an order allowing the replacement of protective vests for the front-line forces of the cantonal police.","breadcrumb":{"@id":"https:\/\/news.save.ch\/neue-schutzwesten-fuer-die-kantonspolizei\/#breadcrumb"},"inLanguage":"en-US","potentialAction":[{"@type":"ReadAction","target":["https:\/\/news.save.ch\/neue-schutzwesten-fuer-die-kantonspolizei\/"]}]},{"@type":"ImageObject","inLanguage":"en-US","@id":"https:\/\/news.save.ch\/neue-schutzwesten-fuer-die-kantonspolizei\/#primaryimage","url":"https:\/\/news.save.ch\/wp-content\/uploads\/2019\/02\/Depositphotos_NataliGlado-scaled-1.jpg","contentUrl":"https:\/\/news.save.ch\/wp-content\/uploads\/2019\/02\/Depositphotos_NataliGlado-scaled-1.jpg","width":1200,"height":825,"caption":"Die Auftragssumme f\u00fcr den jetzt von Sicherheitsdirektor Mario Fehr verf\u00fcgten Zuschlag bel\u00e4uft sich auf insgesamt 960 000 Franken. \u00a9 Depositphotos\/NataliGlado"},{"@type":"BreadcrumbList","@id":"https:\/\/news.save.ch\/neue-schutzwesten-fuer-die-kantonspolizei\/#breadcrumb","itemListElement":[{"@type":"ListItem","position":1,"name":"Home","item":"https:\/\/news.save.ch\/de\/"},{"@type":"ListItem","position":2,"name":"Neue Schutzwesten f\u00fcr die Kantonspolizei"}]},{"@type":"WebSite","@id":"https:\/\/news.save.ch\/de\/#website","url":"https:\/\/news.save.ch\/de\/","name":"Save","description":"Swiss trade journal for safety","publisher":{"@id":"https:\/\/news.save.ch\/de\/#organization"},"potentialAction":[{"@type":"SearchAction","target":{"@type":"EntryPoint","urlTemplate":"https:\/\/news.save.ch\/de\/?s={search_term_string}"},"query-input":{"@type":"PropertyValueSpecification","valueRequired":true,"valueName":"search_term_string"}}],"inLanguage":"en-US"},{"@type":"Organization","@id":"https:\/\/news.save.ch\/de\/#organization","name":"Security Forum","url":"https:\/\/news.save.ch\/de\/","logo":{"@type":"ImageObject","inLanguage":"en-US","@id":"https:\/\/news.save.ch\/de\/#\/schema\/logo\/image\/","url":"https:\/\/news.save.ch\/wp-content\/uploads\/2022\/06\/Logo_SF_2012.png","contentUrl":"https:\/\/news.save.ch\/wp-content\/uploads\/2022\/06\/Logo_SF_2012.png","width":1100,"height":91,"caption":"Sicherheitsforum"},"image":{"@id":"https:\/\/news.save.ch\/de\/#\/schema\/logo\/image\/"}},{"@type":"Person","@id":"https:\/\/news.save.ch\/de\/#\/schema\/person\/d49e199490bad7c70d64b9ab51142f2b","name":"admin","image":{"@type":"ImageObject","inLanguage":"en-US","@id":"https:\/\/secure.gravatar.com\/avatar\/ae2f4d718e6c49043e314ce431e7e645d646302a24a5ef5a8bc8e3f5a032e319?s=96&d=mm&r=g","url":"https:\/\/secure.gravatar.com\/avatar\/ae2f4d718e6c49043e314ce431e7e645d646302a24a5ef5a8bc8e3f5a032e319?s=96&d=mm&r=g","contentUrl":"https:\/\/secure.gravatar.com\/avatar\/ae2f4d718e6c49043e314ce431e7e645d646302a24a5ef5a8bc8e3f5a032e319?s=96&d=mm&r=g","caption":"admin"},"sameAs":["https:\/\/develop.organisator.galledia.ch"],"url":"https:\/\/news.save.ch\/en\/author\/admin\/"}]}},"_links":{"self":[{"href":"https:\/\/news.save.ch\/en\/wp-json\/wp\/v2\/posts\/16916","targetHints":{"allow":["GET"]}}],"collection":[{"href":"https:\/\/news.save.ch\/en\/wp-json\/wp\/v2\/posts"}],"about":[{"href":"https:\/\/news.save.ch\/en\/wp-json\/wp\/v2\/types\/post"}],"author":[{"embeddable":true,"href":"https:\/\/news.save.ch\/en\/wp-json\/wp\/v2\/users\/1"}],"replies":[{"embeddable":true,"href":"https:\/\/news.save.ch\/en\/wp-json\/wp\/v2\/comments?post=16916"}],"version-history":[{"count":1,"href":"https:\/\/news.save.ch\/en\/wp-json\/wp\/v2\/posts\/16916\/revisions"}],"predecessor-version":[{"id":18268,"href":"https:\/\/news.save.ch\/en\/wp-json\/wp\/v2\/posts\/16916\/revisions\/18268"}],"wp:featuredmedia":[{"embeddable":true,"href":"https:\/\/news.save.ch\/en\/wp-json\/wp\/v2\/media\/3862"}],"wp:attachment":[{"href":"https:\/\/news.save.ch\/en\/wp-json\/wp\/v2\/media?parent=16916"}],"wp:term":[{"taxonomy":"category","embeddable":true,"href":"https:\/\/news.save.ch\/en\/wp-json\/wp\/v2\/categories?post=16916"},{"taxonomy":"post_tag","embeddable":true,"href":"https:\/\/news.save.ch\/en\/wp-json\/wp\/v2\/tags?post=16916"}],"curies":[{"name":"wp","href":"https:\/\/api.w.org\/{rel}","templated":true}]}}