{"id":16943,"date":"2020-03-24T08:00:48","date_gmt":"2020-03-24T07:00:48","guid":{"rendered":"https:\/\/news.save.ch\/?p=5423"},"modified":"2023-03-14T09:03:49","modified_gmt":"2023-03-14T08:03:49","slug":"welttuberkulosetag-2020-fortschritte-und-ziele","status":null,"type":"post","link":"https:\/\/news.save.ch\/en\/welttuberkulosetag-2020-fortschritte-und-ziele\/","title":{"rendered":"World Tuberculosis Day 2020 - Progress and targets"},"content":{"rendered":"<figure id=\"attachment_5424\" aria-describedby=\"caption-attachment-5424\" style=\"width: 680px\" class=\"wp-caption alignnone\"><img loading=\"lazy\" decoding=\"async\" class=\"size-medium wp-image-5424\" src=\"http:\/\/develop.safety-plus.ch\/wp-content\/uploads\/2020\/03\/Depositphotos_stockdevil_666.jpg\" alt=\"\" width=\"680\" height=\"818\" \/><figcaption id=\"caption-attachment-5424\" class=\"wp-caption-text\">Tuberculosis should also be considered if classic symptoms such as prolonged cough, night sweats, fever, and weight loss are present. \u00a9 Depositphotos\/stockdevil_666<\/figcaption><\/figure>\n<p>In recent years, many courses have been set for tuberculosis elimination, such as improved diagnostic procedures and new <a href=\"https:\/\/news.save.ch\/en\/antibiotikaresistenzen-nehmen-zu\/\" target=\"_blank\" rel=\"noopener\">Antibiotics<\/a> for shorter and more tolerable treatment of antibiotic-resistant tuberculosis. There has also been progress in surveillance: For example, the <a href=\"https:\/\/www.rki.de\/DE\/Home\/homepage_node.html\" target=\"_blank\" rel=\"noopener\">RKI<\/a> 2020, together with the National Reference Center for Mycobacteria, will launch the first integrated molecular surveillance for the tuberculosis pathogen. The project, which is supported by the German Federal Ministry of Health, will systematically analyze the genomes of the pathogens (microbial genetic fingerprint), link them to the reporting data and continuously evaluate the results. \"Only with integrated molecular surveillance can many outbreak events and transmission chains be detected and stopped,\" Wieler emphasizes. In addition, important pathogen characteristics such as antibiotic resistance can be systematically monitored.<\/p>\n<p><strong>More information<\/strong><\/p>\n<p><a href=\"https:\/\/www.rki.de\/DE\/Content\/Service\/Presse\/Pressemitteilungen\/2020\/02_2020.html\" target=\"_blank\" rel=\"noopener\">www.rki.de<\/a><\/p>","protected":false},"excerpt":{"rendered":"<p>In den vergangenen Jahren wurden viele Weichen f\u00fcr die Tuberkulose-Elimination gestellt, etwa verbesserte diagnostische Verfahren und neue Antibiotika f\u00fcr eine k\u00fcrzere und vertr\u00e4glichere Behandlung der antibiotikaresistenten Tuberkulosen. Auch bei der\u00a0Surveillance\u00a0gibt es Fortschritte: Zum Beispiel wird das RKI 2020 zusammen mit dem Nationalen Referenzzentrum f\u00fcr Mykobakterien die erste integrierte molekulare\u00a0Surveillance\u00a0f\u00fcr den Tuberkuloseerreger an den Start bringen. [&hellip;]<\/p>\n","protected":false},"author":1,"featured_media":5424,"comment_status":"closed","ping_status":"closed","sticky":false,"template":"","format":"standard","meta":{"_acf_changed":false,"pgc_sgb_lightbox_settings":"","footnotes":""},"categories":[1,3314],"tags":[1775,2165,149,146,141,310,3114],"class_list":["post-16943","post","type-post","status-publish","format-standard","has-post-thumbnail","hentry","category-allgemein","category-health-safety","tag-betriebliches-gesundheitsmanagement","tag-gesundheitsfoerderung","tag-gesundheitsschutz","tag-medikamente","tag-praevention","tag-sicherheit","tag-tuberkulose"],"acf":[],"hkrextid":null,"publication":null,"issue":null,"workflow":null,"startPage":null,"spitzmarke":null,"_posts_by_tag_page_fields":{"widget_title":"","widget_tags":""},"_at_widget":"1","_yoast_wpseo_primary_category":"4","_yoast_wpseo_focuskw_text_input":"Welttuberkulosetag","_yoast_wpseo_opengraph-image":null,"_yoast_wpseo_opengraph-description":null,"_yoast_wpseo_opengraph-title":null,"enclosure":null,"_yoast_wpseo_twitter-title":null,"_yoast_wpseo_twitter-description":null,"_yoast_wpseo_twitter-image":null,"_wp_old_slug":null,"_yoast_wpseo_title":null,"_yoast_wpseo_canonical":null,"yoast_head":"<!-- This site is optimized with the Yoast SEO plugin v27.5 - https:\/\/yoast.com\/product\/yoast-seo-wordpress\/ -->\n<title>Welttuberkulosetag 2020 - Fortschritte und Ziele - Save<\/title>\n<meta name=\"description\" content=\"&quot;Mit dem Jahr 2020 hat ein Jahrzehnt begonnen, das f\u00fcr die Elimination der Tuberkulose entscheidend sein wird&quot;, betont Prof. Dr. Lothar H. Wieler.\" \/>\n<meta name=\"robots\" content=\"index, follow, max-snippet:-1, max-image-preview:large, max-video-preview:-1\" \/>\n<link rel=\"canonical\" href=\"https:\/\/news.save.ch\/en\/welttuberkulosetag-2020-fortschritte-und-ziele\/\" \/>\n<meta property=\"og:locale\" content=\"en_US\" \/>\n<meta property=\"og:type\" content=\"article\" \/>\n<meta property=\"og:title\" content=\"Welttuberkulosetag 2020 - Fortschritte und Ziele - Save\" \/>\n<meta property=\"og:description\" content=\"&quot;Mit dem Jahr 2020 hat ein Jahrzehnt begonnen, das f\u00fcr die Elimination der Tuberkulose entscheidend sein wird&quot;, betont Prof. Dr. Lothar H. Wieler.\" \/>\n<meta property=\"og:url\" content=\"https:\/\/news.save.ch\/en\/welttuberkulosetag-2020-fortschritte-und-ziele\/\" \/>\n<meta property=\"og:site_name\" content=\"Save\" \/>\n<meta property=\"article:published_time\" content=\"2020-03-24T07:00:48+00:00\" \/>\n<meta property=\"article:modified_time\" content=\"2023-03-14T08:03:49+00:00\" \/>\n<meta property=\"og:image\" content=\"https:\/\/news.save.ch\/wp-content\/uploads\/2020\/03\/Depositphotos_stockdevil_666-scaled-1.jpg\" \/>\n\t<meta property=\"og:image:width\" content=\"998\" \/>\n\t<meta property=\"og:image:height\" content=\"1200\" \/>\n\t<meta property=\"og:image:type\" content=\"image\/jpeg\" \/>\n<meta name=\"author\" content=\"admin\" \/>\n<meta name=\"twitter:card\" content=\"summary_large_image\" \/>\n<meta name=\"twitter:label1\" content=\"Written by\" \/>\n\t<meta name=\"twitter:data1\" content=\"admin\" \/>\n\t<meta name=\"twitter:label2\" content=\"Est. reading time\" \/>\n\t<meta name=\"twitter:data2\" content=\"1 minute\" \/>\n<script type=\"application\/ld+json\" class=\"yoast-schema-graph\">{\"@context\":\"https:\\\/\\\/schema.org\",\"@graph\":[{\"@type\":\"Article\",\"@id\":\"https:\\\/\\\/news.save.ch\\\/welttuberkulosetag-2020-fortschritte-und-ziele\\\/#article\",\"isPartOf\":{\"@id\":\"https:\\\/\\\/news.save.ch\\\/welttuberkulosetag-2020-fortschritte-und-ziele\\\/\"},\"author\":{\"name\":\"admin\",\"@id\":\"https:\\\/\\\/news.save.ch\\\/de\\\/#\\\/schema\\\/person\\\/d49e199490bad7c70d64b9ab51142f2b\"},\"headline\":\"Welttuberkulosetag 2020 &#8211; Fortschritte und Ziele\",\"datePublished\":\"2020-03-24T07:00:48+00:00\",\"dateModified\":\"2023-03-14T08:03:49+00:00\",\"mainEntityOfPage\":{\"@id\":\"https:\\\/\\\/news.save.ch\\\/welttuberkulosetag-2020-fortschritte-und-ziele\\\/\"},\"wordCount\":159,\"publisher\":{\"@id\":\"https:\\\/\\\/news.save.ch\\\/de\\\/#organization\"},\"image\":{\"@id\":\"https:\\\/\\\/news.save.ch\\\/welttuberkulosetag-2020-fortschritte-und-ziele\\\/#primaryimage\"},\"thumbnailUrl\":\"https:\\\/\\\/news.save.ch\\\/wp-content\\\/uploads\\\/2020\\\/03\\\/Depositphotos_stockdevil_666-scaled-1.jpg\",\"keywords\":[\"Betriebliches Gesundheitsmanagement\",\"Gesundheitsf\u00f6rderung\",\"Gesundheitsschutz\",\"Medikamente\",\"Pr\u00e4vention\",\"Sicherheit\",\"Tuberkulose\"],\"articleSection\":[\"ALLGEMEIN\",\"HEALTH &amp; SAFETY\"],\"inLanguage\":\"en-US\"},{\"@type\":\"WebPage\",\"@id\":\"https:\\\/\\\/news.save.ch\\\/welttuberkulosetag-2020-fortschritte-und-ziele\\\/\",\"url\":\"https:\\\/\\\/news.save.ch\\\/welttuberkulosetag-2020-fortschritte-und-ziele\\\/\",\"name\":\"Welttuberkulosetag 2020 - Fortschritte und Ziele - Save\",\"isPartOf\":{\"@id\":\"https:\\\/\\\/news.save.ch\\\/de\\\/#website\"},\"primaryImageOfPage\":{\"@id\":\"https:\\\/\\\/news.save.ch\\\/welttuberkulosetag-2020-fortschritte-und-ziele\\\/#primaryimage\"},\"image\":{\"@id\":\"https:\\\/\\\/news.save.ch\\\/welttuberkulosetag-2020-fortschritte-und-ziele\\\/#primaryimage\"},\"thumbnailUrl\":\"https:\\\/\\\/news.save.ch\\\/wp-content\\\/uploads\\\/2020\\\/03\\\/Depositphotos_stockdevil_666-scaled-1.jpg\",\"datePublished\":\"2020-03-24T07:00:48+00:00\",\"dateModified\":\"2023-03-14T08:03:49+00:00\",\"description\":\"\\\"Mit dem Jahr 2020 hat ein Jahrzehnt begonnen, das f\u00fcr die Elimination der Tuberkulose entscheidend sein wird\\\", betont Prof. Dr. Lothar H. Wieler.\",\"breadcrumb\":{\"@id\":\"https:\\\/\\\/news.save.ch\\\/welttuberkulosetag-2020-fortschritte-und-ziele\\\/#breadcrumb\"},\"inLanguage\":\"en-US\",\"potentialAction\":[{\"@type\":\"ReadAction\",\"target\":[\"https:\\\/\\\/news.save.ch\\\/welttuberkulosetag-2020-fortschritte-und-ziele\\\/\"]}]},{\"@type\":\"ImageObject\",\"inLanguage\":\"en-US\",\"@id\":\"https:\\\/\\\/news.save.ch\\\/welttuberkulosetag-2020-fortschritte-und-ziele\\\/#primaryimage\",\"url\":\"https:\\\/\\\/news.save.ch\\\/wp-content\\\/uploads\\\/2020\\\/03\\\/Depositphotos_stockdevil_666-scaled-1.jpg\",\"contentUrl\":\"https:\\\/\\\/news.save.ch\\\/wp-content\\\/uploads\\\/2020\\\/03\\\/Depositphotos_stockdevil_666-scaled-1.jpg\",\"width\":998,\"height\":1200,\"caption\":\"Bei klassischen Symptomen wie l\u00e4nger bestehendem Husten, Nachtschweiss, Fieber und Gewichtsverlust sollte auch an Tuberkulose gedacht werden. \u00a9 Depositphotos\\\/stockdevil_666\"},{\"@type\":\"BreadcrumbList\",\"@id\":\"https:\\\/\\\/news.save.ch\\\/welttuberkulosetag-2020-fortschritte-und-ziele\\\/#breadcrumb\",\"itemListElement\":[{\"@type\":\"ListItem\",\"position\":1,\"name\":\"Home\",\"item\":\"https:\\\/\\\/news.save.ch\\\/de\\\/\"},{\"@type\":\"ListItem\",\"position\":2,\"name\":\"Welttuberkulosetag 2020 &#8211; Fortschritte und Ziele\"}]},{\"@type\":\"WebSite\",\"@id\":\"https:\\\/\\\/news.save.ch\\\/de\\\/#website\",\"url\":\"https:\\\/\\\/news.save.ch\\\/de\\\/\",\"name\":\"Save\",\"description\":\"Schweizer Fachzeitschrift f\u00fcr Sicherheit\",\"publisher\":{\"@id\":\"https:\\\/\\\/news.save.ch\\\/de\\\/#organization\"},\"potentialAction\":[{\"@type\":\"SearchAction\",\"target\":{\"@type\":\"EntryPoint\",\"urlTemplate\":\"https:\\\/\\\/news.save.ch\\\/de\\\/?s={search_term_string}\"},\"query-input\":{\"@type\":\"PropertyValueSpecification\",\"valueRequired\":true,\"valueName\":\"search_term_string\"}}],\"inLanguage\":\"en-US\"},{\"@type\":\"Organization\",\"@id\":\"https:\\\/\\\/news.save.ch\\\/de\\\/#organization\",\"name\":\"Sicherheitsforum\",\"url\":\"https:\\\/\\\/news.save.ch\\\/de\\\/\",\"logo\":{\"@type\":\"ImageObject\",\"inLanguage\":\"en-US\",\"@id\":\"https:\\\/\\\/news.save.ch\\\/de\\\/#\\\/schema\\\/logo\\\/image\\\/\",\"url\":\"https:\\\/\\\/news.save.ch\\\/wp-content\\\/uploads\\\/2022\\\/06\\\/Logo_SF_2012.png\",\"contentUrl\":\"https:\\\/\\\/news.save.ch\\\/wp-content\\\/uploads\\\/2022\\\/06\\\/Logo_SF_2012.png\",\"width\":1100,\"height\":91,\"caption\":\"Sicherheitsforum\"},\"image\":{\"@id\":\"https:\\\/\\\/news.save.ch\\\/de\\\/#\\\/schema\\\/logo\\\/image\\\/\"}},{\"@type\":\"Person\",\"@id\":\"https:\\\/\\\/news.save.ch\\\/de\\\/#\\\/schema\\\/person\\\/d49e199490bad7c70d64b9ab51142f2b\",\"name\":\"admin\",\"image\":{\"@type\":\"ImageObject\",\"inLanguage\":\"en-US\",\"@id\":\"https:\\\/\\\/secure.gravatar.com\\\/avatar\\\/ae2f4d718e6c49043e314ce431e7e645d646302a24a5ef5a8bc8e3f5a032e319?s=96&d=mm&r=g\",\"url\":\"https:\\\/\\\/secure.gravatar.com\\\/avatar\\\/ae2f4d718e6c49043e314ce431e7e645d646302a24a5ef5a8bc8e3f5a032e319?s=96&d=mm&r=g\",\"contentUrl\":\"https:\\\/\\\/secure.gravatar.com\\\/avatar\\\/ae2f4d718e6c49043e314ce431e7e645d646302a24a5ef5a8bc8e3f5a032e319?s=96&d=mm&r=g\",\"caption\":\"admin\"},\"sameAs\":[\"https:\\\/\\\/develop.organisator.galledia.ch\"],\"url\":\"https:\\\/\\\/news.save.ch\\\/en\\\/author\\\/admin\\\/\"}]}<\/script>\n<!-- \/ Yoast SEO plugin. -->","yoast_head_json":{"title":"World Tuberculosis Day 2020 - Progress and targets - Save","description":"\"The year 2020 marks the beginning of a decade that will be crucial for the elimination of tuberculosis,\" emphasizes Prof. Dr. Lothar H. Wieler.","robots":{"index":"index","follow":"follow","max-snippet":"max-snippet:-1","max-image-preview":"max-image-preview:large","max-video-preview":"max-video-preview:-1"},"canonical":"https:\/\/news.save.ch\/en\/welttuberkulosetag-2020-fortschritte-und-ziele\/","og_locale":"en_US","og_type":"article","og_title":"Welttuberkulosetag 2020 - Fortschritte und Ziele - Save","og_description":"\"Mit dem Jahr 2020 hat ein Jahrzehnt begonnen, das f\u00fcr die Elimination der Tuberkulose entscheidend sein wird\", betont Prof. Dr. Lothar H. Wieler.","og_url":"https:\/\/news.save.ch\/en\/welttuberkulosetag-2020-fortschritte-und-ziele\/","og_site_name":"Save","article_published_time":"2020-03-24T07:00:48+00:00","article_modified_time":"2023-03-14T08:03:49+00:00","og_image":[{"width":998,"height":1200,"url":"https:\/\/news.save.ch\/wp-content\/uploads\/2020\/03\/Depositphotos_stockdevil_666-scaled-1.jpg","type":"image\/jpeg"}],"author":"admin","twitter_card":"summary_large_image","twitter_misc":{"Written by":"admin","Est. reading time":"1 minute"},"schema":{"@context":"https:\/\/schema.org","@graph":[{"@type":"Article","@id":"https:\/\/news.save.ch\/welttuberkulosetag-2020-fortschritte-und-ziele\/#article","isPartOf":{"@id":"https:\/\/news.save.ch\/welttuberkulosetag-2020-fortschritte-und-ziele\/"},"author":{"name":"admin","@id":"https:\/\/news.save.ch\/de\/#\/schema\/person\/d49e199490bad7c70d64b9ab51142f2b"},"headline":"Welttuberkulosetag 2020 &#8211; Fortschritte und Ziele","datePublished":"2020-03-24T07:00:48+00:00","dateModified":"2023-03-14T08:03:49+00:00","mainEntityOfPage":{"@id":"https:\/\/news.save.ch\/welttuberkulosetag-2020-fortschritte-und-ziele\/"},"wordCount":159,"publisher":{"@id":"https:\/\/news.save.ch\/de\/#organization"},"image":{"@id":"https:\/\/news.save.ch\/welttuberkulosetag-2020-fortschritte-und-ziele\/#primaryimage"},"thumbnailUrl":"https:\/\/news.save.ch\/wp-content\/uploads\/2020\/03\/Depositphotos_stockdevil_666-scaled-1.jpg","keywords":["Betriebliches Gesundheitsmanagement","Gesundheitsf\u00f6rderung","Gesundheitsschutz","Medikamente","Pr\u00e4vention","Sicherheit","Tuberkulose"],"articleSection":["ALLGEMEIN","HEALTH &amp; SAFETY"],"inLanguage":"en-US"},{"@type":"WebPage","@id":"https:\/\/news.save.ch\/welttuberkulosetag-2020-fortschritte-und-ziele\/","url":"https:\/\/news.save.ch\/welttuberkulosetag-2020-fortschritte-und-ziele\/","name":"World Tuberculosis Day 2020 - Progress and targets - Save","isPartOf":{"@id":"https:\/\/news.save.ch\/de\/#website"},"primaryImageOfPage":{"@id":"https:\/\/news.save.ch\/welttuberkulosetag-2020-fortschritte-und-ziele\/#primaryimage"},"image":{"@id":"https:\/\/news.save.ch\/welttuberkulosetag-2020-fortschritte-und-ziele\/#primaryimage"},"thumbnailUrl":"https:\/\/news.save.ch\/wp-content\/uploads\/2020\/03\/Depositphotos_stockdevil_666-scaled-1.jpg","datePublished":"2020-03-24T07:00:48+00:00","dateModified":"2023-03-14T08:03:49+00:00","description":"\"The year 2020 marks the beginning of a decade that will be crucial for the elimination of tuberculosis,\" emphasizes Prof. Dr. Lothar H. Wieler.","breadcrumb":{"@id":"https:\/\/news.save.ch\/welttuberkulosetag-2020-fortschritte-und-ziele\/#breadcrumb"},"inLanguage":"en-US","potentialAction":[{"@type":"ReadAction","target":["https:\/\/news.save.ch\/welttuberkulosetag-2020-fortschritte-und-ziele\/"]}]},{"@type":"ImageObject","inLanguage":"en-US","@id":"https:\/\/news.save.ch\/welttuberkulosetag-2020-fortschritte-und-ziele\/#primaryimage","url":"https:\/\/news.save.ch\/wp-content\/uploads\/2020\/03\/Depositphotos_stockdevil_666-scaled-1.jpg","contentUrl":"https:\/\/news.save.ch\/wp-content\/uploads\/2020\/03\/Depositphotos_stockdevil_666-scaled-1.jpg","width":998,"height":1200,"caption":"Bei klassischen Symptomen wie l\u00e4nger bestehendem Husten, Nachtschweiss, Fieber und Gewichtsverlust sollte auch an Tuberkulose gedacht werden. \u00a9 Depositphotos\/stockdevil_666"},{"@type":"BreadcrumbList","@id":"https:\/\/news.save.ch\/welttuberkulosetag-2020-fortschritte-und-ziele\/#breadcrumb","itemListElement":[{"@type":"ListItem","position":1,"name":"Home","item":"https:\/\/news.save.ch\/de\/"},{"@type":"ListItem","position":2,"name":"Welttuberkulosetag 2020 &#8211; Fortschritte und Ziele"}]},{"@type":"WebSite","@id":"https:\/\/news.save.ch\/de\/#website","url":"https:\/\/news.save.ch\/de\/","name":"Save","description":"Swiss trade journal for safety","publisher":{"@id":"https:\/\/news.save.ch\/de\/#organization"},"potentialAction":[{"@type":"SearchAction","target":{"@type":"EntryPoint","urlTemplate":"https:\/\/news.save.ch\/de\/?s={search_term_string}"},"query-input":{"@type":"PropertyValueSpecification","valueRequired":true,"valueName":"search_term_string"}}],"inLanguage":"en-US"},{"@type":"Organization","@id":"https:\/\/news.save.ch\/de\/#organization","name":"Security Forum","url":"https:\/\/news.save.ch\/de\/","logo":{"@type":"ImageObject","inLanguage":"en-US","@id":"https:\/\/news.save.ch\/de\/#\/schema\/logo\/image\/","url":"https:\/\/news.save.ch\/wp-content\/uploads\/2022\/06\/Logo_SF_2012.png","contentUrl":"https:\/\/news.save.ch\/wp-content\/uploads\/2022\/06\/Logo_SF_2012.png","width":1100,"height":91,"caption":"Sicherheitsforum"},"image":{"@id":"https:\/\/news.save.ch\/de\/#\/schema\/logo\/image\/"}},{"@type":"Person","@id":"https:\/\/news.save.ch\/de\/#\/schema\/person\/d49e199490bad7c70d64b9ab51142f2b","name":"admin","image":{"@type":"ImageObject","inLanguage":"en-US","@id":"https:\/\/secure.gravatar.com\/avatar\/ae2f4d718e6c49043e314ce431e7e645d646302a24a5ef5a8bc8e3f5a032e319?s=96&d=mm&r=g","url":"https:\/\/secure.gravatar.com\/avatar\/ae2f4d718e6c49043e314ce431e7e645d646302a24a5ef5a8bc8e3f5a032e319?s=96&d=mm&r=g","contentUrl":"https:\/\/secure.gravatar.com\/avatar\/ae2f4d718e6c49043e314ce431e7e645d646302a24a5ef5a8bc8e3f5a032e319?s=96&d=mm&r=g","caption":"admin"},"sameAs":["https:\/\/develop.organisator.galledia.ch"],"url":"https:\/\/news.save.ch\/en\/author\/admin\/"}]}},"_links":{"self":[{"href":"https:\/\/news.save.ch\/en\/wp-json\/wp\/v2\/posts\/16943","targetHints":{"allow":["GET"]}}],"collection":[{"href":"https:\/\/news.save.ch\/en\/wp-json\/wp\/v2\/posts"}],"about":[{"href":"https:\/\/news.save.ch\/en\/wp-json\/wp\/v2\/types\/post"}],"author":[{"embeddable":true,"href":"https:\/\/news.save.ch\/en\/wp-json\/wp\/v2\/users\/1"}],"replies":[{"embeddable":true,"href":"https:\/\/news.save.ch\/en\/wp-json\/wp\/v2\/comments?post=16943"}],"version-history":[{"count":1,"href":"https:\/\/news.save.ch\/en\/wp-json\/wp\/v2\/posts\/16943\/revisions"}],"predecessor-version":[{"id":18603,"href":"https:\/\/news.save.ch\/en\/wp-json\/wp\/v2\/posts\/16943\/revisions\/18603"}],"wp:featuredmedia":[{"embeddable":true,"href":"https:\/\/news.save.ch\/en\/wp-json\/wp\/v2\/media\/5424"}],"wp:attachment":[{"href":"https:\/\/news.save.ch\/en\/wp-json\/wp\/v2\/media?parent=16943"}],"wp:term":[{"taxonomy":"category","embeddable":true,"href":"https:\/\/news.save.ch\/en\/wp-json\/wp\/v2\/categories?post=16943"},{"taxonomy":"post_tag","embeddable":true,"href":"https:\/\/news.save.ch\/en\/wp-json\/wp\/v2\/tags?post=16943"}],"curies":[{"name":"wp","href":"https:\/\/api.w.org\/{rel}","templated":true}]}}