{"id":16952,"date":"2020-05-30T08:06:15","date_gmt":"2020-05-30T06:06:15","guid":{"rendered":"https:\/\/news.save.ch\/?p=5716"},"modified":"2023-03-14T09:00:48","modified_gmt":"2023-03-14T08:00:48","slug":"foerdert-corona-eine-neue-und-bessere-fuehrungskultur","status":null,"type":"post","link":"https:\/\/news.save.ch\/en\/foerdert-corona-eine-neue-und-bessere-fuehrungskultur\/","title":{"rendered":"Is Corona fostering a new and better leadership culture?"},"content":{"rendered":"<figure id=\"attachment_5717\" aria-describedby=\"caption-attachment-5717\" style=\"width: 680px\" class=\"wp-caption alignnone\"><img loading=\"lazy\" decoding=\"async\" class=\"size-medium wp-image-5717\" src=\"http:\/\/develop.safety-plus.ch\/wp-content\/uploads\/2020\/05\/Depositphotos_monkeybusiness-1.jpg\" alt=\"\" width=\"680\" height=\"453\" \/><figcaption id=\"caption-attachment-5717\" class=\"wp-caption-text\">Employees in the home office can also say no once in a while if it gets to be too much.<br \/>\u00a9Depositphotos\/monkeybusiness<\/figcaption><\/figure>\n<p><span style=\"font-size: 16px;\">Managers who focus primarily on control and attendance have noticed that their management style has become outdated. Clear communication, transparency and employee participation have come to the fore. \"This applies to the \"regular\" everyday working life and has now become even more important,\" says Dr. Marlen Cosmar, a psychologist and consultant at the Institute for Work and Health of the German Social Accident Insurance (IAG).<\/span><\/p>\n<p><strong>F<\/strong><strong>eaders need an awareness of this new situation.<\/strong><\/p>\n<p>Just when for the <a href=\"https:\/\/news.save.ch\/en\/corona-krise-rechte-pflichten-im-buero-als-arbeitnehmer-im-home-office\/\" target=\"_blank\" rel=\"noopener\">Home Office<\/a> If trust-based working time has been agreed upon, it is important to also rely on employees to do their work well. \"Some managers who are not yet used to this can jump over their shadows here,\" emphasizes the psychologist. For employees with children in particular, it makes the situation much easier if the focus is not on each individual hour, but on the overall result. Dr. Cosmar: \"Such trusting behavior on the part of the manager is rewarded with committed work on the part of the employees.\"<\/p>\n<p>This also reduces the double burden in the home office. The situation poses a fundamentally increased health risk because the danger of being overworked is greater. In the worst case, there could even be burnout or even <a href=\"https:\/\/news.save.ch\/en\/depression-die-auswirkung-auf-partnerschaft-und-familie\/\" target=\"_blank\" rel=\"noopener\">Depression<\/a> threat. \"Employees in a home office can also say no once in a while if it becomes too much. Especially for employees with children should <a href=\"https:\/\/news.save.ch\/en\/fach-und-fuehrungskraefte-sind-oft-ueberfordert\/\" target=\"_blank\" rel=\"noopener\">Executives<\/a> rely on their assessment,\" says Dr. Cosmar.<\/p>\n<p>At present, managers are also faced with the task of making the transition from the home office back to the office as smooth as possible. Experience gained during the time spent in the home office can be put to good use. When employees work more independently in the home office, they have often learned to appreciate this. \"Managers should consider whether this way of working can be maintained when employees return to the office. Facilitation instead of control, freedom instead of restrictions. Managers may have to change their behavior in the future and lead in a more goal-oriented way,\" says Dr. Marlen Cosmar.<\/p>\n<p><strong>More info<\/strong><\/p>\n<p><a href=\"https:\/\/www.kommmitmensch.de\/corona\/herausforderung-homeoffice\/\" target=\"_blank\" rel=\"noopener\">www.dguv.de<\/a><\/p>","protected":false},"excerpt":{"rendered":"<p>F\u00fchrungskr\u00e4fte, die vor allem auf Kontrolle und Anwesenheit setzen, haben gemerkt, dass sich ihr F\u00fchrungsstil \u00fcberholt hat. Klare Kommunikation, Transparenz und die Teilhabe der Besch\u00e4ftigten sind in den Vordergrund ger\u00fcckt. &#8222;Das gilt f\u00fcr den \u00abregul\u00e4ren\u00bb Arbeitsalltag und ist jetzt noch wichtiger geworden&#8220;, sagt Dr. Marlen Cosmar, Psychologin und Referentin am Institut f\u00fcr Arbeit und Gesundheit [&hellip;]<\/p>\n","protected":false},"author":1,"featured_media":5717,"comment_status":"closed","ping_status":"closed","sticky":false,"template":"","format":"standard","meta":{"_acf_changed":false,"pgc_sgb_lightbox_settings":"","footnotes":""},"categories":[3314],"tags":[183,172,1678,1894,149,141],"class_list":["post-16952","post","type-post","status-publish","format-standard","has-post-thumbnail","hentry","category-health-safety","tag-arbeitsplatzgestaltung","tag-arbeitssicherheit","tag-arbeitszeit","tag-depressionen","tag-gesundheitsschutz","tag-praevention"],"acf":[],"hkrextid":null,"publication":null,"issue":null,"workflow":null,"startPage":null,"spitzmarke":null,"_posts_by_tag_page_fields":{"widget_title":"","widget_tags":""},"_at_widget":"1","_yoast_wpseo_primary_category":"5","_yoast_wpseo_focuskw_text_input":"Coronavirus","_yoast_wpseo_opengraph-image":null,"_yoast_wpseo_opengraph-description":null,"_yoast_wpseo_opengraph-title":null,"enclosure":null,"_yoast_wpseo_twitter-title":null,"_yoast_wpseo_twitter-description":null,"_yoast_wpseo_twitter-image":null,"_wp_old_slug":null,"_yoast_wpseo_title":null,"_yoast_wpseo_canonical":null,"yoast_head":"<!-- This site is optimized with the Yoast SEO plugin v27.4 - https:\/\/yoast.com\/product\/yoast-seo-wordpress\/ -->\n<title>F\u00f6rdert Corona eine neue und bessere F\u00fchrungskultur? - Save<\/title>\n<meta name=\"description\" content=\"F\u00fcr viele F\u00fchrungskr\u00e4fte, deren Teams im Homeoffice arbeiten, sind die vergangenen Wochen ein herausfordernder Spagat gewesen.\" \/>\n<meta name=\"robots\" content=\"index, follow, max-snippet:-1, max-image-preview:large, max-video-preview:-1\" \/>\n<link rel=\"canonical\" href=\"https:\/\/news.save.ch\/en\/foerdert-corona-eine-neue-und-bessere-fuehrungskultur\/\" \/>\n<meta property=\"og:locale\" content=\"en_US\" \/>\n<meta property=\"og:type\" content=\"article\" \/>\n<meta property=\"og:title\" content=\"F\u00f6rdert Corona eine neue und bessere F\u00fchrungskultur? - Save\" \/>\n<meta property=\"og:description\" content=\"F\u00fcr viele F\u00fchrungskr\u00e4fte, deren Teams im Homeoffice arbeiten, sind die vergangenen Wochen ein herausfordernder Spagat gewesen.\" \/>\n<meta property=\"og:url\" content=\"https:\/\/news.save.ch\/en\/foerdert-corona-eine-neue-und-bessere-fuehrungskultur\/\" \/>\n<meta property=\"og:site_name\" content=\"Save\" \/>\n<meta property=\"article:published_time\" content=\"2020-05-30T06:06:15+00:00\" \/>\n<meta property=\"article:modified_time\" content=\"2023-03-14T08:00:48+00:00\" \/>\n<meta property=\"og:image\" content=\"https:\/\/news.save.ch\/wp-content\/uploads\/2020\/05\/Depositphotos_monkeybusiness-1-scaled-1.jpg\" \/>\n\t<meta property=\"og:image:width\" content=\"1200\" \/>\n\t<meta property=\"og:image:height\" content=\"800\" \/>\n\t<meta property=\"og:image:type\" content=\"image\/jpeg\" \/>\n<meta name=\"author\" content=\"admin\" \/>\n<meta name=\"twitter:card\" content=\"summary_large_image\" \/>\n<meta name=\"twitter:label1\" content=\"Written by\" \/>\n\t<meta name=\"twitter:data1\" content=\"admin\" \/>\n\t<meta name=\"twitter:label2\" content=\"Est. reading time\" \/>\n\t<meta name=\"twitter:data2\" content=\"2 minutes\" \/>\n<script type=\"application\/ld+json\" class=\"yoast-schema-graph\">{\"@context\":\"https:\\\/\\\/schema.org\",\"@graph\":[{\"@type\":\"Article\",\"@id\":\"https:\\\/\\\/news.save.ch\\\/foerdert-corona-eine-neue-und-bessere-fuehrungskultur\\\/#article\",\"isPartOf\":{\"@id\":\"https:\\\/\\\/news.save.ch\\\/foerdert-corona-eine-neue-und-bessere-fuehrungskultur\\\/\"},\"author\":{\"name\":\"admin\",\"@id\":\"https:\\\/\\\/news.save.ch\\\/de\\\/#\\\/schema\\\/person\\\/d49e199490bad7c70d64b9ab51142f2b\"},\"headline\":\"F\u00f6rdert Corona eine neue und bessere F\u00fchrungskultur?\",\"datePublished\":\"2020-05-30T06:06:15+00:00\",\"dateModified\":\"2023-03-14T08:00:48+00:00\",\"mainEntityOfPage\":{\"@id\":\"https:\\\/\\\/news.save.ch\\\/foerdert-corona-eine-neue-und-bessere-fuehrungskultur\\\/\"},\"wordCount\":377,\"publisher\":{\"@id\":\"https:\\\/\\\/news.save.ch\\\/de\\\/#organization\"},\"image\":{\"@id\":\"https:\\\/\\\/news.save.ch\\\/foerdert-corona-eine-neue-und-bessere-fuehrungskultur\\\/#primaryimage\"},\"thumbnailUrl\":\"https:\\\/\\\/news.save.ch\\\/wp-content\\\/uploads\\\/2020\\\/05\\\/Depositphotos_monkeybusiness-1-scaled-1.jpg\",\"keywords\":[\"Arbeitsplatzgestaltung\",\"Arbeitssicherheit\",\"Arbeitszeit\",\"Depressionen\",\"Gesundheitsschutz\",\"Pr\u00e4vention\"],\"articleSection\":[\"HEALTH &amp; SAFETY\"],\"inLanguage\":\"en-US\"},{\"@type\":\"WebPage\",\"@id\":\"https:\\\/\\\/news.save.ch\\\/foerdert-corona-eine-neue-und-bessere-fuehrungskultur\\\/\",\"url\":\"https:\\\/\\\/news.save.ch\\\/foerdert-corona-eine-neue-und-bessere-fuehrungskultur\\\/\",\"name\":\"F\u00f6rdert Corona eine neue und bessere F\u00fchrungskultur? - Save\",\"isPartOf\":{\"@id\":\"https:\\\/\\\/news.save.ch\\\/de\\\/#website\"},\"primaryImageOfPage\":{\"@id\":\"https:\\\/\\\/news.save.ch\\\/foerdert-corona-eine-neue-und-bessere-fuehrungskultur\\\/#primaryimage\"},\"image\":{\"@id\":\"https:\\\/\\\/news.save.ch\\\/foerdert-corona-eine-neue-und-bessere-fuehrungskultur\\\/#primaryimage\"},\"thumbnailUrl\":\"https:\\\/\\\/news.save.ch\\\/wp-content\\\/uploads\\\/2020\\\/05\\\/Depositphotos_monkeybusiness-1-scaled-1.jpg\",\"datePublished\":\"2020-05-30T06:06:15+00:00\",\"dateModified\":\"2023-03-14T08:00:48+00:00\",\"description\":\"F\u00fcr viele F\u00fchrungskr\u00e4fte, deren Teams im Homeoffice arbeiten, sind die vergangenen Wochen ein herausfordernder Spagat gewesen.\",\"breadcrumb\":{\"@id\":\"https:\\\/\\\/news.save.ch\\\/foerdert-corona-eine-neue-und-bessere-fuehrungskultur\\\/#breadcrumb\"},\"inLanguage\":\"en-US\",\"potentialAction\":[{\"@type\":\"ReadAction\",\"target\":[\"https:\\\/\\\/news.save.ch\\\/foerdert-corona-eine-neue-und-bessere-fuehrungskultur\\\/\"]}]},{\"@type\":\"ImageObject\",\"inLanguage\":\"en-US\",\"@id\":\"https:\\\/\\\/news.save.ch\\\/foerdert-corona-eine-neue-und-bessere-fuehrungskultur\\\/#primaryimage\",\"url\":\"https:\\\/\\\/news.save.ch\\\/wp-content\\\/uploads\\\/2020\\\/05\\\/Depositphotos_monkeybusiness-1-scaled-1.jpg\",\"contentUrl\":\"https:\\\/\\\/news.save.ch\\\/wp-content\\\/uploads\\\/2020\\\/05\\\/Depositphotos_monkeybusiness-1-scaled-1.jpg\",\"width\":1200,\"height\":800,\"caption\":\"Die MitarbeiterInnen im Homeoffice k\u00f6nnen auch einmal Nein sagen, wenn es zu viel wird. \u00a9Depositphotos\\\/monkeybusiness\"},{\"@type\":\"BreadcrumbList\",\"@id\":\"https:\\\/\\\/news.save.ch\\\/foerdert-corona-eine-neue-und-bessere-fuehrungskultur\\\/#breadcrumb\",\"itemListElement\":[{\"@type\":\"ListItem\",\"position\":1,\"name\":\"Home\",\"item\":\"https:\\\/\\\/news.save.ch\\\/de\\\/\"},{\"@type\":\"ListItem\",\"position\":2,\"name\":\"F\u00f6rdert Corona eine neue und bessere F\u00fchrungskultur?\"}]},{\"@type\":\"WebSite\",\"@id\":\"https:\\\/\\\/news.save.ch\\\/de\\\/#website\",\"url\":\"https:\\\/\\\/news.save.ch\\\/de\\\/\",\"name\":\"Save\",\"description\":\"Schweizer Fachzeitschrift f\u00fcr Sicherheit\",\"publisher\":{\"@id\":\"https:\\\/\\\/news.save.ch\\\/de\\\/#organization\"},\"potentialAction\":[{\"@type\":\"SearchAction\",\"target\":{\"@type\":\"EntryPoint\",\"urlTemplate\":\"https:\\\/\\\/news.save.ch\\\/de\\\/?s={search_term_string}\"},\"query-input\":{\"@type\":\"PropertyValueSpecification\",\"valueRequired\":true,\"valueName\":\"search_term_string\"}}],\"inLanguage\":\"en-US\"},{\"@type\":\"Organization\",\"@id\":\"https:\\\/\\\/news.save.ch\\\/de\\\/#organization\",\"name\":\"Sicherheitsforum\",\"url\":\"https:\\\/\\\/news.save.ch\\\/de\\\/\",\"logo\":{\"@type\":\"ImageObject\",\"inLanguage\":\"en-US\",\"@id\":\"https:\\\/\\\/news.save.ch\\\/de\\\/#\\\/schema\\\/logo\\\/image\\\/\",\"url\":\"https:\\\/\\\/news.save.ch\\\/wp-content\\\/uploads\\\/2022\\\/06\\\/Logo_SF_2012.png\",\"contentUrl\":\"https:\\\/\\\/news.save.ch\\\/wp-content\\\/uploads\\\/2022\\\/06\\\/Logo_SF_2012.png\",\"width\":1100,\"height\":91,\"caption\":\"Sicherheitsforum\"},\"image\":{\"@id\":\"https:\\\/\\\/news.save.ch\\\/de\\\/#\\\/schema\\\/logo\\\/image\\\/\"}},{\"@type\":\"Person\",\"@id\":\"https:\\\/\\\/news.save.ch\\\/de\\\/#\\\/schema\\\/person\\\/d49e199490bad7c70d64b9ab51142f2b\",\"name\":\"admin\",\"image\":{\"@type\":\"ImageObject\",\"inLanguage\":\"en-US\",\"@id\":\"https:\\\/\\\/secure.gravatar.com\\\/avatar\\\/ae2f4d718e6c49043e314ce431e7e645d646302a24a5ef5a8bc8e3f5a032e319?s=96&d=mm&r=g\",\"url\":\"https:\\\/\\\/secure.gravatar.com\\\/avatar\\\/ae2f4d718e6c49043e314ce431e7e645d646302a24a5ef5a8bc8e3f5a032e319?s=96&d=mm&r=g\",\"contentUrl\":\"https:\\\/\\\/secure.gravatar.com\\\/avatar\\\/ae2f4d718e6c49043e314ce431e7e645d646302a24a5ef5a8bc8e3f5a032e319?s=96&d=mm&r=g\",\"caption\":\"admin\"},\"sameAs\":[\"https:\\\/\\\/develop.organisator.galledia.ch\"],\"url\":\"https:\\\/\\\/news.save.ch\\\/en\\\/author\\\/admin\\\/\"}]}<\/script>\n<!-- \/ Yoast SEO plugin. -->","yoast_head_json":{"title":"Does Corona promote a new and better leadership culture? - Save","description":"For many executives whose teams work from home offices, the past few weeks have been a challenging balancing act.","robots":{"index":"index","follow":"follow","max-snippet":"max-snippet:-1","max-image-preview":"max-image-preview:large","max-video-preview":"max-video-preview:-1"},"canonical":"https:\/\/news.save.ch\/en\/foerdert-corona-eine-neue-und-bessere-fuehrungskultur\/","og_locale":"en_US","og_type":"article","og_title":"F\u00f6rdert Corona eine neue und bessere F\u00fchrungskultur? - Save","og_description":"F\u00fcr viele F\u00fchrungskr\u00e4fte, deren Teams im Homeoffice arbeiten, sind die vergangenen Wochen ein herausfordernder Spagat gewesen.","og_url":"https:\/\/news.save.ch\/en\/foerdert-corona-eine-neue-und-bessere-fuehrungskultur\/","og_site_name":"Save","article_published_time":"2020-05-30T06:06:15+00:00","article_modified_time":"2023-03-14T08:00:48+00:00","og_image":[{"width":1200,"height":800,"url":"https:\/\/news.save.ch\/wp-content\/uploads\/2020\/05\/Depositphotos_monkeybusiness-1-scaled-1.jpg","type":"image\/jpeg"}],"author":"admin","twitter_card":"summary_large_image","twitter_misc":{"Written by":"admin","Est. reading time":"2 minutes"},"schema":{"@context":"https:\/\/schema.org","@graph":[{"@type":"Article","@id":"https:\/\/news.save.ch\/foerdert-corona-eine-neue-und-bessere-fuehrungskultur\/#article","isPartOf":{"@id":"https:\/\/news.save.ch\/foerdert-corona-eine-neue-und-bessere-fuehrungskultur\/"},"author":{"name":"admin","@id":"https:\/\/news.save.ch\/de\/#\/schema\/person\/d49e199490bad7c70d64b9ab51142f2b"},"headline":"F\u00f6rdert Corona eine neue und bessere F\u00fchrungskultur?","datePublished":"2020-05-30T06:06:15+00:00","dateModified":"2023-03-14T08:00:48+00:00","mainEntityOfPage":{"@id":"https:\/\/news.save.ch\/foerdert-corona-eine-neue-und-bessere-fuehrungskultur\/"},"wordCount":377,"publisher":{"@id":"https:\/\/news.save.ch\/de\/#organization"},"image":{"@id":"https:\/\/news.save.ch\/foerdert-corona-eine-neue-und-bessere-fuehrungskultur\/#primaryimage"},"thumbnailUrl":"https:\/\/news.save.ch\/wp-content\/uploads\/2020\/05\/Depositphotos_monkeybusiness-1-scaled-1.jpg","keywords":["Arbeitsplatzgestaltung","Arbeitssicherheit","Arbeitszeit","Depressionen","Gesundheitsschutz","Pr\u00e4vention"],"articleSection":["HEALTH &amp; SAFETY"],"inLanguage":"en-US"},{"@type":"WebPage","@id":"https:\/\/news.save.ch\/foerdert-corona-eine-neue-und-bessere-fuehrungskultur\/","url":"https:\/\/news.save.ch\/foerdert-corona-eine-neue-und-bessere-fuehrungskultur\/","name":"Does Corona promote a new and better leadership culture? - Save","isPartOf":{"@id":"https:\/\/news.save.ch\/de\/#website"},"primaryImageOfPage":{"@id":"https:\/\/news.save.ch\/foerdert-corona-eine-neue-und-bessere-fuehrungskultur\/#primaryimage"},"image":{"@id":"https:\/\/news.save.ch\/foerdert-corona-eine-neue-und-bessere-fuehrungskultur\/#primaryimage"},"thumbnailUrl":"https:\/\/news.save.ch\/wp-content\/uploads\/2020\/05\/Depositphotos_monkeybusiness-1-scaled-1.jpg","datePublished":"2020-05-30T06:06:15+00:00","dateModified":"2023-03-14T08:00:48+00:00","description":"For many executives whose teams work from home offices, the past few weeks have been a challenging balancing act.","breadcrumb":{"@id":"https:\/\/news.save.ch\/foerdert-corona-eine-neue-und-bessere-fuehrungskultur\/#breadcrumb"},"inLanguage":"en-US","potentialAction":[{"@type":"ReadAction","target":["https:\/\/news.save.ch\/foerdert-corona-eine-neue-und-bessere-fuehrungskultur\/"]}]},{"@type":"ImageObject","inLanguage":"en-US","@id":"https:\/\/news.save.ch\/foerdert-corona-eine-neue-und-bessere-fuehrungskultur\/#primaryimage","url":"https:\/\/news.save.ch\/wp-content\/uploads\/2020\/05\/Depositphotos_monkeybusiness-1-scaled-1.jpg","contentUrl":"https:\/\/news.save.ch\/wp-content\/uploads\/2020\/05\/Depositphotos_monkeybusiness-1-scaled-1.jpg","width":1200,"height":800,"caption":"Die MitarbeiterInnen im Homeoffice k\u00f6nnen auch einmal Nein sagen, wenn es zu viel wird. \u00a9Depositphotos\/monkeybusiness"},{"@type":"BreadcrumbList","@id":"https:\/\/news.save.ch\/foerdert-corona-eine-neue-und-bessere-fuehrungskultur\/#breadcrumb","itemListElement":[{"@type":"ListItem","position":1,"name":"Home","item":"https:\/\/news.save.ch\/de\/"},{"@type":"ListItem","position":2,"name":"F\u00f6rdert Corona eine neue und bessere F\u00fchrungskultur?"}]},{"@type":"WebSite","@id":"https:\/\/news.save.ch\/de\/#website","url":"https:\/\/news.save.ch\/de\/","name":"Save","description":"Swiss trade journal for safety","publisher":{"@id":"https:\/\/news.save.ch\/de\/#organization"},"potentialAction":[{"@type":"SearchAction","target":{"@type":"EntryPoint","urlTemplate":"https:\/\/news.save.ch\/de\/?s={search_term_string}"},"query-input":{"@type":"PropertyValueSpecification","valueRequired":true,"valueName":"search_term_string"}}],"inLanguage":"en-US"},{"@type":"Organization","@id":"https:\/\/news.save.ch\/de\/#organization","name":"Security Forum","url":"https:\/\/news.save.ch\/de\/","logo":{"@type":"ImageObject","inLanguage":"en-US","@id":"https:\/\/news.save.ch\/de\/#\/schema\/logo\/image\/","url":"https:\/\/news.save.ch\/wp-content\/uploads\/2022\/06\/Logo_SF_2012.png","contentUrl":"https:\/\/news.save.ch\/wp-content\/uploads\/2022\/06\/Logo_SF_2012.png","width":1100,"height":91,"caption":"Sicherheitsforum"},"image":{"@id":"https:\/\/news.save.ch\/de\/#\/schema\/logo\/image\/"}},{"@type":"Person","@id":"https:\/\/news.save.ch\/de\/#\/schema\/person\/d49e199490bad7c70d64b9ab51142f2b","name":"admin","image":{"@type":"ImageObject","inLanguage":"en-US","@id":"https:\/\/secure.gravatar.com\/avatar\/ae2f4d718e6c49043e314ce431e7e645d646302a24a5ef5a8bc8e3f5a032e319?s=96&d=mm&r=g","url":"https:\/\/secure.gravatar.com\/avatar\/ae2f4d718e6c49043e314ce431e7e645d646302a24a5ef5a8bc8e3f5a032e319?s=96&d=mm&r=g","contentUrl":"https:\/\/secure.gravatar.com\/avatar\/ae2f4d718e6c49043e314ce431e7e645d646302a24a5ef5a8bc8e3f5a032e319?s=96&d=mm&r=g","caption":"admin"},"sameAs":["https:\/\/develop.organisator.galledia.ch"],"url":"https:\/\/news.save.ch\/en\/author\/admin\/"}]}},"_links":{"self":[{"href":"https:\/\/news.save.ch\/en\/wp-json\/wp\/v2\/posts\/16952","targetHints":{"allow":["GET"]}}],"collection":[{"href":"https:\/\/news.save.ch\/en\/wp-json\/wp\/v2\/posts"}],"about":[{"href":"https:\/\/news.save.ch\/en\/wp-json\/wp\/v2\/types\/post"}],"author":[{"embeddable":true,"href":"https:\/\/news.save.ch\/en\/wp-json\/wp\/v2\/users\/1"}],"replies":[{"embeddable":true,"href":"https:\/\/news.save.ch\/en\/wp-json\/wp\/v2\/comments?post=16952"}],"version-history":[{"count":1,"href":"https:\/\/news.save.ch\/en\/wp-json\/wp\/v2\/posts\/16952\/revisions"}],"predecessor-version":[{"id":18196,"href":"https:\/\/news.save.ch\/en\/wp-json\/wp\/v2\/posts\/16952\/revisions\/18196"}],"wp:featuredmedia":[{"embeddable":true,"href":"https:\/\/news.save.ch\/en\/wp-json\/wp\/v2\/media\/5717"}],"wp:attachment":[{"href":"https:\/\/news.save.ch\/en\/wp-json\/wp\/v2\/media?parent=16952"}],"wp:term":[{"taxonomy":"category","embeddable":true,"href":"https:\/\/news.save.ch\/en\/wp-json\/wp\/v2\/categories?post=16952"},{"taxonomy":"post_tag","embeddable":true,"href":"https:\/\/news.save.ch\/en\/wp-json\/wp\/v2\/tags?post=16952"}],"curies":[{"name":"wp","href":"https:\/\/api.w.org\/{rel}","templated":true}]}}