{"id":16953,"date":"2020-05-27T08:42:34","date_gmt":"2020-05-27T06:42:34","guid":{"rendered":"https:\/\/news.save.ch\/?p=5726"},"modified":"2023-03-14T09:02:19","modified_gmt":"2023-03-14T08:02:19","slug":"fehlanwendung-von-pandemieatemschutz-in-betrieben-vermeiden","status":null,"type":"post","link":"https:\/\/news.save.ch\/en\/fehlanwendung-von-pandemieatemschutz-in-betrieben-vermeiden\/","title":{"rendered":"Avoiding misuse of pandemic respiratory protection in companies"},"content":{"rendered":"<figure id=\"attachment_5728\" aria-describedby=\"caption-attachment-5728\" style=\"width: 680px\" class=\"wp-caption alignnone\"><img loading=\"lazy\" decoding=\"async\" class=\"size-medium wp-image-5728\" src=\"http:\/\/develop.safety-plus.ch\/wp-content\/uploads\/2020\/05\/Depositphotos_tendo23.jpg\" alt=\"\" width=\"680\" height=\"453\" \/><figcaption id=\"caption-attachment-5728\" class=\"wp-caption-text\">Dozens of product types have already been tested with positive results and millions of masks have been made marketable. \u00a9Depositphotos\/tendo23<\/figcaption><\/figure>\n<p><span style=\"font-family: 'Arial',sans-serif; color: black;\">To address the acute shortage of respirators in <a href=\"https:\/\/news.save.ch\/en\/offener-brief-prof-em-sucharit-bhakdi-zur-corona-krise\/\" target=\"_blank\" rel=\"noopener\">Pandemic times<\/a> Since the end of March 2020, Germany has had a rapid test that pragmatically checks the suitability of respirators for protection against Sars-CoV-2. In the meantime, dozens of product types have already been tested with positive results and millions of masks have thus been made marketable.\u00a0<\/span><\/p>\n<p><span style=\"font-family: 'Arial',sans-serif; color: black;\">\"Actually, the CPA thus examined is exclusive to the provision of health care to the <a href=\"https:\/\/news.save.ch\/en\/wer-darf-sich-schuetzen-wer-nicht\/\" target=\"_blank\" rel=\"noopener\">Protection<\/a> before the virus,\" says Dr. Martin Liedtke, coordinator for personal protective equipment at the IFA. Nevertheless, CPA is now offered in many places in the trade, and those who have a need naturally take it. Liedtke: \"This certainly includes companies that need filtering respiratory protection for a wide variety of activities, for example, at workplaces with high dust exposure or for handling cooling lubricants.\"<\/span><\/p>\n<p><span style=\"font-family: 'Arial',sans-serif; color: black;\">For the layman, CPA is often indistinguishable from otherwise standard, certified respiratory protection. But: CPA is not personal protective equipment according to the European test standard EN 149 for filtering half masks. It is not equivalent in terms of protection to respiratory protection certified to this test standard. CPA is intended to protect against the virus. \"However, this does not automatically mean that the <a href=\"https:\/\/news.save.ch\/en\/aktuelle-infos-zur-coronavirus-notlage\/\" target=\"_blank\" rel=\"noopener\">Respirators<\/a> also offer protection against other airborne pollutants, for example oil-containing aerosols, some of which contain carcinogenic substances,\" says the IFA expert.\u00a0<\/span><\/p>\n<p><b><span style=\"font-family: 'Arial',sans-serif; color: black;\">Further information<\/span><\/b><\/p>\n<p><a href=\"https:\/\/www.dguv.de\/ifa\/fachinfos\/persoenliche-schutzausruestungen-(psa)\/covid-19-und-psa\/index.jsp\" target=\"_blank\" rel=\"noopener\"><span style=\"font-family: Arial, sans-serif;\">www.dguv.de<\/span><\/a><\/p>","protected":false},"excerpt":{"rendered":"<p>Um dem akuten Mangel an Atemschutzmasken in Pandemiezeiten zu begegnen, existiert seit Ende M\u00e4rz 2020 f\u00fcr Deutschland ein Schnelltest, der die Eignung von Atemschutzmasken zum Schutz vor Sars-CoV-2 pragmatisch \u00fcberpr\u00fcft. Inzwischen wurden bereits Dutzende von Produkttypen mit positivem Ergebnis gepr\u00fcft und Millionen von Masken damit verkehrsf\u00e4hig gemacht.\u00a0 \u201eEigentlich ist der so gepr\u00fcften CPA exklusiv f\u00fcr [&hellip;]<\/p>\n","protected":false},"author":1,"featured_media":5728,"comment_status":"closed","ping_status":"closed","sticky":false,"template":"","format":"standard","meta":{"_acf_changed":false,"pgc_sgb_lightbox_settings":"","footnotes":""},"categories":[3314],"tags":[172,700,149,141,310],"class_list":["post-16953","post","type-post","status-publish","format-standard","has-post-thumbnail","hentry","category-health-safety","tag-arbeitssicherheit","tag-bag","tag-gesundheitsschutz","tag-praevention","tag-sicherheit"],"acf":[],"hkrextid":null,"publication":null,"issue":null,"workflow":null,"startPage":null,"spitzmarke":null,"_posts_by_tag_page_fields":{"widget_title":"","widget_tags":""},"_at_widget":"1","_yoast_wpseo_primary_category":"4","_yoast_wpseo_focuskw_text_input":"Pandemie","_yoast_wpseo_opengraph-image":null,"_yoast_wpseo_opengraph-description":null,"_yoast_wpseo_opengraph-title":null,"enclosure":null,"_yoast_wpseo_twitter-title":null,"_yoast_wpseo_twitter-description":null,"_yoast_wpseo_twitter-image":null,"_wp_old_slug":null,"_yoast_wpseo_title":null,"_yoast_wpseo_canonical":null,"yoast_head":"<!-- This site is optimized with the Yoast SEO plugin v27.4 - https:\/\/yoast.com\/product\/yoast-seo-wordpress\/ -->\n<title>Fehlanwendung von Pandemieatemschutz in Betrieben vermeiden - Save<\/title>\n<meta name=\"description\" content=\"Zurzeit besteht die M\u00f6glichkeit, Atemschutz auf Grundlage einer vereinfachten Pr\u00fcfung in den Verkehr zu bringen.\" \/>\n<meta name=\"robots\" content=\"index, follow, max-snippet:-1, max-image-preview:large, max-video-preview:-1\" \/>\n<link rel=\"canonical\" href=\"https:\/\/news.save.ch\/en\/fehlanwendung-von-pandemieatemschutz-in-betrieben-vermeiden\/\" \/>\n<meta property=\"og:locale\" content=\"en_US\" \/>\n<meta property=\"og:type\" content=\"article\" \/>\n<meta property=\"og:title\" content=\"Fehlanwendung von Pandemieatemschutz in Betrieben vermeiden - Save\" \/>\n<meta property=\"og:description\" content=\"Zurzeit besteht die M\u00f6glichkeit, Atemschutz auf Grundlage einer vereinfachten Pr\u00fcfung in den Verkehr zu bringen.\" \/>\n<meta property=\"og:url\" content=\"https:\/\/news.save.ch\/en\/fehlanwendung-von-pandemieatemschutz-in-betrieben-vermeiden\/\" \/>\n<meta property=\"og:site_name\" content=\"Save\" \/>\n<meta property=\"article:published_time\" content=\"2020-05-27T06:42:34+00:00\" \/>\n<meta property=\"article:modified_time\" content=\"2023-03-14T08:02:19+00:00\" \/>\n<meta property=\"og:image\" content=\"https:\/\/news.save.ch\/wp-content\/uploads\/2020\/05\/Depositphotos_tendo23-scaled-1.jpg\" \/>\n\t<meta property=\"og:image:width\" content=\"1200\" \/>\n\t<meta property=\"og:image:height\" content=\"800\" \/>\n\t<meta property=\"og:image:type\" content=\"image\/jpeg\" \/>\n<meta name=\"author\" content=\"admin\" \/>\n<meta name=\"twitter:card\" content=\"summary_large_image\" \/>\n<meta name=\"twitter:label1\" content=\"Written by\" \/>\n\t<meta name=\"twitter:data1\" content=\"admin\" \/>\n\t<meta name=\"twitter:label2\" content=\"Est. reading time\" \/>\n\t<meta name=\"twitter:data2\" content=\"1 minute\" \/>\n<script type=\"application\/ld+json\" class=\"yoast-schema-graph\">{\"@context\":\"https:\\\/\\\/schema.org\",\"@graph\":[{\"@type\":\"Article\",\"@id\":\"https:\\\/\\\/news.save.ch\\\/fehlanwendung-von-pandemieatemschutz-in-betrieben-vermeiden\\\/#article\",\"isPartOf\":{\"@id\":\"https:\\\/\\\/news.save.ch\\\/fehlanwendung-von-pandemieatemschutz-in-betrieben-vermeiden\\\/\"},\"author\":{\"name\":\"admin\",\"@id\":\"https:\\\/\\\/news.save.ch\\\/de\\\/#\\\/schema\\\/person\\\/d49e199490bad7c70d64b9ab51142f2b\"},\"headline\":\"Fehlanwendung von Pandemieatemschutz in Betrieben vermeiden\",\"datePublished\":\"2020-05-27T06:42:34+00:00\",\"dateModified\":\"2023-03-14T08:02:19+00:00\",\"mainEntityOfPage\":{\"@id\":\"https:\\\/\\\/news.save.ch\\\/fehlanwendung-von-pandemieatemschutz-in-betrieben-vermeiden\\\/\"},\"wordCount\":258,\"publisher\":{\"@id\":\"https:\\\/\\\/news.save.ch\\\/de\\\/#organization\"},\"image\":{\"@id\":\"https:\\\/\\\/news.save.ch\\\/fehlanwendung-von-pandemieatemschutz-in-betrieben-vermeiden\\\/#primaryimage\"},\"thumbnailUrl\":\"https:\\\/\\\/news.save.ch\\\/wp-content\\\/uploads\\\/2020\\\/05\\\/Depositphotos_tendo23-scaled-1.jpg\",\"keywords\":[\"Arbeitssicherheit\",\"BAG\",\"Gesundheitsschutz\",\"Pr\u00e4vention\",\"Sicherheit\"],\"articleSection\":[\"HEALTH &amp; SAFETY\"],\"inLanguage\":\"en-US\"},{\"@type\":\"WebPage\",\"@id\":\"https:\\\/\\\/news.save.ch\\\/fehlanwendung-von-pandemieatemschutz-in-betrieben-vermeiden\\\/\",\"url\":\"https:\\\/\\\/news.save.ch\\\/fehlanwendung-von-pandemieatemschutz-in-betrieben-vermeiden\\\/\",\"name\":\"Fehlanwendung von Pandemieatemschutz in Betrieben vermeiden - Save\",\"isPartOf\":{\"@id\":\"https:\\\/\\\/news.save.ch\\\/de\\\/#website\"},\"primaryImageOfPage\":{\"@id\":\"https:\\\/\\\/news.save.ch\\\/fehlanwendung-von-pandemieatemschutz-in-betrieben-vermeiden\\\/#primaryimage\"},\"image\":{\"@id\":\"https:\\\/\\\/news.save.ch\\\/fehlanwendung-von-pandemieatemschutz-in-betrieben-vermeiden\\\/#primaryimage\"},\"thumbnailUrl\":\"https:\\\/\\\/news.save.ch\\\/wp-content\\\/uploads\\\/2020\\\/05\\\/Depositphotos_tendo23-scaled-1.jpg\",\"datePublished\":\"2020-05-27T06:42:34+00:00\",\"dateModified\":\"2023-03-14T08:02:19+00:00\",\"description\":\"Zurzeit besteht die M\u00f6glichkeit, Atemschutz auf Grundlage einer vereinfachten Pr\u00fcfung in den Verkehr zu bringen.\",\"breadcrumb\":{\"@id\":\"https:\\\/\\\/news.save.ch\\\/fehlanwendung-von-pandemieatemschutz-in-betrieben-vermeiden\\\/#breadcrumb\"},\"inLanguage\":\"en-US\",\"potentialAction\":[{\"@type\":\"ReadAction\",\"target\":[\"https:\\\/\\\/news.save.ch\\\/fehlanwendung-von-pandemieatemschutz-in-betrieben-vermeiden\\\/\"]}]},{\"@type\":\"ImageObject\",\"inLanguage\":\"en-US\",\"@id\":\"https:\\\/\\\/news.save.ch\\\/fehlanwendung-von-pandemieatemschutz-in-betrieben-vermeiden\\\/#primaryimage\",\"url\":\"https:\\\/\\\/news.save.ch\\\/wp-content\\\/uploads\\\/2020\\\/05\\\/Depositphotos_tendo23-scaled-1.jpg\",\"contentUrl\":\"https:\\\/\\\/news.save.ch\\\/wp-content\\\/uploads\\\/2020\\\/05\\\/Depositphotos_tendo23-scaled-1.jpg\",\"width\":1200,\"height\":800,\"caption\":\"Es wurden bereits Dutzende von Produkttypen mit positivem Ergebnis gepr\u00fcft und Millionen von Masken verkehrsf\u00e4hig gemacht. \u00a9Depositphotos\\\/tendo23\"},{\"@type\":\"BreadcrumbList\",\"@id\":\"https:\\\/\\\/news.save.ch\\\/fehlanwendung-von-pandemieatemschutz-in-betrieben-vermeiden\\\/#breadcrumb\",\"itemListElement\":[{\"@type\":\"ListItem\",\"position\":1,\"name\":\"Home\",\"item\":\"https:\\\/\\\/news.save.ch\\\/de\\\/\"},{\"@type\":\"ListItem\",\"position\":2,\"name\":\"Fehlanwendung von Pandemieatemschutz in Betrieben vermeiden\"}]},{\"@type\":\"WebSite\",\"@id\":\"https:\\\/\\\/news.save.ch\\\/de\\\/#website\",\"url\":\"https:\\\/\\\/news.save.ch\\\/de\\\/\",\"name\":\"Save\",\"description\":\"Schweizer Fachzeitschrift f\u00fcr Sicherheit\",\"publisher\":{\"@id\":\"https:\\\/\\\/news.save.ch\\\/de\\\/#organization\"},\"potentialAction\":[{\"@type\":\"SearchAction\",\"target\":{\"@type\":\"EntryPoint\",\"urlTemplate\":\"https:\\\/\\\/news.save.ch\\\/de\\\/?s={search_term_string}\"},\"query-input\":{\"@type\":\"PropertyValueSpecification\",\"valueRequired\":true,\"valueName\":\"search_term_string\"}}],\"inLanguage\":\"en-US\"},{\"@type\":\"Organization\",\"@id\":\"https:\\\/\\\/news.save.ch\\\/de\\\/#organization\",\"name\":\"Sicherheitsforum\",\"url\":\"https:\\\/\\\/news.save.ch\\\/de\\\/\",\"logo\":{\"@type\":\"ImageObject\",\"inLanguage\":\"en-US\",\"@id\":\"https:\\\/\\\/news.save.ch\\\/de\\\/#\\\/schema\\\/logo\\\/image\\\/\",\"url\":\"https:\\\/\\\/news.save.ch\\\/wp-content\\\/uploads\\\/2022\\\/06\\\/Logo_SF_2012.png\",\"contentUrl\":\"https:\\\/\\\/news.save.ch\\\/wp-content\\\/uploads\\\/2022\\\/06\\\/Logo_SF_2012.png\",\"width\":1100,\"height\":91,\"caption\":\"Sicherheitsforum\"},\"image\":{\"@id\":\"https:\\\/\\\/news.save.ch\\\/de\\\/#\\\/schema\\\/logo\\\/image\\\/\"}},{\"@type\":\"Person\",\"@id\":\"https:\\\/\\\/news.save.ch\\\/de\\\/#\\\/schema\\\/person\\\/d49e199490bad7c70d64b9ab51142f2b\",\"name\":\"admin\",\"image\":{\"@type\":\"ImageObject\",\"inLanguage\":\"en-US\",\"@id\":\"https:\\\/\\\/secure.gravatar.com\\\/avatar\\\/ae2f4d718e6c49043e314ce431e7e645d646302a24a5ef5a8bc8e3f5a032e319?s=96&d=mm&r=g\",\"url\":\"https:\\\/\\\/secure.gravatar.com\\\/avatar\\\/ae2f4d718e6c49043e314ce431e7e645d646302a24a5ef5a8bc8e3f5a032e319?s=96&d=mm&r=g\",\"contentUrl\":\"https:\\\/\\\/secure.gravatar.com\\\/avatar\\\/ae2f4d718e6c49043e314ce431e7e645d646302a24a5ef5a8bc8e3f5a032e319?s=96&d=mm&r=g\",\"caption\":\"admin\"},\"sameAs\":[\"https:\\\/\\\/develop.organisator.galledia.ch\"],\"url\":\"https:\\\/\\\/news.save.ch\\\/en\\\/author\\\/admin\\\/\"}]}<\/script>\n<!-- \/ Yoast SEO plugin. -->","yoast_head_json":{"title":"Avoiding misuse of pandemic respiratory protection in plants - Save","description":"Currently, it is possible to place respiratory protection on the market on the basis of a simplified test.","robots":{"index":"index","follow":"follow","max-snippet":"max-snippet:-1","max-image-preview":"max-image-preview:large","max-video-preview":"max-video-preview:-1"},"canonical":"https:\/\/news.save.ch\/en\/fehlanwendung-von-pandemieatemschutz-in-betrieben-vermeiden\/","og_locale":"en_US","og_type":"article","og_title":"Fehlanwendung von Pandemieatemschutz in Betrieben vermeiden - Save","og_description":"Zurzeit besteht die M\u00f6glichkeit, Atemschutz auf Grundlage einer vereinfachten Pr\u00fcfung in den Verkehr zu bringen.","og_url":"https:\/\/news.save.ch\/en\/fehlanwendung-von-pandemieatemschutz-in-betrieben-vermeiden\/","og_site_name":"Save","article_published_time":"2020-05-27T06:42:34+00:00","article_modified_time":"2023-03-14T08:02:19+00:00","og_image":[{"width":1200,"height":800,"url":"https:\/\/news.save.ch\/wp-content\/uploads\/2020\/05\/Depositphotos_tendo23-scaled-1.jpg","type":"image\/jpeg"}],"author":"admin","twitter_card":"summary_large_image","twitter_misc":{"Written by":"admin","Est. reading time":"1 minute"},"schema":{"@context":"https:\/\/schema.org","@graph":[{"@type":"Article","@id":"https:\/\/news.save.ch\/fehlanwendung-von-pandemieatemschutz-in-betrieben-vermeiden\/#article","isPartOf":{"@id":"https:\/\/news.save.ch\/fehlanwendung-von-pandemieatemschutz-in-betrieben-vermeiden\/"},"author":{"name":"admin","@id":"https:\/\/news.save.ch\/de\/#\/schema\/person\/d49e199490bad7c70d64b9ab51142f2b"},"headline":"Fehlanwendung von Pandemieatemschutz in Betrieben vermeiden","datePublished":"2020-05-27T06:42:34+00:00","dateModified":"2023-03-14T08:02:19+00:00","mainEntityOfPage":{"@id":"https:\/\/news.save.ch\/fehlanwendung-von-pandemieatemschutz-in-betrieben-vermeiden\/"},"wordCount":258,"publisher":{"@id":"https:\/\/news.save.ch\/de\/#organization"},"image":{"@id":"https:\/\/news.save.ch\/fehlanwendung-von-pandemieatemschutz-in-betrieben-vermeiden\/#primaryimage"},"thumbnailUrl":"https:\/\/news.save.ch\/wp-content\/uploads\/2020\/05\/Depositphotos_tendo23-scaled-1.jpg","keywords":["Arbeitssicherheit","BAG","Gesundheitsschutz","Pr\u00e4vention","Sicherheit"],"articleSection":["HEALTH &amp; SAFETY"],"inLanguage":"en-US"},{"@type":"WebPage","@id":"https:\/\/news.save.ch\/fehlanwendung-von-pandemieatemschutz-in-betrieben-vermeiden\/","url":"https:\/\/news.save.ch\/fehlanwendung-von-pandemieatemschutz-in-betrieben-vermeiden\/","name":"Avoiding misuse of pandemic respiratory protection in plants - Save","isPartOf":{"@id":"https:\/\/news.save.ch\/de\/#website"},"primaryImageOfPage":{"@id":"https:\/\/news.save.ch\/fehlanwendung-von-pandemieatemschutz-in-betrieben-vermeiden\/#primaryimage"},"image":{"@id":"https:\/\/news.save.ch\/fehlanwendung-von-pandemieatemschutz-in-betrieben-vermeiden\/#primaryimage"},"thumbnailUrl":"https:\/\/news.save.ch\/wp-content\/uploads\/2020\/05\/Depositphotos_tendo23-scaled-1.jpg","datePublished":"2020-05-27T06:42:34+00:00","dateModified":"2023-03-14T08:02:19+00:00","description":"Currently, it is possible to place respiratory protection on the market on the basis of a simplified test.","breadcrumb":{"@id":"https:\/\/news.save.ch\/fehlanwendung-von-pandemieatemschutz-in-betrieben-vermeiden\/#breadcrumb"},"inLanguage":"en-US","potentialAction":[{"@type":"ReadAction","target":["https:\/\/news.save.ch\/fehlanwendung-von-pandemieatemschutz-in-betrieben-vermeiden\/"]}]},{"@type":"ImageObject","inLanguage":"en-US","@id":"https:\/\/news.save.ch\/fehlanwendung-von-pandemieatemschutz-in-betrieben-vermeiden\/#primaryimage","url":"https:\/\/news.save.ch\/wp-content\/uploads\/2020\/05\/Depositphotos_tendo23-scaled-1.jpg","contentUrl":"https:\/\/news.save.ch\/wp-content\/uploads\/2020\/05\/Depositphotos_tendo23-scaled-1.jpg","width":1200,"height":800,"caption":"Es wurden bereits Dutzende von Produkttypen mit positivem Ergebnis gepr\u00fcft und Millionen von Masken verkehrsf\u00e4hig gemacht. \u00a9Depositphotos\/tendo23"},{"@type":"BreadcrumbList","@id":"https:\/\/news.save.ch\/fehlanwendung-von-pandemieatemschutz-in-betrieben-vermeiden\/#breadcrumb","itemListElement":[{"@type":"ListItem","position":1,"name":"Home","item":"https:\/\/news.save.ch\/de\/"},{"@type":"ListItem","position":2,"name":"Fehlanwendung von Pandemieatemschutz in Betrieben vermeiden"}]},{"@type":"WebSite","@id":"https:\/\/news.save.ch\/de\/#website","url":"https:\/\/news.save.ch\/de\/","name":"Save","description":"Swiss trade journal for safety","publisher":{"@id":"https:\/\/news.save.ch\/de\/#organization"},"potentialAction":[{"@type":"SearchAction","target":{"@type":"EntryPoint","urlTemplate":"https:\/\/news.save.ch\/de\/?s={search_term_string}"},"query-input":{"@type":"PropertyValueSpecification","valueRequired":true,"valueName":"search_term_string"}}],"inLanguage":"en-US"},{"@type":"Organization","@id":"https:\/\/news.save.ch\/de\/#organization","name":"Security Forum","url":"https:\/\/news.save.ch\/de\/","logo":{"@type":"ImageObject","inLanguage":"en-US","@id":"https:\/\/news.save.ch\/de\/#\/schema\/logo\/image\/","url":"https:\/\/news.save.ch\/wp-content\/uploads\/2022\/06\/Logo_SF_2012.png","contentUrl":"https:\/\/news.save.ch\/wp-content\/uploads\/2022\/06\/Logo_SF_2012.png","width":1100,"height":91,"caption":"Sicherheitsforum"},"image":{"@id":"https:\/\/news.save.ch\/de\/#\/schema\/logo\/image\/"}},{"@type":"Person","@id":"https:\/\/news.save.ch\/de\/#\/schema\/person\/d49e199490bad7c70d64b9ab51142f2b","name":"admin","image":{"@type":"ImageObject","inLanguage":"en-US","@id":"https:\/\/secure.gravatar.com\/avatar\/ae2f4d718e6c49043e314ce431e7e645d646302a24a5ef5a8bc8e3f5a032e319?s=96&d=mm&r=g","url":"https:\/\/secure.gravatar.com\/avatar\/ae2f4d718e6c49043e314ce431e7e645d646302a24a5ef5a8bc8e3f5a032e319?s=96&d=mm&r=g","contentUrl":"https:\/\/secure.gravatar.com\/avatar\/ae2f4d718e6c49043e314ce431e7e645d646302a24a5ef5a8bc8e3f5a032e319?s=96&d=mm&r=g","caption":"admin"},"sameAs":["https:\/\/develop.organisator.galledia.ch"],"url":"https:\/\/news.save.ch\/en\/author\/admin\/"}]}},"_links":{"self":[{"href":"https:\/\/news.save.ch\/en\/wp-json\/wp\/v2\/posts\/16953","targetHints":{"allow":["GET"]}}],"collection":[{"href":"https:\/\/news.save.ch\/en\/wp-json\/wp\/v2\/posts"}],"about":[{"href":"https:\/\/news.save.ch\/en\/wp-json\/wp\/v2\/types\/post"}],"author":[{"embeddable":true,"href":"https:\/\/news.save.ch\/en\/wp-json\/wp\/v2\/users\/1"}],"replies":[{"embeddable":true,"href":"https:\/\/news.save.ch\/en\/wp-json\/wp\/v2\/comments?post=16953"}],"version-history":[{"count":1,"href":"https:\/\/news.save.ch\/en\/wp-json\/wp\/v2\/posts\/16953\/revisions"}],"predecessor-version":[{"id":18593,"href":"https:\/\/news.save.ch\/en\/wp-json\/wp\/v2\/posts\/16953\/revisions\/18593"}],"wp:featuredmedia":[{"embeddable":true,"href":"https:\/\/news.save.ch\/en\/wp-json\/wp\/v2\/media\/5728"}],"wp:attachment":[{"href":"https:\/\/news.save.ch\/en\/wp-json\/wp\/v2\/media?parent=16953"}],"wp:term":[{"taxonomy":"category","embeddable":true,"href":"https:\/\/news.save.ch\/en\/wp-json\/wp\/v2\/categories?post=16953"},{"taxonomy":"post_tag","embeddable":true,"href":"https:\/\/news.save.ch\/en\/wp-json\/wp\/v2\/tags?post=16953"}],"curies":[{"name":"wp","href":"https:\/\/api.w.org\/{rel}","templated":true}]}}