{"id":17004,"date":"2021-05-26T14:17:41","date_gmt":"2021-05-26T12:17:41","guid":{"rendered":"https:\/\/news.save.ch\/?p=7213"},"modified":"2023-08-15T03:21:17","modified_gmt":"2023-08-15T01:21:17","slug":"gut-vorbereitet-sein-fuer-die-heissen-tage","status":null,"type":"post","link":"https:\/\/news.save.ch\/en\/gut-vorbereitet-sein-fuer-die-heissen-tage\/","title":{"rendered":"Act correctly in case of sunstroke and heat cramps"},"content":{"rendered":"<figure id=\"attachment_983\" aria-describedby=\"caption-attachment-983\" style=\"width: 680px\" class=\"wp-caption alignnone\"><img loading=\"lazy\" decoding=\"async\" class=\"wp-image-983 size-medium\" src=\"http:\/\/develop.safety-plus.ch\/wp-content\/uploads\/2016\/12\/Arbeit-in-der-Hitze-So-bewahren-Sie-einen-kuehlen-Kopf_safety-plus.jpg\" alt=\"Sunstroke\" width=\"680\" height=\"454\" \/><figcaption id=\"caption-attachment-983\" class=\"wp-caption-text\">Cool down, drink and seek shade - this is how heat illnesses can be prevented.<\/figcaption><\/figure>\n<p>Anyone working outdoors at temperatures above 25 degrees can quickly suffer from sunstroke. A distinction must be made between different stages of heat illness: above all between heat cramps, heat exhaustion or sunstroke and heat stroke.<\/p>\n<p>Briefly, heat cramps are brief, cramp-like pains in muscles, for example, during demanding outdoor exercise in the sun. In sunstroke or heat exhaustion, water loss causes a decrease in blood volume, which may be symptomatically reflected in a flushing of the head or partial nausea. In heat stroke, the body can no longer regulate the temperature and sudden collapse of the organ systems may occur at about 40 \u00b0C.<\/p>\n<p>According to Irene Kunz, an occupational physician at Suva, however, simple tips can help protect against overheating: for example, drink plenty of fluids, wear sun-protective clothing throughout the day, rest regularly, adjust your work rhythm - and again: drink plenty of fluids, preferably spread throughout the day. But what to do in case of heat cramp, sunstroke or heat stroke? Suva describes the symptoms and what to do in an emergency. <a href=\"https:\/\/www.suva.ch\/de-ch\/news\/arbeitssicherheit\/sonnenstich-was-tun?utm_source=nws&amp;utm_medium=email&amp;utm_content=email-teaser&amp;language=de&amp;thema=sonne-hitze-ozon&amp;digital-ziel=awn&amp;utm_campaign=newsletter_2021-05&amp;utm_medium=email\" target=\"_blank\" rel=\"noopener\">in this guide article<\/a>.<\/p>","protected":false},"excerpt":{"rendered":"<p>Wer bei Temperaturen von \u00fcber 25 Grad im Freien arbeitet, kann schnell einen Sonnenstich erleiden. Dabei ist zwischen verschiedenen Stadien von Hitzeleiden zu unterscheiden: vor allem zwischen Hitzekr\u00e4mpfen, einer Hitzeersch\u00f6pfung bzw. einem Sonnenstich und einem Hitzschlag. Kurz: Hitzekr\u00e4mpfe sind kurze, krampfartige Schmerzen in Muskeln, beispielsweise bei fordernder Bewegungsarbeit im Freien unter Sonneneinwirkung. Bei einem Sonnenstich [&hellip;]<\/p>\n","protected":false},"author":9,"featured_media":16004,"comment_status":"closed","ping_status":"closed","sticky":false,"template":"","format":"standard","meta":{"_acf_changed":false,"pgc_sgb_lightbox_settings":"","footnotes":""},"categories":[1],"tags":[6276,6275,6274,6277,6273,167,3120,3156],"class_list":["post-17004","post","type-post","status-publish","format-standard","has-post-thumbnail","hentry","category-allgemein","tag-hitzeerschoepfung","tag-hitzekraempfe","tag-hitzeleiden","tag-hitzschlag","tag-sonnenstich","tag-suva","tag-ueberhitzung","tag-uv-schutz"],"acf":[],"hkrextid":null,"publication":null,"issue":null,"workflow":null,"startPage":null,"spitzmarke":null,"_posts_by_tag_page_fields":{"widget_title":"","widget_tags":""},"_at_widget":"1","_yoast_wpseo_primary_category":"","_yoast_wpseo_focuskw_text_input":null,"_yoast_wpseo_opengraph-image":null,"_yoast_wpseo_opengraph-description":null,"_yoast_wpseo_opengraph-title":null,"enclosure":null,"_yoast_wpseo_twitter-title":null,"_yoast_wpseo_twitter-description":null,"_yoast_wpseo_twitter-image":null,"_wp_old_slug":null,"_yoast_wpseo_title":null,"_yoast_wpseo_canonical":null,"yoast_head":"<!-- This site is optimized with the Yoast SEO plugin v27.4 - https:\/\/yoast.com\/product\/yoast-seo-wordpress\/ -->\n<title>Richtig handeln bei einem Sonnenstich und Hitzekr\u00e4mpfen - Save<\/title>\n<meta name=\"description\" content=\"Wer bei Hitze draussen arbeitet, erleidet schnell einen Sonnenstich. Die Suva hat einige Pr\u00e4ventionstipps zum Umgang mit der UV-Strahlung am Arbeitsplatz zusammengestellt.\" \/>\n<meta name=\"robots\" content=\"index, follow, max-snippet:-1, max-image-preview:large, max-video-preview:-1\" \/>\n<link rel=\"canonical\" href=\"https:\/\/news.save.ch\/en\/gut-vorbereitet-sein-fuer-die-heissen-tage\/\" \/>\n<meta property=\"og:locale\" content=\"en_US\" \/>\n<meta property=\"og:type\" content=\"article\" \/>\n<meta property=\"og:title\" content=\"Richtig handeln bei einem Sonnenstich und Hitzekr\u00e4mpfen - Save\" \/>\n<meta property=\"og:description\" content=\"Wer bei Hitze draussen arbeitet, erleidet schnell einen Sonnenstich. Die Suva hat einige Pr\u00e4ventionstipps zum Umgang mit der UV-Strahlung am Arbeitsplatz zusammengestellt.\" \/>\n<meta property=\"og:url\" content=\"https:\/\/news.save.ch\/en\/gut-vorbereitet-sein-fuer-die-heissen-tage\/\" \/>\n<meta property=\"og:site_name\" content=\"Save\" \/>\n<meta property=\"article:published_time\" content=\"2021-05-26T12:17:41+00:00\" \/>\n<meta property=\"article:modified_time\" content=\"2023-08-15T01:21:17+00:00\" \/>\n<meta property=\"og:image\" content=\"https:\/\/news.save.ch\/wp-content\/uploads\/2016\/12\/Hitzenotfaelle-vorbeugen_safety-plus-scaled-1.jpg\" \/>\n\t<meta property=\"og:image:width\" content=\"1200\" \/>\n\t<meta property=\"og:image:height\" content=\"817\" \/>\n\t<meta property=\"og:image:type\" content=\"image\/jpeg\" \/>\n<meta name=\"author\" content=\"Simon Gr\u00f6flin\" \/>\n<meta name=\"twitter:card\" content=\"summary_large_image\" \/>\n<meta name=\"twitter:label1\" content=\"Written by\" \/>\n\t<meta name=\"twitter:data1\" content=\"Simon Gr\u00f6flin\" \/>\n\t<meta name=\"twitter:label2\" content=\"Est. reading time\" \/>\n\t<meta name=\"twitter:data2\" content=\"2 minutes\" \/>\n<script type=\"application\/ld+json\" class=\"yoast-schema-graph\">{\"@context\":\"https:\\\/\\\/schema.org\",\"@graph\":[{\"@type\":\"Article\",\"@id\":\"https:\\\/\\\/news.save.ch\\\/gut-vorbereitet-sein-fuer-die-heissen-tage\\\/#article\",\"isPartOf\":{\"@id\":\"https:\\\/\\\/news.save.ch\\\/gut-vorbereitet-sein-fuer-die-heissen-tage\\\/\"},\"author\":{\"name\":\"Simon Gr\u00f6flin\",\"@id\":\"https:\\\/\\\/news.save.ch\\\/de\\\/#\\\/schema\\\/person\\\/ad4ef21102fd6125312409ac57d5296d\"},\"headline\":\"Richtig handeln bei einem Sonnenstich und Hitzekr\u00e4mpfen\",\"datePublished\":\"2021-05-26T12:17:41+00:00\",\"dateModified\":\"2023-08-15T01:21:17+00:00\",\"mainEntityOfPage\":{\"@id\":\"https:\\\/\\\/news.save.ch\\\/gut-vorbereitet-sein-fuer-die-heissen-tage\\\/\"},\"wordCount\":211,\"publisher\":{\"@id\":\"https:\\\/\\\/news.save.ch\\\/de\\\/#organization\"},\"image\":{\"@id\":\"https:\\\/\\\/news.save.ch\\\/gut-vorbereitet-sein-fuer-die-heissen-tage\\\/#primaryimage\"},\"thumbnailUrl\":\"https:\\\/\\\/news.save.ch\\\/wp-content\\\/uploads\\\/2016\\\/12\\\/Hitzenotfaelle-vorbeugen_safety-plus-scaled-1.jpg\",\"keywords\":[\"Hitzeersch\u00f6pfung\",\"Hitzekr\u00e4mpfe\",\"Hitzeleiden\",\"Hitzschlag\",\"Sonnenstich\",\"SUVA\",\"\u00dcberhitzung\",\"UV-Schutz\"],\"articleSection\":[\"ALLGEMEIN\"],\"inLanguage\":\"en-US\"},{\"@type\":\"WebPage\",\"@id\":\"https:\\\/\\\/news.save.ch\\\/gut-vorbereitet-sein-fuer-die-heissen-tage\\\/\",\"url\":\"https:\\\/\\\/news.save.ch\\\/gut-vorbereitet-sein-fuer-die-heissen-tage\\\/\",\"name\":\"Richtig handeln bei einem Sonnenstich und Hitzekr\u00e4mpfen - Save\",\"isPartOf\":{\"@id\":\"https:\\\/\\\/news.save.ch\\\/de\\\/#website\"},\"primaryImageOfPage\":{\"@id\":\"https:\\\/\\\/news.save.ch\\\/gut-vorbereitet-sein-fuer-die-heissen-tage\\\/#primaryimage\"},\"image\":{\"@id\":\"https:\\\/\\\/news.save.ch\\\/gut-vorbereitet-sein-fuer-die-heissen-tage\\\/#primaryimage\"},\"thumbnailUrl\":\"https:\\\/\\\/news.save.ch\\\/wp-content\\\/uploads\\\/2016\\\/12\\\/Hitzenotfaelle-vorbeugen_safety-plus-scaled-1.jpg\",\"datePublished\":\"2021-05-26T12:17:41+00:00\",\"dateModified\":\"2023-08-15T01:21:17+00:00\",\"description\":\"Wer bei Hitze draussen arbeitet, erleidet schnell einen Sonnenstich. Die Suva hat einige Pr\u00e4ventionstipps zum Umgang mit der UV-Strahlung am Arbeitsplatz zusammengestellt.\",\"breadcrumb\":{\"@id\":\"https:\\\/\\\/news.save.ch\\\/gut-vorbereitet-sein-fuer-die-heissen-tage\\\/#breadcrumb\"},\"inLanguage\":\"en-US\",\"potentialAction\":[{\"@type\":\"ReadAction\",\"target\":[\"https:\\\/\\\/news.save.ch\\\/gut-vorbereitet-sein-fuer-die-heissen-tage\\\/\"]}]},{\"@type\":\"ImageObject\",\"inLanguage\":\"en-US\",\"@id\":\"https:\\\/\\\/news.save.ch\\\/gut-vorbereitet-sein-fuer-die-heissen-tage\\\/#primaryimage\",\"url\":\"https:\\\/\\\/news.save.ch\\\/wp-content\\\/uploads\\\/2016\\\/12\\\/Hitzenotfaelle-vorbeugen_safety-plus-scaled-1.jpg\",\"contentUrl\":\"https:\\\/\\\/news.save.ch\\\/wp-content\\\/uploads\\\/2016\\\/12\\\/Hitzenotfaelle-vorbeugen_safety-plus-scaled-1.jpg\",\"width\":1200,\"height\":817,\"caption\":\"Viel trinken - das gilt insbesondere f\u00fcr Personen, die draussen arbeiten m\u00fcssen.\"},{\"@type\":\"BreadcrumbList\",\"@id\":\"https:\\\/\\\/news.save.ch\\\/gut-vorbereitet-sein-fuer-die-heissen-tage\\\/#breadcrumb\",\"itemListElement\":[{\"@type\":\"ListItem\",\"position\":1,\"name\":\"Home\",\"item\":\"https:\\\/\\\/news.save.ch\\\/de\\\/\"},{\"@type\":\"ListItem\",\"position\":2,\"name\":\"Richtig handeln bei einem Sonnenstich und Hitzekr\u00e4mpfen\"}]},{\"@type\":\"WebSite\",\"@id\":\"https:\\\/\\\/news.save.ch\\\/de\\\/#website\",\"url\":\"https:\\\/\\\/news.save.ch\\\/de\\\/\",\"name\":\"Save\",\"description\":\"Schweizer Fachzeitschrift f\u00fcr Sicherheit\",\"publisher\":{\"@id\":\"https:\\\/\\\/news.save.ch\\\/de\\\/#organization\"},\"potentialAction\":[{\"@type\":\"SearchAction\",\"target\":{\"@type\":\"EntryPoint\",\"urlTemplate\":\"https:\\\/\\\/news.save.ch\\\/de\\\/?s={search_term_string}\"},\"query-input\":{\"@type\":\"PropertyValueSpecification\",\"valueRequired\":true,\"valueName\":\"search_term_string\"}}],\"inLanguage\":\"en-US\"},{\"@type\":\"Organization\",\"@id\":\"https:\\\/\\\/news.save.ch\\\/de\\\/#organization\",\"name\":\"Sicherheitsforum\",\"url\":\"https:\\\/\\\/news.save.ch\\\/de\\\/\",\"logo\":{\"@type\":\"ImageObject\",\"inLanguage\":\"en-US\",\"@id\":\"https:\\\/\\\/news.save.ch\\\/de\\\/#\\\/schema\\\/logo\\\/image\\\/\",\"url\":\"https:\\\/\\\/news.save.ch\\\/wp-content\\\/uploads\\\/2022\\\/06\\\/Logo_SF_2012.png\",\"contentUrl\":\"https:\\\/\\\/news.save.ch\\\/wp-content\\\/uploads\\\/2022\\\/06\\\/Logo_SF_2012.png\",\"width\":1100,\"height\":91,\"caption\":\"Sicherheitsforum\"},\"image\":{\"@id\":\"https:\\\/\\\/news.save.ch\\\/de\\\/#\\\/schema\\\/logo\\\/image\\\/\"}},{\"@type\":\"Person\",\"@id\":\"https:\\\/\\\/news.save.ch\\\/de\\\/#\\\/schema\\\/person\\\/ad4ef21102fd6125312409ac57d5296d\",\"name\":\"Simon Gr\u00f6flin\",\"image\":{\"@type\":\"ImageObject\",\"inLanguage\":\"en-US\",\"@id\":\"https:\\\/\\\/secure.gravatar.com\\\/avatar\\\/6ddceb80eb734354635539e0ea5140bb7c41e42de7c45c9a2ab9921b5d5c9a83?s=96&d=mm&r=g\",\"url\":\"https:\\\/\\\/secure.gravatar.com\\\/avatar\\\/6ddceb80eb734354635539e0ea5140bb7c41e42de7c45c9a2ab9921b5d5c9a83?s=96&d=mm&r=g\",\"contentUrl\":\"https:\\\/\\\/secure.gravatar.com\\\/avatar\\\/6ddceb80eb734354635539e0ea5140bb7c41e42de7c45c9a2ab9921b5d5c9a83?s=96&d=mm&r=g\",\"caption\":\"Simon Gr\u00f6flin\"},\"url\":\"https:\\\/\\\/news.save.ch\\\/en\\\/author\\\/simon-groeflin\\\/\"}]}<\/script>\n<!-- \/ Yoast SEO plugin. -->","yoast_head_json":{"title":"Act correctly in case of sunstroke and heat cramps - Save","description":"Anyone who works outside in the heat quickly suffers sunstroke. Suva has compiled some prevention tips for dealing with UV radiation at the workplace.","robots":{"index":"index","follow":"follow","max-snippet":"max-snippet:-1","max-image-preview":"max-image-preview:large","max-video-preview":"max-video-preview:-1"},"canonical":"https:\/\/news.save.ch\/en\/gut-vorbereitet-sein-fuer-die-heissen-tage\/","og_locale":"en_US","og_type":"article","og_title":"Richtig handeln bei einem Sonnenstich und Hitzekr\u00e4mpfen - Save","og_description":"Wer bei Hitze draussen arbeitet, erleidet schnell einen Sonnenstich. Die Suva hat einige Pr\u00e4ventionstipps zum Umgang mit der UV-Strahlung am Arbeitsplatz zusammengestellt.","og_url":"https:\/\/news.save.ch\/en\/gut-vorbereitet-sein-fuer-die-heissen-tage\/","og_site_name":"Save","article_published_time":"2021-05-26T12:17:41+00:00","article_modified_time":"2023-08-15T01:21:17+00:00","og_image":[{"width":1200,"height":817,"url":"https:\/\/news.save.ch\/wp-content\/uploads\/2016\/12\/Hitzenotfaelle-vorbeugen_safety-plus-scaled-1.jpg","type":"image\/jpeg"}],"author":"Simon Gr\u00f6flin","twitter_card":"summary_large_image","twitter_misc":{"Written by":"Simon Gr\u00f6flin","Est. reading time":"2 minutes"},"schema":{"@context":"https:\/\/schema.org","@graph":[{"@type":"Article","@id":"https:\/\/news.save.ch\/gut-vorbereitet-sein-fuer-die-heissen-tage\/#article","isPartOf":{"@id":"https:\/\/news.save.ch\/gut-vorbereitet-sein-fuer-die-heissen-tage\/"},"author":{"name":"Simon Gr\u00f6flin","@id":"https:\/\/news.save.ch\/de\/#\/schema\/person\/ad4ef21102fd6125312409ac57d5296d"},"headline":"Richtig handeln bei einem Sonnenstich und Hitzekr\u00e4mpfen","datePublished":"2021-05-26T12:17:41+00:00","dateModified":"2023-08-15T01:21:17+00:00","mainEntityOfPage":{"@id":"https:\/\/news.save.ch\/gut-vorbereitet-sein-fuer-die-heissen-tage\/"},"wordCount":211,"publisher":{"@id":"https:\/\/news.save.ch\/de\/#organization"},"image":{"@id":"https:\/\/news.save.ch\/gut-vorbereitet-sein-fuer-die-heissen-tage\/#primaryimage"},"thumbnailUrl":"https:\/\/news.save.ch\/wp-content\/uploads\/2016\/12\/Hitzenotfaelle-vorbeugen_safety-plus-scaled-1.jpg","keywords":["Hitzeersch\u00f6pfung","Hitzekr\u00e4mpfe","Hitzeleiden","Hitzschlag","Sonnenstich","SUVA","\u00dcberhitzung","UV-Schutz"],"articleSection":["ALLGEMEIN"],"inLanguage":"en-US"},{"@type":"WebPage","@id":"https:\/\/news.save.ch\/gut-vorbereitet-sein-fuer-die-heissen-tage\/","url":"https:\/\/news.save.ch\/gut-vorbereitet-sein-fuer-die-heissen-tage\/","name":"Act correctly in case of sunstroke and heat cramps - Save","isPartOf":{"@id":"https:\/\/news.save.ch\/de\/#website"},"primaryImageOfPage":{"@id":"https:\/\/news.save.ch\/gut-vorbereitet-sein-fuer-die-heissen-tage\/#primaryimage"},"image":{"@id":"https:\/\/news.save.ch\/gut-vorbereitet-sein-fuer-die-heissen-tage\/#primaryimage"},"thumbnailUrl":"https:\/\/news.save.ch\/wp-content\/uploads\/2016\/12\/Hitzenotfaelle-vorbeugen_safety-plus-scaled-1.jpg","datePublished":"2021-05-26T12:17:41+00:00","dateModified":"2023-08-15T01:21:17+00:00","description":"Anyone who works outside in the heat quickly suffers sunstroke. Suva has compiled some prevention tips for dealing with UV radiation at the workplace.","breadcrumb":{"@id":"https:\/\/news.save.ch\/gut-vorbereitet-sein-fuer-die-heissen-tage\/#breadcrumb"},"inLanguage":"en-US","potentialAction":[{"@type":"ReadAction","target":["https:\/\/news.save.ch\/gut-vorbereitet-sein-fuer-die-heissen-tage\/"]}]},{"@type":"ImageObject","inLanguage":"en-US","@id":"https:\/\/news.save.ch\/gut-vorbereitet-sein-fuer-die-heissen-tage\/#primaryimage","url":"https:\/\/news.save.ch\/wp-content\/uploads\/2016\/12\/Hitzenotfaelle-vorbeugen_safety-plus-scaled-1.jpg","contentUrl":"https:\/\/news.save.ch\/wp-content\/uploads\/2016\/12\/Hitzenotfaelle-vorbeugen_safety-plus-scaled-1.jpg","width":1200,"height":817,"caption":"Viel trinken - das gilt insbesondere f\u00fcr Personen, die draussen arbeiten m\u00fcssen."},{"@type":"BreadcrumbList","@id":"https:\/\/news.save.ch\/gut-vorbereitet-sein-fuer-die-heissen-tage\/#breadcrumb","itemListElement":[{"@type":"ListItem","position":1,"name":"Home","item":"https:\/\/news.save.ch\/de\/"},{"@type":"ListItem","position":2,"name":"Richtig handeln bei einem Sonnenstich und Hitzekr\u00e4mpfen"}]},{"@type":"WebSite","@id":"https:\/\/news.save.ch\/de\/#website","url":"https:\/\/news.save.ch\/de\/","name":"Save","description":"Swiss trade journal for safety","publisher":{"@id":"https:\/\/news.save.ch\/de\/#organization"},"potentialAction":[{"@type":"SearchAction","target":{"@type":"EntryPoint","urlTemplate":"https:\/\/news.save.ch\/de\/?s={search_term_string}"},"query-input":{"@type":"PropertyValueSpecification","valueRequired":true,"valueName":"search_term_string"}}],"inLanguage":"en-US"},{"@type":"Organization","@id":"https:\/\/news.save.ch\/de\/#organization","name":"Security Forum","url":"https:\/\/news.save.ch\/de\/","logo":{"@type":"ImageObject","inLanguage":"en-US","@id":"https:\/\/news.save.ch\/de\/#\/schema\/logo\/image\/","url":"https:\/\/news.save.ch\/wp-content\/uploads\/2022\/06\/Logo_SF_2012.png","contentUrl":"https:\/\/news.save.ch\/wp-content\/uploads\/2022\/06\/Logo_SF_2012.png","width":1100,"height":91,"caption":"Sicherheitsforum"},"image":{"@id":"https:\/\/news.save.ch\/de\/#\/schema\/logo\/image\/"}},{"@type":"Person","@id":"https:\/\/news.save.ch\/de\/#\/schema\/person\/ad4ef21102fd6125312409ac57d5296d","name":"Simon Gr\u00f6flin","image":{"@type":"ImageObject","inLanguage":"en-US","@id":"https:\/\/secure.gravatar.com\/avatar\/6ddceb80eb734354635539e0ea5140bb7c41e42de7c45c9a2ab9921b5d5c9a83?s=96&d=mm&r=g","url":"https:\/\/secure.gravatar.com\/avatar\/6ddceb80eb734354635539e0ea5140bb7c41e42de7c45c9a2ab9921b5d5c9a83?s=96&d=mm&r=g","contentUrl":"https:\/\/secure.gravatar.com\/avatar\/6ddceb80eb734354635539e0ea5140bb7c41e42de7c45c9a2ab9921b5d5c9a83?s=96&d=mm&r=g","caption":"Simon Gr\u00f6flin"},"url":"https:\/\/news.save.ch\/en\/author\/simon-groeflin\/"}]}},"_links":{"self":[{"href":"https:\/\/news.save.ch\/en\/wp-json\/wp\/v2\/posts\/17004","targetHints":{"allow":["GET"]}}],"collection":[{"href":"https:\/\/news.save.ch\/en\/wp-json\/wp\/v2\/posts"}],"about":[{"href":"https:\/\/news.save.ch\/en\/wp-json\/wp\/v2\/types\/post"}],"author":[{"embeddable":true,"href":"https:\/\/news.save.ch\/en\/wp-json\/wp\/v2\/users\/9"}],"replies":[{"embeddable":true,"href":"https:\/\/news.save.ch\/en\/wp-json\/wp\/v2\/comments?post=17004"}],"version-history":[{"count":2,"href":"https:\/\/news.save.ch\/en\/wp-json\/wp\/v2\/posts\/17004\/revisions"}],"predecessor-version":[{"id":21754,"href":"https:\/\/news.save.ch\/en\/wp-json\/wp\/v2\/posts\/17004\/revisions\/21754"}],"wp:featuredmedia":[{"embeddable":true,"href":"https:\/\/news.save.ch\/en\/wp-json\/wp\/v2\/media\/16004"}],"wp:attachment":[{"href":"https:\/\/news.save.ch\/en\/wp-json\/wp\/v2\/media?parent=17004"}],"wp:term":[{"taxonomy":"category","embeddable":true,"href":"https:\/\/news.save.ch\/en\/wp-json\/wp\/v2\/categories?post=17004"},{"taxonomy":"post_tag","embeddable":true,"href":"https:\/\/news.save.ch\/en\/wp-json\/wp\/v2\/tags?post=17004"}],"curies":[{"name":"wp","href":"https:\/\/api.w.org\/{rel}","templated":true}]}}