{"id":17006,"date":"2021-05-31T08:00:51","date_gmt":"2021-05-31T06:00:51","guid":{"rendered":"https:\/\/news.save.ch\/?p=7228"},"modified":"2023-08-09T04:11:30","modified_gmt":"2023-08-09T02:11:30","slug":"sbb-im-vergleich-zu-europa-nach-wie-vor-viele-unfaelle-auf-baustellen","status":null,"type":"post","link":"https:\/\/news.save.ch\/en\/sbb-im-vergleich-zu-europa-nach-wie-vor-viele-unfaelle-auf-baustellen\/","title":{"rendered":"Public transport: Still many accidents on construction sites compared to Europe"},"content":{"rendered":"<figure id=\"attachment_16431\" aria-describedby=\"caption-attachment-16431\" style=\"width: 680px\" class=\"wp-caption alignnone\"><img loading=\"lazy\" decoding=\"async\" class=\"wp-image-16431 size-medium\" src=\"https:\/\/news.save.ch\/wp-content\/uploads\/2021\/05\/SBB_Depositphotos_13455417_s-2019-680x455.jpg\" alt=\"Accidents\" width=\"680\" height=\"455\" srcset=\"https:\/\/news.save.ch\/wp-content\/uploads\/2021\/05\/SBB_Depositphotos_13455417_s-2019-680x455.jpg 680w, https:\/\/news.save.ch\/wp-content\/uploads\/2021\/05\/SBB_Depositphotos_13455417_s-2019-768x514.jpg 768w, https:\/\/news.save.ch\/wp-content\/uploads\/2021\/05\/SBB_Depositphotos_13455417_s-2019-18x12.jpg 18w, https:\/\/news.save.ch\/wp-content\/uploads\/2021\/05\/SBB_Depositphotos_13455417_s-2019-375x251.jpg 375w, https:\/\/news.save.ch\/wp-content\/uploads\/2021\/05\/SBB_Depositphotos_13455417_s-2019-523x350.jpg 523w, https:\/\/news.save.ch\/wp-content\/uploads\/2021\/05\/SBB_Depositphotos_13455417_s-2019.jpg 999w\" sizes=\"auto, (max-width: 680px) 100vw, 680px\" \/><figcaption id=\"caption-attachment-16431\" class=\"wp-caption-text\">\u00a9 Depositphotos,, Siempreverde<\/figcaption><\/figure>\n<p>The number of serious accidents and serious injuries in public transport decreased again in 2020 after a temporary increase in 2019. This is shown by the <a href=\"https:\/\/www.newsd.admin.ch\/newsd\/message\/attachments\/66833.pdf\" target=\"_blank\" rel=\"noopener\">FOT Safety Report 2020<\/a> out. A total of 178 serious accidents were reported to the Federal Office of Transport (FOT) last year. Twenty-seven people were killed and 122 seriously injured. Among the fatalities are three passengers who were traveling on public transport. 14 people died because they were unauthorized on rail facilities, eight people lost their lives in accidents involving public transport vehicles and two employees of transport companies died.<\/p>\n<h2>Many accidents on construction sites compared to Europe<\/h2>\n<p>With the \"lockdown\" from March to May 2020 ordered by the Federal Council to combat the Corona pandemic, public transport was severely thinned out. Accordingly, the number of passengers and the kilometers they traveled dropped significantly. After the \"lockdown,\" they increased again, but remained below the levels of recent years. It is difficult to estimate the impact on safety. Accident figures might have been higher without the corona-related restrictions last year.<\/p>\n<p>However, a considerable proportion of accidents on public transport are caused irrespective of the number of people on board, for example when signals are not heeded. Compared with other countries in Europe, Switzerland performs very well overall in terms of rail safety, ranking second overall. One exception is occupational accidents, especially on construction sites. Here, Switzerland still lags behind in a European comparison. This is partly due to the fact that in Switzerland, operations continue during construction and renovation work. To improve the situation, the FOT continues to focus on safety supervision in this area.<\/p>\n<p><em>Source: Federal Office of Transport<\/em><\/p>","protected":false},"excerpt":{"rendered":"<p>Die Zahl der schweren Unf\u00e4lle und der Schwerverletzten im \u00f6ffentlichen Verkehr nahm nach einem vor\u00fcbergehenden Anstieg im Jahr 2019 im 2020 wieder ab.\u00a0Dies geht aus dem Sicherheitsbericht 2020 des BAV hervor. Dem Bundesamt f\u00fcr Verkehr (BAV) wurden letztes Jahr insgesamt 178 schwere Unf\u00e4lle gemeldet. 27 Personen wurden dabei get\u00f6tet und 122 schwer verletzt. Unter den [&hellip;]<\/p>\n","protected":false},"author":9,"featured_media":16431,"comment_status":"closed","ping_status":"closed","sticky":false,"template":"","format":"standard","meta":{"_acf_changed":false,"pgc_sgb_lightbox_settings":"","footnotes":""},"categories":[1],"tags":[174,5506,344,521,310,4654,3135],"class_list":["post-17006","post","type-post","status-publish","format-standard","has-post-thumbnail","hentry","category-allgemein","tag-arbeitsunfaelle","tag-bav","tag-oeffentlicher-verkehr","tag-sbb","tag-sicherheit","tag-sicherheitsbericht","tag-unfaelle"],"acf":[],"hkrextid":null,"publication":null,"issue":null,"workflow":null,"startPage":null,"spitzmarke":null,"_posts_by_tag_page_fields":{"widget_title":"","widget_tags":""},"_at_widget":"1","_yoast_wpseo_primary_category":"1","_yoast_wpseo_focuskw_text_input":null,"_yoast_wpseo_opengraph-image":null,"_yoast_wpseo_opengraph-description":null,"_yoast_wpseo_opengraph-title":null,"enclosure":null,"_yoast_wpseo_twitter-title":null,"_yoast_wpseo_twitter-description":null,"_yoast_wpseo_twitter-image":null,"_wp_old_slug":null,"_yoast_wpseo_title":null,"_yoast_wpseo_canonical":null,"yoast_head":"<!-- This site is optimized with the Yoast SEO plugin v27.5 - https:\/\/yoast.com\/product\/yoast-seo-wordpress\/ -->\n<title>\u00d6V: Im Vergleich zu Europa nach wie vor viele Unf\u00e4lle auf Baustellen - Save<\/title>\n<meta name=\"description\" content=\"F\u00fcr die Fahrg\u00e4ste hat sich laut dem Bundesamt f\u00fcr Verkehr der \u00f6ffentliche Verkehr auch im 2020 als sicheres Verkehrsmittel bew\u00e4hrt. Unf\u00e4lle auf Baustellen verzeichnen jedoch andere europ\u00e4ische L\u00e4nder nach wie vor weniger als die Schweiz.\" \/>\n<meta name=\"robots\" content=\"index, follow, max-snippet:-1, max-image-preview:large, max-video-preview:-1\" \/>\n<link rel=\"canonical\" href=\"https:\/\/news.save.ch\/en\/sbb-im-vergleich-zu-europa-nach-wie-vor-viele-unfaelle-auf-baustellen\/\" \/>\n<meta property=\"og:locale\" content=\"en_US\" \/>\n<meta property=\"og:type\" content=\"article\" \/>\n<meta property=\"og:title\" content=\"\u00d6V: Im Vergleich zu Europa nach wie vor viele Unf\u00e4lle auf Baustellen - Save\" \/>\n<meta property=\"og:description\" content=\"F\u00fcr die Fahrg\u00e4ste hat sich laut dem Bundesamt f\u00fcr Verkehr der \u00f6ffentliche Verkehr auch im 2020 als sicheres Verkehrsmittel bew\u00e4hrt. Unf\u00e4lle auf Baustellen verzeichnen jedoch andere europ\u00e4ische L\u00e4nder nach wie vor weniger als die Schweiz.\" \/>\n<meta property=\"og:url\" content=\"https:\/\/news.save.ch\/en\/sbb-im-vergleich-zu-europa-nach-wie-vor-viele-unfaelle-auf-baustellen\/\" \/>\n<meta property=\"og:site_name\" content=\"Save\" \/>\n<meta property=\"article:published_time\" content=\"2021-05-31T06:00:51+00:00\" \/>\n<meta property=\"article:modified_time\" content=\"2023-08-09T02:11:30+00:00\" \/>\n<meta property=\"og:image\" content=\"https:\/\/news.save.ch\/wp-content\/uploads\/2021\/05\/SBB_Depositphotos_13455417_s-2019.jpg\" \/>\n\t<meta property=\"og:image:width\" content=\"999\" \/>\n\t<meta property=\"og:image:height\" content=\"669\" \/>\n\t<meta property=\"og:image:type\" content=\"image\/jpeg\" \/>\n<meta name=\"author\" content=\"Simon Gr\u00f6flin\" \/>\n<meta name=\"twitter:card\" content=\"summary_large_image\" \/>\n<meta name=\"twitter:label1\" content=\"Written by\" \/>\n\t<meta name=\"twitter:data1\" content=\"Simon Gr\u00f6flin\" \/>\n\t<meta name=\"twitter:label2\" content=\"Est. reading time\" \/>\n\t<meta name=\"twitter:data2\" content=\"2 minutes\" \/>\n<script type=\"application\/ld+json\" class=\"yoast-schema-graph\">{\"@context\":\"https:\\\/\\\/schema.org\",\"@graph\":[{\"@type\":\"Article\",\"@id\":\"https:\\\/\\\/news.save.ch\\\/sbb-im-vergleich-zu-europa-nach-wie-vor-viele-unfaelle-auf-baustellen\\\/#article\",\"isPartOf\":{\"@id\":\"https:\\\/\\\/news.save.ch\\\/sbb-im-vergleich-zu-europa-nach-wie-vor-viele-unfaelle-auf-baustellen\\\/\"},\"author\":{\"name\":\"Simon Gr\u00f6flin\",\"@id\":\"https:\\\/\\\/news.save.ch\\\/de\\\/#\\\/schema\\\/person\\\/ad4ef21102fd6125312409ac57d5296d\"},\"headline\":\"\u00d6V: Im Vergleich zu Europa nach wie vor viele Unf\u00e4lle auf Baustellen\",\"datePublished\":\"2021-05-31T06:00:51+00:00\",\"dateModified\":\"2023-08-09T02:11:30+00:00\",\"mainEntityOfPage\":{\"@id\":\"https:\\\/\\\/news.save.ch\\\/sbb-im-vergleich-zu-europa-nach-wie-vor-viele-unfaelle-auf-baustellen\\\/\"},\"wordCount\":335,\"publisher\":{\"@id\":\"https:\\\/\\\/news.save.ch\\\/de\\\/#organization\"},\"image\":{\"@id\":\"https:\\\/\\\/news.save.ch\\\/sbb-im-vergleich-zu-europa-nach-wie-vor-viele-unfaelle-auf-baustellen\\\/#primaryimage\"},\"thumbnailUrl\":\"https:\\\/\\\/news.save.ch\\\/wp-content\\\/uploads\\\/2021\\\/05\\\/SBB_Depositphotos_13455417_s-2019.jpg\",\"keywords\":[\"Arbeitsunf\u00e4lle\",\"BAV\",\"\u00f6ffentlicher Verkehr\",\"SBB\",\"Sicherheit\",\"Sicherheitsbericht\",\"Unf\u00e4lle\"],\"articleSection\":[\"ALLGEMEIN\"],\"inLanguage\":\"en-US\"},{\"@type\":\"WebPage\",\"@id\":\"https:\\\/\\\/news.save.ch\\\/sbb-im-vergleich-zu-europa-nach-wie-vor-viele-unfaelle-auf-baustellen\\\/\",\"url\":\"https:\\\/\\\/news.save.ch\\\/sbb-im-vergleich-zu-europa-nach-wie-vor-viele-unfaelle-auf-baustellen\\\/\",\"name\":\"\u00d6V: Im Vergleich zu Europa nach wie vor viele Unf\u00e4lle auf Baustellen - Save\",\"isPartOf\":{\"@id\":\"https:\\\/\\\/news.save.ch\\\/de\\\/#website\"},\"primaryImageOfPage\":{\"@id\":\"https:\\\/\\\/news.save.ch\\\/sbb-im-vergleich-zu-europa-nach-wie-vor-viele-unfaelle-auf-baustellen\\\/#primaryimage\"},\"image\":{\"@id\":\"https:\\\/\\\/news.save.ch\\\/sbb-im-vergleich-zu-europa-nach-wie-vor-viele-unfaelle-auf-baustellen\\\/#primaryimage\"},\"thumbnailUrl\":\"https:\\\/\\\/news.save.ch\\\/wp-content\\\/uploads\\\/2021\\\/05\\\/SBB_Depositphotos_13455417_s-2019.jpg\",\"datePublished\":\"2021-05-31T06:00:51+00:00\",\"dateModified\":\"2023-08-09T02:11:30+00:00\",\"description\":\"F\u00fcr die Fahrg\u00e4ste hat sich laut dem Bundesamt f\u00fcr Verkehr der \u00f6ffentliche Verkehr auch im 2020 als sicheres Verkehrsmittel bew\u00e4hrt. Unf\u00e4lle auf Baustellen verzeichnen jedoch andere europ\u00e4ische L\u00e4nder nach wie vor weniger als die Schweiz.\",\"breadcrumb\":{\"@id\":\"https:\\\/\\\/news.save.ch\\\/sbb-im-vergleich-zu-europa-nach-wie-vor-viele-unfaelle-auf-baustellen\\\/#breadcrumb\"},\"inLanguage\":\"en-US\",\"potentialAction\":[{\"@type\":\"ReadAction\",\"target\":[\"https:\\\/\\\/news.save.ch\\\/sbb-im-vergleich-zu-europa-nach-wie-vor-viele-unfaelle-auf-baustellen\\\/\"]}]},{\"@type\":\"ImageObject\",\"inLanguage\":\"en-US\",\"@id\":\"https:\\\/\\\/news.save.ch\\\/sbb-im-vergleich-zu-europa-nach-wie-vor-viele-unfaelle-auf-baustellen\\\/#primaryimage\",\"url\":\"https:\\\/\\\/news.save.ch\\\/wp-content\\\/uploads\\\/2021\\\/05\\\/SBB_Depositphotos_13455417_s-2019.jpg\",\"contentUrl\":\"https:\\\/\\\/news.save.ch\\\/wp-content\\\/uploads\\\/2021\\\/05\\\/SBB_Depositphotos_13455417_s-2019.jpg\",\"width\":999,\"height\":669,\"caption\":\"\u00a9 Depositphotos,, Siempreverde\"},{\"@type\":\"BreadcrumbList\",\"@id\":\"https:\\\/\\\/news.save.ch\\\/sbb-im-vergleich-zu-europa-nach-wie-vor-viele-unfaelle-auf-baustellen\\\/#breadcrumb\",\"itemListElement\":[{\"@type\":\"ListItem\",\"position\":1,\"name\":\"Home\",\"item\":\"https:\\\/\\\/news.save.ch\\\/de\\\/\"},{\"@type\":\"ListItem\",\"position\":2,\"name\":\"\u00d6V: Im Vergleich zu Europa nach wie vor viele Unf\u00e4lle auf Baustellen\"}]},{\"@type\":\"WebSite\",\"@id\":\"https:\\\/\\\/news.save.ch\\\/de\\\/#website\",\"url\":\"https:\\\/\\\/news.save.ch\\\/de\\\/\",\"name\":\"Save\",\"description\":\"Schweizer Fachzeitschrift f\u00fcr Sicherheit\",\"publisher\":{\"@id\":\"https:\\\/\\\/news.save.ch\\\/de\\\/#organization\"},\"potentialAction\":[{\"@type\":\"SearchAction\",\"target\":{\"@type\":\"EntryPoint\",\"urlTemplate\":\"https:\\\/\\\/news.save.ch\\\/de\\\/?s={search_term_string}\"},\"query-input\":{\"@type\":\"PropertyValueSpecification\",\"valueRequired\":true,\"valueName\":\"search_term_string\"}}],\"inLanguage\":\"en-US\"},{\"@type\":\"Organization\",\"@id\":\"https:\\\/\\\/news.save.ch\\\/de\\\/#organization\",\"name\":\"Sicherheitsforum\",\"url\":\"https:\\\/\\\/news.save.ch\\\/de\\\/\",\"logo\":{\"@type\":\"ImageObject\",\"inLanguage\":\"en-US\",\"@id\":\"https:\\\/\\\/news.save.ch\\\/de\\\/#\\\/schema\\\/logo\\\/image\\\/\",\"url\":\"https:\\\/\\\/news.save.ch\\\/wp-content\\\/uploads\\\/2022\\\/06\\\/Logo_SF_2012.png\",\"contentUrl\":\"https:\\\/\\\/news.save.ch\\\/wp-content\\\/uploads\\\/2022\\\/06\\\/Logo_SF_2012.png\",\"width\":1100,\"height\":91,\"caption\":\"Sicherheitsforum\"},\"image\":{\"@id\":\"https:\\\/\\\/news.save.ch\\\/de\\\/#\\\/schema\\\/logo\\\/image\\\/\"}},{\"@type\":\"Person\",\"@id\":\"https:\\\/\\\/news.save.ch\\\/de\\\/#\\\/schema\\\/person\\\/ad4ef21102fd6125312409ac57d5296d\",\"name\":\"Simon Gr\u00f6flin\",\"image\":{\"@type\":\"ImageObject\",\"inLanguage\":\"en-US\",\"@id\":\"https:\\\/\\\/secure.gravatar.com\\\/avatar\\\/6ddceb80eb734354635539e0ea5140bb7c41e42de7c45c9a2ab9921b5d5c9a83?s=96&d=mm&r=g\",\"url\":\"https:\\\/\\\/secure.gravatar.com\\\/avatar\\\/6ddceb80eb734354635539e0ea5140bb7c41e42de7c45c9a2ab9921b5d5c9a83?s=96&d=mm&r=g\",\"contentUrl\":\"https:\\\/\\\/secure.gravatar.com\\\/avatar\\\/6ddceb80eb734354635539e0ea5140bb7c41e42de7c45c9a2ab9921b5d5c9a83?s=96&d=mm&r=g\",\"caption\":\"Simon Gr\u00f6flin\"},\"url\":\"https:\\\/\\\/news.save.ch\\\/en\\\/author\\\/simon-groeflin\\\/\"}]}<\/script>\n<!-- \/ Yoast SEO plugin. -->","yoast_head_json":{"title":"Public transport: Still many accidents on construction sites compared to Europe - Save","description":"According to the Federal Office of Transport, public transport proved to be a safe mode of transport for passengers in 2020 as well. However, other European countries continue to record fewer accidents on construction sites than Switzerland.","robots":{"index":"index","follow":"follow","max-snippet":"max-snippet:-1","max-image-preview":"max-image-preview:large","max-video-preview":"max-video-preview:-1"},"canonical":"https:\/\/news.save.ch\/en\/sbb-im-vergleich-zu-europa-nach-wie-vor-viele-unfaelle-auf-baustellen\/","og_locale":"en_US","og_type":"article","og_title":"\u00d6V: Im Vergleich zu Europa nach wie vor viele Unf\u00e4lle auf Baustellen - Save","og_description":"F\u00fcr die Fahrg\u00e4ste hat sich laut dem Bundesamt f\u00fcr Verkehr der \u00f6ffentliche Verkehr auch im 2020 als sicheres Verkehrsmittel bew\u00e4hrt. Unf\u00e4lle auf Baustellen verzeichnen jedoch andere europ\u00e4ische L\u00e4nder nach wie vor weniger als die Schweiz.","og_url":"https:\/\/news.save.ch\/en\/sbb-im-vergleich-zu-europa-nach-wie-vor-viele-unfaelle-auf-baustellen\/","og_site_name":"Save","article_published_time":"2021-05-31T06:00:51+00:00","article_modified_time":"2023-08-09T02:11:30+00:00","og_image":[{"width":999,"height":669,"url":"https:\/\/news.save.ch\/wp-content\/uploads\/2021\/05\/SBB_Depositphotos_13455417_s-2019.jpg","type":"image\/jpeg"}],"author":"Simon Gr\u00f6flin","twitter_card":"summary_large_image","twitter_misc":{"Written by":"Simon Gr\u00f6flin","Est. reading time":"2 minutes"},"schema":{"@context":"https:\/\/schema.org","@graph":[{"@type":"Article","@id":"https:\/\/news.save.ch\/sbb-im-vergleich-zu-europa-nach-wie-vor-viele-unfaelle-auf-baustellen\/#article","isPartOf":{"@id":"https:\/\/news.save.ch\/sbb-im-vergleich-zu-europa-nach-wie-vor-viele-unfaelle-auf-baustellen\/"},"author":{"name":"Simon Gr\u00f6flin","@id":"https:\/\/news.save.ch\/de\/#\/schema\/person\/ad4ef21102fd6125312409ac57d5296d"},"headline":"\u00d6V: Im Vergleich zu Europa nach wie vor viele Unf\u00e4lle auf Baustellen","datePublished":"2021-05-31T06:00:51+00:00","dateModified":"2023-08-09T02:11:30+00:00","mainEntityOfPage":{"@id":"https:\/\/news.save.ch\/sbb-im-vergleich-zu-europa-nach-wie-vor-viele-unfaelle-auf-baustellen\/"},"wordCount":335,"publisher":{"@id":"https:\/\/news.save.ch\/de\/#organization"},"image":{"@id":"https:\/\/news.save.ch\/sbb-im-vergleich-zu-europa-nach-wie-vor-viele-unfaelle-auf-baustellen\/#primaryimage"},"thumbnailUrl":"https:\/\/news.save.ch\/wp-content\/uploads\/2021\/05\/SBB_Depositphotos_13455417_s-2019.jpg","keywords":["Arbeitsunf\u00e4lle","BAV","\u00f6ffentlicher Verkehr","SBB","Sicherheit","Sicherheitsbericht","Unf\u00e4lle"],"articleSection":["ALLGEMEIN"],"inLanguage":"en-US"},{"@type":"WebPage","@id":"https:\/\/news.save.ch\/sbb-im-vergleich-zu-europa-nach-wie-vor-viele-unfaelle-auf-baustellen\/","url":"https:\/\/news.save.ch\/sbb-im-vergleich-zu-europa-nach-wie-vor-viele-unfaelle-auf-baustellen\/","name":"Public transport: Still many accidents on construction sites compared to Europe - Save","isPartOf":{"@id":"https:\/\/news.save.ch\/de\/#website"},"primaryImageOfPage":{"@id":"https:\/\/news.save.ch\/sbb-im-vergleich-zu-europa-nach-wie-vor-viele-unfaelle-auf-baustellen\/#primaryimage"},"image":{"@id":"https:\/\/news.save.ch\/sbb-im-vergleich-zu-europa-nach-wie-vor-viele-unfaelle-auf-baustellen\/#primaryimage"},"thumbnailUrl":"https:\/\/news.save.ch\/wp-content\/uploads\/2021\/05\/SBB_Depositphotos_13455417_s-2019.jpg","datePublished":"2021-05-31T06:00:51+00:00","dateModified":"2023-08-09T02:11:30+00:00","description":"According to the Federal Office of Transport, public transport proved to be a safe mode of transport for passengers in 2020 as well. However, other European countries continue to record fewer accidents on construction sites than Switzerland.","breadcrumb":{"@id":"https:\/\/news.save.ch\/sbb-im-vergleich-zu-europa-nach-wie-vor-viele-unfaelle-auf-baustellen\/#breadcrumb"},"inLanguage":"en-US","potentialAction":[{"@type":"ReadAction","target":["https:\/\/news.save.ch\/sbb-im-vergleich-zu-europa-nach-wie-vor-viele-unfaelle-auf-baustellen\/"]}]},{"@type":"ImageObject","inLanguage":"en-US","@id":"https:\/\/news.save.ch\/sbb-im-vergleich-zu-europa-nach-wie-vor-viele-unfaelle-auf-baustellen\/#primaryimage","url":"https:\/\/news.save.ch\/wp-content\/uploads\/2021\/05\/SBB_Depositphotos_13455417_s-2019.jpg","contentUrl":"https:\/\/news.save.ch\/wp-content\/uploads\/2021\/05\/SBB_Depositphotos_13455417_s-2019.jpg","width":999,"height":669,"caption":"\u00a9 Depositphotos,, Siempreverde"},{"@type":"BreadcrumbList","@id":"https:\/\/news.save.ch\/sbb-im-vergleich-zu-europa-nach-wie-vor-viele-unfaelle-auf-baustellen\/#breadcrumb","itemListElement":[{"@type":"ListItem","position":1,"name":"Home","item":"https:\/\/news.save.ch\/de\/"},{"@type":"ListItem","position":2,"name":"\u00d6V: Im Vergleich zu Europa nach wie vor viele Unf\u00e4lle auf Baustellen"}]},{"@type":"WebSite","@id":"https:\/\/news.save.ch\/de\/#website","url":"https:\/\/news.save.ch\/de\/","name":"Save","description":"Swiss trade journal for safety","publisher":{"@id":"https:\/\/news.save.ch\/de\/#organization"},"potentialAction":[{"@type":"SearchAction","target":{"@type":"EntryPoint","urlTemplate":"https:\/\/news.save.ch\/de\/?s={search_term_string}"},"query-input":{"@type":"PropertyValueSpecification","valueRequired":true,"valueName":"search_term_string"}}],"inLanguage":"en-US"},{"@type":"Organization","@id":"https:\/\/news.save.ch\/de\/#organization","name":"Security Forum","url":"https:\/\/news.save.ch\/de\/","logo":{"@type":"ImageObject","inLanguage":"en-US","@id":"https:\/\/news.save.ch\/de\/#\/schema\/logo\/image\/","url":"https:\/\/news.save.ch\/wp-content\/uploads\/2022\/06\/Logo_SF_2012.png","contentUrl":"https:\/\/news.save.ch\/wp-content\/uploads\/2022\/06\/Logo_SF_2012.png","width":1100,"height":91,"caption":"Sicherheitsforum"},"image":{"@id":"https:\/\/news.save.ch\/de\/#\/schema\/logo\/image\/"}},{"@type":"Person","@id":"https:\/\/news.save.ch\/de\/#\/schema\/person\/ad4ef21102fd6125312409ac57d5296d","name":"Simon Gr\u00f6flin","image":{"@type":"ImageObject","inLanguage":"en-US","@id":"https:\/\/secure.gravatar.com\/avatar\/6ddceb80eb734354635539e0ea5140bb7c41e42de7c45c9a2ab9921b5d5c9a83?s=96&d=mm&r=g","url":"https:\/\/secure.gravatar.com\/avatar\/6ddceb80eb734354635539e0ea5140bb7c41e42de7c45c9a2ab9921b5d5c9a83?s=96&d=mm&r=g","contentUrl":"https:\/\/secure.gravatar.com\/avatar\/6ddceb80eb734354635539e0ea5140bb7c41e42de7c45c9a2ab9921b5d5c9a83?s=96&d=mm&r=g","caption":"Simon Gr\u00f6flin"},"url":"https:\/\/news.save.ch\/en\/author\/simon-groeflin\/"}]}},"_links":{"self":[{"href":"https:\/\/news.save.ch\/en\/wp-json\/wp\/v2\/posts\/17006","targetHints":{"allow":["GET"]}}],"collection":[{"href":"https:\/\/news.save.ch\/en\/wp-json\/wp\/v2\/posts"}],"about":[{"href":"https:\/\/news.save.ch\/en\/wp-json\/wp\/v2\/types\/post"}],"author":[{"embeddable":true,"href":"https:\/\/news.save.ch\/en\/wp-json\/wp\/v2\/users\/9"}],"replies":[{"embeddable":true,"href":"https:\/\/news.save.ch\/en\/wp-json\/wp\/v2\/comments?post=17006"}],"version-history":[{"count":3,"href":"https:\/\/news.save.ch\/en\/wp-json\/wp\/v2\/posts\/17006\/revisions"}],"predecessor-version":[{"id":21682,"href":"https:\/\/news.save.ch\/en\/wp-json\/wp\/v2\/posts\/17006\/revisions\/21682"}],"wp:featuredmedia":[{"embeddable":true,"href":"https:\/\/news.save.ch\/en\/wp-json\/wp\/v2\/media\/16431"}],"wp:attachment":[{"href":"https:\/\/news.save.ch\/en\/wp-json\/wp\/v2\/media?parent=17006"}],"wp:term":[{"taxonomy":"category","embeddable":true,"href":"https:\/\/news.save.ch\/en\/wp-json\/wp\/v2\/categories?post=17006"},{"taxonomy":"post_tag","embeddable":true,"href":"https:\/\/news.save.ch\/en\/wp-json\/wp\/v2\/tags?post=17006"}],"curies":[{"name":"wp","href":"https:\/\/api.w.org\/{rel}","templated":true}]}}