{"id":17015,"date":"2021-07-15T10:03:07","date_gmt":"2021-07-15T08:03:07","guid":{"rendered":"https:\/\/news.save.ch\/?p=7422"},"modified":"2023-07-16T18:30:37","modified_gmt":"2023-07-16T16:30:37","slug":"mountainbikes-zahl-der-toedlichen-unfaelle-hat-sich-vervierfacht","status":null,"type":"post","link":"https:\/\/news.save.ch\/en\/mountainbikes-zahl-der-toedlichen-unfaelle-hat-sich-vervierfacht\/","title":{"rendered":"Mountain bikes: number of fatal accidents has quadrupled"},"content":{"rendered":"<p><img loading=\"lazy\" decoding=\"async\" class=\"alignnone wp-image-7429 size-medium\" src=\"https:\/\/news.save.ch\/wp-content\/uploads\/2021\/07\/mountainbike_teaser-1-680x510.jpg\" alt=\"Mountain bike\" width=\"680\" height=\"510\" srcset=\"https:\/\/news.save.ch\/wp-content\/uploads\/2021\/07\/mountainbike_teaser-1-680x510.jpg 680w, https:\/\/news.save.ch\/wp-content\/uploads\/2021\/07\/mountainbike_teaser-1-768x576.jpg 768w, https:\/\/news.save.ch\/wp-content\/uploads\/2021\/07\/mountainbike_teaser-1-16x12.jpg 16w, https:\/\/news.save.ch\/wp-content\/uploads\/2021\/07\/mountainbike_teaser-1-375x281.jpg 375w, https:\/\/news.save.ch\/wp-content\/uploads\/2021\/07\/mountainbike_teaser-1-467x350.jpg 467w, https:\/\/news.save.ch\/wp-content\/uploads\/2021\/07\/mountainbike_teaser-1.jpg 960w\" sizes=\"auto, (max-width: 680px) 100vw, 680px\" \/><br \/>\n<em>\u00a9 Pixabay<\/em><\/p>\n<p>The demand for mountain bikes with and without electric assistance is increasing. Last year, a total of 200,000 mountain bikes were sold. A third of these were e-mountainbikes. With the growing popularity of this leisure activity, the average number of injuries is also increasing every year. According to the Swiss Council for Accident Prevention (BFU), an average of around 10,600 mountain bikers are injured so seriously each year that they require medical treatment.<\/p>\n<h2>More accidents and more deaths with mountain bikes<\/h2>\n<p>Five men and three women lost their lives in mountain bike accidents in 2020. However, the average age of the victims was over 50. According to the BFU, the increase in accidents and fatalities is also due to the fact that many athletes overestimate their abilities. Good physical condition is therefore very important. A single second of carelessness can quickly lead to a nasty fall.<\/p>\n<p>Even those who are inadequately equipped put themselves at risk. A helmet is still indispensable. However, depending on the difficulty of the routes, additional protective equipment is also an advantage: for example, for knees, elbows and back, as well as sports goggles and long-fingered gloves.<\/p>\n<p><em>Riding safely on a mountain bike (how-to video):\u00a0<\/em><\/p>\n<p><iframe loading=\"lazy\" title=\"Mountain bike tours\" width=\"768\" height=\"432\" src=\"https:\/\/www.youtube.com\/embed\/4FtBFx6CaIE?feature=oembed\" frameborder=\"0\" allow=\"accelerometer; autoplay; clipboard-write; encrypted-media; gyroscope; picture-in-picture; web-share\" allowfullscreen><\/iframe><\/p>\n<p><em>Source: AAIB\u00a0<\/em><\/p>","protected":false},"excerpt":{"rendered":"<p>\u00a9 Pixabay Die Nachfrage nach Mountainbikes mit und ohne Elektrounterst\u00fctzung nimmt zu. Letztes Jahr wurden insgesamt 200&#8217;000 Mountainbikes verkauft. Ein Drittel davon waren E-Mountainbikes. Mit der wachsensen Beliebtheit der Freizeitbesch\u00e4ftigung steigt auch die Zahl der Verletzten jedes Jahr durchschnittlich an. Im Durchschnitt verletzen sich laut der Beratungsstelle f\u00fcr Unfallverh\u00fctung (BFU) jedes Jahr etwa 10&#8217;600 Mountainbikerinnen [&hellip;]<\/p>\n","protected":false},"author":9,"featured_media":7428,"comment_status":"closed","ping_status":"closed","sticky":false,"template":"","format":"standard","meta":{"_acf_changed":false,"pgc_sgb_lightbox_settings":"","footnotes":""},"categories":[1],"tags":[4381,952,5436,5435,2866,2975,3135],"class_list":["post-17015","post","type-post","status-publish","format-standard","has-post-thumbnail","hentry","category-allgemein","tag-beratungsstelle-fuer-unfallverhuetung-bfu","tag-bfu","tag-e-mountainbikes","tag-mountainbikes","tag-schutzausruestung","tag-sportausruestung","tag-unfaelle"],"acf":[],"hkrextid":null,"publication":null,"issue":null,"workflow":null,"startPage":null,"spitzmarke":null,"_posts_by_tag_page_fields":{"widget_title":"","widget_tags":""},"_at_widget":"1","_yoast_wpseo_primary_category":"","_yoast_wpseo_focuskw_text_input":null,"_yoast_wpseo_opengraph-image":null,"_yoast_wpseo_opengraph-description":null,"_yoast_wpseo_opengraph-title":null,"enclosure":null,"_yoast_wpseo_twitter-title":null,"_yoast_wpseo_twitter-description":null,"_yoast_wpseo_twitter-image":null,"_wp_old_slug":null,"_yoast_wpseo_title":null,"_yoast_wpseo_canonical":null,"yoast_head":"<!-- This site is optimized with the Yoast SEO plugin v27.5 - https:\/\/yoast.com\/product\/yoast-seo-wordpress\/ -->\n<title>Mountainbikes: Zahl der t\u00f6dlichen Unf\u00e4lle hat sich vervierfacht - Save<\/title>\n<meta name=\"description\" content=\"Acht Personen verunfallten im letzten Jahr, die mit einem Mountainbike unterwegs waren. In der Regel verfunfallen laut der Beratungsstelle f\u00fcr Unfallverh\u00fctung viermal weniger pro Jahr. Auch die Zahl der Verletzungen sei angestiegen.\" \/>\n<meta name=\"robots\" content=\"index, follow, max-snippet:-1, max-image-preview:large, max-video-preview:-1\" \/>\n<link rel=\"canonical\" href=\"https:\/\/news.save.ch\/en\/mountainbikes-zahl-der-toedlichen-unfaelle-hat-sich-vervierfacht\/\" \/>\n<meta property=\"og:locale\" content=\"en_US\" \/>\n<meta property=\"og:type\" content=\"article\" \/>\n<meta property=\"og:title\" content=\"Mountainbikes: Zahl der t\u00f6dlichen Unf\u00e4lle hat sich vervierfacht - Save\" \/>\n<meta property=\"og:description\" content=\"Acht Personen verunfallten im letzten Jahr, die mit einem Mountainbike unterwegs waren. In der Regel verfunfallen laut der Beratungsstelle f\u00fcr Unfallverh\u00fctung viermal weniger pro Jahr. Auch die Zahl der Verletzungen sei angestiegen.\" \/>\n<meta property=\"og:url\" content=\"https:\/\/news.save.ch\/en\/mountainbikes-zahl-der-toedlichen-unfaelle-hat-sich-vervierfacht\/\" \/>\n<meta property=\"og:site_name\" content=\"Save\" \/>\n<meta property=\"article:published_time\" content=\"2021-07-15T08:03:07+00:00\" \/>\n<meta property=\"article:modified_time\" content=\"2023-07-16T16:30:37+00:00\" \/>\n<meta property=\"og:image\" content=\"https:\/\/news.save.ch\/wp-content\/uploads\/2021\/07\/mountainbike_teaser.jpg\" \/>\n\t<meta property=\"og:image:width\" content=\"960\" \/>\n\t<meta property=\"og:image:height\" content=\"720\" \/>\n\t<meta property=\"og:image:type\" content=\"image\/jpeg\" \/>\n<meta name=\"author\" content=\"Simon Gr\u00f6flin\" \/>\n<meta name=\"twitter:card\" content=\"summary_large_image\" \/>\n<meta name=\"twitter:label1\" content=\"Written by\" \/>\n\t<meta name=\"twitter:data1\" content=\"Simon Gr\u00f6flin\" \/>\n\t<meta name=\"twitter:label2\" content=\"Est. reading time\" \/>\n\t<meta name=\"twitter:data2\" content=\"2 minutes\" \/>\n<script type=\"application\/ld+json\" class=\"yoast-schema-graph\">{\"@context\":\"https:\\\/\\\/schema.org\",\"@graph\":[{\"@type\":\"Article\",\"@id\":\"https:\\\/\\\/news.save.ch\\\/mountainbikes-zahl-der-toedlichen-unfaelle-hat-sich-vervierfacht\\\/#article\",\"isPartOf\":{\"@id\":\"https:\\\/\\\/news.save.ch\\\/mountainbikes-zahl-der-toedlichen-unfaelle-hat-sich-vervierfacht\\\/\"},\"author\":{\"name\":\"Simon Gr\u00f6flin\",\"@id\":\"https:\\\/\\\/news.save.ch\\\/de\\\/#\\\/schema\\\/person\\\/ad4ef21102fd6125312409ac57d5296d\"},\"headline\":\"Mountainbikes: Zahl der t\u00f6dlichen Unf\u00e4lle hat sich vervierfacht\",\"datePublished\":\"2021-07-15T08:03:07+00:00\",\"dateModified\":\"2023-07-16T16:30:37+00:00\",\"mainEntityOfPage\":{\"@id\":\"https:\\\/\\\/news.save.ch\\\/mountainbikes-zahl-der-toedlichen-unfaelle-hat-sich-vervierfacht\\\/\"},\"wordCount\":224,\"publisher\":{\"@id\":\"https:\\\/\\\/news.save.ch\\\/de\\\/#organization\"},\"image\":{\"@id\":\"https:\\\/\\\/news.save.ch\\\/mountainbikes-zahl-der-toedlichen-unfaelle-hat-sich-vervierfacht\\\/#primaryimage\"},\"thumbnailUrl\":\"https:\\\/\\\/news.save.ch\\\/wp-content\\\/uploads\\\/2021\\\/07\\\/mountainbike_teaser.jpg\",\"keywords\":[\"Beratungsstelle f\u00fcr Unfallverh\u00fctung (BFU)\",\"BFU\",\"E-Mountainbikes\",\"Mountainbikes\",\"Schutzausr\u00fcstung\",\"Sportausr\u00fcstung\",\"Unf\u00e4lle\"],\"articleSection\":[\"ALLGEMEIN\"],\"inLanguage\":\"en-US\"},{\"@type\":\"WebPage\",\"@id\":\"https:\\\/\\\/news.save.ch\\\/mountainbikes-zahl-der-toedlichen-unfaelle-hat-sich-vervierfacht\\\/\",\"url\":\"https:\\\/\\\/news.save.ch\\\/mountainbikes-zahl-der-toedlichen-unfaelle-hat-sich-vervierfacht\\\/\",\"name\":\"Mountainbikes: Zahl der t\u00f6dlichen Unf\u00e4lle hat sich vervierfacht - Save\",\"isPartOf\":{\"@id\":\"https:\\\/\\\/news.save.ch\\\/de\\\/#website\"},\"primaryImageOfPage\":{\"@id\":\"https:\\\/\\\/news.save.ch\\\/mountainbikes-zahl-der-toedlichen-unfaelle-hat-sich-vervierfacht\\\/#primaryimage\"},\"image\":{\"@id\":\"https:\\\/\\\/news.save.ch\\\/mountainbikes-zahl-der-toedlichen-unfaelle-hat-sich-vervierfacht\\\/#primaryimage\"},\"thumbnailUrl\":\"https:\\\/\\\/news.save.ch\\\/wp-content\\\/uploads\\\/2021\\\/07\\\/mountainbike_teaser.jpg\",\"datePublished\":\"2021-07-15T08:03:07+00:00\",\"dateModified\":\"2023-07-16T16:30:37+00:00\",\"description\":\"Acht Personen verunfallten im letzten Jahr, die mit einem Mountainbike unterwegs waren. In der Regel verfunfallen laut der Beratungsstelle f\u00fcr Unfallverh\u00fctung viermal weniger pro Jahr. Auch die Zahl der Verletzungen sei angestiegen.\",\"breadcrumb\":{\"@id\":\"https:\\\/\\\/news.save.ch\\\/mountainbikes-zahl-der-toedlichen-unfaelle-hat-sich-vervierfacht\\\/#breadcrumb\"},\"inLanguage\":\"en-US\",\"potentialAction\":[{\"@type\":\"ReadAction\",\"target\":[\"https:\\\/\\\/news.save.ch\\\/mountainbikes-zahl-der-toedlichen-unfaelle-hat-sich-vervierfacht\\\/\"]}]},{\"@type\":\"ImageObject\",\"inLanguage\":\"en-US\",\"@id\":\"https:\\\/\\\/news.save.ch\\\/mountainbikes-zahl-der-toedlichen-unfaelle-hat-sich-vervierfacht\\\/#primaryimage\",\"url\":\"https:\\\/\\\/news.save.ch\\\/wp-content\\\/uploads\\\/2021\\\/07\\\/mountainbike_teaser.jpg\",\"contentUrl\":\"https:\\\/\\\/news.save.ch\\\/wp-content\\\/uploads\\\/2021\\\/07\\\/mountainbike_teaser.jpg\",\"width\":960,\"height\":720},{\"@type\":\"BreadcrumbList\",\"@id\":\"https:\\\/\\\/news.save.ch\\\/mountainbikes-zahl-der-toedlichen-unfaelle-hat-sich-vervierfacht\\\/#breadcrumb\",\"itemListElement\":[{\"@type\":\"ListItem\",\"position\":1,\"name\":\"Home\",\"item\":\"https:\\\/\\\/news.save.ch\\\/de\\\/\"},{\"@type\":\"ListItem\",\"position\":2,\"name\":\"Mountainbikes: Zahl der t\u00f6dlichen Unf\u00e4lle hat sich vervierfacht\"}]},{\"@type\":\"WebSite\",\"@id\":\"https:\\\/\\\/news.save.ch\\\/de\\\/#website\",\"url\":\"https:\\\/\\\/news.save.ch\\\/de\\\/\",\"name\":\"Save\",\"description\":\"Schweizer Fachzeitschrift f\u00fcr Sicherheit\",\"publisher\":{\"@id\":\"https:\\\/\\\/news.save.ch\\\/de\\\/#organization\"},\"potentialAction\":[{\"@type\":\"SearchAction\",\"target\":{\"@type\":\"EntryPoint\",\"urlTemplate\":\"https:\\\/\\\/news.save.ch\\\/de\\\/?s={search_term_string}\"},\"query-input\":{\"@type\":\"PropertyValueSpecification\",\"valueRequired\":true,\"valueName\":\"search_term_string\"}}],\"inLanguage\":\"en-US\"},{\"@type\":\"Organization\",\"@id\":\"https:\\\/\\\/news.save.ch\\\/de\\\/#organization\",\"name\":\"Sicherheitsforum\",\"url\":\"https:\\\/\\\/news.save.ch\\\/de\\\/\",\"logo\":{\"@type\":\"ImageObject\",\"inLanguage\":\"en-US\",\"@id\":\"https:\\\/\\\/news.save.ch\\\/de\\\/#\\\/schema\\\/logo\\\/image\\\/\",\"url\":\"https:\\\/\\\/news.save.ch\\\/wp-content\\\/uploads\\\/2022\\\/06\\\/Logo_SF_2012.png\",\"contentUrl\":\"https:\\\/\\\/news.save.ch\\\/wp-content\\\/uploads\\\/2022\\\/06\\\/Logo_SF_2012.png\",\"width\":1100,\"height\":91,\"caption\":\"Sicherheitsforum\"},\"image\":{\"@id\":\"https:\\\/\\\/news.save.ch\\\/de\\\/#\\\/schema\\\/logo\\\/image\\\/\"}},{\"@type\":\"Person\",\"@id\":\"https:\\\/\\\/news.save.ch\\\/de\\\/#\\\/schema\\\/person\\\/ad4ef21102fd6125312409ac57d5296d\",\"name\":\"Simon Gr\u00f6flin\",\"image\":{\"@type\":\"ImageObject\",\"inLanguage\":\"en-US\",\"@id\":\"https:\\\/\\\/secure.gravatar.com\\\/avatar\\\/6ddceb80eb734354635539e0ea5140bb7c41e42de7c45c9a2ab9921b5d5c9a83?s=96&d=mm&r=g\",\"url\":\"https:\\\/\\\/secure.gravatar.com\\\/avatar\\\/6ddceb80eb734354635539e0ea5140bb7c41e42de7c45c9a2ab9921b5d5c9a83?s=96&d=mm&r=g\",\"contentUrl\":\"https:\\\/\\\/secure.gravatar.com\\\/avatar\\\/6ddceb80eb734354635539e0ea5140bb7c41e42de7c45c9a2ab9921b5d5c9a83?s=96&d=mm&r=g\",\"caption\":\"Simon Gr\u00f6flin\"},\"url\":\"https:\\\/\\\/news.save.ch\\\/en\\\/author\\\/simon-groeflin\\\/\"}]}<\/script>\n<!-- \/ Yoast SEO plugin. -->","yoast_head_json":{"title":"Mountain bikes: number of fatal accidents has quadrupled - Save","description":"Last year, eight people had an accident while riding a mountain bike. According to the Swiss Council for Accident Prevention, there are usually four fewer accidents per year. The number of injuries has also risen.","robots":{"index":"index","follow":"follow","max-snippet":"max-snippet:-1","max-image-preview":"max-image-preview:large","max-video-preview":"max-video-preview:-1"},"canonical":"https:\/\/news.save.ch\/en\/mountainbikes-zahl-der-toedlichen-unfaelle-hat-sich-vervierfacht\/","og_locale":"en_US","og_type":"article","og_title":"Mountainbikes: Zahl der t\u00f6dlichen Unf\u00e4lle hat sich vervierfacht - Save","og_description":"Acht Personen verunfallten im letzten Jahr, die mit einem Mountainbike unterwegs waren. In der Regel verfunfallen laut der Beratungsstelle f\u00fcr Unfallverh\u00fctung viermal weniger pro Jahr. Auch die Zahl der Verletzungen sei angestiegen.","og_url":"https:\/\/news.save.ch\/en\/mountainbikes-zahl-der-toedlichen-unfaelle-hat-sich-vervierfacht\/","og_site_name":"Save","article_published_time":"2021-07-15T08:03:07+00:00","article_modified_time":"2023-07-16T16:30:37+00:00","og_image":[{"width":960,"height":720,"url":"https:\/\/news.save.ch\/wp-content\/uploads\/2021\/07\/mountainbike_teaser.jpg","type":"image\/jpeg"}],"author":"Simon Gr\u00f6flin","twitter_card":"summary_large_image","twitter_misc":{"Written by":"Simon Gr\u00f6flin","Est. reading time":"2 minutes"},"schema":{"@context":"https:\/\/schema.org","@graph":[{"@type":"Article","@id":"https:\/\/news.save.ch\/mountainbikes-zahl-der-toedlichen-unfaelle-hat-sich-vervierfacht\/#article","isPartOf":{"@id":"https:\/\/news.save.ch\/mountainbikes-zahl-der-toedlichen-unfaelle-hat-sich-vervierfacht\/"},"author":{"name":"Simon Gr\u00f6flin","@id":"https:\/\/news.save.ch\/de\/#\/schema\/person\/ad4ef21102fd6125312409ac57d5296d"},"headline":"Mountainbikes: Zahl der t\u00f6dlichen Unf\u00e4lle hat sich vervierfacht","datePublished":"2021-07-15T08:03:07+00:00","dateModified":"2023-07-16T16:30:37+00:00","mainEntityOfPage":{"@id":"https:\/\/news.save.ch\/mountainbikes-zahl-der-toedlichen-unfaelle-hat-sich-vervierfacht\/"},"wordCount":224,"publisher":{"@id":"https:\/\/news.save.ch\/de\/#organization"},"image":{"@id":"https:\/\/news.save.ch\/mountainbikes-zahl-der-toedlichen-unfaelle-hat-sich-vervierfacht\/#primaryimage"},"thumbnailUrl":"https:\/\/news.save.ch\/wp-content\/uploads\/2021\/07\/mountainbike_teaser.jpg","keywords":["Beratungsstelle f\u00fcr Unfallverh\u00fctung (BFU)","BFU","E-Mountainbikes","Mountainbikes","Schutzausr\u00fcstung","Sportausr\u00fcstung","Unf\u00e4lle"],"articleSection":["ALLGEMEIN"],"inLanguage":"en-US"},{"@type":"WebPage","@id":"https:\/\/news.save.ch\/mountainbikes-zahl-der-toedlichen-unfaelle-hat-sich-vervierfacht\/","url":"https:\/\/news.save.ch\/mountainbikes-zahl-der-toedlichen-unfaelle-hat-sich-vervierfacht\/","name":"Mountain bikes: number of fatal accidents has quadrupled - Save","isPartOf":{"@id":"https:\/\/news.save.ch\/de\/#website"},"primaryImageOfPage":{"@id":"https:\/\/news.save.ch\/mountainbikes-zahl-der-toedlichen-unfaelle-hat-sich-vervierfacht\/#primaryimage"},"image":{"@id":"https:\/\/news.save.ch\/mountainbikes-zahl-der-toedlichen-unfaelle-hat-sich-vervierfacht\/#primaryimage"},"thumbnailUrl":"https:\/\/news.save.ch\/wp-content\/uploads\/2021\/07\/mountainbike_teaser.jpg","datePublished":"2021-07-15T08:03:07+00:00","dateModified":"2023-07-16T16:30:37+00:00","description":"Last year, eight people had an accident while riding a mountain bike. According to the Swiss Council for Accident Prevention, there are usually four fewer accidents per year. The number of injuries has also risen.","breadcrumb":{"@id":"https:\/\/news.save.ch\/mountainbikes-zahl-der-toedlichen-unfaelle-hat-sich-vervierfacht\/#breadcrumb"},"inLanguage":"en-US","potentialAction":[{"@type":"ReadAction","target":["https:\/\/news.save.ch\/mountainbikes-zahl-der-toedlichen-unfaelle-hat-sich-vervierfacht\/"]}]},{"@type":"ImageObject","inLanguage":"en-US","@id":"https:\/\/news.save.ch\/mountainbikes-zahl-der-toedlichen-unfaelle-hat-sich-vervierfacht\/#primaryimage","url":"https:\/\/news.save.ch\/wp-content\/uploads\/2021\/07\/mountainbike_teaser.jpg","contentUrl":"https:\/\/news.save.ch\/wp-content\/uploads\/2021\/07\/mountainbike_teaser.jpg","width":960,"height":720},{"@type":"BreadcrumbList","@id":"https:\/\/news.save.ch\/mountainbikes-zahl-der-toedlichen-unfaelle-hat-sich-vervierfacht\/#breadcrumb","itemListElement":[{"@type":"ListItem","position":1,"name":"Home","item":"https:\/\/news.save.ch\/de\/"},{"@type":"ListItem","position":2,"name":"Mountainbikes: Zahl der t\u00f6dlichen Unf\u00e4lle hat sich vervierfacht"}]},{"@type":"WebSite","@id":"https:\/\/news.save.ch\/de\/#website","url":"https:\/\/news.save.ch\/de\/","name":"Save","description":"Swiss trade journal for safety","publisher":{"@id":"https:\/\/news.save.ch\/de\/#organization"},"potentialAction":[{"@type":"SearchAction","target":{"@type":"EntryPoint","urlTemplate":"https:\/\/news.save.ch\/de\/?s={search_term_string}"},"query-input":{"@type":"PropertyValueSpecification","valueRequired":true,"valueName":"search_term_string"}}],"inLanguage":"en-US"},{"@type":"Organization","@id":"https:\/\/news.save.ch\/de\/#organization","name":"Security Forum","url":"https:\/\/news.save.ch\/de\/","logo":{"@type":"ImageObject","inLanguage":"en-US","@id":"https:\/\/news.save.ch\/de\/#\/schema\/logo\/image\/","url":"https:\/\/news.save.ch\/wp-content\/uploads\/2022\/06\/Logo_SF_2012.png","contentUrl":"https:\/\/news.save.ch\/wp-content\/uploads\/2022\/06\/Logo_SF_2012.png","width":1100,"height":91,"caption":"Sicherheitsforum"},"image":{"@id":"https:\/\/news.save.ch\/de\/#\/schema\/logo\/image\/"}},{"@type":"Person","@id":"https:\/\/news.save.ch\/de\/#\/schema\/person\/ad4ef21102fd6125312409ac57d5296d","name":"Simon Gr\u00f6flin","image":{"@type":"ImageObject","inLanguage":"en-US","@id":"https:\/\/secure.gravatar.com\/avatar\/6ddceb80eb734354635539e0ea5140bb7c41e42de7c45c9a2ab9921b5d5c9a83?s=96&d=mm&r=g","url":"https:\/\/secure.gravatar.com\/avatar\/6ddceb80eb734354635539e0ea5140bb7c41e42de7c45c9a2ab9921b5d5c9a83?s=96&d=mm&r=g","contentUrl":"https:\/\/secure.gravatar.com\/avatar\/6ddceb80eb734354635539e0ea5140bb7c41e42de7c45c9a2ab9921b5d5c9a83?s=96&d=mm&r=g","caption":"Simon Gr\u00f6flin"},"url":"https:\/\/news.save.ch\/en\/author\/simon-groeflin\/"}]}},"_links":{"self":[{"href":"https:\/\/news.save.ch\/en\/wp-json\/wp\/v2\/posts\/17015","targetHints":{"allow":["GET"]}}],"collection":[{"href":"https:\/\/news.save.ch\/en\/wp-json\/wp\/v2\/posts"}],"about":[{"href":"https:\/\/news.save.ch\/en\/wp-json\/wp\/v2\/types\/post"}],"author":[{"embeddable":true,"href":"https:\/\/news.save.ch\/en\/wp-json\/wp\/v2\/users\/9"}],"replies":[{"embeddable":true,"href":"https:\/\/news.save.ch\/en\/wp-json\/wp\/v2\/comments?post=17015"}],"version-history":[{"count":2,"href":"https:\/\/news.save.ch\/en\/wp-json\/wp\/v2\/posts\/17015\/revisions"}],"predecessor-version":[{"id":20966,"href":"https:\/\/news.save.ch\/en\/wp-json\/wp\/v2\/posts\/17015\/revisions\/20966"}],"wp:featuredmedia":[{"embeddable":true,"href":"https:\/\/news.save.ch\/en\/wp-json\/wp\/v2\/media\/7428"}],"wp:attachment":[{"href":"https:\/\/news.save.ch\/en\/wp-json\/wp\/v2\/media?parent=17015"}],"wp:term":[{"taxonomy":"category","embeddable":true,"href":"https:\/\/news.save.ch\/en\/wp-json\/wp\/v2\/categories?post=17015"},{"taxonomy":"post_tag","embeddable":true,"href":"https:\/\/news.save.ch\/en\/wp-json\/wp\/v2\/tags?post=17015"}],"curies":[{"name":"wp","href":"https:\/\/api.w.org\/{rel}","templated":true}]}}