{"id":17069,"date":"2022-08-09T08:16:52","date_gmt":"2022-08-09T06:16:52","guid":{"rendered":"https:\/\/news.save.ch\/?p=9464"},"modified":"2023-06-19T14:57:03","modified_gmt":"2023-06-19T12:57:03","slug":"asbest-einatmen-verboten","status":null,"type":"post","link":"https:\/\/news.save.ch\/en\/asbest-einatmen-verboten\/","title":{"rendered":"Asbestos: Inhalation prohibited"},"content":{"rendered":"<figure id=\"attachment_9468\" aria-describedby=\"caption-attachment-9468\" style=\"width: 680px\" class=\"wp-caption alignnone\"><img loading=\"lazy\" decoding=\"async\" class=\"wp-image-9468 size-medium\" src=\"https:\/\/news.save.ch\/wp-content\/uploads\/2022\/08\/Asbest_teaser1.jpg\" alt=\"Asbestos: Inhalation prohibited\" width=\"680\" height=\"435\" srcset=\"https:\/\/news.save.ch\/wp-content\/uploads\/2022\/08\/Asbest_teaser1.jpg 951w, https:\/\/news.save.ch\/wp-content\/uploads\/2022\/08\/Asbest_teaser1-680x435.jpg 680w, https:\/\/news.save.ch\/wp-content\/uploads\/2022\/08\/Asbest_teaser1-768x492.jpg 768w, https:\/\/news.save.ch\/wp-content\/uploads\/2022\/08\/Asbest_teaser1-18x12.jpg 18w, https:\/\/news.save.ch\/wp-content\/uploads\/2022\/08\/Asbest_teaser1-375x240.jpg 375w, https:\/\/news.save.ch\/wp-content\/uploads\/2022\/08\/Asbest_teaser1-547x350.jpg 547w\" sizes=\"auto, (max-width: 680px) 100vw, 680px\" \/><figcaption id=\"caption-attachment-9468\" class=\"wp-caption-text\">Craftsmen, beware! There are still countless buildings built before 1990 where you can expect to come across asbestos. \u00a9Suva<\/figcaption><\/figure>\n<p>Even today, workers can come into contact with a wide variety of building materials containing asbestos - especially during demolition work in the course of conversions. Asbestos is found in particular in panel adhesives and plaster, in plastic floor coverings, false ceilings, paints or mastics, as well as in asbestos-cement products on the building envelope and in sewer pipes. In buildings built before 1990, those performing maintenance, renovation and deconstruction work must expect to encounter asbestos-containing material during their work. This applies in particular to construction workers, carpenters, electricians, plumbers, painters, plasterers, roofers and fa\u00e7ade builders. Decades can pass from inhalation of asbestos dust to the onset of asbestos disease. Therefore, prevention is important now during remodeling work.<\/p>\n<h2>Clarify asbestos before construction begins<\/h2>\n<p>If a builder or architect is planning to convert or renovate a building constructed before 1990, a building inspection is required beforehand. For this purpose, he should call in a building diagnostician at an early stage. During this inspection, the expert will check the building for possible asbestos deposits, have suspicious materials examined in the laboratory and prepare further measures in the event that asbestos removal is necessary.<\/p>\n<h2>The advantages of early detection of asbestos<\/h2>\n<p>Early detection of pollutants is necessary for compliance with legal requirements relating to employee safety and environmental protection. At the same time, planning and cost security are improved. If there is a suspicion that particularly hazardous substances such as asbestos may be present during a conversion, the employer must identify the hazards in detail. In a second step, the risks must be assessed. Based on this, the necessary measures must be planned.<\/p>\n<figure id=\"attachment_9469\" aria-describedby=\"caption-attachment-9469\" style=\"width: 680px\" class=\"wp-caption alignnone\"><img loading=\"lazy\" decoding=\"async\" class=\"wp-image-9469 size-medium\" src=\"https:\/\/news.save.ch\/wp-content\/uploads\/2022\/08\/Asbest_teaser2.jpg\" alt=\"Asbestos: Inhalation prohibited\" width=\"680\" height=\"453\" \/><figcaption id=\"caption-attachment-9469\" class=\"wp-caption-text\">Asbestos fibers can form tumors deep in the lungs, larynx and nearby organs, even after 30 years. \u00a9 Suva<\/figcaption><\/figure>\n<h2>Involve asbestos specialists<\/h2>\n<p>Work that may release significant quantities of asbestos fibers that are hazardous to health may only be carried out by recognized asbestos abatement companies. These companies are obliged to notify Suva of any remediation work (for example, remediation of weakly bound asbestos). The directive prescribes protective measures such as the wearing of respirators, protective suits and the sealing off of the remediation zone as well as the erection of warning signs. Before the protective measures are lifted, the asbestos concentration in the remediation zone must be checked by means of a clearance measurement.<\/p>","protected":false},"excerpt":{"rendered":"<p>Auch heute noch k\u00f6nnen Arbeitnehmende \u2013 insbesondere bei Abbrucharbeiten im Rahmen von Umbauten \u2013 mit unterschiedlichsten asbesthaltigen Baumaterialien in Kontakt kommen. Asbest befindet sich insbesondere im Plattenkleber und Putz, in Bodenbel\u00e4gen aus Kunststoff, Zwischendecken, Anstrichstoffen oder Kitten sowie in Asbestzementprodukten an der Geb\u00e4udeh\u00fclle und bei Kanalisationsrohren. In Geb\u00e4uden mit Baujahr vor 1990 m\u00fcssen jene Personen, [&hellip;]<\/p>\n","protected":false},"author":9,"featured_media":9468,"comment_status":"closed","ping_status":"closed","sticky":false,"template":"","format":"standard","meta":{"_acf_changed":false,"pgc_sgb_lightbox_settings":"","footnotes":""},"categories":[1,3314],"tags":[4268,1688,4270,4271,4269,445,2823],"class_list":["post-17069","post","type-post","status-publish","format-standard","has-post-thumbnail","hentry","category-allgemein","category-health-safety","tag-arbeitnehmende","tag-asbest","tag-asbestsanierung","tag-asbestvorkommen","tag-gebaeudeuntersuchung","tag-risiken","tag-sanierungen"],"acf":[],"hkrextid":null,"publication":null,"issue":null,"workflow":null,"startPage":null,"spitzmarke":null,"_posts_by_tag_page_fields":{"widget_title":"","widget_tags":""},"_at_widget":"1","_yoast_wpseo_primary_category":"1","_yoast_wpseo_focuskw_text_input":null,"_yoast_wpseo_opengraph-image":null,"_yoast_wpseo_opengraph-description":null,"_yoast_wpseo_opengraph-title":null,"enclosure":null,"_yoast_wpseo_twitter-title":null,"_yoast_wpseo_twitter-description":null,"_yoast_wpseo_twitter-image":null,"_wp_old_slug":null,"_yoast_wpseo_title":null,"_yoast_wpseo_canonical":null,"yoast_head":"<!-- This site is optimized with the Yoast SEO plugin v27.4 - https:\/\/yoast.com\/product\/yoast-seo-wordpress\/ -->\n<title>Asbest: Einatmen verboten - Save<\/title>\n<meta name=\"description\" content=\"Asbesthaltige Produkte sind in der Schweiz seit 1990 verboten. Nicht alle Asbestvorkommen sind aus der Welt geschafft. Jeder Hand- und Heimwerker muss sich der damit verbundenen Gesundheitsgefahren bewusst sein.\" \/>\n<meta name=\"robots\" content=\"index, follow, max-snippet:-1, max-image-preview:large, max-video-preview:-1\" \/>\n<link rel=\"canonical\" href=\"https:\/\/news.save.ch\/en\/asbest-einatmen-verboten\/\" \/>\n<meta property=\"og:locale\" content=\"en_US\" \/>\n<meta property=\"og:type\" content=\"article\" \/>\n<meta property=\"og:title\" content=\"Asbest: Einatmen verboten - Save\" \/>\n<meta property=\"og:description\" content=\"Asbesthaltige Produkte sind in der Schweiz seit 1990 verboten. Nicht alle Asbestvorkommen sind aus der Welt geschafft. Jeder Hand- und Heimwerker muss sich der damit verbundenen Gesundheitsgefahren bewusst sein.\" \/>\n<meta property=\"og:url\" content=\"https:\/\/news.save.ch\/en\/asbest-einatmen-verboten\/\" \/>\n<meta property=\"og:site_name\" content=\"Save\" \/>\n<meta property=\"article:published_time\" content=\"2022-08-09T06:16:52+00:00\" \/>\n<meta property=\"article:modified_time\" content=\"2023-06-19T12:57:03+00:00\" \/>\n<meta property=\"og:image\" content=\"https:\/\/news.save.ch\/wp-content\/uploads\/2022\/08\/Asbest_teaser1.jpg\" \/>\n\t<meta property=\"og:image:width\" content=\"951\" \/>\n\t<meta property=\"og:image:height\" content=\"609\" \/>\n\t<meta property=\"og:image:type\" content=\"image\/jpeg\" \/>\n<meta name=\"author\" content=\"Simon Gr\u00f6flin\" \/>\n<meta name=\"twitter:card\" content=\"summary_large_image\" \/>\n<meta name=\"twitter:label1\" content=\"Written by\" \/>\n\t<meta name=\"twitter:data1\" content=\"Simon Gr\u00f6flin\" \/>\n\t<meta name=\"twitter:label2\" content=\"Est. reading time\" \/>\n\t<meta name=\"twitter:data2\" content=\"3 minutes\" \/>\n<script type=\"application\/ld+json\" class=\"yoast-schema-graph\">{\"@context\":\"https:\\\/\\\/schema.org\",\"@graph\":[{\"@type\":\"Article\",\"@id\":\"https:\\\/\\\/news.save.ch\\\/asbest-einatmen-verboten\\\/#article\",\"isPartOf\":{\"@id\":\"https:\\\/\\\/news.save.ch\\\/asbest-einatmen-verboten\\\/\"},\"author\":{\"name\":\"Simon Gr\u00f6flin\",\"@id\":\"https:\\\/\\\/news.save.ch\\\/de\\\/#\\\/schema\\\/person\\\/ad4ef21102fd6125312409ac57d5296d\"},\"headline\":\"Asbest: Einatmen verboten\",\"datePublished\":\"2022-08-09T06:16:52+00:00\",\"dateModified\":\"2023-06-19T12:57:03+00:00\",\"mainEntityOfPage\":{\"@id\":\"https:\\\/\\\/news.save.ch\\\/asbest-einatmen-verboten\\\/\"},\"wordCount\":401,\"publisher\":{\"@id\":\"https:\\\/\\\/news.save.ch\\\/de\\\/#organization\"},\"image\":{\"@id\":\"https:\\\/\\\/news.save.ch\\\/asbest-einatmen-verboten\\\/#primaryimage\"},\"thumbnailUrl\":\"https:\\\/\\\/news.save.ch\\\/wp-content\\\/uploads\\\/2022\\\/08\\\/Asbest_teaser1.jpg\",\"keywords\":[\"Arbeitnehmende\",\"Asbest\",\"Asbestsanierung\",\"Asbestvorkommen\",\"Geb\u00e4udeuntersuchung\",\"Risiken\",\"Sanierungen\"],\"articleSection\":[\"ALLGEMEIN\",\"HEALTH &amp; SAFETY\"],\"inLanguage\":\"en-US\"},{\"@type\":\"WebPage\",\"@id\":\"https:\\\/\\\/news.save.ch\\\/asbest-einatmen-verboten\\\/\",\"url\":\"https:\\\/\\\/news.save.ch\\\/asbest-einatmen-verboten\\\/\",\"name\":\"Asbest: Einatmen verboten - Save\",\"isPartOf\":{\"@id\":\"https:\\\/\\\/news.save.ch\\\/de\\\/#website\"},\"primaryImageOfPage\":{\"@id\":\"https:\\\/\\\/news.save.ch\\\/asbest-einatmen-verboten\\\/#primaryimage\"},\"image\":{\"@id\":\"https:\\\/\\\/news.save.ch\\\/asbest-einatmen-verboten\\\/#primaryimage\"},\"thumbnailUrl\":\"https:\\\/\\\/news.save.ch\\\/wp-content\\\/uploads\\\/2022\\\/08\\\/Asbest_teaser1.jpg\",\"datePublished\":\"2022-08-09T06:16:52+00:00\",\"dateModified\":\"2023-06-19T12:57:03+00:00\",\"description\":\"Asbesthaltige Produkte sind in der Schweiz seit 1990 verboten. Nicht alle Asbestvorkommen sind aus der Welt geschafft. Jeder Hand- und Heimwerker muss sich der damit verbundenen Gesundheitsgefahren bewusst sein.\",\"breadcrumb\":{\"@id\":\"https:\\\/\\\/news.save.ch\\\/asbest-einatmen-verboten\\\/#breadcrumb\"},\"inLanguage\":\"en-US\",\"potentialAction\":[{\"@type\":\"ReadAction\",\"target\":[\"https:\\\/\\\/news.save.ch\\\/asbest-einatmen-verboten\\\/\"]}]},{\"@type\":\"ImageObject\",\"inLanguage\":\"en-US\",\"@id\":\"https:\\\/\\\/news.save.ch\\\/asbest-einatmen-verboten\\\/#primaryimage\",\"url\":\"https:\\\/\\\/news.save.ch\\\/wp-content\\\/uploads\\\/2022\\\/08\\\/Asbest_teaser1.jpg\",\"contentUrl\":\"https:\\\/\\\/news.save.ch\\\/wp-content\\\/uploads\\\/2022\\\/08\\\/Asbest_teaser1.jpg\",\"width\":951,\"height\":609,\"caption\":\"Asbest: Einatmen verboten\"},{\"@type\":\"BreadcrumbList\",\"@id\":\"https:\\\/\\\/news.save.ch\\\/asbest-einatmen-verboten\\\/#breadcrumb\",\"itemListElement\":[{\"@type\":\"ListItem\",\"position\":1,\"name\":\"Home\",\"item\":\"https:\\\/\\\/news.save.ch\\\/de\\\/\"},{\"@type\":\"ListItem\",\"position\":2,\"name\":\"Asbest: Einatmen verboten\"}]},{\"@type\":\"WebSite\",\"@id\":\"https:\\\/\\\/news.save.ch\\\/de\\\/#website\",\"url\":\"https:\\\/\\\/news.save.ch\\\/de\\\/\",\"name\":\"Save\",\"description\":\"Schweizer Fachzeitschrift f\u00fcr Sicherheit\",\"publisher\":{\"@id\":\"https:\\\/\\\/news.save.ch\\\/de\\\/#organization\"},\"potentialAction\":[{\"@type\":\"SearchAction\",\"target\":{\"@type\":\"EntryPoint\",\"urlTemplate\":\"https:\\\/\\\/news.save.ch\\\/de\\\/?s={search_term_string}\"},\"query-input\":{\"@type\":\"PropertyValueSpecification\",\"valueRequired\":true,\"valueName\":\"search_term_string\"}}],\"inLanguage\":\"en-US\"},{\"@type\":\"Organization\",\"@id\":\"https:\\\/\\\/news.save.ch\\\/de\\\/#organization\",\"name\":\"Sicherheitsforum\",\"url\":\"https:\\\/\\\/news.save.ch\\\/de\\\/\",\"logo\":{\"@type\":\"ImageObject\",\"inLanguage\":\"en-US\",\"@id\":\"https:\\\/\\\/news.save.ch\\\/de\\\/#\\\/schema\\\/logo\\\/image\\\/\",\"url\":\"https:\\\/\\\/news.save.ch\\\/wp-content\\\/uploads\\\/2022\\\/06\\\/Logo_SF_2012.png\",\"contentUrl\":\"https:\\\/\\\/news.save.ch\\\/wp-content\\\/uploads\\\/2022\\\/06\\\/Logo_SF_2012.png\",\"width\":1100,\"height\":91,\"caption\":\"Sicherheitsforum\"},\"image\":{\"@id\":\"https:\\\/\\\/news.save.ch\\\/de\\\/#\\\/schema\\\/logo\\\/image\\\/\"}},{\"@type\":\"Person\",\"@id\":\"https:\\\/\\\/news.save.ch\\\/de\\\/#\\\/schema\\\/person\\\/ad4ef21102fd6125312409ac57d5296d\",\"name\":\"Simon Gr\u00f6flin\",\"image\":{\"@type\":\"ImageObject\",\"inLanguage\":\"en-US\",\"@id\":\"https:\\\/\\\/secure.gravatar.com\\\/avatar\\\/6ddceb80eb734354635539e0ea5140bb7c41e42de7c45c9a2ab9921b5d5c9a83?s=96&d=mm&r=g\",\"url\":\"https:\\\/\\\/secure.gravatar.com\\\/avatar\\\/6ddceb80eb734354635539e0ea5140bb7c41e42de7c45c9a2ab9921b5d5c9a83?s=96&d=mm&r=g\",\"contentUrl\":\"https:\\\/\\\/secure.gravatar.com\\\/avatar\\\/6ddceb80eb734354635539e0ea5140bb7c41e42de7c45c9a2ab9921b5d5c9a83?s=96&d=mm&r=g\",\"caption\":\"Simon Gr\u00f6flin\"},\"url\":\"https:\\\/\\\/news.save.ch\\\/en\\\/author\\\/simon-groeflin\\\/\"}]}<\/script>\n<!-- \/ Yoast SEO plugin. -->","yoast_head_json":{"title":"Asbestos: Inhalation prohibited - Save","description":"Products containing asbestos have been banned in Switzerland since 1990. Not all asbestos deposits have been eliminated. Every handyman and do-it-yourselfer must be aware of the associated health hazards.","robots":{"index":"index","follow":"follow","max-snippet":"max-snippet:-1","max-image-preview":"max-image-preview:large","max-video-preview":"max-video-preview:-1"},"canonical":"https:\/\/news.save.ch\/en\/asbest-einatmen-verboten\/","og_locale":"en_US","og_type":"article","og_title":"Asbest: Einatmen verboten - Save","og_description":"Asbesthaltige Produkte sind in der Schweiz seit 1990 verboten. Nicht alle Asbestvorkommen sind aus der Welt geschafft. Jeder Hand- und Heimwerker muss sich der damit verbundenen Gesundheitsgefahren bewusst sein.","og_url":"https:\/\/news.save.ch\/en\/asbest-einatmen-verboten\/","og_site_name":"Save","article_published_time":"2022-08-09T06:16:52+00:00","article_modified_time":"2023-06-19T12:57:03+00:00","og_image":[{"width":951,"height":609,"url":"https:\/\/news.save.ch\/wp-content\/uploads\/2022\/08\/Asbest_teaser1.jpg","type":"image\/jpeg"}],"author":"Simon Gr\u00f6flin","twitter_card":"summary_large_image","twitter_misc":{"Written by":"Simon Gr\u00f6flin","Est. reading time":"3 minutes"},"schema":{"@context":"https:\/\/schema.org","@graph":[{"@type":"Article","@id":"https:\/\/news.save.ch\/asbest-einatmen-verboten\/#article","isPartOf":{"@id":"https:\/\/news.save.ch\/asbest-einatmen-verboten\/"},"author":{"name":"Simon Gr\u00f6flin","@id":"https:\/\/news.save.ch\/de\/#\/schema\/person\/ad4ef21102fd6125312409ac57d5296d"},"headline":"Asbest: Einatmen verboten","datePublished":"2022-08-09T06:16:52+00:00","dateModified":"2023-06-19T12:57:03+00:00","mainEntityOfPage":{"@id":"https:\/\/news.save.ch\/asbest-einatmen-verboten\/"},"wordCount":401,"publisher":{"@id":"https:\/\/news.save.ch\/de\/#organization"},"image":{"@id":"https:\/\/news.save.ch\/asbest-einatmen-verboten\/#primaryimage"},"thumbnailUrl":"https:\/\/news.save.ch\/wp-content\/uploads\/2022\/08\/Asbest_teaser1.jpg","keywords":["Arbeitnehmende","Asbest","Asbestsanierung","Asbestvorkommen","Geb\u00e4udeuntersuchung","Risiken","Sanierungen"],"articleSection":["ALLGEMEIN","HEALTH &amp; SAFETY"],"inLanguage":"en-US"},{"@type":"WebPage","@id":"https:\/\/news.save.ch\/asbest-einatmen-verboten\/","url":"https:\/\/news.save.ch\/asbest-einatmen-verboten\/","name":"Asbestos: Inhalation prohibited - Save","isPartOf":{"@id":"https:\/\/news.save.ch\/de\/#website"},"primaryImageOfPage":{"@id":"https:\/\/news.save.ch\/asbest-einatmen-verboten\/#primaryimage"},"image":{"@id":"https:\/\/news.save.ch\/asbest-einatmen-verboten\/#primaryimage"},"thumbnailUrl":"https:\/\/news.save.ch\/wp-content\/uploads\/2022\/08\/Asbest_teaser1.jpg","datePublished":"2022-08-09T06:16:52+00:00","dateModified":"2023-06-19T12:57:03+00:00","description":"Products containing asbestos have been banned in Switzerland since 1990. Not all asbestos deposits have been eliminated. Every handyman and do-it-yourselfer must be aware of the associated health hazards.","breadcrumb":{"@id":"https:\/\/news.save.ch\/asbest-einatmen-verboten\/#breadcrumb"},"inLanguage":"en-US","potentialAction":[{"@type":"ReadAction","target":["https:\/\/news.save.ch\/asbest-einatmen-verboten\/"]}]},{"@type":"ImageObject","inLanguage":"en-US","@id":"https:\/\/news.save.ch\/asbest-einatmen-verboten\/#primaryimage","url":"https:\/\/news.save.ch\/wp-content\/uploads\/2022\/08\/Asbest_teaser1.jpg","contentUrl":"https:\/\/news.save.ch\/wp-content\/uploads\/2022\/08\/Asbest_teaser1.jpg","width":951,"height":609,"caption":"Asbest: Einatmen verboten"},{"@type":"BreadcrumbList","@id":"https:\/\/news.save.ch\/asbest-einatmen-verboten\/#breadcrumb","itemListElement":[{"@type":"ListItem","position":1,"name":"Home","item":"https:\/\/news.save.ch\/de\/"},{"@type":"ListItem","position":2,"name":"Asbest: Einatmen verboten"}]},{"@type":"WebSite","@id":"https:\/\/news.save.ch\/de\/#website","url":"https:\/\/news.save.ch\/de\/","name":"Save","description":"Swiss trade journal for safety","publisher":{"@id":"https:\/\/news.save.ch\/de\/#organization"},"potentialAction":[{"@type":"SearchAction","target":{"@type":"EntryPoint","urlTemplate":"https:\/\/news.save.ch\/de\/?s={search_term_string}"},"query-input":{"@type":"PropertyValueSpecification","valueRequired":true,"valueName":"search_term_string"}}],"inLanguage":"en-US"},{"@type":"Organization","@id":"https:\/\/news.save.ch\/de\/#organization","name":"Security Forum","url":"https:\/\/news.save.ch\/de\/","logo":{"@type":"ImageObject","inLanguage":"en-US","@id":"https:\/\/news.save.ch\/de\/#\/schema\/logo\/image\/","url":"https:\/\/news.save.ch\/wp-content\/uploads\/2022\/06\/Logo_SF_2012.png","contentUrl":"https:\/\/news.save.ch\/wp-content\/uploads\/2022\/06\/Logo_SF_2012.png","width":1100,"height":91,"caption":"Sicherheitsforum"},"image":{"@id":"https:\/\/news.save.ch\/de\/#\/schema\/logo\/image\/"}},{"@type":"Person","@id":"https:\/\/news.save.ch\/de\/#\/schema\/person\/ad4ef21102fd6125312409ac57d5296d","name":"Simon Gr\u00f6flin","image":{"@type":"ImageObject","inLanguage":"en-US","@id":"https:\/\/secure.gravatar.com\/avatar\/6ddceb80eb734354635539e0ea5140bb7c41e42de7c45c9a2ab9921b5d5c9a83?s=96&d=mm&r=g","url":"https:\/\/secure.gravatar.com\/avatar\/6ddceb80eb734354635539e0ea5140bb7c41e42de7c45c9a2ab9921b5d5c9a83?s=96&d=mm&r=g","contentUrl":"https:\/\/secure.gravatar.com\/avatar\/6ddceb80eb734354635539e0ea5140bb7c41e42de7c45c9a2ab9921b5d5c9a83?s=96&d=mm&r=g","caption":"Simon Gr\u00f6flin"},"url":"https:\/\/news.save.ch\/en\/author\/simon-groeflin\/"}]}},"_links":{"self":[{"href":"https:\/\/news.save.ch\/en\/wp-json\/wp\/v2\/posts\/17069","targetHints":{"allow":["GET"]}}],"collection":[{"href":"https:\/\/news.save.ch\/en\/wp-json\/wp\/v2\/posts"}],"about":[{"href":"https:\/\/news.save.ch\/en\/wp-json\/wp\/v2\/types\/post"}],"author":[{"embeddable":true,"href":"https:\/\/news.save.ch\/en\/wp-json\/wp\/v2\/users\/9"}],"replies":[{"embeddable":true,"href":"https:\/\/news.save.ch\/en\/wp-json\/wp\/v2\/comments?post=17069"}],"version-history":[{"count":3,"href":"https:\/\/news.save.ch\/en\/wp-json\/wp\/v2\/posts\/17069\/revisions"}],"predecessor-version":[{"id":20159,"href":"https:\/\/news.save.ch\/en\/wp-json\/wp\/v2\/posts\/17069\/revisions\/20159"}],"wp:featuredmedia":[{"embeddable":true,"href":"https:\/\/news.save.ch\/en\/wp-json\/wp\/v2\/media\/9468"}],"wp:attachment":[{"href":"https:\/\/news.save.ch\/en\/wp-json\/wp\/v2\/media?parent=17069"}],"wp:term":[{"taxonomy":"category","embeddable":true,"href":"https:\/\/news.save.ch\/en\/wp-json\/wp\/v2\/categories?post=17069"},{"taxonomy":"post_tag","embeddable":true,"href":"https:\/\/news.save.ch\/en\/wp-json\/wp\/v2\/tags?post=17069"}],"curies":[{"name":"wp","href":"https:\/\/api.w.org\/{rel}","templated":true}]}}