{"id":1708,"date":"2015-09-18T12:40:18","date_gmt":"2015-09-18T10:40:18","guid":{"rendered":"https:\/\/dev.sicherheitsforum.ch\/?p=1708"},"modified":"2015-09-18T12:40:18","modified_gmt":"2015-09-18T10:40:18","slug":"dach-sicherheitstreffen-in-oesterreich","status":null,"type":"post","link":"https:\/\/news.save.ch\/en\/dach-sicherheitstreffen-in-oesterreich\/","title":{"rendered":"DACH Security Meeting in Austria"},"content":{"rendered":"<figure id=\"attachment_1709\" aria-describedby=\"caption-attachment-1709\" style=\"width: 680px\" class=\"wp-caption alignnone\"><img loading=\"lazy\" decoding=\"async\" class=\"wp-image-1709 size-medium\" src=\"https:\/\/news.save.ch\/wp-content\/uploads\/2016\/12\/DACH-Sicherheitstreffen-in-\u00d6sterreich-sicherheitsforum.jpg\" width=\"680\" height=\"442\" \/><figcaption id=\"caption-attachment-1709\" class=\"wp-caption-text\">One of the diverse topics at the event: security and crisis management.<\/figcaption><\/figure>\n<p>The challenges to security and security organizations have been steadily increasing for years, as has the importance and necessity of security within companies. The 3rd DACH Security Forum Austria, which was organized by the\u00a0<a title=\"to the registration\" href=\"https:\/\/www.simedia.de\" target=\"_blank\" data-cke-saved-href=\"https:\/\/www.simedia.de\" rel=\"noopener\">Simedia <\/a>is an exclusive platform for the exchange and comparison of information on the latest developments and individual solutions in individual companies across countries.<\/p>\n<p><em>Lecture topics include:<\/em><\/p>\n<p>-Geopolitical Power Shifts and New Stability Threats as a Challenge to Enterprise Security.<\/p>\n<p>-Risk perception and risk management (company example)<\/p>\n<p>-Security and crisis management (company example)<\/p>\n<p>-The State Crisis Management in Austria by Examples<\/p>\n<p>-Learnings from the large-scale power outages in the Netherlands and Turkey -Prevention in the company<\/p>\n<p>-Large-scale exercise to cope simultaneously with three major events such as a power blackout, a prolonged power shortage and an influenza pandemic in Switzerland.<\/p>\n<p>-Social Engineering via Social Media - Mechanisms, Protective Measures, Trends<\/p>\n<p>-Social Media Security Strategy and Policy<\/p>\n<p>-Economic and Industrial Espionage in Austria? Results of a brand-new study of Austrian companies<\/p>\n<p>-Cyber crisis management - integration into the existing crisis management system<\/p>\n<p>-risk analyses in crisis areas<\/p>\n<p>-Successful evacuation from Libya<\/p>","protected":false},"excerpt":{"rendered":"<p>Die Herausforderungen an die Sicherheit und Sicherheitsorganisationen nehmen seit Jahren stetig zu, die Bedeutung und Notwendigkeit der Sicherheit innerhalb der Unternehmen ebenfalls. Das\u00a03. DACH-Sicherheitsforum \u00d6sterreich, das die\u00a0Simedia veranstaltet,\u00a0versteht sich als exklusive Plattform, um sich \u00fcber neuste Entwicklungen sowie\u00a0\u00fcber individuelle L\u00f6sungen in den einzelnen Unternehmen l\u00e4nder\u00fcbergreifend auszutauschen und zu vergleichen. Vortragsthemen sind u.a.: -Geopolitische Machtverschiebungen und [&hellip;]<\/p>\n","protected":false},"author":1,"featured_media":1709,"comment_status":"open","ping_status":"open","sticky":false,"template":"","format":"standard","meta":{"_acf_changed":false,"pgc_sgb_lightbox_settings":"","footnotes":""},"categories":[1],"tags":[109],"class_list":["post-1708","post","type-post","status-publish","format-standard","has-post-thumbnail","hentry","category-allgemein","tag-aus-und-weiterbildung"],"acf":[],"hkrextid":null,"publication":null,"issue":null,"workflow":null,"startPage":null,"spitzmarke":null,"_posts_by_tag_page_fields":{"widget_title":"","widget_tags":""},"_at_widget":"1","_yoast_wpseo_primary_category":"1","_yoast_wpseo_focuskw_text_input":"DACH","_yoast_wpseo_opengraph-image":"https:\/\/news.save.ch\/wp-content\/uploads\/2016\/12\/DACH-Sicherheitstreffen-in-\u00d6sterreich-sicherheitsforum.jpg","_yoast_wpseo_opengraph-description":"Das 3. DACH-Sicherheitsforum \u00d6sterreich findet am 18. und 19. November 2015 im Stanglwirt, Going (Tirol), statt. Auch Fachexperten aus der Schweiz sind diesmal vor Ort.","_yoast_wpseo_opengraph-title":"DACH-Sicherheitstreffen in \u00d6sterreich","enclosure":null,"_yoast_wpseo_twitter-title":null,"_yoast_wpseo_twitter-description":null,"_yoast_wpseo_twitter-image":null,"_wp_old_slug":null,"_yoast_wpseo_title":null,"_yoast_wpseo_canonical":null,"yoast_head":"<!-- This site is optimized with the Yoast SEO plugin v27.5 - https:\/\/yoast.com\/product\/yoast-seo-wordpress\/ -->\n<title>DACH-Sicherheitstreffen in \u00d6sterreich - Save<\/title>\n<meta name=\"description\" content=\"Das 3. DACH-Sicherheitsforum \u00d6sterreich findet am 18. und 19. November 2015 im Stanglwirt, Going (Tirol), statt.\" \/>\n<meta name=\"robots\" content=\"index, follow, max-snippet:-1, max-image-preview:large, max-video-preview:-1\" \/>\n<link rel=\"canonical\" href=\"https:\/\/news.save.ch\/en\/dach-sicherheitstreffen-in-oesterreich\/\" \/>\n<meta property=\"og:locale\" content=\"en_US\" \/>\n<meta property=\"og:type\" content=\"article\" \/>\n<meta property=\"og:title\" content=\"DACH-Sicherheitstreffen in \u00d6sterreich\" \/>\n<meta property=\"og:description\" content=\"Das 3. DACH-Sicherheitsforum \u00d6sterreich findet am 18. und 19. November 2015 im Stanglwirt, Going (Tirol), statt. Auch Fachexperten aus der Schweiz sind diesmal vor Ort.\" \/>\n<meta property=\"og:url\" content=\"https:\/\/news.save.ch\/en\/dach-sicherheitstreffen-in-oesterreich\/\" \/>\n<meta property=\"og:site_name\" content=\"Save\" \/>\n<meta property=\"article:published_time\" content=\"2015-09-18T10:40:18+00:00\" \/>\n<meta property=\"og:image\" content=\"https:\/\/news.save.ch\/wp-content\/uploads\/2016\/12\/DACH-Sicherheitstreffen-in-\u00d6sterreich-sicherheitsforum.jpg\" \/>\n<meta name=\"author\" content=\"admin\" \/>\n<meta name=\"twitter:card\" content=\"summary_large_image\" \/>\n<meta name=\"twitter:label1\" content=\"Written by\" \/>\n\t<meta name=\"twitter:data1\" content=\"admin\" \/>\n\t<meta name=\"twitter:label2\" content=\"Est. reading time\" \/>\n\t<meta name=\"twitter:data2\" content=\"1 minute\" \/>\n<script type=\"application\/ld+json\" class=\"yoast-schema-graph\">{\"@context\":\"https:\\\/\\\/schema.org\",\"@graph\":[{\"@type\":\"Article\",\"@id\":\"https:\\\/\\\/news.save.ch\\\/dach-sicherheitstreffen-in-oesterreich\\\/#article\",\"isPartOf\":{\"@id\":\"https:\\\/\\\/news.save.ch\\\/dach-sicherheitstreffen-in-oesterreich\\\/\"},\"author\":{\"name\":\"admin\",\"@id\":\"https:\\\/\\\/news.save.ch\\\/de\\\/#\\\/schema\\\/person\\\/d49e199490bad7c70d64b9ab51142f2b\"},\"headline\":\"DACH-Sicherheitstreffen in \u00d6sterreich\",\"datePublished\":\"2015-09-18T10:40:18+00:00\",\"mainEntityOfPage\":{\"@id\":\"https:\\\/\\\/news.save.ch\\\/dach-sicherheitstreffen-in-oesterreich\\\/\"},\"wordCount\":183,\"commentCount\":0,\"publisher\":{\"@id\":\"https:\\\/\\\/news.save.ch\\\/de\\\/#organization\"},\"image\":{\"@id\":\"https:\\\/\\\/news.save.ch\\\/dach-sicherheitstreffen-in-oesterreich\\\/#primaryimage\"},\"thumbnailUrl\":\"https:\\\/\\\/news.save.ch\\\/wp-content\\\/uploads\\\/2016\\\/12\\\/DACH-Sicherheitstreffen-in-Oesterreich-sicherheitsforum-scaled.jpg\",\"keywords\":[\"Aus- und Weiterbildung\"],\"articleSection\":[\"ALLGEMEIN\"],\"inLanguage\":\"en-US\"},{\"@type\":\"WebPage\",\"@id\":\"https:\\\/\\\/news.save.ch\\\/dach-sicherheitstreffen-in-oesterreich\\\/\",\"url\":\"https:\\\/\\\/news.save.ch\\\/dach-sicherheitstreffen-in-oesterreich\\\/\",\"name\":\"DACH-Sicherheitstreffen in \u00d6sterreich - Save\",\"isPartOf\":{\"@id\":\"https:\\\/\\\/news.save.ch\\\/de\\\/#website\"},\"primaryImageOfPage\":{\"@id\":\"https:\\\/\\\/news.save.ch\\\/dach-sicherheitstreffen-in-oesterreich\\\/#primaryimage\"},\"image\":{\"@id\":\"https:\\\/\\\/news.save.ch\\\/dach-sicherheitstreffen-in-oesterreich\\\/#primaryimage\"},\"thumbnailUrl\":\"https:\\\/\\\/news.save.ch\\\/wp-content\\\/uploads\\\/2016\\\/12\\\/DACH-Sicherheitstreffen-in-Oesterreich-sicherheitsforum-scaled.jpg\",\"datePublished\":\"2015-09-18T10:40:18+00:00\",\"description\":\"Das 3. DACH-Sicherheitsforum \u00d6sterreich findet am 18. und 19. November 2015 im Stanglwirt, Going (Tirol), statt.\",\"breadcrumb\":{\"@id\":\"https:\\\/\\\/news.save.ch\\\/dach-sicherheitstreffen-in-oesterreich\\\/#breadcrumb\"},\"inLanguage\":\"en-US\",\"potentialAction\":[{\"@type\":\"ReadAction\",\"target\":[\"https:\\\/\\\/news.save.ch\\\/dach-sicherheitstreffen-in-oesterreich\\\/\"]}]},{\"@type\":\"ImageObject\",\"inLanguage\":\"en-US\",\"@id\":\"https:\\\/\\\/news.save.ch\\\/dach-sicherheitstreffen-in-oesterreich\\\/#primaryimage\",\"url\":\"https:\\\/\\\/news.save.ch\\\/wp-content\\\/uploads\\\/2016\\\/12\\\/DACH-Sicherheitstreffen-in-Oesterreich-sicherheitsforum-scaled.jpg\",\"contentUrl\":\"https:\\\/\\\/news.save.ch\\\/wp-content\\\/uploads\\\/2016\\\/12\\\/DACH-Sicherheitstreffen-in-Oesterreich-sicherheitsforum-scaled.jpg\",\"width\":1400,\"height\":910,\"caption\":\"Eines der diversen Themen an dem Anlass: Sicherheits- und Krisenmanagement.\"},{\"@type\":\"BreadcrumbList\",\"@id\":\"https:\\\/\\\/news.save.ch\\\/dach-sicherheitstreffen-in-oesterreich\\\/#breadcrumb\",\"itemListElement\":[{\"@type\":\"ListItem\",\"position\":1,\"name\":\"Home\",\"item\":\"https:\\\/\\\/news.save.ch\\\/de\\\/\"},{\"@type\":\"ListItem\",\"position\":2,\"name\":\"DACH-Sicherheitstreffen in \u00d6sterreich\"}]},{\"@type\":\"WebSite\",\"@id\":\"https:\\\/\\\/news.save.ch\\\/de\\\/#website\",\"url\":\"https:\\\/\\\/news.save.ch\\\/de\\\/\",\"name\":\"Save\",\"description\":\"Schweizer Fachzeitschrift f\u00fcr Sicherheit\",\"publisher\":{\"@id\":\"https:\\\/\\\/news.save.ch\\\/de\\\/#organization\"},\"potentialAction\":[{\"@type\":\"SearchAction\",\"target\":{\"@type\":\"EntryPoint\",\"urlTemplate\":\"https:\\\/\\\/news.save.ch\\\/de\\\/?s={search_term_string}\"},\"query-input\":{\"@type\":\"PropertyValueSpecification\",\"valueRequired\":true,\"valueName\":\"search_term_string\"}}],\"inLanguage\":\"en-US\"},{\"@type\":\"Organization\",\"@id\":\"https:\\\/\\\/news.save.ch\\\/de\\\/#organization\",\"name\":\"Sicherheitsforum\",\"url\":\"https:\\\/\\\/news.save.ch\\\/de\\\/\",\"logo\":{\"@type\":\"ImageObject\",\"inLanguage\":\"en-US\",\"@id\":\"https:\\\/\\\/news.save.ch\\\/de\\\/#\\\/schema\\\/logo\\\/image\\\/\",\"url\":\"https:\\\/\\\/news.save.ch\\\/wp-content\\\/uploads\\\/2022\\\/06\\\/Logo_SF_2012.png\",\"contentUrl\":\"https:\\\/\\\/news.save.ch\\\/wp-content\\\/uploads\\\/2022\\\/06\\\/Logo_SF_2012.png\",\"width\":1100,\"height\":91,\"caption\":\"Sicherheitsforum\"},\"image\":{\"@id\":\"https:\\\/\\\/news.save.ch\\\/de\\\/#\\\/schema\\\/logo\\\/image\\\/\"}},{\"@type\":\"Person\",\"@id\":\"https:\\\/\\\/news.save.ch\\\/de\\\/#\\\/schema\\\/person\\\/d49e199490bad7c70d64b9ab51142f2b\",\"name\":\"admin\",\"image\":{\"@type\":\"ImageObject\",\"inLanguage\":\"en-US\",\"@id\":\"https:\\\/\\\/secure.gravatar.com\\\/avatar\\\/ae2f4d718e6c49043e314ce431e7e645d646302a24a5ef5a8bc8e3f5a032e319?s=96&d=mm&r=g\",\"url\":\"https:\\\/\\\/secure.gravatar.com\\\/avatar\\\/ae2f4d718e6c49043e314ce431e7e645d646302a24a5ef5a8bc8e3f5a032e319?s=96&d=mm&r=g\",\"contentUrl\":\"https:\\\/\\\/secure.gravatar.com\\\/avatar\\\/ae2f4d718e6c49043e314ce431e7e645d646302a24a5ef5a8bc8e3f5a032e319?s=96&d=mm&r=g\",\"caption\":\"admin\"},\"sameAs\":[\"https:\\\/\\\/develop.organisator.galledia.ch\"],\"url\":\"https:\\\/\\\/news.save.ch\\\/en\\\/author\\\/admin\\\/\"}]}<\/script>\n<!-- \/ Yoast SEO plugin. -->","yoast_head_json":{"title":"DACH Security Meeting in Austria - Save","description":"The 3rd DACH Security Forum Austria will take place on November 18 and 19, 2015 at the Stanglwirt, Going (Tyrol).","robots":{"index":"index","follow":"follow","max-snippet":"max-snippet:-1","max-image-preview":"max-image-preview:large","max-video-preview":"max-video-preview:-1"},"canonical":"https:\/\/news.save.ch\/en\/dach-sicherheitstreffen-in-oesterreich\/","og_locale":"en_US","og_type":"article","og_title":"DACH-Sicherheitstreffen in \u00d6sterreich","og_description":"Das 3. DACH-Sicherheitsforum \u00d6sterreich findet am 18. und 19. November 2015 im Stanglwirt, Going (Tirol), statt. Auch Fachexperten aus der Schweiz sind diesmal vor Ort.","og_url":"https:\/\/news.save.ch\/en\/dach-sicherheitstreffen-in-oesterreich\/","og_site_name":"Save","article_published_time":"2015-09-18T10:40:18+00:00","og_image":[{"url":"https:\/\/news.save.ch\/wp-content\/uploads\/2016\/12\/DACH-Sicherheitstreffen-in-\u00d6sterreich-sicherheitsforum.jpg","type":"","width":"","height":""}],"author":"admin","twitter_card":"summary_large_image","twitter_misc":{"Written by":"admin","Est. reading time":"1 minute"},"schema":{"@context":"https:\/\/schema.org","@graph":[{"@type":"Article","@id":"https:\/\/news.save.ch\/dach-sicherheitstreffen-in-oesterreich\/#article","isPartOf":{"@id":"https:\/\/news.save.ch\/dach-sicherheitstreffen-in-oesterreich\/"},"author":{"name":"admin","@id":"https:\/\/news.save.ch\/de\/#\/schema\/person\/d49e199490bad7c70d64b9ab51142f2b"},"headline":"DACH-Sicherheitstreffen in \u00d6sterreich","datePublished":"2015-09-18T10:40:18+00:00","mainEntityOfPage":{"@id":"https:\/\/news.save.ch\/dach-sicherheitstreffen-in-oesterreich\/"},"wordCount":183,"commentCount":0,"publisher":{"@id":"https:\/\/news.save.ch\/de\/#organization"},"image":{"@id":"https:\/\/news.save.ch\/dach-sicherheitstreffen-in-oesterreich\/#primaryimage"},"thumbnailUrl":"https:\/\/news.save.ch\/wp-content\/uploads\/2016\/12\/DACH-Sicherheitstreffen-in-Oesterreich-sicherheitsforum-scaled.jpg","keywords":["Aus- und Weiterbildung"],"articleSection":["ALLGEMEIN"],"inLanguage":"en-US"},{"@type":"WebPage","@id":"https:\/\/news.save.ch\/dach-sicherheitstreffen-in-oesterreich\/","url":"https:\/\/news.save.ch\/dach-sicherheitstreffen-in-oesterreich\/","name":"DACH Security Meeting in Austria - Save","isPartOf":{"@id":"https:\/\/news.save.ch\/de\/#website"},"primaryImageOfPage":{"@id":"https:\/\/news.save.ch\/dach-sicherheitstreffen-in-oesterreich\/#primaryimage"},"image":{"@id":"https:\/\/news.save.ch\/dach-sicherheitstreffen-in-oesterreich\/#primaryimage"},"thumbnailUrl":"https:\/\/news.save.ch\/wp-content\/uploads\/2016\/12\/DACH-Sicherheitstreffen-in-Oesterreich-sicherheitsforum-scaled.jpg","datePublished":"2015-09-18T10:40:18+00:00","description":"The 3rd DACH Security Forum Austria will take place on November 18 and 19, 2015 at the Stanglwirt, Going (Tyrol).","breadcrumb":{"@id":"https:\/\/news.save.ch\/dach-sicherheitstreffen-in-oesterreich\/#breadcrumb"},"inLanguage":"en-US","potentialAction":[{"@type":"ReadAction","target":["https:\/\/news.save.ch\/dach-sicherheitstreffen-in-oesterreich\/"]}]},{"@type":"ImageObject","inLanguage":"en-US","@id":"https:\/\/news.save.ch\/dach-sicherheitstreffen-in-oesterreich\/#primaryimage","url":"https:\/\/news.save.ch\/wp-content\/uploads\/2016\/12\/DACH-Sicherheitstreffen-in-Oesterreich-sicherheitsforum-scaled.jpg","contentUrl":"https:\/\/news.save.ch\/wp-content\/uploads\/2016\/12\/DACH-Sicherheitstreffen-in-Oesterreich-sicherheitsforum-scaled.jpg","width":1400,"height":910,"caption":"Eines der diversen Themen an dem Anlass: Sicherheits- und Krisenmanagement."},{"@type":"BreadcrumbList","@id":"https:\/\/news.save.ch\/dach-sicherheitstreffen-in-oesterreich\/#breadcrumb","itemListElement":[{"@type":"ListItem","position":1,"name":"Home","item":"https:\/\/news.save.ch\/de\/"},{"@type":"ListItem","position":2,"name":"DACH-Sicherheitstreffen in \u00d6sterreich"}]},{"@type":"WebSite","@id":"https:\/\/news.save.ch\/de\/#website","url":"https:\/\/news.save.ch\/de\/","name":"Save","description":"Swiss trade journal for safety","publisher":{"@id":"https:\/\/news.save.ch\/de\/#organization"},"potentialAction":[{"@type":"SearchAction","target":{"@type":"EntryPoint","urlTemplate":"https:\/\/news.save.ch\/de\/?s={search_term_string}"},"query-input":{"@type":"PropertyValueSpecification","valueRequired":true,"valueName":"search_term_string"}}],"inLanguage":"en-US"},{"@type":"Organization","@id":"https:\/\/news.save.ch\/de\/#organization","name":"Security Forum","url":"https:\/\/news.save.ch\/de\/","logo":{"@type":"ImageObject","inLanguage":"en-US","@id":"https:\/\/news.save.ch\/de\/#\/schema\/logo\/image\/","url":"https:\/\/news.save.ch\/wp-content\/uploads\/2022\/06\/Logo_SF_2012.png","contentUrl":"https:\/\/news.save.ch\/wp-content\/uploads\/2022\/06\/Logo_SF_2012.png","width":1100,"height":91,"caption":"Sicherheitsforum"},"image":{"@id":"https:\/\/news.save.ch\/de\/#\/schema\/logo\/image\/"}},{"@type":"Person","@id":"https:\/\/news.save.ch\/de\/#\/schema\/person\/d49e199490bad7c70d64b9ab51142f2b","name":"admin","image":{"@type":"ImageObject","inLanguage":"en-US","@id":"https:\/\/secure.gravatar.com\/avatar\/ae2f4d718e6c49043e314ce431e7e645d646302a24a5ef5a8bc8e3f5a032e319?s=96&d=mm&r=g","url":"https:\/\/secure.gravatar.com\/avatar\/ae2f4d718e6c49043e314ce431e7e645d646302a24a5ef5a8bc8e3f5a032e319?s=96&d=mm&r=g","contentUrl":"https:\/\/secure.gravatar.com\/avatar\/ae2f4d718e6c49043e314ce431e7e645d646302a24a5ef5a8bc8e3f5a032e319?s=96&d=mm&r=g","caption":"admin"},"sameAs":["https:\/\/develop.organisator.galledia.ch"],"url":"https:\/\/news.save.ch\/en\/author\/admin\/"}]}},"_links":{"self":[{"href":"https:\/\/news.save.ch\/en\/wp-json\/wp\/v2\/posts\/1708","targetHints":{"allow":["GET"]}}],"collection":[{"href":"https:\/\/news.save.ch\/en\/wp-json\/wp\/v2\/posts"}],"about":[{"href":"https:\/\/news.save.ch\/en\/wp-json\/wp\/v2\/types\/post"}],"author":[{"embeddable":true,"href":"https:\/\/news.save.ch\/en\/wp-json\/wp\/v2\/users\/1"}],"replies":[{"embeddable":true,"href":"https:\/\/news.save.ch\/en\/wp-json\/wp\/v2\/comments?post=1708"}],"version-history":[{"count":0,"href":"https:\/\/news.save.ch\/en\/wp-json\/wp\/v2\/posts\/1708\/revisions"}],"wp:featuredmedia":[{"embeddable":true,"href":"https:\/\/news.save.ch\/en\/wp-json\/wp\/v2\/media\/1709"}],"wp:attachment":[{"href":"https:\/\/news.save.ch\/en\/wp-json\/wp\/v2\/media?parent=1708"}],"wp:term":[{"taxonomy":"category","embeddable":true,"href":"https:\/\/news.save.ch\/en\/wp-json\/wp\/v2\/categories?post=1708"},{"taxonomy":"post_tag","embeddable":true,"href":"https:\/\/news.save.ch\/en\/wp-json\/wp\/v2\/tags?post=1708"}],"curies":[{"name":"wp","href":"https:\/\/api.w.org\/{rel}","templated":true}]}}