{"id":17080,"date":"2022-11-25T09:20:57","date_gmt":"2022-11-25T08:20:57","guid":{"rendered":"https:\/\/news.save.ch\/?p=10032"},"modified":"2023-06-10T15:10:53","modified_gmt":"2023-06-10T13:10:53","slug":"forscher-suchen-migraene-ursachen-per-mrt","status":null,"type":"post","link":"https:\/\/news.save.ch\/en\/forscher-suchen-migraene-ursachen-per-mrt\/","title":{"rendered":"Researchers search for migraine causes via MRI"},"content":{"rendered":"<figure id=\"attachment_10035\" aria-describedby=\"caption-attachment-10035\" style=\"width: 699px\" class=\"wp-caption alignnone\"><img loading=\"lazy\" decoding=\"async\" class=\"wp-image-10035 size-full\" src=\"https:\/\/news.save.ch\/wp-content\/uploads\/2022\/11\/MRT_Scans_teaser.jpg\" alt=\"Researchers search for migraine causes via MRI\" width=\"699\" height=\"454\" srcset=\"https:\/\/news.save.ch\/wp-content\/uploads\/2022\/11\/MRT_Scans_teaser.jpg 699w, https:\/\/news.save.ch\/wp-content\/uploads\/2022\/11\/MRT_Scans_teaser-680x442.jpg 680w, https:\/\/news.save.ch\/wp-content\/uploads\/2022\/11\/MRT_Scans_teaser-18x12.jpg 18w, https:\/\/news.save.ch\/wp-content\/uploads\/2022\/11\/MRT_Scans_teaser-375x244.jpg 375w, https:\/\/news.save.ch\/wp-content\/uploads\/2022\/11\/MRT_Scans_teaser-539x350.jpg 539w\" sizes=\"auto, (max-width: 699px) 100vw, 699px\" \/><figcaption id=\"caption-attachment-10035\" class=\"wp-caption-text\">Brains compared: high-resolution MRI images show migraine causes (Image: rsna.org, Wilson Xu).<\/figcaption><\/figure>\n<p>Researchers of the <a href=\"https:\/\/www.usc.edu\/\" target=\"_blank\" rel=\"noopener\">University of Southern California<\/a> have discovered significant changes in the perivascular spaces of a brain region called the \"centrum semiovale\" on MRI images. Perivascular spaces are fluid-filled bubbles surrounding blood vessels in the brain. They are most commonly found in the basal ganglia deep in the cerebral hemisphere and the center of the cerebrum, and along the visual tract. Perivascular spaces can cause blood-brain barrier abnormalities and inflammation.<\/p>\n<h3>150 million people affected<\/h3>\n<p>Migraine is a condition with severe headaches. It can also cause nausea, weakness and sensitivity to light. According to the\u00a0<a href=\"https:\/\/americanmigrainefoundation.org\/\" target=\"_blank\" rel=\"noopener\">American Migraine Foundation<\/a> migraine affects more than 37 million people in the U.S. alone, and up to 148 million people worldwide suffer from chronic migraine. Wilson Xu and his colleagues detected the enlarged perivascular spaces with a seven-tesla MRI - common clinical devices come up with a magnetic field just half as strong.<\/p>\n<p>To identify correlations, the researchers compared structural microvascular changes in different types of migraine. \"Studying how fluid accumulation contributes to migraine could help us better understand the complexity of how migraine occurs,\" he said. Because the MRI we use is able to produce images of the brain with much higher resolution and better quality than with other types of MRI, we can detect much smaller changes that occur in brain tissue during migraine,\" Xu said.<\/p>\n<h3>Glymphatic system possible<\/h3>\n<p>The study participants included ten subjects each with chronic and episodic migraine and five healthy people. All were between 25 and 60 years old. The researchers suggest that significant differences in perivascular spaces in patients with migraine compared to healthy people indicate a glymphatic disorder in the brain.<\/p>\n<p>The glymphatic system is responsible for eliminating soluble proteins and metabolites that are waste from the central nervous system. This could be a cause of migraine, however, much research needs to be done to understand all the connections. The results will be presented at the annual meeting of the\u00a0<a href=\"https:\/\/www.rsna.org\/\" target=\"_blank\" rel=\"noopener\">Radiological Society of North America<\/a>\u00a0presented in Chicago from November 27 to December 1.<\/p>\n<p><em>Source: Press text<\/em><\/p>","protected":false},"excerpt":{"rendered":"<p>Forscher der University of Southern California haben auf MRT-Bildern signifikante Ver\u00e4nderungen in den perivaskul\u00e4ren R\u00e4umen einer Gehirnregion entdeckt, die als \u00abCentrum semiovale\u00bb bezeichnet wird. Perivaskul\u00e4re R\u00e4ume sind fl\u00fcssigkeitsgef\u00fcllte Blasen, die Blutgef\u00e4sse im Gehirn umgeben. Sie befinden sich am h\u00e4ufigsten in den Basalganglien in der Tiefe der Grosshirnhemisph\u00e4re und dem Zentrum des Grosshirns sowie entlang des [&hellip;]<\/p>\n","protected":false},"author":9,"featured_media":10035,"comment_status":"closed","ping_status":"closed","sticky":false,"template":"","format":"standard","meta":{"_acf_changed":false,"pgc_sgb_lightbox_settings":"","footnotes":""},"categories":[1,3314],"tags":[3843,3845,2536,2567,3842,3844],"class_list":["post-17080","post","type-post","status-publish","format-standard","has-post-thumbnail","hentry","category-allgemein","category-health-safety","tag-centrum-semiovale","tag-fluessigkeitsansammlungen","tag-migraene","tag-mrt","tag-perivaskulaere-raeume","tag-sieben-tesla-mrt"],"acf":[],"hkrextid":null,"publication":null,"issue":null,"workflow":null,"startPage":null,"spitzmarke":null,"_posts_by_tag_page_fields":null,"_at_widget":null,"_yoast_wpseo_primary_category":"1","_yoast_wpseo_focuskw_text_input":null,"_yoast_wpseo_opengraph-image":null,"_yoast_wpseo_opengraph-description":null,"_yoast_wpseo_opengraph-title":null,"enclosure":null,"_yoast_wpseo_twitter-title":null,"_yoast_wpseo_twitter-description":null,"_yoast_wpseo_twitter-image":null,"_wp_old_slug":null,"_yoast_wpseo_title":null,"_yoast_wpseo_canonical":null,"yoast_head":"<!-- This site is optimized with the Yoast SEO plugin v27.4 - https:\/\/yoast.com\/product\/yoast-seo-wordpress\/ -->\n<title>Forscher suchen Migr\u00e4ne-Ursachen per MRT - Save<\/title>\n<meta name=\"description\" content=\"Forscher finden dank hochaufl\u00f6sender MRT-Aufnahmen des Gehirns von Migr\u00e4nepatienten leichter die Ursachen f\u00fcr die r\u00e4tselhafte Krankheit. Eine neue Voraussetzung zur Bek\u00e4mpfung von Migr\u00e4neanf\u00e4llen?\" \/>\n<meta name=\"robots\" content=\"index, follow, max-snippet:-1, max-image-preview:large, max-video-preview:-1\" \/>\n<link rel=\"canonical\" href=\"https:\/\/news.save.ch\/en\/forscher-suchen-migraene-ursachen-per-mrt\/\" \/>\n<meta property=\"og:locale\" content=\"en_US\" \/>\n<meta property=\"og:type\" content=\"article\" \/>\n<meta property=\"og:title\" content=\"Forscher suchen Migr\u00e4ne-Ursachen per MRT - Save\" \/>\n<meta property=\"og:description\" content=\"Forscher finden dank hochaufl\u00f6sender MRT-Aufnahmen des Gehirns von Migr\u00e4nepatienten leichter die Ursachen f\u00fcr die r\u00e4tselhafte Krankheit. Eine neue Voraussetzung zur Bek\u00e4mpfung von Migr\u00e4neanf\u00e4llen?\" \/>\n<meta property=\"og:url\" content=\"https:\/\/news.save.ch\/en\/forscher-suchen-migraene-ursachen-per-mrt\/\" \/>\n<meta property=\"og:site_name\" content=\"Save\" \/>\n<meta property=\"article:published_time\" content=\"2022-11-25T08:20:57+00:00\" \/>\n<meta property=\"article:modified_time\" content=\"2023-06-10T13:10:53+00:00\" \/>\n<meta property=\"og:image\" content=\"https:\/\/news.save.ch\/wp-content\/uploads\/2022\/11\/MRT_Scans_teaser.jpg\" \/>\n\t<meta property=\"og:image:width\" content=\"699\" \/>\n\t<meta property=\"og:image:height\" content=\"454\" \/>\n\t<meta property=\"og:image:type\" content=\"image\/jpeg\" \/>\n<meta name=\"author\" content=\"Simon Gr\u00f6flin\" \/>\n<meta name=\"twitter:card\" content=\"summary_large_image\" \/>\n<meta name=\"twitter:label1\" content=\"Written by\" \/>\n\t<meta name=\"twitter:data1\" content=\"Simon Gr\u00f6flin\" \/>\n\t<meta name=\"twitter:label2\" content=\"Est. reading time\" \/>\n\t<meta name=\"twitter:data2\" content=\"3 minutes\" \/>\n<script type=\"application\/ld+json\" class=\"yoast-schema-graph\">{\"@context\":\"https:\\\/\\\/schema.org\",\"@graph\":[{\"@type\":\"Article\",\"@id\":\"https:\\\/\\\/news.save.ch\\\/forscher-suchen-migraene-ursachen-per-mrt\\\/#article\",\"isPartOf\":{\"@id\":\"https:\\\/\\\/news.save.ch\\\/forscher-suchen-migraene-ursachen-per-mrt\\\/\"},\"author\":{\"name\":\"Simon Gr\u00f6flin\",\"@id\":\"https:\\\/\\\/news.save.ch\\\/de\\\/#\\\/schema\\\/person\\\/ad4ef21102fd6125312409ac57d5296d\"},\"headline\":\"Forscher suchen Migr\u00e4ne-Ursachen per MRT\",\"datePublished\":\"2022-11-25T08:20:57+00:00\",\"dateModified\":\"2023-06-10T13:10:53+00:00\",\"mainEntityOfPage\":{\"@id\":\"https:\\\/\\\/news.save.ch\\\/forscher-suchen-migraene-ursachen-per-mrt\\\/\"},\"wordCount\":404,\"publisher\":{\"@id\":\"https:\\\/\\\/news.save.ch\\\/de\\\/#organization\"},\"image\":{\"@id\":\"https:\\\/\\\/news.save.ch\\\/forscher-suchen-migraene-ursachen-per-mrt\\\/#primaryimage\"},\"thumbnailUrl\":\"https:\\\/\\\/news.save.ch\\\/wp-content\\\/uploads\\\/2022\\\/11\\\/MRT_Scans_teaser.jpg\",\"keywords\":[\"Centrum semiovale\",\"Fl\u00fcssigkeitsansammlungen\",\"Migr\u00e4ne\",\"MRT\",\"Perivaskul\u00e4re R\u00e4ume\",\"Sieben-Tesla-MRT\"],\"articleSection\":[\"ALLGEMEIN\",\"HEALTH &amp; SAFETY\"],\"inLanguage\":\"en-US\"},{\"@type\":\"WebPage\",\"@id\":\"https:\\\/\\\/news.save.ch\\\/forscher-suchen-migraene-ursachen-per-mrt\\\/\",\"url\":\"https:\\\/\\\/news.save.ch\\\/forscher-suchen-migraene-ursachen-per-mrt\\\/\",\"name\":\"Forscher suchen Migr\u00e4ne-Ursachen per MRT - Save\",\"isPartOf\":{\"@id\":\"https:\\\/\\\/news.save.ch\\\/de\\\/#website\"},\"primaryImageOfPage\":{\"@id\":\"https:\\\/\\\/news.save.ch\\\/forscher-suchen-migraene-ursachen-per-mrt\\\/#primaryimage\"},\"image\":{\"@id\":\"https:\\\/\\\/news.save.ch\\\/forscher-suchen-migraene-ursachen-per-mrt\\\/#primaryimage\"},\"thumbnailUrl\":\"https:\\\/\\\/news.save.ch\\\/wp-content\\\/uploads\\\/2022\\\/11\\\/MRT_Scans_teaser.jpg\",\"datePublished\":\"2022-11-25T08:20:57+00:00\",\"dateModified\":\"2023-06-10T13:10:53+00:00\",\"description\":\"Forscher finden dank hochaufl\u00f6sender MRT-Aufnahmen des Gehirns von Migr\u00e4nepatienten leichter die Ursachen f\u00fcr die r\u00e4tselhafte Krankheit. Eine neue Voraussetzung zur Bek\u00e4mpfung von Migr\u00e4neanf\u00e4llen?\",\"breadcrumb\":{\"@id\":\"https:\\\/\\\/news.save.ch\\\/forscher-suchen-migraene-ursachen-per-mrt\\\/#breadcrumb\"},\"inLanguage\":\"en-US\",\"potentialAction\":[{\"@type\":\"ReadAction\",\"target\":[\"https:\\\/\\\/news.save.ch\\\/forscher-suchen-migraene-ursachen-per-mrt\\\/\"]}]},{\"@type\":\"ImageObject\",\"inLanguage\":\"en-US\",\"@id\":\"https:\\\/\\\/news.save.ch\\\/forscher-suchen-migraene-ursachen-per-mrt\\\/#primaryimage\",\"url\":\"https:\\\/\\\/news.save.ch\\\/wp-content\\\/uploads\\\/2022\\\/11\\\/MRT_Scans_teaser.jpg\",\"contentUrl\":\"https:\\\/\\\/news.save.ch\\\/wp-content\\\/uploads\\\/2022\\\/11\\\/MRT_Scans_teaser.jpg\",\"width\":699,\"height\":454},{\"@type\":\"BreadcrumbList\",\"@id\":\"https:\\\/\\\/news.save.ch\\\/forscher-suchen-migraene-ursachen-per-mrt\\\/#breadcrumb\",\"itemListElement\":[{\"@type\":\"ListItem\",\"position\":1,\"name\":\"Home\",\"item\":\"https:\\\/\\\/news.save.ch\\\/de\\\/\"},{\"@type\":\"ListItem\",\"position\":2,\"name\":\"Forscher suchen Migr\u00e4ne-Ursachen per MRT\"}]},{\"@type\":\"WebSite\",\"@id\":\"https:\\\/\\\/news.save.ch\\\/de\\\/#website\",\"url\":\"https:\\\/\\\/news.save.ch\\\/de\\\/\",\"name\":\"Save\",\"description\":\"Schweizer Fachzeitschrift f\u00fcr Sicherheit\",\"publisher\":{\"@id\":\"https:\\\/\\\/news.save.ch\\\/de\\\/#organization\"},\"potentialAction\":[{\"@type\":\"SearchAction\",\"target\":{\"@type\":\"EntryPoint\",\"urlTemplate\":\"https:\\\/\\\/news.save.ch\\\/de\\\/?s={search_term_string}\"},\"query-input\":{\"@type\":\"PropertyValueSpecification\",\"valueRequired\":true,\"valueName\":\"search_term_string\"}}],\"inLanguage\":\"en-US\"},{\"@type\":\"Organization\",\"@id\":\"https:\\\/\\\/news.save.ch\\\/de\\\/#organization\",\"name\":\"Sicherheitsforum\",\"url\":\"https:\\\/\\\/news.save.ch\\\/de\\\/\",\"logo\":{\"@type\":\"ImageObject\",\"inLanguage\":\"en-US\",\"@id\":\"https:\\\/\\\/news.save.ch\\\/de\\\/#\\\/schema\\\/logo\\\/image\\\/\",\"url\":\"https:\\\/\\\/news.save.ch\\\/wp-content\\\/uploads\\\/2022\\\/06\\\/Logo_SF_2012.png\",\"contentUrl\":\"https:\\\/\\\/news.save.ch\\\/wp-content\\\/uploads\\\/2022\\\/06\\\/Logo_SF_2012.png\",\"width\":1100,\"height\":91,\"caption\":\"Sicherheitsforum\"},\"image\":{\"@id\":\"https:\\\/\\\/news.save.ch\\\/de\\\/#\\\/schema\\\/logo\\\/image\\\/\"}},{\"@type\":\"Person\",\"@id\":\"https:\\\/\\\/news.save.ch\\\/de\\\/#\\\/schema\\\/person\\\/ad4ef21102fd6125312409ac57d5296d\",\"name\":\"Simon Gr\u00f6flin\",\"image\":{\"@type\":\"ImageObject\",\"inLanguage\":\"en-US\",\"@id\":\"https:\\\/\\\/secure.gravatar.com\\\/avatar\\\/6ddceb80eb734354635539e0ea5140bb7c41e42de7c45c9a2ab9921b5d5c9a83?s=96&d=mm&r=g\",\"url\":\"https:\\\/\\\/secure.gravatar.com\\\/avatar\\\/6ddceb80eb734354635539e0ea5140bb7c41e42de7c45c9a2ab9921b5d5c9a83?s=96&d=mm&r=g\",\"contentUrl\":\"https:\\\/\\\/secure.gravatar.com\\\/avatar\\\/6ddceb80eb734354635539e0ea5140bb7c41e42de7c45c9a2ab9921b5d5c9a83?s=96&d=mm&r=g\",\"caption\":\"Simon Gr\u00f6flin\"},\"url\":\"https:\\\/\\\/news.save.ch\\\/en\\\/author\\\/simon-groeflin\\\/\"}]}<\/script>\n<!-- \/ Yoast SEO plugin. -->","yoast_head_json":{"title":"Researchers search for migraine causes by MRI - Save","description":"Researchers are finding the causes of the mysterious disease more easily thanks to high-resolution MRI images of the brains of migraine patients. A new prerequisite for combating migraine attacks?","robots":{"index":"index","follow":"follow","max-snippet":"max-snippet:-1","max-image-preview":"max-image-preview:large","max-video-preview":"max-video-preview:-1"},"canonical":"https:\/\/news.save.ch\/en\/forscher-suchen-migraene-ursachen-per-mrt\/","og_locale":"en_US","og_type":"article","og_title":"Forscher suchen Migr\u00e4ne-Ursachen per MRT - Save","og_description":"Forscher finden dank hochaufl\u00f6sender MRT-Aufnahmen des Gehirns von Migr\u00e4nepatienten leichter die Ursachen f\u00fcr die r\u00e4tselhafte Krankheit. Eine neue Voraussetzung zur Bek\u00e4mpfung von Migr\u00e4neanf\u00e4llen?","og_url":"https:\/\/news.save.ch\/en\/forscher-suchen-migraene-ursachen-per-mrt\/","og_site_name":"Save","article_published_time":"2022-11-25T08:20:57+00:00","article_modified_time":"2023-06-10T13:10:53+00:00","og_image":[{"width":699,"height":454,"url":"https:\/\/news.save.ch\/wp-content\/uploads\/2022\/11\/MRT_Scans_teaser.jpg","type":"image\/jpeg"}],"author":"Simon Gr\u00f6flin","twitter_card":"summary_large_image","twitter_misc":{"Written by":"Simon Gr\u00f6flin","Est. reading time":"3 minutes"},"schema":{"@context":"https:\/\/schema.org","@graph":[{"@type":"Article","@id":"https:\/\/news.save.ch\/forscher-suchen-migraene-ursachen-per-mrt\/#article","isPartOf":{"@id":"https:\/\/news.save.ch\/forscher-suchen-migraene-ursachen-per-mrt\/"},"author":{"name":"Simon Gr\u00f6flin","@id":"https:\/\/news.save.ch\/de\/#\/schema\/person\/ad4ef21102fd6125312409ac57d5296d"},"headline":"Forscher suchen Migr\u00e4ne-Ursachen per MRT","datePublished":"2022-11-25T08:20:57+00:00","dateModified":"2023-06-10T13:10:53+00:00","mainEntityOfPage":{"@id":"https:\/\/news.save.ch\/forscher-suchen-migraene-ursachen-per-mrt\/"},"wordCount":404,"publisher":{"@id":"https:\/\/news.save.ch\/de\/#organization"},"image":{"@id":"https:\/\/news.save.ch\/forscher-suchen-migraene-ursachen-per-mrt\/#primaryimage"},"thumbnailUrl":"https:\/\/news.save.ch\/wp-content\/uploads\/2022\/11\/MRT_Scans_teaser.jpg","keywords":["Centrum semiovale","Fl\u00fcssigkeitsansammlungen","Migr\u00e4ne","MRT","Perivaskul\u00e4re R\u00e4ume","Sieben-Tesla-MRT"],"articleSection":["ALLGEMEIN","HEALTH &amp; SAFETY"],"inLanguage":"en-US"},{"@type":"WebPage","@id":"https:\/\/news.save.ch\/forscher-suchen-migraene-ursachen-per-mrt\/","url":"https:\/\/news.save.ch\/forscher-suchen-migraene-ursachen-per-mrt\/","name":"Researchers search for migraine causes by MRI - Save","isPartOf":{"@id":"https:\/\/news.save.ch\/de\/#website"},"primaryImageOfPage":{"@id":"https:\/\/news.save.ch\/forscher-suchen-migraene-ursachen-per-mrt\/#primaryimage"},"image":{"@id":"https:\/\/news.save.ch\/forscher-suchen-migraene-ursachen-per-mrt\/#primaryimage"},"thumbnailUrl":"https:\/\/news.save.ch\/wp-content\/uploads\/2022\/11\/MRT_Scans_teaser.jpg","datePublished":"2022-11-25T08:20:57+00:00","dateModified":"2023-06-10T13:10:53+00:00","description":"Researchers are finding the causes of the mysterious disease more easily thanks to high-resolution MRI images of the brains of migraine patients. A new prerequisite for combating migraine attacks?","breadcrumb":{"@id":"https:\/\/news.save.ch\/forscher-suchen-migraene-ursachen-per-mrt\/#breadcrumb"},"inLanguage":"en-US","potentialAction":[{"@type":"ReadAction","target":["https:\/\/news.save.ch\/forscher-suchen-migraene-ursachen-per-mrt\/"]}]},{"@type":"ImageObject","inLanguage":"en-US","@id":"https:\/\/news.save.ch\/forscher-suchen-migraene-ursachen-per-mrt\/#primaryimage","url":"https:\/\/news.save.ch\/wp-content\/uploads\/2022\/11\/MRT_Scans_teaser.jpg","contentUrl":"https:\/\/news.save.ch\/wp-content\/uploads\/2022\/11\/MRT_Scans_teaser.jpg","width":699,"height":454},{"@type":"BreadcrumbList","@id":"https:\/\/news.save.ch\/forscher-suchen-migraene-ursachen-per-mrt\/#breadcrumb","itemListElement":[{"@type":"ListItem","position":1,"name":"Home","item":"https:\/\/news.save.ch\/de\/"},{"@type":"ListItem","position":2,"name":"Forscher suchen Migr\u00e4ne-Ursachen per MRT"}]},{"@type":"WebSite","@id":"https:\/\/news.save.ch\/de\/#website","url":"https:\/\/news.save.ch\/de\/","name":"Save","description":"Swiss trade journal for safety","publisher":{"@id":"https:\/\/news.save.ch\/de\/#organization"},"potentialAction":[{"@type":"SearchAction","target":{"@type":"EntryPoint","urlTemplate":"https:\/\/news.save.ch\/de\/?s={search_term_string}"},"query-input":{"@type":"PropertyValueSpecification","valueRequired":true,"valueName":"search_term_string"}}],"inLanguage":"en-US"},{"@type":"Organization","@id":"https:\/\/news.save.ch\/de\/#organization","name":"Security Forum","url":"https:\/\/news.save.ch\/de\/","logo":{"@type":"ImageObject","inLanguage":"en-US","@id":"https:\/\/news.save.ch\/de\/#\/schema\/logo\/image\/","url":"https:\/\/news.save.ch\/wp-content\/uploads\/2022\/06\/Logo_SF_2012.png","contentUrl":"https:\/\/news.save.ch\/wp-content\/uploads\/2022\/06\/Logo_SF_2012.png","width":1100,"height":91,"caption":"Sicherheitsforum"},"image":{"@id":"https:\/\/news.save.ch\/de\/#\/schema\/logo\/image\/"}},{"@type":"Person","@id":"https:\/\/news.save.ch\/de\/#\/schema\/person\/ad4ef21102fd6125312409ac57d5296d","name":"Simon Gr\u00f6flin","image":{"@type":"ImageObject","inLanguage":"en-US","@id":"https:\/\/secure.gravatar.com\/avatar\/6ddceb80eb734354635539e0ea5140bb7c41e42de7c45c9a2ab9921b5d5c9a83?s=96&d=mm&r=g","url":"https:\/\/secure.gravatar.com\/avatar\/6ddceb80eb734354635539e0ea5140bb7c41e42de7c45c9a2ab9921b5d5c9a83?s=96&d=mm&r=g","contentUrl":"https:\/\/secure.gravatar.com\/avatar\/6ddceb80eb734354635539e0ea5140bb7c41e42de7c45c9a2ab9921b5d5c9a83?s=96&d=mm&r=g","caption":"Simon Gr\u00f6flin"},"url":"https:\/\/news.save.ch\/en\/author\/simon-groeflin\/"}]}},"_links":{"self":[{"href":"https:\/\/news.save.ch\/en\/wp-json\/wp\/v2\/posts\/17080","targetHints":{"allow":["GET"]}}],"collection":[{"href":"https:\/\/news.save.ch\/en\/wp-json\/wp\/v2\/posts"}],"about":[{"href":"https:\/\/news.save.ch\/en\/wp-json\/wp\/v2\/types\/post"}],"author":[{"embeddable":true,"href":"https:\/\/news.save.ch\/en\/wp-json\/wp\/v2\/users\/9"}],"replies":[{"embeddable":true,"href":"https:\/\/news.save.ch\/en\/wp-json\/wp\/v2\/comments?post=17080"}],"version-history":[{"count":1,"href":"https:\/\/news.save.ch\/en\/wp-json\/wp\/v2\/posts\/17080\/revisions"}],"predecessor-version":[{"id":18449,"href":"https:\/\/news.save.ch\/en\/wp-json\/wp\/v2\/posts\/17080\/revisions\/18449"}],"wp:featuredmedia":[{"embeddable":true,"href":"https:\/\/news.save.ch\/en\/wp-json\/wp\/v2\/media\/10035"}],"wp:attachment":[{"href":"https:\/\/news.save.ch\/en\/wp-json\/wp\/v2\/media?parent=17080"}],"wp:term":[{"taxonomy":"category","embeddable":true,"href":"https:\/\/news.save.ch\/en\/wp-json\/wp\/v2\/categories?post=17080"},{"taxonomy":"post_tag","embeddable":true,"href":"https:\/\/news.save.ch\/en\/wp-json\/wp\/v2\/tags?post=17080"}],"curies":[{"name":"wp","href":"https:\/\/api.w.org\/{rel}","templated":true}]}}