{"id":17082,"date":"2022-12-01T09:00:55","date_gmt":"2022-12-01T08:00:55","guid":{"rendered":"https:\/\/news.save.ch\/?p=10057"},"modified":"2023-06-10T14:25:57","modified_gmt":"2023-06-10T12:25:57","slug":"welt-aids-tag-menschen-mit-hiv-im-gesundheitswesen-haeufiger-diskriminiert","status":null,"type":"post","link":"https:\/\/news.save.ch\/en\/welt-aids-tag-menschen-mit-hiv-im-gesundheitswesen-haeufiger-diskriminiert\/","title":{"rendered":"World AIDS Day: People with HIV more often discriminated against in the health care system"},"content":{"rendered":"<figure id=\"attachment_10060\" aria-describedby=\"caption-attachment-10060\" style=\"width: 640px\" class=\"wp-caption alignnone\"><img loading=\"lazy\" decoding=\"async\" class=\"wp-image-10060 size-full\" src=\"https:\/\/news.save.ch\/wp-content\/uploads\/2022\/11\/hiv-ga8f097c85_640.jpg\" alt=\"World AIDS Day: People with HIV more often discriminated against in the health care system\" width=\"640\" height=\"371\" srcset=\"https:\/\/news.save.ch\/wp-content\/uploads\/2022\/11\/hiv-ga8f097c85_640.jpg 640w, https:\/\/news.save.ch\/wp-content\/uploads\/2022\/11\/hiv-ga8f097c85_640-18x10.jpg 18w, https:\/\/news.save.ch\/wp-content\/uploads\/2022\/11\/hiv-ga8f097c85_640-375x217.jpg 375w, https:\/\/news.save.ch\/wp-content\/uploads\/2022\/11\/hiv-ga8f097c85_640-604x350.jpg 604w\" sizes=\"auto, (max-width: 640px) 100vw, 640px\" \/><figcaption id=\"caption-attachment-10060\" class=\"wp-caption-text\">Image: Pixabay<\/figcaption><\/figure>\n<p>On the occasion of World AIDS Day on December 1, the Swiss AIDS Federation, as the Swiss Reporting Centre for Discrimination and Data Protection Violations for HIV Affected Persons, publishes <a href=\"https:\/\/aids.ch\/de\/downloads\/was-wir-tun\/diskrminierungsmeldungen-2022.pdf\" target=\"_blank\" rel=\"noopener\">the latest statistics<\/a>. A total of 106 cases of discrimination were reported in 2022. However, a high number of unreported cases can be assumed.<\/p>\n<p>Most discrimination and data breaches were reported in the areas of insurance, employment, entry\/residence, and criminal justice. However, people most often experience HIV discrimination in the health care sector. About one-third of all reports concern the health sector.<\/p>\n<h3>Marking \"HIV\" in hospitals<\/h3>\n<p>For example, incidents were reported from hospitals with a \"HIV-positive\" mark on the hospital bed of a multi-bed room or the transfer of a dental hygiene as well as the rejection of a pregnant woman. Until today, an HIV infection is morally condemned and many people do not know that almost all people with HIV in Switzerland could be treated with a successful therapy, the lawyer Caroline Suter of the Swiss AIDS Federation is quoted.<\/p>\n<p>The discriminatory treatment by professionals is extremely stressful for the mental health of people with HIV, according to AIDS Relief Switzerland. Therefore, the message of the Federal Reporting Office in the current message for World AIDS Day is: \"Relax. People with HIV under successful therapy do not transmit the virus.\"<\/p>\n<p>Aids-Hilfe Schweiz calls for information about HIV in order to create a society without discrimination together. Andreas Lehner, Executive Director of the Swiss AIDS Federation, addresses the message directly to healthcare professionals. More than 100,000 healthcare professionals throughout Switzerland will be directly contacted and educated.<\/p>\n<p><em>Source: Aids-Hilfe Schweiz\u00a0<\/em><\/p>","protected":false},"excerpt":{"rendered":"<p>Zum Welt-Aids-Tag vom 1. Dezember ver\u00f6ffentlicht die Aids-Hilfe Schweiz als Schweizerische Meldestelle f\u00fcr Diskriminierungen und Datenschutzverletzungen f\u00fcr HIV-Betroffene die neuste Statistik. So wurden im Jahr 2022 insgesamt 106 F\u00e4lle von Diskriminierung gemeldet. Jedoch sei von einer hohen Dunkelziffer auszugehen. Die meisten Diskriminierungen und Datenschutzverletzungen wurden in den Bereichen Versicherung, Erwerbst\u00e4tigkeit, Einreise\/Aufenthalt und Strafrecht gemeldet. Am [&hellip;]<\/p>\n","protected":false},"author":9,"featured_media":10060,"comment_status":"closed","ping_status":"closed","sticky":false,"template":"","format":"standard","meta":{"_acf_changed":false,"pgc_sgb_lightbox_settings":"","footnotes":""},"categories":[3314],"tags":[1603,3809,3810,1926,492,2255,3811,3808],"class_list":["post-17082","post","type-post","status-publish","format-standard","has-post-thumbnail","hentry","category-health-safety","tag-aids","tag-aids-hilfe-schweiz","tag-datenschutzverletzungen","tag-diskriminierung","tag-gesundheitswesen","tag-hiv","tag-hiv-positiv","tag-welt-aids-tag"],"acf":[],"hkrextid":null,"publication":null,"issue":null,"workflow":null,"startPage":null,"spitzmarke":null,"_posts_by_tag_page_fields":null,"_at_widget":null,"_yoast_wpseo_primary_category":"","_yoast_wpseo_focuskw_text_input":null,"_yoast_wpseo_opengraph-image":null,"_yoast_wpseo_opengraph-description":null,"_yoast_wpseo_opengraph-title":null,"enclosure":null,"_yoast_wpseo_twitter-title":null,"_yoast_wpseo_twitter-description":null,"_yoast_wpseo_twitter-image":null,"_wp_old_slug":null,"_yoast_wpseo_title":null,"_yoast_wpseo_canonical":null,"yoast_head":"<!-- This site is optimized with the Yoast SEO plugin v27.4 - https:\/\/yoast.com\/product\/yoast-seo-wordpress\/ -->\n<title>Welt-Aids-Tag: Menschen mit HIV im Gesundheitswesen h\u00e4ufiger diskriminiert - Save<\/title>\n<meta name=\"description\" content=\"Noch immer werden Menschen mit HIV diskriminiert. Rund ein Drittel der Diskriminierungen und Datenschutzverletzungen spielen sich laut Aids-Hilfe Schweiz im Gesundheitswesen ab.\" \/>\n<meta name=\"robots\" content=\"index, follow, max-snippet:-1, max-image-preview:large, max-video-preview:-1\" \/>\n<link rel=\"canonical\" href=\"https:\/\/news.save.ch\/en\/welt-aids-tag-menschen-mit-hiv-im-gesundheitswesen-haeufiger-diskriminiert\/\" \/>\n<meta property=\"og:locale\" content=\"en_US\" \/>\n<meta property=\"og:type\" content=\"article\" \/>\n<meta property=\"og:title\" content=\"Welt-Aids-Tag: Menschen mit HIV im Gesundheitswesen h\u00e4ufiger diskriminiert - Save\" \/>\n<meta property=\"og:description\" content=\"Noch immer werden Menschen mit HIV diskriminiert. Rund ein Drittel der Diskriminierungen und Datenschutzverletzungen spielen sich laut Aids-Hilfe Schweiz im Gesundheitswesen ab.\" \/>\n<meta property=\"og:url\" content=\"https:\/\/news.save.ch\/en\/welt-aids-tag-menschen-mit-hiv-im-gesundheitswesen-haeufiger-diskriminiert\/\" \/>\n<meta property=\"og:site_name\" content=\"Save\" \/>\n<meta property=\"article:published_time\" content=\"2022-12-01T08:00:55+00:00\" \/>\n<meta property=\"article:modified_time\" content=\"2023-06-10T12:25:57+00:00\" \/>\n<meta property=\"og:image\" content=\"https:\/\/news.save.ch\/wp-content\/uploads\/2022\/11\/hiv-ga8f097c85_640.jpg\" \/>\n\t<meta property=\"og:image:width\" content=\"640\" \/>\n\t<meta property=\"og:image:height\" content=\"371\" \/>\n\t<meta property=\"og:image:type\" content=\"image\/jpeg\" \/>\n<meta name=\"author\" content=\"Simon Gr\u00f6flin\" \/>\n<meta name=\"twitter:card\" content=\"summary_large_image\" \/>\n<meta name=\"twitter:label1\" content=\"Written by\" \/>\n\t<meta name=\"twitter:data1\" content=\"Simon Gr\u00f6flin\" \/>\n\t<meta name=\"twitter:label2\" content=\"Est. reading time\" \/>\n\t<meta name=\"twitter:data2\" content=\"2 minutes\" \/>\n<script type=\"application\/ld+json\" class=\"yoast-schema-graph\">{\"@context\":\"https:\\\/\\\/schema.org\",\"@graph\":[{\"@type\":\"Article\",\"@id\":\"https:\\\/\\\/news.save.ch\\\/welt-aids-tag-menschen-mit-hiv-im-gesundheitswesen-haeufiger-diskriminiert\\\/#article\",\"isPartOf\":{\"@id\":\"https:\\\/\\\/news.save.ch\\\/welt-aids-tag-menschen-mit-hiv-im-gesundheitswesen-haeufiger-diskriminiert\\\/\"},\"author\":{\"name\":\"Simon Gr\u00f6flin\",\"@id\":\"https:\\\/\\\/news.save.ch\\\/de\\\/#\\\/schema\\\/person\\\/ad4ef21102fd6125312409ac57d5296d\"},\"headline\":\"Welt-Aids-Tag: Menschen mit HIV im Gesundheitswesen h\u00e4ufiger diskriminiert\",\"datePublished\":\"2022-12-01T08:00:55+00:00\",\"dateModified\":\"2023-06-10T12:25:57+00:00\",\"mainEntityOfPage\":{\"@id\":\"https:\\\/\\\/news.save.ch\\\/welt-aids-tag-menschen-mit-hiv-im-gesundheitswesen-haeufiger-diskriminiert\\\/\"},\"wordCount\":252,\"publisher\":{\"@id\":\"https:\\\/\\\/news.save.ch\\\/de\\\/#organization\"},\"image\":{\"@id\":\"https:\\\/\\\/news.save.ch\\\/welt-aids-tag-menschen-mit-hiv-im-gesundheitswesen-haeufiger-diskriminiert\\\/#primaryimage\"},\"thumbnailUrl\":\"https:\\\/\\\/news.save.ch\\\/wp-content\\\/uploads\\\/2022\\\/11\\\/hiv-ga8f097c85_640.jpg\",\"keywords\":[\"AIDS\",\"Aids-Hilfe Schweiz\",\"Datenschutzverletzungen\",\"Diskriminierung\",\"Gesundheitswesen\",\"HIV\",\"HIV-positiv\",\"Welt-Aids-Tag\"],\"articleSection\":[\"HEALTH &amp; SAFETY\"],\"inLanguage\":\"en-US\"},{\"@type\":\"WebPage\",\"@id\":\"https:\\\/\\\/news.save.ch\\\/welt-aids-tag-menschen-mit-hiv-im-gesundheitswesen-haeufiger-diskriminiert\\\/\",\"url\":\"https:\\\/\\\/news.save.ch\\\/welt-aids-tag-menschen-mit-hiv-im-gesundheitswesen-haeufiger-diskriminiert\\\/\",\"name\":\"Welt-Aids-Tag: Menschen mit HIV im Gesundheitswesen h\u00e4ufiger diskriminiert - Save\",\"isPartOf\":{\"@id\":\"https:\\\/\\\/news.save.ch\\\/de\\\/#website\"},\"primaryImageOfPage\":{\"@id\":\"https:\\\/\\\/news.save.ch\\\/welt-aids-tag-menschen-mit-hiv-im-gesundheitswesen-haeufiger-diskriminiert\\\/#primaryimage\"},\"image\":{\"@id\":\"https:\\\/\\\/news.save.ch\\\/welt-aids-tag-menschen-mit-hiv-im-gesundheitswesen-haeufiger-diskriminiert\\\/#primaryimage\"},\"thumbnailUrl\":\"https:\\\/\\\/news.save.ch\\\/wp-content\\\/uploads\\\/2022\\\/11\\\/hiv-ga8f097c85_640.jpg\",\"datePublished\":\"2022-12-01T08:00:55+00:00\",\"dateModified\":\"2023-06-10T12:25:57+00:00\",\"description\":\"Noch immer werden Menschen mit HIV diskriminiert. Rund ein Drittel der Diskriminierungen und Datenschutzverletzungen spielen sich laut Aids-Hilfe Schweiz im Gesundheitswesen ab.\",\"breadcrumb\":{\"@id\":\"https:\\\/\\\/news.save.ch\\\/welt-aids-tag-menschen-mit-hiv-im-gesundheitswesen-haeufiger-diskriminiert\\\/#breadcrumb\"},\"inLanguage\":\"en-US\",\"potentialAction\":[{\"@type\":\"ReadAction\",\"target\":[\"https:\\\/\\\/news.save.ch\\\/welt-aids-tag-menschen-mit-hiv-im-gesundheitswesen-haeufiger-diskriminiert\\\/\"]}]},{\"@type\":\"ImageObject\",\"inLanguage\":\"en-US\",\"@id\":\"https:\\\/\\\/news.save.ch\\\/welt-aids-tag-menschen-mit-hiv-im-gesundheitswesen-haeufiger-diskriminiert\\\/#primaryimage\",\"url\":\"https:\\\/\\\/news.save.ch\\\/wp-content\\\/uploads\\\/2022\\\/11\\\/hiv-ga8f097c85_640.jpg\",\"contentUrl\":\"https:\\\/\\\/news.save.ch\\\/wp-content\\\/uploads\\\/2022\\\/11\\\/hiv-ga8f097c85_640.jpg\",\"width\":640,\"height\":371},{\"@type\":\"BreadcrumbList\",\"@id\":\"https:\\\/\\\/news.save.ch\\\/welt-aids-tag-menschen-mit-hiv-im-gesundheitswesen-haeufiger-diskriminiert\\\/#breadcrumb\",\"itemListElement\":[{\"@type\":\"ListItem\",\"position\":1,\"name\":\"Home\",\"item\":\"https:\\\/\\\/news.save.ch\\\/de\\\/\"},{\"@type\":\"ListItem\",\"position\":2,\"name\":\"Welt-Aids-Tag: Menschen mit HIV im Gesundheitswesen h\u00e4ufiger diskriminiert\"}]},{\"@type\":\"WebSite\",\"@id\":\"https:\\\/\\\/news.save.ch\\\/de\\\/#website\",\"url\":\"https:\\\/\\\/news.save.ch\\\/de\\\/\",\"name\":\"Save\",\"description\":\"Schweizer Fachzeitschrift f\u00fcr Sicherheit\",\"publisher\":{\"@id\":\"https:\\\/\\\/news.save.ch\\\/de\\\/#organization\"},\"potentialAction\":[{\"@type\":\"SearchAction\",\"target\":{\"@type\":\"EntryPoint\",\"urlTemplate\":\"https:\\\/\\\/news.save.ch\\\/de\\\/?s={search_term_string}\"},\"query-input\":{\"@type\":\"PropertyValueSpecification\",\"valueRequired\":true,\"valueName\":\"search_term_string\"}}],\"inLanguage\":\"en-US\"},{\"@type\":\"Organization\",\"@id\":\"https:\\\/\\\/news.save.ch\\\/de\\\/#organization\",\"name\":\"Sicherheitsforum\",\"url\":\"https:\\\/\\\/news.save.ch\\\/de\\\/\",\"logo\":{\"@type\":\"ImageObject\",\"inLanguage\":\"en-US\",\"@id\":\"https:\\\/\\\/news.save.ch\\\/de\\\/#\\\/schema\\\/logo\\\/image\\\/\",\"url\":\"https:\\\/\\\/news.save.ch\\\/wp-content\\\/uploads\\\/2022\\\/06\\\/Logo_SF_2012.png\",\"contentUrl\":\"https:\\\/\\\/news.save.ch\\\/wp-content\\\/uploads\\\/2022\\\/06\\\/Logo_SF_2012.png\",\"width\":1100,\"height\":91,\"caption\":\"Sicherheitsforum\"},\"image\":{\"@id\":\"https:\\\/\\\/news.save.ch\\\/de\\\/#\\\/schema\\\/logo\\\/image\\\/\"}},{\"@type\":\"Person\",\"@id\":\"https:\\\/\\\/news.save.ch\\\/de\\\/#\\\/schema\\\/person\\\/ad4ef21102fd6125312409ac57d5296d\",\"name\":\"Simon Gr\u00f6flin\",\"image\":{\"@type\":\"ImageObject\",\"inLanguage\":\"en-US\",\"@id\":\"https:\\\/\\\/secure.gravatar.com\\\/avatar\\\/6ddceb80eb734354635539e0ea5140bb7c41e42de7c45c9a2ab9921b5d5c9a83?s=96&d=mm&r=g\",\"url\":\"https:\\\/\\\/secure.gravatar.com\\\/avatar\\\/6ddceb80eb734354635539e0ea5140bb7c41e42de7c45c9a2ab9921b5d5c9a83?s=96&d=mm&r=g\",\"contentUrl\":\"https:\\\/\\\/secure.gravatar.com\\\/avatar\\\/6ddceb80eb734354635539e0ea5140bb7c41e42de7c45c9a2ab9921b5d5c9a83?s=96&d=mm&r=g\",\"caption\":\"Simon Gr\u00f6flin\"},\"url\":\"https:\\\/\\\/news.save.ch\\\/en\\\/author\\\/simon-groeflin\\\/\"}]}<\/script>\n<!-- \/ Yoast SEO plugin. -->","yoast_head_json":{"title":"World AIDS Day: People with HIV more often discriminated against in health care - Save","description":"People with HIV are still discriminated against. According to the Swiss AIDS Federation, around one third of discrimination and data protection violations occur in the healthcare sector.","robots":{"index":"index","follow":"follow","max-snippet":"max-snippet:-1","max-image-preview":"max-image-preview:large","max-video-preview":"max-video-preview:-1"},"canonical":"https:\/\/news.save.ch\/en\/welt-aids-tag-menschen-mit-hiv-im-gesundheitswesen-haeufiger-diskriminiert\/","og_locale":"en_US","og_type":"article","og_title":"Welt-Aids-Tag: Menschen mit HIV im Gesundheitswesen h\u00e4ufiger diskriminiert - Save","og_description":"Noch immer werden Menschen mit HIV diskriminiert. Rund ein Drittel der Diskriminierungen und Datenschutzverletzungen spielen sich laut Aids-Hilfe Schweiz im Gesundheitswesen ab.","og_url":"https:\/\/news.save.ch\/en\/welt-aids-tag-menschen-mit-hiv-im-gesundheitswesen-haeufiger-diskriminiert\/","og_site_name":"Save","article_published_time":"2022-12-01T08:00:55+00:00","article_modified_time":"2023-06-10T12:25:57+00:00","og_image":[{"width":640,"height":371,"url":"https:\/\/news.save.ch\/wp-content\/uploads\/2022\/11\/hiv-ga8f097c85_640.jpg","type":"image\/jpeg"}],"author":"Simon Gr\u00f6flin","twitter_card":"summary_large_image","twitter_misc":{"Written by":"Simon Gr\u00f6flin","Est. reading time":"2 minutes"},"schema":{"@context":"https:\/\/schema.org","@graph":[{"@type":"Article","@id":"https:\/\/news.save.ch\/welt-aids-tag-menschen-mit-hiv-im-gesundheitswesen-haeufiger-diskriminiert\/#article","isPartOf":{"@id":"https:\/\/news.save.ch\/welt-aids-tag-menschen-mit-hiv-im-gesundheitswesen-haeufiger-diskriminiert\/"},"author":{"name":"Simon Gr\u00f6flin","@id":"https:\/\/news.save.ch\/de\/#\/schema\/person\/ad4ef21102fd6125312409ac57d5296d"},"headline":"Welt-Aids-Tag: Menschen mit HIV im Gesundheitswesen h\u00e4ufiger diskriminiert","datePublished":"2022-12-01T08:00:55+00:00","dateModified":"2023-06-10T12:25:57+00:00","mainEntityOfPage":{"@id":"https:\/\/news.save.ch\/welt-aids-tag-menschen-mit-hiv-im-gesundheitswesen-haeufiger-diskriminiert\/"},"wordCount":252,"publisher":{"@id":"https:\/\/news.save.ch\/de\/#organization"},"image":{"@id":"https:\/\/news.save.ch\/welt-aids-tag-menschen-mit-hiv-im-gesundheitswesen-haeufiger-diskriminiert\/#primaryimage"},"thumbnailUrl":"https:\/\/news.save.ch\/wp-content\/uploads\/2022\/11\/hiv-ga8f097c85_640.jpg","keywords":["AIDS","Aids-Hilfe Schweiz","Datenschutzverletzungen","Diskriminierung","Gesundheitswesen","HIV","HIV-positiv","Welt-Aids-Tag"],"articleSection":["HEALTH &amp; SAFETY"],"inLanguage":"en-US"},{"@type":"WebPage","@id":"https:\/\/news.save.ch\/welt-aids-tag-menschen-mit-hiv-im-gesundheitswesen-haeufiger-diskriminiert\/","url":"https:\/\/news.save.ch\/welt-aids-tag-menschen-mit-hiv-im-gesundheitswesen-haeufiger-diskriminiert\/","name":"World AIDS Day: People with HIV more often discriminated against in health care - Save","isPartOf":{"@id":"https:\/\/news.save.ch\/de\/#website"},"primaryImageOfPage":{"@id":"https:\/\/news.save.ch\/welt-aids-tag-menschen-mit-hiv-im-gesundheitswesen-haeufiger-diskriminiert\/#primaryimage"},"image":{"@id":"https:\/\/news.save.ch\/welt-aids-tag-menschen-mit-hiv-im-gesundheitswesen-haeufiger-diskriminiert\/#primaryimage"},"thumbnailUrl":"https:\/\/news.save.ch\/wp-content\/uploads\/2022\/11\/hiv-ga8f097c85_640.jpg","datePublished":"2022-12-01T08:00:55+00:00","dateModified":"2023-06-10T12:25:57+00:00","description":"People with HIV are still discriminated against. According to the Swiss AIDS Federation, around one third of discrimination and data protection violations occur in the healthcare sector.","breadcrumb":{"@id":"https:\/\/news.save.ch\/welt-aids-tag-menschen-mit-hiv-im-gesundheitswesen-haeufiger-diskriminiert\/#breadcrumb"},"inLanguage":"en-US","potentialAction":[{"@type":"ReadAction","target":["https:\/\/news.save.ch\/welt-aids-tag-menschen-mit-hiv-im-gesundheitswesen-haeufiger-diskriminiert\/"]}]},{"@type":"ImageObject","inLanguage":"en-US","@id":"https:\/\/news.save.ch\/welt-aids-tag-menschen-mit-hiv-im-gesundheitswesen-haeufiger-diskriminiert\/#primaryimage","url":"https:\/\/news.save.ch\/wp-content\/uploads\/2022\/11\/hiv-ga8f097c85_640.jpg","contentUrl":"https:\/\/news.save.ch\/wp-content\/uploads\/2022\/11\/hiv-ga8f097c85_640.jpg","width":640,"height":371},{"@type":"BreadcrumbList","@id":"https:\/\/news.save.ch\/welt-aids-tag-menschen-mit-hiv-im-gesundheitswesen-haeufiger-diskriminiert\/#breadcrumb","itemListElement":[{"@type":"ListItem","position":1,"name":"Home","item":"https:\/\/news.save.ch\/de\/"},{"@type":"ListItem","position":2,"name":"Welt-Aids-Tag: Menschen mit HIV im Gesundheitswesen h\u00e4ufiger diskriminiert"}]},{"@type":"WebSite","@id":"https:\/\/news.save.ch\/de\/#website","url":"https:\/\/news.save.ch\/de\/","name":"Save","description":"Swiss trade journal for safety","publisher":{"@id":"https:\/\/news.save.ch\/de\/#organization"},"potentialAction":[{"@type":"SearchAction","target":{"@type":"EntryPoint","urlTemplate":"https:\/\/news.save.ch\/de\/?s={search_term_string}"},"query-input":{"@type":"PropertyValueSpecification","valueRequired":true,"valueName":"search_term_string"}}],"inLanguage":"en-US"},{"@type":"Organization","@id":"https:\/\/news.save.ch\/de\/#organization","name":"Security Forum","url":"https:\/\/news.save.ch\/de\/","logo":{"@type":"ImageObject","inLanguage":"en-US","@id":"https:\/\/news.save.ch\/de\/#\/schema\/logo\/image\/","url":"https:\/\/news.save.ch\/wp-content\/uploads\/2022\/06\/Logo_SF_2012.png","contentUrl":"https:\/\/news.save.ch\/wp-content\/uploads\/2022\/06\/Logo_SF_2012.png","width":1100,"height":91,"caption":"Sicherheitsforum"},"image":{"@id":"https:\/\/news.save.ch\/de\/#\/schema\/logo\/image\/"}},{"@type":"Person","@id":"https:\/\/news.save.ch\/de\/#\/schema\/person\/ad4ef21102fd6125312409ac57d5296d","name":"Simon Gr\u00f6flin","image":{"@type":"ImageObject","inLanguage":"en-US","@id":"https:\/\/secure.gravatar.com\/avatar\/6ddceb80eb734354635539e0ea5140bb7c41e42de7c45c9a2ab9921b5d5c9a83?s=96&d=mm&r=g","url":"https:\/\/secure.gravatar.com\/avatar\/6ddceb80eb734354635539e0ea5140bb7c41e42de7c45c9a2ab9921b5d5c9a83?s=96&d=mm&r=g","contentUrl":"https:\/\/secure.gravatar.com\/avatar\/6ddceb80eb734354635539e0ea5140bb7c41e42de7c45c9a2ab9921b5d5c9a83?s=96&d=mm&r=g","caption":"Simon Gr\u00f6flin"},"url":"https:\/\/news.save.ch\/en\/author\/simon-groeflin\/"}]}},"_links":{"self":[{"href":"https:\/\/news.save.ch\/en\/wp-json\/wp\/v2\/posts\/17082","targetHints":{"allow":["GET"]}}],"collection":[{"href":"https:\/\/news.save.ch\/en\/wp-json\/wp\/v2\/posts"}],"about":[{"href":"https:\/\/news.save.ch\/en\/wp-json\/wp\/v2\/types\/post"}],"author":[{"embeddable":true,"href":"https:\/\/news.save.ch\/en\/wp-json\/wp\/v2\/users\/9"}],"replies":[{"embeddable":true,"href":"https:\/\/news.save.ch\/en\/wp-json\/wp\/v2\/comments?post=17082"}],"version-history":[{"count":1,"href":"https:\/\/news.save.ch\/en\/wp-json\/wp\/v2\/posts\/17082\/revisions"}],"predecessor-version":[{"id":18447,"href":"https:\/\/news.save.ch\/en\/wp-json\/wp\/v2\/posts\/17082\/revisions\/18447"}],"wp:featuredmedia":[{"embeddable":true,"href":"https:\/\/news.save.ch\/en\/wp-json\/wp\/v2\/media\/10060"}],"wp:attachment":[{"href":"https:\/\/news.save.ch\/en\/wp-json\/wp\/v2\/media?parent=17082"}],"wp:term":[{"taxonomy":"category","embeddable":true,"href":"https:\/\/news.save.ch\/en\/wp-json\/wp\/v2\/categories?post=17082"},{"taxonomy":"post_tag","embeddable":true,"href":"https:\/\/news.save.ch\/en\/wp-json\/wp\/v2\/tags?post=17082"}],"curies":[{"name":"wp","href":"https:\/\/api.w.org\/{rel}","templated":true}]}}