{"id":1725,"date":"2015-11-05T13:29:44","date_gmt":"2015-11-05T12:29:44","guid":{"rendered":"https:\/\/dev.sicherheitsforum.ch\/?p=1725"},"modified":"2015-11-05T13:29:44","modified_gmt":"2015-11-05T12:29:44","slug":"fachstelle-fuer-bedrohungsanalyse-bleibt","status":null,"type":"post","link":"https:\/\/news.save.ch\/en\/fachstelle-fuer-bedrohungsanalyse-bleibt\/","title":{"rendered":"Threat Analysis Unit Remains"},"content":{"rendered":"<p><img loading=\"lazy\" decoding=\"async\" class=\"alignnone wp-image-1728 size-medium\" src=\"https:\/\/news.save.ch\/wp-content\/uploads\/2016\/12\/Fachstelle-f\u00fcr-Bedrohungsanalyse-bleibt-sicherheitsforum.jpg\" width=\"680\" height=\"887\" \/><\/p>\n<p>The specialist unit created by the public prosecutor's office, the cantonal police and the Psychiatric University Hospital Zurich supports the authorities in assessing possible threat and endangerment situations with forensic psychiatric expertise. During the two-year pilot phase, the demand for the service was very high, according to the statement. The government council has therefore decided to continue the specialist unit on a permanent basis. It will take on additional tasks.<\/p>\n<p>In 2012, the government council defined the protection against violence and the fight against violence as a focus of law enforcement. Private individuals, as well as public offices and members of the authorities, are repeatedly confronted with threatening and endangering situations that are difficult to assess. Such situations should be recognized as early and reliably as possible and defused with rapid and situation-appropriate measures. To this end, the Canton of Zurich has set up a threat management system under the leadership of the cantonal police.<\/p>\n<p>For reliable threat analysis, forensic psychiatric specialists are needed who can advise the competent authorities quickly and at a low threshold. For this reason, the Public Prosecutor's Office (Directorate of Justice), the Zurich Cantonal Police (Directorate of Security) and the Clinic for Forensic Psychiatry of the Psychiatric University Hospital Zurich (Directorate of Health) have established a specialist unit as part of a pilot project. It assesses concrete endangerment situations from a forensic psychiatric perspective. The specialist unit is called upon by the police in the event of current reports of danger and immediate measures. In addition, the public prosecutor's offices usually contact the unit in connection with the ordering of pre-trial detention, according to the report.<\/p>\n<p><strong>Need is shown<\/strong><\/p>\n<p>The specialist unit is operated by the Clinic for Forensic Psychiatry of the Psychiatric University Hospital Zurich. According to information, employees of the specialist unit have been present on site at the cantonal police almost daily since its launch in February 2014. The number of inquiries far exceeds original expectations, it said. In particular, the public prosecutor's offices would commission the specialist unit with significantly more analyses and reports than originally expected.<\/p>\n<p>The pilot phase has shown that the services of the specialized unit meet a proven need. The assessments would be significantly<\/p>\n<ul>\n<li>to an early recognition of dangerous and threatening situations,<\/li>\n<li>to interventions appropriate to the situation,<\/li>\n<li>to appropriate procedural decisions by the prosecution authorities and<\/li>\n<li>contribute to the prevention of violent escalations and crimes.<\/li>\n<\/ul>\n<p>The specialist unit has thus become an important component of the cantonal threat management system.<\/p>\n<p>In the future, the specialist unit will also provide support in cases involving young people with a high potential for violence, it is announced. In addition, it will now also support psychiatric clinics in dealing with highly violent patients.<\/p>","protected":false},"excerpt":{"rendered":"<p>Die von der Staatsanwaltschaft, der Kantonspolizei und der Psychiatrischen Universit\u00e4tsklinik Z\u00fcrich geschaffene Fachstelle unterst\u00fctzt die Beh\u00f6rden bei der Einsch\u00e4tzung m\u00f6glicher Bedrohungs- und Gef\u00e4hrdungssituationen mit forensisch-psychiatrischem Fachwissen. W\u00e4hrend der zweij\u00e4hrigen Pilotphase habe sich eine sehr grosse Nachfrage gezeigt, heisst es in der Mitteilung. Der Regierungsrat habe deshalb beschlossen, die Fachstelle dauerhaft weiter zu f\u00fchren. Sie \u00fcbernehme [&hellip;]<\/p>\n","protected":false},"author":1,"featured_media":1728,"comment_status":"open","ping_status":"open","sticky":false,"template":"","format":"standard","meta":{"_acf_changed":false,"pgc_sgb_lightbox_settings":"","footnotes":""},"categories":[1],"tags":[69],"class_list":["post-1725","post","type-post","status-publish","format-standard","has-post-thumbnail","hentry","category-allgemein","tag-justiz-polizei"],"acf":[],"hkrextid":null,"publication":null,"issue":null,"workflow":null,"startPage":null,"spitzmarke":null,"_posts_by_tag_page_fields":{"widget_title":"","widget_tags":""},"_at_widget":"1","_yoast_wpseo_primary_category":"1","_yoast_wpseo_focuskw_text_input":"Fachstelle f\u00fcr Bedrohungsanalyse","_yoast_wpseo_opengraph-image":"https:\/\/news.save.ch\/wp-content\/uploads\/2016\/12\/Fachstelle-f\u00fcr-Bedrohungsanalyse-bleibt-sicherheitsforum.jpg","_yoast_wpseo_opengraph-description":"Die als Pilotprojekt gef\u00fchrte kantonale Fachstelle f\u00fcr Bedrohungsanalyse hat sich bew\u00e4hrt und bleibt, wie der Regierungsrat des Kantons Z\u00fcrich heute mitgeteilt hat.","_yoast_wpseo_opengraph-title":"Fachstelle f\u00fcr Bedrohungsanalyse bleibt","enclosure":null,"_yoast_wpseo_twitter-title":null,"_yoast_wpseo_twitter-description":null,"_yoast_wpseo_twitter-image":null,"_wp_old_slug":null,"_yoast_wpseo_title":null,"_yoast_wpseo_canonical":null,"yoast_head":"<!-- This site is optimized with the Yoast SEO plugin v27.5 - https:\/\/yoast.com\/product\/yoast-seo-wordpress\/ -->\n<title>Fachstelle f\u00fcr Bedrohungsanalyse bleibt - Save<\/title>\n<meta name=\"description\" content=\"Die als Pilotprojekt gef\u00fchrte kantonale Fachstelle f\u00fcr Bedrohungsanalyse hat sich bew\u00e4hrt und bleibt, wie der Regierungsrat des Kantons Z\u00fcrich heute mitgeteilt hat.\" \/>\n<meta name=\"robots\" content=\"index, follow, max-snippet:-1, max-image-preview:large, max-video-preview:-1\" \/>\n<link rel=\"canonical\" href=\"https:\/\/news.save.ch\/en\/fachstelle-fuer-bedrohungsanalyse-bleibt\/\" \/>\n<meta property=\"og:locale\" content=\"en_US\" \/>\n<meta property=\"og:type\" content=\"article\" \/>\n<meta property=\"og:title\" content=\"Fachstelle f\u00fcr Bedrohungsanalyse bleibt\" \/>\n<meta property=\"og:description\" content=\"Die als Pilotprojekt gef\u00fchrte kantonale Fachstelle f\u00fcr Bedrohungsanalyse hat sich bew\u00e4hrt und bleibt, wie der Regierungsrat des Kantons Z\u00fcrich heute mitgeteilt hat.\" \/>\n<meta property=\"og:url\" content=\"https:\/\/news.save.ch\/en\/fachstelle-fuer-bedrohungsanalyse-bleibt\/\" \/>\n<meta property=\"og:site_name\" content=\"Save\" \/>\n<meta property=\"article:published_time\" content=\"2015-11-05T12:29:44+00:00\" \/>\n<meta property=\"og:image\" content=\"https:\/\/news.save.ch\/wp-content\/uploads\/2016\/12\/Fachstelle-f\u00fcr-Bedrohungsanalyse-bleibt-sicherheitsforum.jpg\" \/>\n<meta name=\"author\" content=\"admin\" \/>\n<meta name=\"twitter:card\" content=\"summary_large_image\" \/>\n<meta name=\"twitter:label1\" content=\"Written by\" \/>\n\t<meta name=\"twitter:data1\" content=\"admin\" \/>\n\t<meta name=\"twitter:label2\" content=\"Est. reading time\" \/>\n\t<meta name=\"twitter:data2\" content=\"2 minutes\" \/>\n<script type=\"application\/ld+json\" class=\"yoast-schema-graph\">{\"@context\":\"https:\\\/\\\/schema.org\",\"@graph\":[{\"@type\":\"Article\",\"@id\":\"https:\\\/\\\/news.save.ch\\\/fachstelle-fuer-bedrohungsanalyse-bleibt\\\/#article\",\"isPartOf\":{\"@id\":\"https:\\\/\\\/news.save.ch\\\/fachstelle-fuer-bedrohungsanalyse-bleibt\\\/\"},\"author\":{\"name\":\"admin\",\"@id\":\"https:\\\/\\\/news.save.ch\\\/de\\\/#\\\/schema\\\/person\\\/d49e199490bad7c70d64b9ab51142f2b\"},\"headline\":\"Fachstelle f\u00fcr Bedrohungsanalyse bleibt\",\"datePublished\":\"2015-11-05T12:29:44+00:00\",\"mainEntityOfPage\":{\"@id\":\"https:\\\/\\\/news.save.ch\\\/fachstelle-fuer-bedrohungsanalyse-bleibt\\\/\"},\"wordCount\":407,\"commentCount\":0,\"publisher\":{\"@id\":\"https:\\\/\\\/news.save.ch\\\/de\\\/#organization\"},\"image\":{\"@id\":\"https:\\\/\\\/news.save.ch\\\/fachstelle-fuer-bedrohungsanalyse-bleibt\\\/#primaryimage\"},\"thumbnailUrl\":\"https:\\\/\\\/news.save.ch\\\/wp-content\\\/uploads\\\/2016\\\/12\\\/Fachstelle-fuer-Bedrohungsanalyse-bleibt-sicherheitsforum-scaled.jpg\",\"keywords\":[\"Justiz &amp; Polizei\"],\"articleSection\":[\"ALLGEMEIN\"],\"inLanguage\":\"en-US\"},{\"@type\":\"WebPage\",\"@id\":\"https:\\\/\\\/news.save.ch\\\/fachstelle-fuer-bedrohungsanalyse-bleibt\\\/\",\"url\":\"https:\\\/\\\/news.save.ch\\\/fachstelle-fuer-bedrohungsanalyse-bleibt\\\/\",\"name\":\"Fachstelle f\u00fcr Bedrohungsanalyse bleibt - Save\",\"isPartOf\":{\"@id\":\"https:\\\/\\\/news.save.ch\\\/de\\\/#website\"},\"primaryImageOfPage\":{\"@id\":\"https:\\\/\\\/news.save.ch\\\/fachstelle-fuer-bedrohungsanalyse-bleibt\\\/#primaryimage\"},\"image\":{\"@id\":\"https:\\\/\\\/news.save.ch\\\/fachstelle-fuer-bedrohungsanalyse-bleibt\\\/#primaryimage\"},\"thumbnailUrl\":\"https:\\\/\\\/news.save.ch\\\/wp-content\\\/uploads\\\/2016\\\/12\\\/Fachstelle-fuer-Bedrohungsanalyse-bleibt-sicherheitsforum-scaled.jpg\",\"datePublished\":\"2015-11-05T12:29:44+00:00\",\"description\":\"Die als Pilotprojekt gef\u00fchrte kantonale Fachstelle f\u00fcr Bedrohungsanalyse hat sich bew\u00e4hrt und bleibt, wie der Regierungsrat des Kantons Z\u00fcrich heute mitgeteilt hat.\",\"breadcrumb\":{\"@id\":\"https:\\\/\\\/news.save.ch\\\/fachstelle-fuer-bedrohungsanalyse-bleibt\\\/#breadcrumb\"},\"inLanguage\":\"en-US\",\"potentialAction\":[{\"@type\":\"ReadAction\",\"target\":[\"https:\\\/\\\/news.save.ch\\\/fachstelle-fuer-bedrohungsanalyse-bleibt\\\/\"]}]},{\"@type\":\"ImageObject\",\"inLanguage\":\"en-US\",\"@id\":\"https:\\\/\\\/news.save.ch\\\/fachstelle-fuer-bedrohungsanalyse-bleibt\\\/#primaryimage\",\"url\":\"https:\\\/\\\/news.save.ch\\\/wp-content\\\/uploads\\\/2016\\\/12\\\/Fachstelle-fuer-Bedrohungsanalyse-bleibt-sicherheitsforum-scaled.jpg\",\"contentUrl\":\"https:\\\/\\\/news.save.ch\\\/wp-content\\\/uploads\\\/2016\\\/12\\\/Fachstelle-fuer-Bedrohungsanalyse-bleibt-sicherheitsforum-scaled.jpg\",\"width\":1073,\"height\":1400},{\"@type\":\"BreadcrumbList\",\"@id\":\"https:\\\/\\\/news.save.ch\\\/fachstelle-fuer-bedrohungsanalyse-bleibt\\\/#breadcrumb\",\"itemListElement\":[{\"@type\":\"ListItem\",\"position\":1,\"name\":\"Home\",\"item\":\"https:\\\/\\\/news.save.ch\\\/de\\\/\"},{\"@type\":\"ListItem\",\"position\":2,\"name\":\"Fachstelle f\u00fcr Bedrohungsanalyse bleibt\"}]},{\"@type\":\"WebSite\",\"@id\":\"https:\\\/\\\/news.save.ch\\\/de\\\/#website\",\"url\":\"https:\\\/\\\/news.save.ch\\\/de\\\/\",\"name\":\"Save\",\"description\":\"Schweizer Fachzeitschrift f\u00fcr Sicherheit\",\"publisher\":{\"@id\":\"https:\\\/\\\/news.save.ch\\\/de\\\/#organization\"},\"potentialAction\":[{\"@type\":\"SearchAction\",\"target\":{\"@type\":\"EntryPoint\",\"urlTemplate\":\"https:\\\/\\\/news.save.ch\\\/de\\\/?s={search_term_string}\"},\"query-input\":{\"@type\":\"PropertyValueSpecification\",\"valueRequired\":true,\"valueName\":\"search_term_string\"}}],\"inLanguage\":\"en-US\"},{\"@type\":\"Organization\",\"@id\":\"https:\\\/\\\/news.save.ch\\\/de\\\/#organization\",\"name\":\"Sicherheitsforum\",\"url\":\"https:\\\/\\\/news.save.ch\\\/de\\\/\",\"logo\":{\"@type\":\"ImageObject\",\"inLanguage\":\"en-US\",\"@id\":\"https:\\\/\\\/news.save.ch\\\/de\\\/#\\\/schema\\\/logo\\\/image\\\/\",\"url\":\"https:\\\/\\\/news.save.ch\\\/wp-content\\\/uploads\\\/2022\\\/06\\\/Logo_SF_2012.png\",\"contentUrl\":\"https:\\\/\\\/news.save.ch\\\/wp-content\\\/uploads\\\/2022\\\/06\\\/Logo_SF_2012.png\",\"width\":1100,\"height\":91,\"caption\":\"Sicherheitsforum\"},\"image\":{\"@id\":\"https:\\\/\\\/news.save.ch\\\/de\\\/#\\\/schema\\\/logo\\\/image\\\/\"}},{\"@type\":\"Person\",\"@id\":\"https:\\\/\\\/news.save.ch\\\/de\\\/#\\\/schema\\\/person\\\/d49e199490bad7c70d64b9ab51142f2b\",\"name\":\"admin\",\"image\":{\"@type\":\"ImageObject\",\"inLanguage\":\"en-US\",\"@id\":\"https:\\\/\\\/secure.gravatar.com\\\/avatar\\\/ae2f4d718e6c49043e314ce431e7e645d646302a24a5ef5a8bc8e3f5a032e319?s=96&d=mm&r=g\",\"url\":\"https:\\\/\\\/secure.gravatar.com\\\/avatar\\\/ae2f4d718e6c49043e314ce431e7e645d646302a24a5ef5a8bc8e3f5a032e319?s=96&d=mm&r=g\",\"contentUrl\":\"https:\\\/\\\/secure.gravatar.com\\\/avatar\\\/ae2f4d718e6c49043e314ce431e7e645d646302a24a5ef5a8bc8e3f5a032e319?s=96&d=mm&r=g\",\"caption\":\"admin\"},\"sameAs\":[\"https:\\\/\\\/develop.organisator.galledia.ch\"],\"url\":\"https:\\\/\\\/news.save.ch\\\/en\\\/author\\\/admin\\\/\"}]}<\/script>\n<!-- \/ Yoast SEO plugin. -->","yoast_head_json":{"title":"Threat Analysis Specialist Office Remains - Save","description":"The Cantonal Threat Analysis Unit, which was run as a pilot project, has proven its worth and will remain, the Canton of Zurich's government council announced today.","robots":{"index":"index","follow":"follow","max-snippet":"max-snippet:-1","max-image-preview":"max-image-preview:large","max-video-preview":"max-video-preview:-1"},"canonical":"https:\/\/news.save.ch\/en\/fachstelle-fuer-bedrohungsanalyse-bleibt\/","og_locale":"en_US","og_type":"article","og_title":"Fachstelle f\u00fcr Bedrohungsanalyse bleibt","og_description":"Die als Pilotprojekt gef\u00fchrte kantonale Fachstelle f\u00fcr Bedrohungsanalyse hat sich bew\u00e4hrt und bleibt, wie der Regierungsrat des Kantons Z\u00fcrich heute mitgeteilt hat.","og_url":"https:\/\/news.save.ch\/en\/fachstelle-fuer-bedrohungsanalyse-bleibt\/","og_site_name":"Save","article_published_time":"2015-11-05T12:29:44+00:00","og_image":[{"url":"https:\/\/news.save.ch\/wp-content\/uploads\/2016\/12\/Fachstelle-f\u00fcr-Bedrohungsanalyse-bleibt-sicherheitsforum.jpg","type":"","width":"","height":""}],"author":"admin","twitter_card":"summary_large_image","twitter_misc":{"Written by":"admin","Est. reading time":"2 minutes"},"schema":{"@context":"https:\/\/schema.org","@graph":[{"@type":"Article","@id":"https:\/\/news.save.ch\/fachstelle-fuer-bedrohungsanalyse-bleibt\/#article","isPartOf":{"@id":"https:\/\/news.save.ch\/fachstelle-fuer-bedrohungsanalyse-bleibt\/"},"author":{"name":"admin","@id":"https:\/\/news.save.ch\/de\/#\/schema\/person\/d49e199490bad7c70d64b9ab51142f2b"},"headline":"Fachstelle f\u00fcr Bedrohungsanalyse bleibt","datePublished":"2015-11-05T12:29:44+00:00","mainEntityOfPage":{"@id":"https:\/\/news.save.ch\/fachstelle-fuer-bedrohungsanalyse-bleibt\/"},"wordCount":407,"commentCount":0,"publisher":{"@id":"https:\/\/news.save.ch\/de\/#organization"},"image":{"@id":"https:\/\/news.save.ch\/fachstelle-fuer-bedrohungsanalyse-bleibt\/#primaryimage"},"thumbnailUrl":"https:\/\/news.save.ch\/wp-content\/uploads\/2016\/12\/Fachstelle-fuer-Bedrohungsanalyse-bleibt-sicherheitsforum-scaled.jpg","keywords":["Justiz &amp; Polizei"],"articleSection":["ALLGEMEIN"],"inLanguage":"en-US"},{"@type":"WebPage","@id":"https:\/\/news.save.ch\/fachstelle-fuer-bedrohungsanalyse-bleibt\/","url":"https:\/\/news.save.ch\/fachstelle-fuer-bedrohungsanalyse-bleibt\/","name":"Threat Analysis Specialist Office Remains - Save","isPartOf":{"@id":"https:\/\/news.save.ch\/de\/#website"},"primaryImageOfPage":{"@id":"https:\/\/news.save.ch\/fachstelle-fuer-bedrohungsanalyse-bleibt\/#primaryimage"},"image":{"@id":"https:\/\/news.save.ch\/fachstelle-fuer-bedrohungsanalyse-bleibt\/#primaryimage"},"thumbnailUrl":"https:\/\/news.save.ch\/wp-content\/uploads\/2016\/12\/Fachstelle-fuer-Bedrohungsanalyse-bleibt-sicherheitsforum-scaled.jpg","datePublished":"2015-11-05T12:29:44+00:00","description":"The Cantonal Threat Analysis Unit, which was run as a pilot project, has proven its worth and will remain, the Canton of Zurich's government council announced today.","breadcrumb":{"@id":"https:\/\/news.save.ch\/fachstelle-fuer-bedrohungsanalyse-bleibt\/#breadcrumb"},"inLanguage":"en-US","potentialAction":[{"@type":"ReadAction","target":["https:\/\/news.save.ch\/fachstelle-fuer-bedrohungsanalyse-bleibt\/"]}]},{"@type":"ImageObject","inLanguage":"en-US","@id":"https:\/\/news.save.ch\/fachstelle-fuer-bedrohungsanalyse-bleibt\/#primaryimage","url":"https:\/\/news.save.ch\/wp-content\/uploads\/2016\/12\/Fachstelle-fuer-Bedrohungsanalyse-bleibt-sicherheitsforum-scaled.jpg","contentUrl":"https:\/\/news.save.ch\/wp-content\/uploads\/2016\/12\/Fachstelle-fuer-Bedrohungsanalyse-bleibt-sicherheitsforum-scaled.jpg","width":1073,"height":1400},{"@type":"BreadcrumbList","@id":"https:\/\/news.save.ch\/fachstelle-fuer-bedrohungsanalyse-bleibt\/#breadcrumb","itemListElement":[{"@type":"ListItem","position":1,"name":"Home","item":"https:\/\/news.save.ch\/de\/"},{"@type":"ListItem","position":2,"name":"Fachstelle f\u00fcr Bedrohungsanalyse bleibt"}]},{"@type":"WebSite","@id":"https:\/\/news.save.ch\/de\/#website","url":"https:\/\/news.save.ch\/de\/","name":"Save","description":"Swiss trade journal for safety","publisher":{"@id":"https:\/\/news.save.ch\/de\/#organization"},"potentialAction":[{"@type":"SearchAction","target":{"@type":"EntryPoint","urlTemplate":"https:\/\/news.save.ch\/de\/?s={search_term_string}"},"query-input":{"@type":"PropertyValueSpecification","valueRequired":true,"valueName":"search_term_string"}}],"inLanguage":"en-US"},{"@type":"Organization","@id":"https:\/\/news.save.ch\/de\/#organization","name":"Security Forum","url":"https:\/\/news.save.ch\/de\/","logo":{"@type":"ImageObject","inLanguage":"en-US","@id":"https:\/\/news.save.ch\/de\/#\/schema\/logo\/image\/","url":"https:\/\/news.save.ch\/wp-content\/uploads\/2022\/06\/Logo_SF_2012.png","contentUrl":"https:\/\/news.save.ch\/wp-content\/uploads\/2022\/06\/Logo_SF_2012.png","width":1100,"height":91,"caption":"Sicherheitsforum"},"image":{"@id":"https:\/\/news.save.ch\/de\/#\/schema\/logo\/image\/"}},{"@type":"Person","@id":"https:\/\/news.save.ch\/de\/#\/schema\/person\/d49e199490bad7c70d64b9ab51142f2b","name":"admin","image":{"@type":"ImageObject","inLanguage":"en-US","@id":"https:\/\/secure.gravatar.com\/avatar\/ae2f4d718e6c49043e314ce431e7e645d646302a24a5ef5a8bc8e3f5a032e319?s=96&d=mm&r=g","url":"https:\/\/secure.gravatar.com\/avatar\/ae2f4d718e6c49043e314ce431e7e645d646302a24a5ef5a8bc8e3f5a032e319?s=96&d=mm&r=g","contentUrl":"https:\/\/secure.gravatar.com\/avatar\/ae2f4d718e6c49043e314ce431e7e645d646302a24a5ef5a8bc8e3f5a032e319?s=96&d=mm&r=g","caption":"admin"},"sameAs":["https:\/\/develop.organisator.galledia.ch"],"url":"https:\/\/news.save.ch\/en\/author\/admin\/"}]}},"_links":{"self":[{"href":"https:\/\/news.save.ch\/en\/wp-json\/wp\/v2\/posts\/1725","targetHints":{"allow":["GET"]}}],"collection":[{"href":"https:\/\/news.save.ch\/en\/wp-json\/wp\/v2\/posts"}],"about":[{"href":"https:\/\/news.save.ch\/en\/wp-json\/wp\/v2\/types\/post"}],"author":[{"embeddable":true,"href":"https:\/\/news.save.ch\/en\/wp-json\/wp\/v2\/users\/1"}],"replies":[{"embeddable":true,"href":"https:\/\/news.save.ch\/en\/wp-json\/wp\/v2\/comments?post=1725"}],"version-history":[{"count":0,"href":"https:\/\/news.save.ch\/en\/wp-json\/wp\/v2\/posts\/1725\/revisions"}],"wp:featuredmedia":[{"embeddable":true,"href":"https:\/\/news.save.ch\/en\/wp-json\/wp\/v2\/media\/1728"}],"wp:attachment":[{"href":"https:\/\/news.save.ch\/en\/wp-json\/wp\/v2\/media?parent=1725"}],"wp:term":[{"taxonomy":"category","embeddable":true,"href":"https:\/\/news.save.ch\/en\/wp-json\/wp\/v2\/categories?post=1725"},{"taxonomy":"post_tag","embeddable":true,"href":"https:\/\/news.save.ch\/en\/wp-json\/wp\/v2\/tags?post=1725"}],"curies":[{"name":"wp","href":"https:\/\/api.w.org\/{rel}","templated":true}]}}