{"id":1733,"date":"2015-11-04T13:45:54","date_gmt":"2015-11-04T12:45:54","guid":{"rendered":"https:\/\/dev.sicherheitsforum.ch\/?p=1733"},"modified":"2015-11-04T13:45:54","modified_gmt":"2015-11-04T12:45:54","slug":"innosecure-2017-termin-steht-fest","status":null,"type":"post","link":"https:\/\/news.save.ch\/en\/innosecure-2017-termin-steht-fest\/","title":{"rendered":"Innosecure 2017: Date fixed"},"content":{"rendered":"<p><img loading=\"lazy\" decoding=\"async\" class=\"alignnone wp-image-1764 size-medium\" src=\"https:\/\/news.save.ch\/wp-content\/uploads\/2016\/12\/Innosecure-2017-Termin-steht-fest-sicherheitsforum.jpg\" width=\"680\" height=\"453\" \/><\/p>\n<p>The congress with exhibition for innovations in security technologies, <a href=\"https:\/\/www.innosecure.de\" target=\"_blank\" data-cke-saved-href=\"https:\/\/www.innosecure.de\" rel=\"noopener\">Innosecure<\/a>, will take place the year after next from May 31 to June 01, 2017, at the Maritim Hotel in D\u00fcsseldorf in the capital of the German state of North Rhine-Westphalia, as organizer <a href=\"https:\/\/mesago.de\" target=\"_blank\" data-cke-saved-href=\"https:\/\/mesago.de\" rel=\"noopener\">Mesago Messe Frankfurt GmbH<\/a> write. Industry experts will be on hand to discuss challenges, innovations and future topics in locking and security technology.<\/p>\n<p>\"Innosecure is moving to D\u00fcsseldorf Airport in order to increasingly address an international audience and at the same time remain in the immediate vicinity of the Schl\u00fcsselregion,\" says Thorsten Enge, Managing Director of Schl\u00fcsselregion e.V., explaining the move. Schl\u00fcsselregion e.V. is a network of the security and hardware industry in the Velbert\/Heiligenhaus region, a leading location for security technology.<\/p>\n<p>The Innosecure is a company founded by the member companies of the <a href=\"https:\/\/www.schluesselregion.de\" target=\"_blank\" data-cke-saved-href=\"https:\/\/www.schluesselregion.de\" rel=\"noopener\">Key Region e.V<\/a>. and the <a href=\"https:\/\/www.iss.uni-wuppertal.de\" target=\"_blank\" data-cke-saved-href=\"https:\/\/www.iss.uni-wuppertal.de\" rel=\"noopener\">Institute ISS of the University of Wuppertal <\/a>initiated industry platform. Positioned at the interface between science, research and development, and application, the innovation drivers of the industry are discussed here, according to a statement.<\/p>\n<p>&nbsp;<\/p>","protected":false},"excerpt":{"rendered":"<p>Der Kongress mit Ausstellung f\u00fcr Innovationen in den Sicherheitstechnologien, Innosecure, findet im \u00fcbern\u00e4chsten Jahr vom 31. Mai bis 01. Juni 2017 im Maritim Hotel in D\u00fcsseldorf in der Landeshauptstadt Nordrhein-Westfalens statt, wie die Veranstalterin Mesago Messe Frankfurt GmbH schreiben. Branchenexperten diskutieren vor Ort \u00fcber Herausforderungen, Innovationen und Zukunftsthemen der Schliess- und Sicherheitstechnik. \u201eDie Innosecure geht [&hellip;]<\/p>\n","protected":false},"author":1,"featured_media":1764,"comment_status":"open","ping_status":"open","sticky":false,"template":"","format":"standard","meta":{"_acf_changed":false,"pgc_sgb_lightbox_settings":"","footnotes":""},"categories":[1],"tags":[109],"class_list":["post-1733","post","type-post","status-publish","format-standard","has-post-thumbnail","hentry","category-allgemein","tag-aus-und-weiterbildung"],"acf":[],"hkrextid":null,"publication":null,"issue":null,"workflow":null,"startPage":null,"spitzmarke":null,"_posts_by_tag_page_fields":{"widget_title":"","widget_tags":""},"_at_widget":"1","_yoast_wpseo_primary_category":"1","_yoast_wpseo_focuskw_text_input":"Innosecure","_yoast_wpseo_opengraph-image":"https:\/\/news.save.ch\/wp-content\/uploads\/2016\/12\/Innosecure-2017-Termin-steht-fest-sicherheitsforum.jpg","_yoast_wpseo_opengraph-description":"Jetzt steht der Termin f\u00fcr die Innosecure 2017 fest.","_yoast_wpseo_opengraph-title":"Innosecure 2017: Termin steht fest","enclosure":null,"_yoast_wpseo_twitter-title":null,"_yoast_wpseo_twitter-description":null,"_yoast_wpseo_twitter-image":null,"_wp_old_slug":null,"_yoast_wpseo_title":null,"_yoast_wpseo_canonical":null,"yoast_head":"<!-- This site is optimized with the Yoast SEO plugin v27.5 - https:\/\/yoast.com\/product\/yoast-seo-wordpress\/ -->\n<title>Innosecure 2017: Termin steht fest - Save<\/title>\n<meta name=\"description\" content=\"Der Kongress mit Ausstellung f\u00fcr Innovationen in den Sicherheitstechnologien, Innosecure, findet ivom 31.05.-01.06.2017 im Maritim Hotel in D\u00fcsseldorf statt\" \/>\n<meta name=\"robots\" content=\"index, follow, max-snippet:-1, max-image-preview:large, max-video-preview:-1\" \/>\n<link rel=\"canonical\" href=\"https:\/\/news.save.ch\/en\/innosecure-2017-termin-steht-fest\/\" \/>\n<meta property=\"og:locale\" content=\"en_US\" \/>\n<meta property=\"og:type\" content=\"article\" \/>\n<meta property=\"og:title\" content=\"Innosecure 2017: Termin steht fest\" \/>\n<meta property=\"og:description\" content=\"Jetzt steht der Termin f\u00fcr die Innosecure 2017 fest.\" \/>\n<meta property=\"og:url\" content=\"https:\/\/news.save.ch\/en\/innosecure-2017-termin-steht-fest\/\" \/>\n<meta property=\"og:site_name\" content=\"Save\" \/>\n<meta property=\"article:published_time\" content=\"2015-11-04T12:45:54+00:00\" \/>\n<meta property=\"og:image\" content=\"https:\/\/news.save.ch\/wp-content\/uploads\/2016\/12\/Innosecure-2017-Termin-steht-fest-sicherheitsforum.jpg\" \/>\n<meta name=\"author\" content=\"admin\" \/>\n<meta name=\"twitter:card\" content=\"summary_large_image\" \/>\n<meta name=\"twitter:label1\" content=\"Written by\" \/>\n\t<meta name=\"twitter:data1\" content=\"admin\" \/>\n\t<meta name=\"twitter:label2\" content=\"Est. reading time\" \/>\n\t<meta name=\"twitter:data2\" content=\"1 minute\" \/>\n<script type=\"application\/ld+json\" class=\"yoast-schema-graph\">{\"@context\":\"https:\\\/\\\/schema.org\",\"@graph\":[{\"@type\":\"Article\",\"@id\":\"https:\\\/\\\/news.save.ch\\\/innosecure-2017-termin-steht-fest\\\/#article\",\"isPartOf\":{\"@id\":\"https:\\\/\\\/news.save.ch\\\/innosecure-2017-termin-steht-fest\\\/\"},\"author\":{\"name\":\"admin\",\"@id\":\"https:\\\/\\\/news.save.ch\\\/de\\\/#\\\/schema\\\/person\\\/d49e199490bad7c70d64b9ab51142f2b\"},\"headline\":\"Innosecure 2017: Termin steht fest\",\"datePublished\":\"2015-11-04T12:45:54+00:00\",\"mainEntityOfPage\":{\"@id\":\"https:\\\/\\\/news.save.ch\\\/innosecure-2017-termin-steht-fest\\\/\"},\"wordCount\":166,\"commentCount\":0,\"publisher\":{\"@id\":\"https:\\\/\\\/news.save.ch\\\/de\\\/#organization\"},\"image\":{\"@id\":\"https:\\\/\\\/news.save.ch\\\/innosecure-2017-termin-steht-fest\\\/#primaryimage\"},\"thumbnailUrl\":\"https:\\\/\\\/news.save.ch\\\/wp-content\\\/uploads\\\/2016\\\/12\\\/Innosecure-2017-Termin-steht-fest-sicherheitsforum-scaled-1-scaled.jpg\",\"keywords\":[\"Aus- und Weiterbildung\"],\"articleSection\":[\"ALLGEMEIN\"],\"inLanguage\":\"en-US\"},{\"@type\":\"WebPage\",\"@id\":\"https:\\\/\\\/news.save.ch\\\/innosecure-2017-termin-steht-fest\\\/\",\"url\":\"https:\\\/\\\/news.save.ch\\\/innosecure-2017-termin-steht-fest\\\/\",\"name\":\"Innosecure 2017: Termin steht fest - Save\",\"isPartOf\":{\"@id\":\"https:\\\/\\\/news.save.ch\\\/de\\\/#website\"},\"primaryImageOfPage\":{\"@id\":\"https:\\\/\\\/news.save.ch\\\/innosecure-2017-termin-steht-fest\\\/#primaryimage\"},\"image\":{\"@id\":\"https:\\\/\\\/news.save.ch\\\/innosecure-2017-termin-steht-fest\\\/#primaryimage\"},\"thumbnailUrl\":\"https:\\\/\\\/news.save.ch\\\/wp-content\\\/uploads\\\/2016\\\/12\\\/Innosecure-2017-Termin-steht-fest-sicherheitsforum-scaled-1-scaled.jpg\",\"datePublished\":\"2015-11-04T12:45:54+00:00\",\"description\":\"Der Kongress mit Ausstellung f\u00fcr Innovationen in den Sicherheitstechnologien, Innosecure, findet ivom 31.05.-01.06.2017 im Maritim Hotel in D\u00fcsseldorf statt\",\"breadcrumb\":{\"@id\":\"https:\\\/\\\/news.save.ch\\\/innosecure-2017-termin-steht-fest\\\/#breadcrumb\"},\"inLanguage\":\"en-US\",\"potentialAction\":[{\"@type\":\"ReadAction\",\"target\":[\"https:\\\/\\\/news.save.ch\\\/innosecure-2017-termin-steht-fest\\\/\"]}]},{\"@type\":\"ImageObject\",\"inLanguage\":\"en-US\",\"@id\":\"https:\\\/\\\/news.save.ch\\\/innosecure-2017-termin-steht-fest\\\/#primaryimage\",\"url\":\"https:\\\/\\\/news.save.ch\\\/wp-content\\\/uploads\\\/2016\\\/12\\\/Innosecure-2017-Termin-steht-fest-sicherheitsforum-scaled-1-scaled.jpg\",\"contentUrl\":\"https:\\\/\\\/news.save.ch\\\/wp-content\\\/uploads\\\/2016\\\/12\\\/Innosecure-2017-Termin-steht-fest-sicherheitsforum-scaled-1-scaled.jpg\",\"width\":1400,\"height\":934},{\"@type\":\"BreadcrumbList\",\"@id\":\"https:\\\/\\\/news.save.ch\\\/innosecure-2017-termin-steht-fest\\\/#breadcrumb\",\"itemListElement\":[{\"@type\":\"ListItem\",\"position\":1,\"name\":\"Home\",\"item\":\"https:\\\/\\\/news.save.ch\\\/de\\\/\"},{\"@type\":\"ListItem\",\"position\":2,\"name\":\"Innosecure 2017: Termin steht fest\"}]},{\"@type\":\"WebSite\",\"@id\":\"https:\\\/\\\/news.save.ch\\\/de\\\/#website\",\"url\":\"https:\\\/\\\/news.save.ch\\\/de\\\/\",\"name\":\"Save\",\"description\":\"Schweizer Fachzeitschrift f\u00fcr Sicherheit\",\"publisher\":{\"@id\":\"https:\\\/\\\/news.save.ch\\\/de\\\/#organization\"},\"potentialAction\":[{\"@type\":\"SearchAction\",\"target\":{\"@type\":\"EntryPoint\",\"urlTemplate\":\"https:\\\/\\\/news.save.ch\\\/de\\\/?s={search_term_string}\"},\"query-input\":{\"@type\":\"PropertyValueSpecification\",\"valueRequired\":true,\"valueName\":\"search_term_string\"}}],\"inLanguage\":\"en-US\"},{\"@type\":\"Organization\",\"@id\":\"https:\\\/\\\/news.save.ch\\\/de\\\/#organization\",\"name\":\"Sicherheitsforum\",\"url\":\"https:\\\/\\\/news.save.ch\\\/de\\\/\",\"logo\":{\"@type\":\"ImageObject\",\"inLanguage\":\"en-US\",\"@id\":\"https:\\\/\\\/news.save.ch\\\/de\\\/#\\\/schema\\\/logo\\\/image\\\/\",\"url\":\"https:\\\/\\\/news.save.ch\\\/wp-content\\\/uploads\\\/2022\\\/06\\\/Logo_SF_2012.png\",\"contentUrl\":\"https:\\\/\\\/news.save.ch\\\/wp-content\\\/uploads\\\/2022\\\/06\\\/Logo_SF_2012.png\",\"width\":1100,\"height\":91,\"caption\":\"Sicherheitsforum\"},\"image\":{\"@id\":\"https:\\\/\\\/news.save.ch\\\/de\\\/#\\\/schema\\\/logo\\\/image\\\/\"}},{\"@type\":\"Person\",\"@id\":\"https:\\\/\\\/news.save.ch\\\/de\\\/#\\\/schema\\\/person\\\/d49e199490bad7c70d64b9ab51142f2b\",\"name\":\"admin\",\"image\":{\"@type\":\"ImageObject\",\"inLanguage\":\"en-US\",\"@id\":\"https:\\\/\\\/secure.gravatar.com\\\/avatar\\\/ae2f4d718e6c49043e314ce431e7e645d646302a24a5ef5a8bc8e3f5a032e319?s=96&d=mm&r=g\",\"url\":\"https:\\\/\\\/secure.gravatar.com\\\/avatar\\\/ae2f4d718e6c49043e314ce431e7e645d646302a24a5ef5a8bc8e3f5a032e319?s=96&d=mm&r=g\",\"contentUrl\":\"https:\\\/\\\/secure.gravatar.com\\\/avatar\\\/ae2f4d718e6c49043e314ce431e7e645d646302a24a5ef5a8bc8e3f5a032e319?s=96&d=mm&r=g\",\"caption\":\"admin\"},\"sameAs\":[\"https:\\\/\\\/develop.organisator.galledia.ch\"],\"url\":\"https:\\\/\\\/news.save.ch\\\/en\\\/author\\\/admin\\\/\"}]}<\/script>\n<!-- \/ Yoast SEO plugin. -->","yoast_head_json":{"title":"Innosecure 2017: Date fixed - Save","description":"The congress and exhibition for innovations in security technologies, Innosecure, will take place from 31.05.-01.06.2017 at the Maritim Hotel in D\u00fcsseldorf.","robots":{"index":"index","follow":"follow","max-snippet":"max-snippet:-1","max-image-preview":"max-image-preview:large","max-video-preview":"max-video-preview:-1"},"canonical":"https:\/\/news.save.ch\/en\/innosecure-2017-termin-steht-fest\/","og_locale":"en_US","og_type":"article","og_title":"Innosecure 2017: Termin steht fest","og_description":"Jetzt steht der Termin f\u00fcr die Innosecure 2017 fest.","og_url":"https:\/\/news.save.ch\/en\/innosecure-2017-termin-steht-fest\/","og_site_name":"Save","article_published_time":"2015-11-04T12:45:54+00:00","og_image":[{"url":"https:\/\/news.save.ch\/wp-content\/uploads\/2016\/12\/Innosecure-2017-Termin-steht-fest-sicherheitsforum.jpg","type":"","width":"","height":""}],"author":"admin","twitter_card":"summary_large_image","twitter_misc":{"Written by":"admin","Est. reading time":"1 minute"},"schema":{"@context":"https:\/\/schema.org","@graph":[{"@type":"Article","@id":"https:\/\/news.save.ch\/innosecure-2017-termin-steht-fest\/#article","isPartOf":{"@id":"https:\/\/news.save.ch\/innosecure-2017-termin-steht-fest\/"},"author":{"name":"admin","@id":"https:\/\/news.save.ch\/de\/#\/schema\/person\/d49e199490bad7c70d64b9ab51142f2b"},"headline":"Innosecure 2017: Termin steht fest","datePublished":"2015-11-04T12:45:54+00:00","mainEntityOfPage":{"@id":"https:\/\/news.save.ch\/innosecure-2017-termin-steht-fest\/"},"wordCount":166,"commentCount":0,"publisher":{"@id":"https:\/\/news.save.ch\/de\/#organization"},"image":{"@id":"https:\/\/news.save.ch\/innosecure-2017-termin-steht-fest\/#primaryimage"},"thumbnailUrl":"https:\/\/news.save.ch\/wp-content\/uploads\/2016\/12\/Innosecure-2017-Termin-steht-fest-sicherheitsforum-scaled-1-scaled.jpg","keywords":["Aus- und Weiterbildung"],"articleSection":["ALLGEMEIN"],"inLanguage":"en-US"},{"@type":"WebPage","@id":"https:\/\/news.save.ch\/innosecure-2017-termin-steht-fest\/","url":"https:\/\/news.save.ch\/innosecure-2017-termin-steht-fest\/","name":"Innosecure 2017: Date fixed - Save","isPartOf":{"@id":"https:\/\/news.save.ch\/de\/#website"},"primaryImageOfPage":{"@id":"https:\/\/news.save.ch\/innosecure-2017-termin-steht-fest\/#primaryimage"},"image":{"@id":"https:\/\/news.save.ch\/innosecure-2017-termin-steht-fest\/#primaryimage"},"thumbnailUrl":"https:\/\/news.save.ch\/wp-content\/uploads\/2016\/12\/Innosecure-2017-Termin-steht-fest-sicherheitsforum-scaled-1-scaled.jpg","datePublished":"2015-11-04T12:45:54+00:00","description":"The congress and exhibition for innovations in security technologies, Innosecure, will take place from 31.05.-01.06.2017 at the Maritim Hotel in D\u00fcsseldorf.","breadcrumb":{"@id":"https:\/\/news.save.ch\/innosecure-2017-termin-steht-fest\/#breadcrumb"},"inLanguage":"en-US","potentialAction":[{"@type":"ReadAction","target":["https:\/\/news.save.ch\/innosecure-2017-termin-steht-fest\/"]}]},{"@type":"ImageObject","inLanguage":"en-US","@id":"https:\/\/news.save.ch\/innosecure-2017-termin-steht-fest\/#primaryimage","url":"https:\/\/news.save.ch\/wp-content\/uploads\/2016\/12\/Innosecure-2017-Termin-steht-fest-sicherheitsforum-scaled-1-scaled.jpg","contentUrl":"https:\/\/news.save.ch\/wp-content\/uploads\/2016\/12\/Innosecure-2017-Termin-steht-fest-sicherheitsforum-scaled-1-scaled.jpg","width":1400,"height":934},{"@type":"BreadcrumbList","@id":"https:\/\/news.save.ch\/innosecure-2017-termin-steht-fest\/#breadcrumb","itemListElement":[{"@type":"ListItem","position":1,"name":"Home","item":"https:\/\/news.save.ch\/de\/"},{"@type":"ListItem","position":2,"name":"Innosecure 2017: Termin steht fest"}]},{"@type":"WebSite","@id":"https:\/\/news.save.ch\/de\/#website","url":"https:\/\/news.save.ch\/de\/","name":"Save","description":"Swiss trade journal for safety","publisher":{"@id":"https:\/\/news.save.ch\/de\/#organization"},"potentialAction":[{"@type":"SearchAction","target":{"@type":"EntryPoint","urlTemplate":"https:\/\/news.save.ch\/de\/?s={search_term_string}"},"query-input":{"@type":"PropertyValueSpecification","valueRequired":true,"valueName":"search_term_string"}}],"inLanguage":"en-US"},{"@type":"Organization","@id":"https:\/\/news.save.ch\/de\/#organization","name":"Security Forum","url":"https:\/\/news.save.ch\/de\/","logo":{"@type":"ImageObject","inLanguage":"en-US","@id":"https:\/\/news.save.ch\/de\/#\/schema\/logo\/image\/","url":"https:\/\/news.save.ch\/wp-content\/uploads\/2022\/06\/Logo_SF_2012.png","contentUrl":"https:\/\/news.save.ch\/wp-content\/uploads\/2022\/06\/Logo_SF_2012.png","width":1100,"height":91,"caption":"Sicherheitsforum"},"image":{"@id":"https:\/\/news.save.ch\/de\/#\/schema\/logo\/image\/"}},{"@type":"Person","@id":"https:\/\/news.save.ch\/de\/#\/schema\/person\/d49e199490bad7c70d64b9ab51142f2b","name":"admin","image":{"@type":"ImageObject","inLanguage":"en-US","@id":"https:\/\/secure.gravatar.com\/avatar\/ae2f4d718e6c49043e314ce431e7e645d646302a24a5ef5a8bc8e3f5a032e319?s=96&d=mm&r=g","url":"https:\/\/secure.gravatar.com\/avatar\/ae2f4d718e6c49043e314ce431e7e645d646302a24a5ef5a8bc8e3f5a032e319?s=96&d=mm&r=g","contentUrl":"https:\/\/secure.gravatar.com\/avatar\/ae2f4d718e6c49043e314ce431e7e645d646302a24a5ef5a8bc8e3f5a032e319?s=96&d=mm&r=g","caption":"admin"},"sameAs":["https:\/\/develop.organisator.galledia.ch"],"url":"https:\/\/news.save.ch\/en\/author\/admin\/"}]}},"_links":{"self":[{"href":"https:\/\/news.save.ch\/en\/wp-json\/wp\/v2\/posts\/1733","targetHints":{"allow":["GET"]}}],"collection":[{"href":"https:\/\/news.save.ch\/en\/wp-json\/wp\/v2\/posts"}],"about":[{"href":"https:\/\/news.save.ch\/en\/wp-json\/wp\/v2\/types\/post"}],"author":[{"embeddable":true,"href":"https:\/\/news.save.ch\/en\/wp-json\/wp\/v2\/users\/1"}],"replies":[{"embeddable":true,"href":"https:\/\/news.save.ch\/en\/wp-json\/wp\/v2\/comments?post=1733"}],"version-history":[{"count":0,"href":"https:\/\/news.save.ch\/en\/wp-json\/wp\/v2\/posts\/1733\/revisions"}],"wp:featuredmedia":[{"embeddable":true,"href":"https:\/\/news.save.ch\/en\/wp-json\/wp\/v2\/media\/1764"}],"wp:attachment":[{"href":"https:\/\/news.save.ch\/en\/wp-json\/wp\/v2\/media?parent=1733"}],"wp:term":[{"taxonomy":"category","embeddable":true,"href":"https:\/\/news.save.ch\/en\/wp-json\/wp\/v2\/categories?post=1733"},{"taxonomy":"post_tag","embeddable":true,"href":"https:\/\/news.save.ch\/en\/wp-json\/wp\/v2\/tags?post=1733"}],"curies":[{"name":"wp","href":"https:\/\/api.w.org\/{rel}","templated":true}]}}