{"id":1741,"date":"2015-10-02T13:39:13","date_gmt":"2015-10-02T11:39:13","guid":{"rendered":"https:\/\/dev.sicherheitsforum.ch\/?p=1741"},"modified":"2015-10-02T13:39:13","modified_gmt":"2015-10-02T11:39:13","slug":"seetec-mit-neuer-struktur-auf-wachstumskurs","status":null,"type":"post","link":"https:\/\/news.save.ch\/en\/seetec-mit-neuer-struktur-auf-wachstumskurs\/","title":{"rendered":"SeeTec on course for growth with new structure"},"content":{"rendered":"<figure id=\"attachment_1743\" aria-describedby=\"caption-attachment-1743\" style=\"width: 667px\" class=\"wp-caption alignnone\"><img loading=\"lazy\" decoding=\"async\" class=\"wp-image-1743 size-medium\" src=\"https:\/\/news.save.ch\/wp-content\/uploads\/2016\/12\/SeeTec-mit-neuer-Struktur-auf-Wachstumskurs-sicherheitsforum.jpg\" width=\"667\" height=\"1000\" \/><figcaption id=\"caption-attachment-1743\" class=\"wp-caption-text\">The SeeTec management team Stephan Rasp<\/figcaption><\/figure>\n<figure id=\"attachment_1746\" aria-describedby=\"caption-attachment-1746\" style=\"width: 680px\" class=\"wp-caption alignnone\"><img loading=\"lazy\" decoding=\"async\" class=\"wp-image-1746 size-medium\" src=\"https:\/\/news.save.ch\/wp-content\/uploads\/2016\/12\/SeeTec-mit-neuer-Struktur-auf-Wachstumskurs2-sicherheitsforum.jpg\" width=\"680\" height=\"907\" \/><figcaption id=\"caption-attachment-1746\" class=\"wp-caption-text\">and Andreas Beerbaum<\/figcaption><\/figure>\n<p>By exploiting synergies in the area of technology and the possibility of providing even better support for international customers and partners, the merger has created the basis for future joint growth. This positive development is now being accelerated by additional funding of EUR 2 million. This will enable further investments, particularly in the area of technology, which will have an equal impact on products and solutions and thus promote the success of the group on a global level, as the two suppliers sum up.<\/p>\n<p>As part of the <a href=\"https:\/\/onssi.com\/\" target=\"_blank\" data-cke-saved-href=\"https:\/\/onssi.com\/\" rel=\"noopener\">OnSSI<\/a>-Group has the <a href=\"https:\/\/www.seetec.de\" target=\"_blank\" data-cke-saved-href=\"https:\/\/www.seetec.de\" rel=\"noopener\">SeeTec <\/a>in Germany changed its legal form from a stock corporation to a GmbH (limited liability company) at the beginning of September. Within the Group, this step leads to simplified structures and enables even more efficient cooperation.<\/p>\n<p>SeeTec GmbH is headed by Stephan Rasp and Andreas Beerbaum as managing directors. With these measures, says Rasp, SeeTec is well positioned for the challenges in the global market: \"The additional commitment of our financial partner, who has accompanied us for years, enables us to take important steps faster and thus lay the foundation for further growth. In particular, the expansion of personnel in software development that has already begun will allow us to rapidly advance our products so that, as the technology center of the OnSSI Group, we can continue to offer our customers groundbreaking solutions of professional quality in the future.\"<\/p>","protected":false},"excerpt":{"rendered":"<p>Durch die Nutzung von Synergien im Bereich Technologie und die M\u00f6glichkeit, internationale Kunden und Partner noch besser zu betreuen, habe der Zusammenschluss die Basis f\u00fcr zuk\u00fcnftiges gemeinsames Wachstum geschaffen. Beschleunigt werde diese positive Entwicklung nun durch zus\u00e4tzliche Finanzmittel von 2 Mio. Euro.\u00a0Das erm\u00f6glicht weitere Investitionen, insbesondere im Bereich Technologie, die sich auf die Produkte und [&hellip;]<\/p>\n","protected":false},"author":1,"featured_media":1743,"comment_status":"open","ping_status":"open","sticky":false,"template":"","format":"standard","meta":{"_acf_changed":false,"pgc_sgb_lightbox_settings":"","footnotes":""},"categories":[1],"tags":[65,78],"class_list":["post-1741","post","type-post","status-publish","format-standard","has-post-thumbnail","hentry","category-allgemein","tag-unternehmen","tag-videoueberwachung"],"acf":[],"hkrextid":null,"publication":null,"issue":null,"workflow":null,"startPage":null,"spitzmarke":null,"_posts_by_tag_page_fields":{"widget_title":"","widget_tags":""},"_at_widget":"1","_yoast_wpseo_primary_category":"1","_yoast_wpseo_focuskw_text_input":"SeeTec","_yoast_wpseo_opengraph-image":"https:\/\/news.save.ch\/wp-content\/uploads\/2016\/12\/SeeTec-mit-neuer-Struktur-auf-Wachstumskurs-sicherheitsforum.jpg","_yoast_wpseo_opengraph-description":"Mit der \u00dcbernahme der Mehrheit an SeeTec durch On-Net Surveillance Systems (OnSSI) hat sich im April dieses Jahres ein neuer Global Player im Bereich Videomanagement-Software formiert. Jetzt sei man auf Wachstumskurs, lassen die zwei Unternehmen wissen.","_yoast_wpseo_opengraph-title":"SeeTec mit neuer Struktur auf Wachstumskurs","enclosure":null,"_yoast_wpseo_twitter-title":null,"_yoast_wpseo_twitter-description":null,"_yoast_wpseo_twitter-image":null,"_wp_old_slug":null,"_yoast_wpseo_title":null,"_yoast_wpseo_canonical":null,"yoast_head":"<!-- This site is optimized with the Yoast SEO plugin v27.5 - https:\/\/yoast.com\/product\/yoast-seo-wordpress\/ -->\n<title>SeeTec mit neuer Struktur auf Wachstumskurs - Save<\/title>\n<meta name=\"description\" content=\"Mit der \u00dcbernahme der Mehrheit an SeeTec durch OnSSI hat sich ein neuer Global Player im Bereich Videomanagement-Software formiert.\" \/>\n<meta name=\"robots\" content=\"index, follow, max-snippet:-1, max-image-preview:large, max-video-preview:-1\" \/>\n<link rel=\"canonical\" href=\"https:\/\/news.save.ch\/en\/seetec-mit-neuer-struktur-auf-wachstumskurs\/\" \/>\n<meta property=\"og:locale\" content=\"en_US\" \/>\n<meta property=\"og:type\" content=\"article\" \/>\n<meta property=\"og:title\" content=\"SeeTec mit neuer Struktur auf Wachstumskurs\" \/>\n<meta property=\"og:description\" content=\"Mit der \u00dcbernahme der Mehrheit an SeeTec durch On-Net Surveillance Systems (OnSSI) hat sich im April dieses Jahres ein neuer Global Player im Bereich Videomanagement-Software formiert. Jetzt sei man auf Wachstumskurs, lassen die zwei Unternehmen wissen.\" \/>\n<meta property=\"og:url\" content=\"https:\/\/news.save.ch\/en\/seetec-mit-neuer-struktur-auf-wachstumskurs\/\" \/>\n<meta property=\"og:site_name\" content=\"Save\" \/>\n<meta property=\"article:published_time\" content=\"2015-10-02T11:39:13+00:00\" \/>\n<meta property=\"og:image\" content=\"https:\/\/news.save.ch\/wp-content\/uploads\/2016\/12\/SeeTec-mit-neuer-Struktur-auf-Wachstumskurs-sicherheitsforum.jpg\" \/>\n<meta name=\"author\" content=\"admin\" \/>\n<meta name=\"twitter:card\" content=\"summary_large_image\" \/>\n<meta name=\"twitter:label1\" content=\"Written by\" \/>\n\t<meta name=\"twitter:data1\" content=\"admin\" \/>\n\t<meta name=\"twitter:label2\" content=\"Est. reading time\" \/>\n\t<meta name=\"twitter:data2\" content=\"1 minute\" \/>\n<script type=\"application\/ld+json\" class=\"yoast-schema-graph\">{\"@context\":\"https:\\\/\\\/schema.org\",\"@graph\":[{\"@type\":\"Article\",\"@id\":\"https:\\\/\\\/news.save.ch\\\/seetec-mit-neuer-struktur-auf-wachstumskurs\\\/#article\",\"isPartOf\":{\"@id\":\"https:\\\/\\\/news.save.ch\\\/seetec-mit-neuer-struktur-auf-wachstumskurs\\\/\"},\"author\":{\"name\":\"admin\",\"@id\":\"https:\\\/\\\/news.save.ch\\\/de\\\/#\\\/schema\\\/person\\\/d49e199490bad7c70d64b9ab51142f2b\"},\"headline\":\"SeeTec mit neuer Struktur auf Wachstumskurs\",\"datePublished\":\"2015-10-02T11:39:13+00:00\",\"mainEntityOfPage\":{\"@id\":\"https:\\\/\\\/news.save.ch\\\/seetec-mit-neuer-struktur-auf-wachstumskurs\\\/\"},\"wordCount\":250,\"commentCount\":0,\"publisher\":{\"@id\":\"https:\\\/\\\/news.save.ch\\\/de\\\/#organization\"},\"image\":{\"@id\":\"https:\\\/\\\/news.save.ch\\\/seetec-mit-neuer-struktur-auf-wachstumskurs\\\/#primaryimage\"},\"thumbnailUrl\":\"https:\\\/\\\/news.save.ch\\\/wp-content\\\/uploads\\\/2016\\\/12\\\/SeeTec-mit-neuer-Struktur-auf-Wachstumskurs-sicherheitsforum-scaled-1-scaled.jpg\",\"keywords\":[\"Unternehmen\",\"Video\u00fcberwachung\"],\"articleSection\":[\"ALLGEMEIN\"],\"inLanguage\":\"en-US\"},{\"@type\":\"WebPage\",\"@id\":\"https:\\\/\\\/news.save.ch\\\/seetec-mit-neuer-struktur-auf-wachstumskurs\\\/\",\"url\":\"https:\\\/\\\/news.save.ch\\\/seetec-mit-neuer-struktur-auf-wachstumskurs\\\/\",\"name\":\"SeeTec mit neuer Struktur auf Wachstumskurs - Save\",\"isPartOf\":{\"@id\":\"https:\\\/\\\/news.save.ch\\\/de\\\/#website\"},\"primaryImageOfPage\":{\"@id\":\"https:\\\/\\\/news.save.ch\\\/seetec-mit-neuer-struktur-auf-wachstumskurs\\\/#primaryimage\"},\"image\":{\"@id\":\"https:\\\/\\\/news.save.ch\\\/seetec-mit-neuer-struktur-auf-wachstumskurs\\\/#primaryimage\"},\"thumbnailUrl\":\"https:\\\/\\\/news.save.ch\\\/wp-content\\\/uploads\\\/2016\\\/12\\\/SeeTec-mit-neuer-Struktur-auf-Wachstumskurs-sicherheitsforum-scaled-1-scaled.jpg\",\"datePublished\":\"2015-10-02T11:39:13+00:00\",\"description\":\"Mit der \u00dcbernahme der Mehrheit an SeeTec durch OnSSI hat sich ein neuer Global Player im Bereich Videomanagement-Software formiert.\",\"breadcrumb\":{\"@id\":\"https:\\\/\\\/news.save.ch\\\/seetec-mit-neuer-struktur-auf-wachstumskurs\\\/#breadcrumb\"},\"inLanguage\":\"en-US\",\"potentialAction\":[{\"@type\":\"ReadAction\",\"target\":[\"https:\\\/\\\/news.save.ch\\\/seetec-mit-neuer-struktur-auf-wachstumskurs\\\/\"]}]},{\"@type\":\"ImageObject\",\"inLanguage\":\"en-US\",\"@id\":\"https:\\\/\\\/news.save.ch\\\/seetec-mit-neuer-struktur-auf-wachstumskurs\\\/#primaryimage\",\"url\":\"https:\\\/\\\/news.save.ch\\\/wp-content\\\/uploads\\\/2016\\\/12\\\/SeeTec-mit-neuer-Struktur-auf-Wachstumskurs-sicherheitsforum-scaled-1-scaled.jpg\",\"contentUrl\":\"https:\\\/\\\/news.save.ch\\\/wp-content\\\/uploads\\\/2016\\\/12\\\/SeeTec-mit-neuer-Struktur-auf-Wachstumskurs-sicherheitsforum-scaled-1-scaled.jpg\",\"width\":933,\"height\":1400,\"caption\":\"Das SeeTec-Gesch\u00e4ftsf\u00fchrerteam Stephan Rasp\"},{\"@type\":\"BreadcrumbList\",\"@id\":\"https:\\\/\\\/news.save.ch\\\/seetec-mit-neuer-struktur-auf-wachstumskurs\\\/#breadcrumb\",\"itemListElement\":[{\"@type\":\"ListItem\",\"position\":1,\"name\":\"Home\",\"item\":\"https:\\\/\\\/news.save.ch\\\/de\\\/\"},{\"@type\":\"ListItem\",\"position\":2,\"name\":\"SeeTec mit neuer Struktur auf Wachstumskurs\"}]},{\"@type\":\"WebSite\",\"@id\":\"https:\\\/\\\/news.save.ch\\\/de\\\/#website\",\"url\":\"https:\\\/\\\/news.save.ch\\\/de\\\/\",\"name\":\"Save\",\"description\":\"Schweizer Fachzeitschrift f\u00fcr Sicherheit\",\"publisher\":{\"@id\":\"https:\\\/\\\/news.save.ch\\\/de\\\/#organization\"},\"potentialAction\":[{\"@type\":\"SearchAction\",\"target\":{\"@type\":\"EntryPoint\",\"urlTemplate\":\"https:\\\/\\\/news.save.ch\\\/de\\\/?s={search_term_string}\"},\"query-input\":{\"@type\":\"PropertyValueSpecification\",\"valueRequired\":true,\"valueName\":\"search_term_string\"}}],\"inLanguage\":\"en-US\"},{\"@type\":\"Organization\",\"@id\":\"https:\\\/\\\/news.save.ch\\\/de\\\/#organization\",\"name\":\"Sicherheitsforum\",\"url\":\"https:\\\/\\\/news.save.ch\\\/de\\\/\",\"logo\":{\"@type\":\"ImageObject\",\"inLanguage\":\"en-US\",\"@id\":\"https:\\\/\\\/news.save.ch\\\/de\\\/#\\\/schema\\\/logo\\\/image\\\/\",\"url\":\"https:\\\/\\\/news.save.ch\\\/wp-content\\\/uploads\\\/2022\\\/06\\\/Logo_SF_2012.png\",\"contentUrl\":\"https:\\\/\\\/news.save.ch\\\/wp-content\\\/uploads\\\/2022\\\/06\\\/Logo_SF_2012.png\",\"width\":1100,\"height\":91,\"caption\":\"Sicherheitsforum\"},\"image\":{\"@id\":\"https:\\\/\\\/news.save.ch\\\/de\\\/#\\\/schema\\\/logo\\\/image\\\/\"}},{\"@type\":\"Person\",\"@id\":\"https:\\\/\\\/news.save.ch\\\/de\\\/#\\\/schema\\\/person\\\/d49e199490bad7c70d64b9ab51142f2b\",\"name\":\"admin\",\"image\":{\"@type\":\"ImageObject\",\"inLanguage\":\"en-US\",\"@id\":\"https:\\\/\\\/secure.gravatar.com\\\/avatar\\\/ae2f4d718e6c49043e314ce431e7e645d646302a24a5ef5a8bc8e3f5a032e319?s=96&d=mm&r=g\",\"url\":\"https:\\\/\\\/secure.gravatar.com\\\/avatar\\\/ae2f4d718e6c49043e314ce431e7e645d646302a24a5ef5a8bc8e3f5a032e319?s=96&d=mm&r=g\",\"contentUrl\":\"https:\\\/\\\/secure.gravatar.com\\\/avatar\\\/ae2f4d718e6c49043e314ce431e7e645d646302a24a5ef5a8bc8e3f5a032e319?s=96&d=mm&r=g\",\"caption\":\"admin\"},\"sameAs\":[\"https:\\\/\\\/develop.organisator.galledia.ch\"],\"url\":\"https:\\\/\\\/news.save.ch\\\/en\\\/author\\\/admin\\\/\"}]}<\/script>\n<!-- \/ Yoast SEO plugin. -->","yoast_head_json":{"title":"SeeTec on course for growth with new structure - Save","description":"With the acquisition of a majority stake in SeeTec by OnSSI, a new global player has formed in the field of video management software.","robots":{"index":"index","follow":"follow","max-snippet":"max-snippet:-1","max-image-preview":"max-image-preview:large","max-video-preview":"max-video-preview:-1"},"canonical":"https:\/\/news.save.ch\/en\/seetec-mit-neuer-struktur-auf-wachstumskurs\/","og_locale":"en_US","og_type":"article","og_title":"SeeTec mit neuer Struktur auf Wachstumskurs","og_description":"Mit der \u00dcbernahme der Mehrheit an SeeTec durch On-Net Surveillance Systems (OnSSI) hat sich im April dieses Jahres ein neuer Global Player im Bereich Videomanagement-Software formiert. Jetzt sei man auf Wachstumskurs, lassen die zwei Unternehmen wissen.","og_url":"https:\/\/news.save.ch\/en\/seetec-mit-neuer-struktur-auf-wachstumskurs\/","og_site_name":"Save","article_published_time":"2015-10-02T11:39:13+00:00","og_image":[{"url":"https:\/\/news.save.ch\/wp-content\/uploads\/2016\/12\/SeeTec-mit-neuer-Struktur-auf-Wachstumskurs-sicherheitsforum.jpg","type":"","width":"","height":""}],"author":"admin","twitter_card":"summary_large_image","twitter_misc":{"Written by":"admin","Est. reading time":"1 minute"},"schema":{"@context":"https:\/\/schema.org","@graph":[{"@type":"Article","@id":"https:\/\/news.save.ch\/seetec-mit-neuer-struktur-auf-wachstumskurs\/#article","isPartOf":{"@id":"https:\/\/news.save.ch\/seetec-mit-neuer-struktur-auf-wachstumskurs\/"},"author":{"name":"admin","@id":"https:\/\/news.save.ch\/de\/#\/schema\/person\/d49e199490bad7c70d64b9ab51142f2b"},"headline":"SeeTec mit neuer Struktur auf Wachstumskurs","datePublished":"2015-10-02T11:39:13+00:00","mainEntityOfPage":{"@id":"https:\/\/news.save.ch\/seetec-mit-neuer-struktur-auf-wachstumskurs\/"},"wordCount":250,"commentCount":0,"publisher":{"@id":"https:\/\/news.save.ch\/de\/#organization"},"image":{"@id":"https:\/\/news.save.ch\/seetec-mit-neuer-struktur-auf-wachstumskurs\/#primaryimage"},"thumbnailUrl":"https:\/\/news.save.ch\/wp-content\/uploads\/2016\/12\/SeeTec-mit-neuer-Struktur-auf-Wachstumskurs-sicherheitsforum-scaled-1-scaled.jpg","keywords":["Unternehmen","Video\u00fcberwachung"],"articleSection":["ALLGEMEIN"],"inLanguage":"en-US"},{"@type":"WebPage","@id":"https:\/\/news.save.ch\/seetec-mit-neuer-struktur-auf-wachstumskurs\/","url":"https:\/\/news.save.ch\/seetec-mit-neuer-struktur-auf-wachstumskurs\/","name":"SeeTec on course for growth with new structure - Save","isPartOf":{"@id":"https:\/\/news.save.ch\/de\/#website"},"primaryImageOfPage":{"@id":"https:\/\/news.save.ch\/seetec-mit-neuer-struktur-auf-wachstumskurs\/#primaryimage"},"image":{"@id":"https:\/\/news.save.ch\/seetec-mit-neuer-struktur-auf-wachstumskurs\/#primaryimage"},"thumbnailUrl":"https:\/\/news.save.ch\/wp-content\/uploads\/2016\/12\/SeeTec-mit-neuer-Struktur-auf-Wachstumskurs-sicherheitsforum-scaled-1-scaled.jpg","datePublished":"2015-10-02T11:39:13+00:00","description":"With the acquisition of a majority stake in SeeTec by OnSSI, a new global player has formed in the field of video management software.","breadcrumb":{"@id":"https:\/\/news.save.ch\/seetec-mit-neuer-struktur-auf-wachstumskurs\/#breadcrumb"},"inLanguage":"en-US","potentialAction":[{"@type":"ReadAction","target":["https:\/\/news.save.ch\/seetec-mit-neuer-struktur-auf-wachstumskurs\/"]}]},{"@type":"ImageObject","inLanguage":"en-US","@id":"https:\/\/news.save.ch\/seetec-mit-neuer-struktur-auf-wachstumskurs\/#primaryimage","url":"https:\/\/news.save.ch\/wp-content\/uploads\/2016\/12\/SeeTec-mit-neuer-Struktur-auf-Wachstumskurs-sicherheitsforum-scaled-1-scaled.jpg","contentUrl":"https:\/\/news.save.ch\/wp-content\/uploads\/2016\/12\/SeeTec-mit-neuer-Struktur-auf-Wachstumskurs-sicherheitsforum-scaled-1-scaled.jpg","width":933,"height":1400,"caption":"Das SeeTec-Gesch\u00e4ftsf\u00fchrerteam Stephan Rasp"},{"@type":"BreadcrumbList","@id":"https:\/\/news.save.ch\/seetec-mit-neuer-struktur-auf-wachstumskurs\/#breadcrumb","itemListElement":[{"@type":"ListItem","position":1,"name":"Home","item":"https:\/\/news.save.ch\/de\/"},{"@type":"ListItem","position":2,"name":"SeeTec mit neuer Struktur auf Wachstumskurs"}]},{"@type":"WebSite","@id":"https:\/\/news.save.ch\/de\/#website","url":"https:\/\/news.save.ch\/de\/","name":"Save","description":"Swiss trade journal for safety","publisher":{"@id":"https:\/\/news.save.ch\/de\/#organization"},"potentialAction":[{"@type":"SearchAction","target":{"@type":"EntryPoint","urlTemplate":"https:\/\/news.save.ch\/de\/?s={search_term_string}"},"query-input":{"@type":"PropertyValueSpecification","valueRequired":true,"valueName":"search_term_string"}}],"inLanguage":"en-US"},{"@type":"Organization","@id":"https:\/\/news.save.ch\/de\/#organization","name":"Security Forum","url":"https:\/\/news.save.ch\/de\/","logo":{"@type":"ImageObject","inLanguage":"en-US","@id":"https:\/\/news.save.ch\/de\/#\/schema\/logo\/image\/","url":"https:\/\/news.save.ch\/wp-content\/uploads\/2022\/06\/Logo_SF_2012.png","contentUrl":"https:\/\/news.save.ch\/wp-content\/uploads\/2022\/06\/Logo_SF_2012.png","width":1100,"height":91,"caption":"Sicherheitsforum"},"image":{"@id":"https:\/\/news.save.ch\/de\/#\/schema\/logo\/image\/"}},{"@type":"Person","@id":"https:\/\/news.save.ch\/de\/#\/schema\/person\/d49e199490bad7c70d64b9ab51142f2b","name":"admin","image":{"@type":"ImageObject","inLanguage":"en-US","@id":"https:\/\/secure.gravatar.com\/avatar\/ae2f4d718e6c49043e314ce431e7e645d646302a24a5ef5a8bc8e3f5a032e319?s=96&d=mm&r=g","url":"https:\/\/secure.gravatar.com\/avatar\/ae2f4d718e6c49043e314ce431e7e645d646302a24a5ef5a8bc8e3f5a032e319?s=96&d=mm&r=g","contentUrl":"https:\/\/secure.gravatar.com\/avatar\/ae2f4d718e6c49043e314ce431e7e645d646302a24a5ef5a8bc8e3f5a032e319?s=96&d=mm&r=g","caption":"admin"},"sameAs":["https:\/\/develop.organisator.galledia.ch"],"url":"https:\/\/news.save.ch\/en\/author\/admin\/"}]}},"_links":{"self":[{"href":"https:\/\/news.save.ch\/en\/wp-json\/wp\/v2\/posts\/1741","targetHints":{"allow":["GET"]}}],"collection":[{"href":"https:\/\/news.save.ch\/en\/wp-json\/wp\/v2\/posts"}],"about":[{"href":"https:\/\/news.save.ch\/en\/wp-json\/wp\/v2\/types\/post"}],"author":[{"embeddable":true,"href":"https:\/\/news.save.ch\/en\/wp-json\/wp\/v2\/users\/1"}],"replies":[{"embeddable":true,"href":"https:\/\/news.save.ch\/en\/wp-json\/wp\/v2\/comments?post=1741"}],"version-history":[{"count":0,"href":"https:\/\/news.save.ch\/en\/wp-json\/wp\/v2\/posts\/1741\/revisions"}],"wp:featuredmedia":[{"embeddable":true,"href":"https:\/\/news.save.ch\/en\/wp-json\/wp\/v2\/media\/1743"}],"wp:attachment":[{"href":"https:\/\/news.save.ch\/en\/wp-json\/wp\/v2\/media?parent=1741"}],"wp:term":[{"taxonomy":"category","embeddable":true,"href":"https:\/\/news.save.ch\/en\/wp-json\/wp\/v2\/categories?post=1741"},{"taxonomy":"post_tag","embeddable":true,"href":"https:\/\/news.save.ch\/en\/wp-json\/wp\/v2\/tags?post=1741"}],"curies":[{"name":"wp","href":"https:\/\/api.w.org\/{rel}","templated":true}]}}