{"id":1750,"date":"2015-10-02T13:41:31","date_gmt":"2015-10-02T11:41:31","guid":{"rendered":"https:\/\/dev.sicherheitsforum.ch\/?p=1750"},"modified":"2015-10-02T13:41:31","modified_gmt":"2015-10-02T11:41:31","slug":"swisscom-broadcast-uebernimmt-vertrieb-der-dallmeier-videosysteme","status":null,"type":"post","link":"https:\/\/news.save.ch\/en\/swisscom-broadcast-uebernimmt-vertrieb-der-dallmeier-videosysteme\/","title":{"rendered":"Swisscom Broadcast takes over distribution of Dallmeier video systems"},"content":{"rendered":"<figure id=\"attachment_1751\" aria-describedby=\"caption-attachment-1751\" style=\"width: 680px\" class=\"wp-caption alignnone\"><img loading=\"lazy\" decoding=\"async\" class=\"wp-image-1751 size-medium\" src=\"https:\/\/news.save.ch\/wp-content\/uploads\/2016\/12\/Swisscom-Broadcast-\u00fcbernimmt-Vertrieb-der-Dallmeier-Videosysteme-sicherheitsforum.jpg\" width=\"680\" height=\"457\" \/><figcaption id=\"caption-attachment-1751\" class=\"wp-caption-text\">Panomera system for video surveillance<\/figcaption><\/figure>\n<p>The company Divinet will be \"shut down\" according to CEO Andreas Lustenberger. He himself will become <a href=\"https:\/\/www.swisscom.ch\/broadcast\" target=\"_blank\" data-cke-saved-href=\"https:\/\/www.swisscom.ch\/broadcast\" rel=\"noopener\">Swisscom Broadcast <\/a>and will be responsible for the Products and Sales division of the <a href=\"https:\/\/www.dallmeier.com\" target=\"_blank\" data-cke-saved-href=\"https:\/\/www.dallmeier.com\" rel=\"noopener\">Dallmeier<\/a>-systems will be responsible.<\/p>\n<p>By taking over the distribution of Dallmeier video systems, Swisscom Broadcast expands its product portfolio in the field of video surveillance. In this context, the multifocal sensor system Panomera is particularly highlighted. This has been developed in particular for the area-wide video surveillance of extensive areas and objects. It can be used to display large stadiums, highways or parking areas in a completely new resolution quality. Transmission takes place in real time and at high frame rates. Different Panomera models are available depending on the area of application.<\/p>\n<p>With Swisscom Broadcast, interested parties have a team of specialists at their side who ensure that the complex requirements in the area of video technology are met, as the provider also emphasizes. Customers can also benefit from other business models and other advantages, such as the Network Management Center (NMC), which monitors all services around the clock throughout Switzerland.<\/p>","protected":false},"excerpt":{"rendered":"<p>Das Unternehmen Divinet wird gem\u00e4ss Angaben von Gesch\u00e4ftsf\u00fchrer Andreas Lustenberger \u201estillgelegt\u201c. Er selbst werde zu Swisscom Broadcast wechseln und dort f\u00fcr den Bereich Produkte und Vertrieb der Dallmeier-Systeme zust\u00e4ndig sein. Mit der \u00dcbernahme des Vertriebs der Dallmeier-Videosysteme erweitert Swisscom Broadcast das\u00a0Produktportfolio im Bereich Video\u00fcberwachung. In diesem Zusammenhang wird besonders das Multifocal-Sensorsystem Panomera hervorgehoben. Dieses sei [&hellip;]<\/p>\n","protected":false},"author":1,"featured_media":1751,"comment_status":"open","ping_status":"open","sticky":false,"template":"","format":"standard","meta":{"_acf_changed":false,"pgc_sgb_lightbox_settings":"","footnotes":""},"categories":[1],"tags":[65,78],"class_list":["post-1750","post","type-post","status-publish","format-standard","has-post-thumbnail","hentry","category-allgemein","tag-unternehmen","tag-videoueberwachung"],"acf":[],"hkrextid":null,"publication":null,"issue":null,"workflow":null,"startPage":null,"spitzmarke":null,"_posts_by_tag_page_fields":{"widget_title":"","widget_tags":""},"_at_widget":"1","_yoast_wpseo_primary_category":"1","_yoast_wpseo_focuskw_text_input":"Dallmeier-Videosysteme","_yoast_wpseo_opengraph-image":"https:\/\/news.save.ch\/wp-content\/uploads\/2016\/12\/Swisscom-Broadcast-\u00fcbernimmt-Vertrieb-der-Dallmeier-Videosysteme-sicherheitsforum.jpg","_yoast_wpseo_opengraph-description":"Per 1. November 2015 \u00fcbernimmt die Swisscom Broadcast AG von der Divinet GmbH den Vertrieb der Dallmeier-Videosysteme f\u00fcr die Schweiz.","_yoast_wpseo_opengraph-title":"Swisscom Broadcast \u00fcbernimmt Vertrieb der Dallmeier-Videosysteme","enclosure":null,"_yoast_wpseo_twitter-title":null,"_yoast_wpseo_twitter-description":null,"_yoast_wpseo_twitter-image":null,"_wp_old_slug":null,"_yoast_wpseo_title":null,"_yoast_wpseo_canonical":null,"yoast_head":"<!-- This site is optimized with the Yoast SEO plugin v27.5 - https:\/\/yoast.com\/product\/yoast-seo-wordpress\/ -->\n<title>Swisscom Broadcast \u00fcbernimmt Vertrieb der Dallmeier-Videosysteme - Save<\/title>\n<meta name=\"description\" content=\"Per 1. November 2015 \u00fcbernimmt die Swisscom Broadcast AG von der Divinet GmbH den Vertrieb der Dallmeier-Videosysteme f\u00fcr die Schweiz.\" \/>\n<meta name=\"robots\" content=\"index, follow, max-snippet:-1, max-image-preview:large, max-video-preview:-1\" \/>\n<link rel=\"canonical\" href=\"https:\/\/news.save.ch\/en\/swisscom-broadcast-uebernimmt-vertrieb-der-dallmeier-videosysteme\/\" \/>\n<meta property=\"og:locale\" content=\"en_US\" \/>\n<meta property=\"og:type\" content=\"article\" \/>\n<meta property=\"og:title\" content=\"Swisscom Broadcast \u00fcbernimmt Vertrieb der Dallmeier-Videosysteme\" \/>\n<meta property=\"og:description\" content=\"Per 1. November 2015 \u00fcbernimmt die Swisscom Broadcast AG von der Divinet GmbH den Vertrieb der Dallmeier-Videosysteme f\u00fcr die Schweiz.\" \/>\n<meta property=\"og:url\" content=\"https:\/\/news.save.ch\/en\/swisscom-broadcast-uebernimmt-vertrieb-der-dallmeier-videosysteme\/\" \/>\n<meta property=\"og:site_name\" content=\"Save\" \/>\n<meta property=\"article:published_time\" content=\"2015-10-02T11:41:31+00:00\" \/>\n<meta property=\"og:image\" content=\"https:\/\/news.save.ch\/wp-content\/uploads\/2016\/12\/Swisscom-Broadcast-\u00fcbernimmt-Vertrieb-der-Dallmeier-Videosysteme-sicherheitsforum.jpg\" \/>\n<meta name=\"author\" content=\"admin\" \/>\n<meta name=\"twitter:card\" content=\"summary_large_image\" \/>\n<meta name=\"twitter:label1\" content=\"Written by\" \/>\n\t<meta name=\"twitter:data1\" content=\"admin\" \/>\n\t<meta name=\"twitter:label2\" content=\"Est. reading time\" \/>\n\t<meta name=\"twitter:data2\" content=\"1 minute\" \/>\n<script type=\"application\/ld+json\" class=\"yoast-schema-graph\">{\"@context\":\"https:\\\/\\\/schema.org\",\"@graph\":[{\"@type\":\"Article\",\"@id\":\"https:\\\/\\\/news.save.ch\\\/swisscom-broadcast-uebernimmt-vertrieb-der-dallmeier-videosysteme\\\/#article\",\"isPartOf\":{\"@id\":\"https:\\\/\\\/news.save.ch\\\/swisscom-broadcast-uebernimmt-vertrieb-der-dallmeier-videosysteme\\\/\"},\"author\":{\"name\":\"admin\",\"@id\":\"https:\\\/\\\/news.save.ch\\\/de\\\/#\\\/schema\\\/person\\\/d49e199490bad7c70d64b9ab51142f2b\"},\"headline\":\"Swisscom Broadcast \u00fcbernimmt Vertrieb der Dallmeier-Videosysteme\",\"datePublished\":\"2015-10-02T11:41:31+00:00\",\"mainEntityOfPage\":{\"@id\":\"https:\\\/\\\/news.save.ch\\\/swisscom-broadcast-uebernimmt-vertrieb-der-dallmeier-videosysteme\\\/\"},\"wordCount\":183,\"commentCount\":0,\"publisher\":{\"@id\":\"https:\\\/\\\/news.save.ch\\\/de\\\/#organization\"},\"image\":{\"@id\":\"https:\\\/\\\/news.save.ch\\\/swisscom-broadcast-uebernimmt-vertrieb-der-dallmeier-videosysteme\\\/#primaryimage\"},\"thumbnailUrl\":\"https:\\\/\\\/news.save.ch\\\/wp-content\\\/uploads\\\/2016\\\/12\\\/Swisscom-Broadcast-uebernimmt-Vertrieb-der-Dallmeier-Videosysteme-sicherheitsforum.jpg\",\"keywords\":[\"Unternehmen\",\"Video\u00fcberwachung\"],\"articleSection\":[\"ALLGEMEIN\"],\"inLanguage\":\"en-US\"},{\"@type\":\"WebPage\",\"@id\":\"https:\\\/\\\/news.save.ch\\\/swisscom-broadcast-uebernimmt-vertrieb-der-dallmeier-videosysteme\\\/\",\"url\":\"https:\\\/\\\/news.save.ch\\\/swisscom-broadcast-uebernimmt-vertrieb-der-dallmeier-videosysteme\\\/\",\"name\":\"Swisscom Broadcast \u00fcbernimmt Vertrieb der Dallmeier-Videosysteme - Save\",\"isPartOf\":{\"@id\":\"https:\\\/\\\/news.save.ch\\\/de\\\/#website\"},\"primaryImageOfPage\":{\"@id\":\"https:\\\/\\\/news.save.ch\\\/swisscom-broadcast-uebernimmt-vertrieb-der-dallmeier-videosysteme\\\/#primaryimage\"},\"image\":{\"@id\":\"https:\\\/\\\/news.save.ch\\\/swisscom-broadcast-uebernimmt-vertrieb-der-dallmeier-videosysteme\\\/#primaryimage\"},\"thumbnailUrl\":\"https:\\\/\\\/news.save.ch\\\/wp-content\\\/uploads\\\/2016\\\/12\\\/Swisscom-Broadcast-uebernimmt-Vertrieb-der-Dallmeier-Videosysteme-sicherheitsforum.jpg\",\"datePublished\":\"2015-10-02T11:41:31+00:00\",\"description\":\"Per 1. November 2015 \u00fcbernimmt die Swisscom Broadcast AG von der Divinet GmbH den Vertrieb der Dallmeier-Videosysteme f\u00fcr die Schweiz.\",\"breadcrumb\":{\"@id\":\"https:\\\/\\\/news.save.ch\\\/swisscom-broadcast-uebernimmt-vertrieb-der-dallmeier-videosysteme\\\/#breadcrumb\"},\"inLanguage\":\"en-US\",\"potentialAction\":[{\"@type\":\"ReadAction\",\"target\":[\"https:\\\/\\\/news.save.ch\\\/swisscom-broadcast-uebernimmt-vertrieb-der-dallmeier-videosysteme\\\/\"]}]},{\"@type\":\"ImageObject\",\"inLanguage\":\"en-US\",\"@id\":\"https:\\\/\\\/news.save.ch\\\/swisscom-broadcast-uebernimmt-vertrieb-der-dallmeier-videosysteme\\\/#primaryimage\",\"url\":\"https:\\\/\\\/news.save.ch\\\/wp-content\\\/uploads\\\/2016\\\/12\\\/Swisscom-Broadcast-uebernimmt-Vertrieb-der-Dallmeier-Videosysteme-sicherheitsforum.jpg\",\"contentUrl\":\"https:\\\/\\\/news.save.ch\\\/wp-content\\\/uploads\\\/2016\\\/12\\\/Swisscom-Broadcast-uebernimmt-Vertrieb-der-Dallmeier-Videosysteme-sicherheitsforum.jpg\",\"width\":945,\"height\":635,\"caption\":\"Panomera-System f\u00fcr die Video\u00fcberwachung\"},{\"@type\":\"BreadcrumbList\",\"@id\":\"https:\\\/\\\/news.save.ch\\\/swisscom-broadcast-uebernimmt-vertrieb-der-dallmeier-videosysteme\\\/#breadcrumb\",\"itemListElement\":[{\"@type\":\"ListItem\",\"position\":1,\"name\":\"Home\",\"item\":\"https:\\\/\\\/news.save.ch\\\/de\\\/\"},{\"@type\":\"ListItem\",\"position\":2,\"name\":\"Swisscom Broadcast \u00fcbernimmt Vertrieb der Dallmeier-Videosysteme\"}]},{\"@type\":\"WebSite\",\"@id\":\"https:\\\/\\\/news.save.ch\\\/de\\\/#website\",\"url\":\"https:\\\/\\\/news.save.ch\\\/de\\\/\",\"name\":\"Save\",\"description\":\"Schweizer Fachzeitschrift f\u00fcr Sicherheit\",\"publisher\":{\"@id\":\"https:\\\/\\\/news.save.ch\\\/de\\\/#organization\"},\"potentialAction\":[{\"@type\":\"SearchAction\",\"target\":{\"@type\":\"EntryPoint\",\"urlTemplate\":\"https:\\\/\\\/news.save.ch\\\/de\\\/?s={search_term_string}\"},\"query-input\":{\"@type\":\"PropertyValueSpecification\",\"valueRequired\":true,\"valueName\":\"search_term_string\"}}],\"inLanguage\":\"en-US\"},{\"@type\":\"Organization\",\"@id\":\"https:\\\/\\\/news.save.ch\\\/de\\\/#organization\",\"name\":\"Sicherheitsforum\",\"url\":\"https:\\\/\\\/news.save.ch\\\/de\\\/\",\"logo\":{\"@type\":\"ImageObject\",\"inLanguage\":\"en-US\",\"@id\":\"https:\\\/\\\/news.save.ch\\\/de\\\/#\\\/schema\\\/logo\\\/image\\\/\",\"url\":\"https:\\\/\\\/news.save.ch\\\/wp-content\\\/uploads\\\/2022\\\/06\\\/Logo_SF_2012.png\",\"contentUrl\":\"https:\\\/\\\/news.save.ch\\\/wp-content\\\/uploads\\\/2022\\\/06\\\/Logo_SF_2012.png\",\"width\":1100,\"height\":91,\"caption\":\"Sicherheitsforum\"},\"image\":{\"@id\":\"https:\\\/\\\/news.save.ch\\\/de\\\/#\\\/schema\\\/logo\\\/image\\\/\"}},{\"@type\":\"Person\",\"@id\":\"https:\\\/\\\/news.save.ch\\\/de\\\/#\\\/schema\\\/person\\\/d49e199490bad7c70d64b9ab51142f2b\",\"name\":\"admin\",\"image\":{\"@type\":\"ImageObject\",\"inLanguage\":\"en-US\",\"@id\":\"https:\\\/\\\/secure.gravatar.com\\\/avatar\\\/ae2f4d718e6c49043e314ce431e7e645d646302a24a5ef5a8bc8e3f5a032e319?s=96&d=mm&r=g\",\"url\":\"https:\\\/\\\/secure.gravatar.com\\\/avatar\\\/ae2f4d718e6c49043e314ce431e7e645d646302a24a5ef5a8bc8e3f5a032e319?s=96&d=mm&r=g\",\"contentUrl\":\"https:\\\/\\\/secure.gravatar.com\\\/avatar\\\/ae2f4d718e6c49043e314ce431e7e645d646302a24a5ef5a8bc8e3f5a032e319?s=96&d=mm&r=g\",\"caption\":\"admin\"},\"sameAs\":[\"https:\\\/\\\/develop.organisator.galledia.ch\"],\"url\":\"https:\\\/\\\/news.save.ch\\\/en\\\/author\\\/admin\\\/\"}]}<\/script>\n<!-- \/ Yoast SEO plugin. -->","yoast_head_json":{"title":"Swisscom Broadcast takes over distribution of Dallmeier video systems - Save","description":"As of November 1, 2015, Swisscom Broadcast AG will take over the distribution of Dallmeier video systems for Switzerland from Divinet GmbH.","robots":{"index":"index","follow":"follow","max-snippet":"max-snippet:-1","max-image-preview":"max-image-preview:large","max-video-preview":"max-video-preview:-1"},"canonical":"https:\/\/news.save.ch\/en\/swisscom-broadcast-uebernimmt-vertrieb-der-dallmeier-videosysteme\/","og_locale":"en_US","og_type":"article","og_title":"Swisscom Broadcast \u00fcbernimmt Vertrieb der Dallmeier-Videosysteme","og_description":"Per 1. November 2015 \u00fcbernimmt die Swisscom Broadcast AG von der Divinet GmbH den Vertrieb der Dallmeier-Videosysteme f\u00fcr die Schweiz.","og_url":"https:\/\/news.save.ch\/en\/swisscom-broadcast-uebernimmt-vertrieb-der-dallmeier-videosysteme\/","og_site_name":"Save","article_published_time":"2015-10-02T11:41:31+00:00","og_image":[{"url":"https:\/\/news.save.ch\/wp-content\/uploads\/2016\/12\/Swisscom-Broadcast-\u00fcbernimmt-Vertrieb-der-Dallmeier-Videosysteme-sicherheitsforum.jpg","type":"","width":"","height":""}],"author":"admin","twitter_card":"summary_large_image","twitter_misc":{"Written by":"admin","Est. reading time":"1 minute"},"schema":{"@context":"https:\/\/schema.org","@graph":[{"@type":"Article","@id":"https:\/\/news.save.ch\/swisscom-broadcast-uebernimmt-vertrieb-der-dallmeier-videosysteme\/#article","isPartOf":{"@id":"https:\/\/news.save.ch\/swisscom-broadcast-uebernimmt-vertrieb-der-dallmeier-videosysteme\/"},"author":{"name":"admin","@id":"https:\/\/news.save.ch\/de\/#\/schema\/person\/d49e199490bad7c70d64b9ab51142f2b"},"headline":"Swisscom Broadcast \u00fcbernimmt Vertrieb der Dallmeier-Videosysteme","datePublished":"2015-10-02T11:41:31+00:00","mainEntityOfPage":{"@id":"https:\/\/news.save.ch\/swisscom-broadcast-uebernimmt-vertrieb-der-dallmeier-videosysteme\/"},"wordCount":183,"commentCount":0,"publisher":{"@id":"https:\/\/news.save.ch\/de\/#organization"},"image":{"@id":"https:\/\/news.save.ch\/swisscom-broadcast-uebernimmt-vertrieb-der-dallmeier-videosysteme\/#primaryimage"},"thumbnailUrl":"https:\/\/news.save.ch\/wp-content\/uploads\/2016\/12\/Swisscom-Broadcast-uebernimmt-Vertrieb-der-Dallmeier-Videosysteme-sicherheitsforum.jpg","keywords":["Unternehmen","Video\u00fcberwachung"],"articleSection":["ALLGEMEIN"],"inLanguage":"en-US"},{"@type":"WebPage","@id":"https:\/\/news.save.ch\/swisscom-broadcast-uebernimmt-vertrieb-der-dallmeier-videosysteme\/","url":"https:\/\/news.save.ch\/swisscom-broadcast-uebernimmt-vertrieb-der-dallmeier-videosysteme\/","name":"Swisscom Broadcast takes over distribution of Dallmeier video systems - Save","isPartOf":{"@id":"https:\/\/news.save.ch\/de\/#website"},"primaryImageOfPage":{"@id":"https:\/\/news.save.ch\/swisscom-broadcast-uebernimmt-vertrieb-der-dallmeier-videosysteme\/#primaryimage"},"image":{"@id":"https:\/\/news.save.ch\/swisscom-broadcast-uebernimmt-vertrieb-der-dallmeier-videosysteme\/#primaryimage"},"thumbnailUrl":"https:\/\/news.save.ch\/wp-content\/uploads\/2016\/12\/Swisscom-Broadcast-uebernimmt-Vertrieb-der-Dallmeier-Videosysteme-sicherheitsforum.jpg","datePublished":"2015-10-02T11:41:31+00:00","description":"As of November 1, 2015, Swisscom Broadcast AG will take over the distribution of Dallmeier video systems for Switzerland from Divinet GmbH.","breadcrumb":{"@id":"https:\/\/news.save.ch\/swisscom-broadcast-uebernimmt-vertrieb-der-dallmeier-videosysteme\/#breadcrumb"},"inLanguage":"en-US","potentialAction":[{"@type":"ReadAction","target":["https:\/\/news.save.ch\/swisscom-broadcast-uebernimmt-vertrieb-der-dallmeier-videosysteme\/"]}]},{"@type":"ImageObject","inLanguage":"en-US","@id":"https:\/\/news.save.ch\/swisscom-broadcast-uebernimmt-vertrieb-der-dallmeier-videosysteme\/#primaryimage","url":"https:\/\/news.save.ch\/wp-content\/uploads\/2016\/12\/Swisscom-Broadcast-uebernimmt-Vertrieb-der-Dallmeier-Videosysteme-sicherheitsforum.jpg","contentUrl":"https:\/\/news.save.ch\/wp-content\/uploads\/2016\/12\/Swisscom-Broadcast-uebernimmt-Vertrieb-der-Dallmeier-Videosysteme-sicherheitsforum.jpg","width":945,"height":635,"caption":"Panomera-System f\u00fcr die Video\u00fcberwachung"},{"@type":"BreadcrumbList","@id":"https:\/\/news.save.ch\/swisscom-broadcast-uebernimmt-vertrieb-der-dallmeier-videosysteme\/#breadcrumb","itemListElement":[{"@type":"ListItem","position":1,"name":"Home","item":"https:\/\/news.save.ch\/de\/"},{"@type":"ListItem","position":2,"name":"Swisscom Broadcast \u00fcbernimmt Vertrieb der Dallmeier-Videosysteme"}]},{"@type":"WebSite","@id":"https:\/\/news.save.ch\/de\/#website","url":"https:\/\/news.save.ch\/de\/","name":"Save","description":"Swiss trade journal for safety","publisher":{"@id":"https:\/\/news.save.ch\/de\/#organization"},"potentialAction":[{"@type":"SearchAction","target":{"@type":"EntryPoint","urlTemplate":"https:\/\/news.save.ch\/de\/?s={search_term_string}"},"query-input":{"@type":"PropertyValueSpecification","valueRequired":true,"valueName":"search_term_string"}}],"inLanguage":"en-US"},{"@type":"Organization","@id":"https:\/\/news.save.ch\/de\/#organization","name":"Security Forum","url":"https:\/\/news.save.ch\/de\/","logo":{"@type":"ImageObject","inLanguage":"en-US","@id":"https:\/\/news.save.ch\/de\/#\/schema\/logo\/image\/","url":"https:\/\/news.save.ch\/wp-content\/uploads\/2022\/06\/Logo_SF_2012.png","contentUrl":"https:\/\/news.save.ch\/wp-content\/uploads\/2022\/06\/Logo_SF_2012.png","width":1100,"height":91,"caption":"Sicherheitsforum"},"image":{"@id":"https:\/\/news.save.ch\/de\/#\/schema\/logo\/image\/"}},{"@type":"Person","@id":"https:\/\/news.save.ch\/de\/#\/schema\/person\/d49e199490bad7c70d64b9ab51142f2b","name":"admin","image":{"@type":"ImageObject","inLanguage":"en-US","@id":"https:\/\/secure.gravatar.com\/avatar\/ae2f4d718e6c49043e314ce431e7e645d646302a24a5ef5a8bc8e3f5a032e319?s=96&d=mm&r=g","url":"https:\/\/secure.gravatar.com\/avatar\/ae2f4d718e6c49043e314ce431e7e645d646302a24a5ef5a8bc8e3f5a032e319?s=96&d=mm&r=g","contentUrl":"https:\/\/secure.gravatar.com\/avatar\/ae2f4d718e6c49043e314ce431e7e645d646302a24a5ef5a8bc8e3f5a032e319?s=96&d=mm&r=g","caption":"admin"},"sameAs":["https:\/\/develop.organisator.galledia.ch"],"url":"https:\/\/news.save.ch\/en\/author\/admin\/"}]}},"_links":{"self":[{"href":"https:\/\/news.save.ch\/en\/wp-json\/wp\/v2\/posts\/1750","targetHints":{"allow":["GET"]}}],"collection":[{"href":"https:\/\/news.save.ch\/en\/wp-json\/wp\/v2\/posts"}],"about":[{"href":"https:\/\/news.save.ch\/en\/wp-json\/wp\/v2\/types\/post"}],"author":[{"embeddable":true,"href":"https:\/\/news.save.ch\/en\/wp-json\/wp\/v2\/users\/1"}],"replies":[{"embeddable":true,"href":"https:\/\/news.save.ch\/en\/wp-json\/wp\/v2\/comments?post=1750"}],"version-history":[{"count":0,"href":"https:\/\/news.save.ch\/en\/wp-json\/wp\/v2\/posts\/1750\/revisions"}],"wp:featuredmedia":[{"embeddable":true,"href":"https:\/\/news.save.ch\/en\/wp-json\/wp\/v2\/media\/1751"}],"wp:attachment":[{"href":"https:\/\/news.save.ch\/en\/wp-json\/wp\/v2\/media?parent=1750"}],"wp:term":[{"taxonomy":"category","embeddable":true,"href":"https:\/\/news.save.ch\/en\/wp-json\/wp\/v2\/categories?post=1750"},{"taxonomy":"post_tag","embeddable":true,"href":"https:\/\/news.save.ch\/en\/wp-json\/wp\/v2\/tags?post=1750"}],"curies":[{"name":"wp","href":"https:\/\/api.w.org\/{rel}","templated":true}]}}