{"id":188,"date":"2015-04-07T10:03:12","date_gmt":"2015-04-07T08:03:12","guid":{"rendered":"http:\/\/dev.safety-plus.ch\/?p=188"},"modified":"2015-04-07T10:03:12","modified_gmt":"2015-04-07T08:03:12","slug":"neuer-geschaeftsfuehrer-bei-der-sgas","status":null,"type":"post","link":"https:\/\/news.save.ch\/en\/neuer-geschaeftsfuehrer-bei-der-sgas\/","title":{"rendered":"New Managing Director at SGAS"},"content":{"rendered":"<figure id=\"attachment_191\" aria-describedby=\"caption-attachment-191\" style=\"width: 300px\" class=\"wp-caption alignnone\"><img loading=\"lazy\" decoding=\"async\" class=\"wp-image-191 size-full\" src=\"http:\/\/develop.safety-plus.ch\/wp-content\/uploads\/2016\/12\/Neuer_Geschaeftsfuehrer_bei_der_SGAS_safety-plus.png\" alt=\"Bruno Albrecht, new Managing Director at SGAS\" width=\"300\" height=\"415\" srcset=\"https:\/\/news.save.ch\/wp-content\/uploads\/2016\/12\/Neuer_Geschaeftsfuehrer_bei_der_SGAS_safety-plus.png 300w, https:\/\/news.save.ch\/wp-content\/uploads\/2016\/12\/Neuer_Geschaeftsfuehrer_bei_der_SGAS_safety-plus-9x12.png 9w, https:\/\/news.save.ch\/wp-content\/uploads\/2016\/12\/Neuer_Geschaeftsfuehrer_bei_der_SGAS_safety-plus-217x300.png 217w, https:\/\/news.save.ch\/wp-content\/uploads\/2016\/12\/Neuer_Geschaeftsfuehrer_bei_der_SGAS_safety-plus-253x350.png 253w\" sizes=\"auto, (max-width: 300px) 100vw, 300px\" \/><figcaption id=\"caption-attachment-191\" class=\"wp-caption-text\">Bruno Albrecht, new Managing Director at SGAS<\/figcaption><\/figure>\n<p>Dr. Bruno Albrecht is taking over as the new Managing Director of the Swiss Society for Occupational Safety (SGAS). This was announced by President Martin H\u00e4fliger at the 31st General Assembly of the SGAS on March 26.<\/p>\n<p>Albrecht is no stranger to the SGAS: As an actuary, he already proves himself in the board of the society. He is also on the staff of Agroscope, the Swiss Competence Center for Research in Agriculture, Food and Environment.<\/p>\n<p>For the time being, the office of the managing director is limited to a 20% workload. If the number of members is to continue to increase as planned, the workload will gradually be expanded to 100 %, says H\u00e4fliger.<\/p>","protected":false},"excerpt":{"rendered":"<p>Dr. Bruno Albrecht \u00fcbernimmt neu die Aufgabe als Gesch\u00e4ftsf\u00fchrer der\u00a0Schweizerischen Gesellschaft f\u00fcr Arbeitssicherheit (SGAS). Dies gab Pr\u00e4sident Martin H\u00e4fliger an der 31. Generalversammlung der SGAS vom 26. M\u00e4rz\u00a0bekannt. Albrecht ist kein Unbekannter in der SGAS: Als Aktuar\u00a0bew\u00e4hrt\u00a0er sich bereits im Vorstand der Gesellschaft. Er ist ausserdem beim\u00a0Schweizer Kompetenzzentrum f\u00fcr Forschung in den Gebieten\u00a0Landwirtschaft, Ern\u00e4hrung und [&hellip;]<\/p>\n","protected":false},"author":1,"featured_media":191,"comment_status":"open","ping_status":"open","sticky":false,"template":"","format":"standard","meta":{"_acf_changed":false,"pgc_sgb_lightbox_settings":"","footnotes":""},"categories":[1],"tags":[142,144,66,143],"class_list":["post-188","post","type-post","status-publish","format-standard","has-post-thumbnail","hentry","category-allgemein","tag-institutionen","tag-personalien","tag-verbaende","tag-vereine"],"acf":[],"hkrextid":null,"publication":null,"issue":null,"workflow":null,"startPage":null,"spitzmarke":null,"_posts_by_tag_page_fields":{"widget_title":"","widget_tags":""},"_at_widget":"1","_yoast_wpseo_primary_category":"1","_yoast_wpseo_focuskw_text_input":"Neuer Gesch\u00e4ftsf\u00fchrer bei der SGAS","_yoast_wpseo_opengraph-image":null,"_yoast_wpseo_opengraph-description":null,"_yoast_wpseo_opengraph-title":null,"enclosure":null,"_yoast_wpseo_twitter-title":null,"_yoast_wpseo_twitter-description":null,"_yoast_wpseo_twitter-image":null,"_wp_old_slug":null,"_yoast_wpseo_title":null,"_yoast_wpseo_canonical":null,"yoast_head":"<!-- This site is optimized with the Yoast SEO plugin v27.5 - https:\/\/yoast.com\/product\/yoast-seo-wordpress\/ -->\n<title>Neuer Gesch\u00e4ftsf\u00fchrer bei der SGAS - Save<\/title>\n<meta name=\"description\" content=\"Bruno Albrecht wird neu Gesch\u00e4ftsf\u00fchrer bei der Schweizerischen Gesellschaft f\u00fcr Arbeitssicherheit.\" \/>\n<meta name=\"robots\" content=\"index, follow, max-snippet:-1, max-image-preview:large, max-video-preview:-1\" \/>\n<link rel=\"canonical\" href=\"https:\/\/news.save.ch\/en\/neuer-geschaeftsfuehrer-bei-der-sgas\/\" \/>\n<meta property=\"og:locale\" content=\"en_US\" \/>\n<meta property=\"og:type\" content=\"article\" \/>\n<meta property=\"og:title\" content=\"Neuer Gesch\u00e4ftsf\u00fchrer bei der SGAS - Save\" \/>\n<meta property=\"og:description\" content=\"Bruno Albrecht wird neu Gesch\u00e4ftsf\u00fchrer bei der Schweizerischen Gesellschaft f\u00fcr Arbeitssicherheit.\" \/>\n<meta property=\"og:url\" content=\"https:\/\/news.save.ch\/en\/neuer-geschaeftsfuehrer-bei-der-sgas\/\" \/>\n<meta property=\"og:site_name\" content=\"Save\" \/>\n<meta property=\"article:published_time\" content=\"2015-04-07T08:03:12+00:00\" \/>\n<meta property=\"og:image\" content=\"https:\/\/news.save.ch\/wp-content\/uploads\/2016\/12\/Neuer_Geschaeftsfuehrer_bei_der_SGAS_safety-plus.png\" \/>\n\t<meta property=\"og:image:width\" content=\"300\" \/>\n\t<meta property=\"og:image:height\" content=\"415\" \/>\n\t<meta property=\"og:image:type\" content=\"image\/png\" \/>\n<meta name=\"author\" content=\"admin\" \/>\n<meta name=\"twitter:card\" content=\"summary_large_image\" \/>\n<meta name=\"twitter:label1\" content=\"Written by\" \/>\n\t<meta name=\"twitter:data1\" content=\"admin\" \/>\n\t<meta name=\"twitter:label2\" content=\"Est. reading time\" \/>\n\t<meta name=\"twitter:data2\" content=\"1 minute\" \/>\n<script type=\"application\/ld+json\" class=\"yoast-schema-graph\">{\"@context\":\"https:\\\/\\\/schema.org\",\"@graph\":[{\"@type\":\"Article\",\"@id\":\"https:\\\/\\\/news.save.ch\\\/neuer-geschaeftsfuehrer-bei-der-sgas\\\/#article\",\"isPartOf\":{\"@id\":\"https:\\\/\\\/news.save.ch\\\/neuer-geschaeftsfuehrer-bei-der-sgas\\\/\"},\"author\":{\"name\":\"admin\",\"@id\":\"https:\\\/\\\/news.save.ch\\\/de\\\/#\\\/schema\\\/person\\\/d49e199490bad7c70d64b9ab51142f2b\"},\"headline\":\"Neuer Gesch\u00e4ftsf\u00fchrer bei der SGAS\",\"datePublished\":\"2015-04-07T08:03:12+00:00\",\"mainEntityOfPage\":{\"@id\":\"https:\\\/\\\/news.save.ch\\\/neuer-geschaeftsfuehrer-bei-der-sgas\\\/\"},\"wordCount\":129,\"commentCount\":0,\"publisher\":{\"@id\":\"https:\\\/\\\/news.save.ch\\\/de\\\/#organization\"},\"image\":{\"@id\":\"https:\\\/\\\/news.save.ch\\\/neuer-geschaeftsfuehrer-bei-der-sgas\\\/#primaryimage\"},\"thumbnailUrl\":\"https:\\\/\\\/news.save.ch\\\/wp-content\\\/uploads\\\/2016\\\/12\\\/Neuer_Geschaeftsfuehrer_bei_der_SGAS_safety-plus.png\",\"keywords\":[\"Institutionen\",\"Personalien\",\"Verb\u00e4nde\",\"Vereine\"],\"articleSection\":[\"ALLGEMEIN\"],\"inLanguage\":\"en-US\"},{\"@type\":\"WebPage\",\"@id\":\"https:\\\/\\\/news.save.ch\\\/neuer-geschaeftsfuehrer-bei-der-sgas\\\/\",\"url\":\"https:\\\/\\\/news.save.ch\\\/neuer-geschaeftsfuehrer-bei-der-sgas\\\/\",\"name\":\"Neuer Gesch\u00e4ftsf\u00fchrer bei der SGAS - Save\",\"isPartOf\":{\"@id\":\"https:\\\/\\\/news.save.ch\\\/de\\\/#website\"},\"primaryImageOfPage\":{\"@id\":\"https:\\\/\\\/news.save.ch\\\/neuer-geschaeftsfuehrer-bei-der-sgas\\\/#primaryimage\"},\"image\":{\"@id\":\"https:\\\/\\\/news.save.ch\\\/neuer-geschaeftsfuehrer-bei-der-sgas\\\/#primaryimage\"},\"thumbnailUrl\":\"https:\\\/\\\/news.save.ch\\\/wp-content\\\/uploads\\\/2016\\\/12\\\/Neuer_Geschaeftsfuehrer_bei_der_SGAS_safety-plus.png\",\"datePublished\":\"2015-04-07T08:03:12+00:00\",\"description\":\"Bruno Albrecht wird neu Gesch\u00e4ftsf\u00fchrer bei der Schweizerischen Gesellschaft f\u00fcr Arbeitssicherheit.\",\"breadcrumb\":{\"@id\":\"https:\\\/\\\/news.save.ch\\\/neuer-geschaeftsfuehrer-bei-der-sgas\\\/#breadcrumb\"},\"inLanguage\":\"en-US\",\"potentialAction\":[{\"@type\":\"ReadAction\",\"target\":[\"https:\\\/\\\/news.save.ch\\\/neuer-geschaeftsfuehrer-bei-der-sgas\\\/\"]}]},{\"@type\":\"ImageObject\",\"inLanguage\":\"en-US\",\"@id\":\"https:\\\/\\\/news.save.ch\\\/neuer-geschaeftsfuehrer-bei-der-sgas\\\/#primaryimage\",\"url\":\"https:\\\/\\\/news.save.ch\\\/wp-content\\\/uploads\\\/2016\\\/12\\\/Neuer_Geschaeftsfuehrer_bei_der_SGAS_safety-plus.png\",\"contentUrl\":\"https:\\\/\\\/news.save.ch\\\/wp-content\\\/uploads\\\/2016\\\/12\\\/Neuer_Geschaeftsfuehrer_bei_der_SGAS_safety-plus.png\",\"width\":300,\"height\":415,\"caption\":\"Bruno Albrecht, neuer Gesch\u00e4ftsf\u00fchrer bei der SGAS\"},{\"@type\":\"BreadcrumbList\",\"@id\":\"https:\\\/\\\/news.save.ch\\\/neuer-geschaeftsfuehrer-bei-der-sgas\\\/#breadcrumb\",\"itemListElement\":[{\"@type\":\"ListItem\",\"position\":1,\"name\":\"Home\",\"item\":\"https:\\\/\\\/news.save.ch\\\/de\\\/\"},{\"@type\":\"ListItem\",\"position\":2,\"name\":\"Neuer Gesch\u00e4ftsf\u00fchrer bei der SGAS\"}]},{\"@type\":\"WebSite\",\"@id\":\"https:\\\/\\\/news.save.ch\\\/de\\\/#website\",\"url\":\"https:\\\/\\\/news.save.ch\\\/de\\\/\",\"name\":\"Save\",\"description\":\"Schweizer Fachzeitschrift f\u00fcr Sicherheit\",\"publisher\":{\"@id\":\"https:\\\/\\\/news.save.ch\\\/de\\\/#organization\"},\"potentialAction\":[{\"@type\":\"SearchAction\",\"target\":{\"@type\":\"EntryPoint\",\"urlTemplate\":\"https:\\\/\\\/news.save.ch\\\/de\\\/?s={search_term_string}\"},\"query-input\":{\"@type\":\"PropertyValueSpecification\",\"valueRequired\":true,\"valueName\":\"search_term_string\"}}],\"inLanguage\":\"en-US\"},{\"@type\":\"Organization\",\"@id\":\"https:\\\/\\\/news.save.ch\\\/de\\\/#organization\",\"name\":\"Sicherheitsforum\",\"url\":\"https:\\\/\\\/news.save.ch\\\/de\\\/\",\"logo\":{\"@type\":\"ImageObject\",\"inLanguage\":\"en-US\",\"@id\":\"https:\\\/\\\/news.save.ch\\\/de\\\/#\\\/schema\\\/logo\\\/image\\\/\",\"url\":\"https:\\\/\\\/news.save.ch\\\/wp-content\\\/uploads\\\/2022\\\/06\\\/Logo_SF_2012.png\",\"contentUrl\":\"https:\\\/\\\/news.save.ch\\\/wp-content\\\/uploads\\\/2022\\\/06\\\/Logo_SF_2012.png\",\"width\":1100,\"height\":91,\"caption\":\"Sicherheitsforum\"},\"image\":{\"@id\":\"https:\\\/\\\/news.save.ch\\\/de\\\/#\\\/schema\\\/logo\\\/image\\\/\"}},{\"@type\":\"Person\",\"@id\":\"https:\\\/\\\/news.save.ch\\\/de\\\/#\\\/schema\\\/person\\\/d49e199490bad7c70d64b9ab51142f2b\",\"name\":\"admin\",\"image\":{\"@type\":\"ImageObject\",\"inLanguage\":\"en-US\",\"@id\":\"https:\\\/\\\/secure.gravatar.com\\\/avatar\\\/ae2f4d718e6c49043e314ce431e7e645d646302a24a5ef5a8bc8e3f5a032e319?s=96&d=mm&r=g\",\"url\":\"https:\\\/\\\/secure.gravatar.com\\\/avatar\\\/ae2f4d718e6c49043e314ce431e7e645d646302a24a5ef5a8bc8e3f5a032e319?s=96&d=mm&r=g\",\"contentUrl\":\"https:\\\/\\\/secure.gravatar.com\\\/avatar\\\/ae2f4d718e6c49043e314ce431e7e645d646302a24a5ef5a8bc8e3f5a032e319?s=96&d=mm&r=g\",\"caption\":\"admin\"},\"sameAs\":[\"https:\\\/\\\/develop.organisator.galledia.ch\"],\"url\":\"https:\\\/\\\/news.save.ch\\\/en\\\/author\\\/admin\\\/\"}]}<\/script>\n<!-- \/ Yoast SEO plugin. -->","yoast_head_json":{"title":"New managing director at SGAS - Save","description":"Bruno Albrecht is the new managing director of the Swiss Society for Occupational Safety.","robots":{"index":"index","follow":"follow","max-snippet":"max-snippet:-1","max-image-preview":"max-image-preview:large","max-video-preview":"max-video-preview:-1"},"canonical":"https:\/\/news.save.ch\/en\/neuer-geschaeftsfuehrer-bei-der-sgas\/","og_locale":"en_US","og_type":"article","og_title":"Neuer Gesch\u00e4ftsf\u00fchrer bei der SGAS - Save","og_description":"Bruno Albrecht wird neu Gesch\u00e4ftsf\u00fchrer bei der Schweizerischen Gesellschaft f\u00fcr Arbeitssicherheit.","og_url":"https:\/\/news.save.ch\/en\/neuer-geschaeftsfuehrer-bei-der-sgas\/","og_site_name":"Save","article_published_time":"2015-04-07T08:03:12+00:00","og_image":[{"width":300,"height":415,"url":"https:\/\/news.save.ch\/wp-content\/uploads\/2016\/12\/Neuer_Geschaeftsfuehrer_bei_der_SGAS_safety-plus.png","type":"image\/png"}],"author":"admin","twitter_card":"summary_large_image","twitter_misc":{"Written by":"admin","Est. reading time":"1 minute"},"schema":{"@context":"https:\/\/schema.org","@graph":[{"@type":"Article","@id":"https:\/\/news.save.ch\/neuer-geschaeftsfuehrer-bei-der-sgas\/#article","isPartOf":{"@id":"https:\/\/news.save.ch\/neuer-geschaeftsfuehrer-bei-der-sgas\/"},"author":{"name":"admin","@id":"https:\/\/news.save.ch\/de\/#\/schema\/person\/d49e199490bad7c70d64b9ab51142f2b"},"headline":"Neuer Gesch\u00e4ftsf\u00fchrer bei der SGAS","datePublished":"2015-04-07T08:03:12+00:00","mainEntityOfPage":{"@id":"https:\/\/news.save.ch\/neuer-geschaeftsfuehrer-bei-der-sgas\/"},"wordCount":129,"commentCount":0,"publisher":{"@id":"https:\/\/news.save.ch\/de\/#organization"},"image":{"@id":"https:\/\/news.save.ch\/neuer-geschaeftsfuehrer-bei-der-sgas\/#primaryimage"},"thumbnailUrl":"https:\/\/news.save.ch\/wp-content\/uploads\/2016\/12\/Neuer_Geschaeftsfuehrer_bei_der_SGAS_safety-plus.png","keywords":["Institutionen","Personalien","Verb\u00e4nde","Vereine"],"articleSection":["ALLGEMEIN"],"inLanguage":"en-US"},{"@type":"WebPage","@id":"https:\/\/news.save.ch\/neuer-geschaeftsfuehrer-bei-der-sgas\/","url":"https:\/\/news.save.ch\/neuer-geschaeftsfuehrer-bei-der-sgas\/","name":"New managing director at SGAS - Save","isPartOf":{"@id":"https:\/\/news.save.ch\/de\/#website"},"primaryImageOfPage":{"@id":"https:\/\/news.save.ch\/neuer-geschaeftsfuehrer-bei-der-sgas\/#primaryimage"},"image":{"@id":"https:\/\/news.save.ch\/neuer-geschaeftsfuehrer-bei-der-sgas\/#primaryimage"},"thumbnailUrl":"https:\/\/news.save.ch\/wp-content\/uploads\/2016\/12\/Neuer_Geschaeftsfuehrer_bei_der_SGAS_safety-plus.png","datePublished":"2015-04-07T08:03:12+00:00","description":"Bruno Albrecht is the new managing director of the Swiss Society for Occupational Safety.","breadcrumb":{"@id":"https:\/\/news.save.ch\/neuer-geschaeftsfuehrer-bei-der-sgas\/#breadcrumb"},"inLanguage":"en-US","potentialAction":[{"@type":"ReadAction","target":["https:\/\/news.save.ch\/neuer-geschaeftsfuehrer-bei-der-sgas\/"]}]},{"@type":"ImageObject","inLanguage":"en-US","@id":"https:\/\/news.save.ch\/neuer-geschaeftsfuehrer-bei-der-sgas\/#primaryimage","url":"https:\/\/news.save.ch\/wp-content\/uploads\/2016\/12\/Neuer_Geschaeftsfuehrer_bei_der_SGAS_safety-plus.png","contentUrl":"https:\/\/news.save.ch\/wp-content\/uploads\/2016\/12\/Neuer_Geschaeftsfuehrer_bei_der_SGAS_safety-plus.png","width":300,"height":415,"caption":"Bruno Albrecht, neuer Gesch\u00e4ftsf\u00fchrer bei der SGAS"},{"@type":"BreadcrumbList","@id":"https:\/\/news.save.ch\/neuer-geschaeftsfuehrer-bei-der-sgas\/#breadcrumb","itemListElement":[{"@type":"ListItem","position":1,"name":"Home","item":"https:\/\/news.save.ch\/de\/"},{"@type":"ListItem","position":2,"name":"Neuer Gesch\u00e4ftsf\u00fchrer bei der SGAS"}]},{"@type":"WebSite","@id":"https:\/\/news.save.ch\/de\/#website","url":"https:\/\/news.save.ch\/de\/","name":"Save","description":"Swiss trade journal for safety","publisher":{"@id":"https:\/\/news.save.ch\/de\/#organization"},"potentialAction":[{"@type":"SearchAction","target":{"@type":"EntryPoint","urlTemplate":"https:\/\/news.save.ch\/de\/?s={search_term_string}"},"query-input":{"@type":"PropertyValueSpecification","valueRequired":true,"valueName":"search_term_string"}}],"inLanguage":"en-US"},{"@type":"Organization","@id":"https:\/\/news.save.ch\/de\/#organization","name":"Security Forum","url":"https:\/\/news.save.ch\/de\/","logo":{"@type":"ImageObject","inLanguage":"en-US","@id":"https:\/\/news.save.ch\/de\/#\/schema\/logo\/image\/","url":"https:\/\/news.save.ch\/wp-content\/uploads\/2022\/06\/Logo_SF_2012.png","contentUrl":"https:\/\/news.save.ch\/wp-content\/uploads\/2022\/06\/Logo_SF_2012.png","width":1100,"height":91,"caption":"Sicherheitsforum"},"image":{"@id":"https:\/\/news.save.ch\/de\/#\/schema\/logo\/image\/"}},{"@type":"Person","@id":"https:\/\/news.save.ch\/de\/#\/schema\/person\/d49e199490bad7c70d64b9ab51142f2b","name":"admin","image":{"@type":"ImageObject","inLanguage":"en-US","@id":"https:\/\/secure.gravatar.com\/avatar\/ae2f4d718e6c49043e314ce431e7e645d646302a24a5ef5a8bc8e3f5a032e319?s=96&d=mm&r=g","url":"https:\/\/secure.gravatar.com\/avatar\/ae2f4d718e6c49043e314ce431e7e645d646302a24a5ef5a8bc8e3f5a032e319?s=96&d=mm&r=g","contentUrl":"https:\/\/secure.gravatar.com\/avatar\/ae2f4d718e6c49043e314ce431e7e645d646302a24a5ef5a8bc8e3f5a032e319?s=96&d=mm&r=g","caption":"admin"},"sameAs":["https:\/\/develop.organisator.galledia.ch"],"url":"https:\/\/news.save.ch\/en\/author\/admin\/"}]}},"_links":{"self":[{"href":"https:\/\/news.save.ch\/en\/wp-json\/wp\/v2\/posts\/188","targetHints":{"allow":["GET"]}}],"collection":[{"href":"https:\/\/news.save.ch\/en\/wp-json\/wp\/v2\/posts"}],"about":[{"href":"https:\/\/news.save.ch\/en\/wp-json\/wp\/v2\/types\/post"}],"author":[{"embeddable":true,"href":"https:\/\/news.save.ch\/en\/wp-json\/wp\/v2\/users\/1"}],"replies":[{"embeddable":true,"href":"https:\/\/news.save.ch\/en\/wp-json\/wp\/v2\/comments?post=188"}],"version-history":[{"count":0,"href":"https:\/\/news.save.ch\/en\/wp-json\/wp\/v2\/posts\/188\/revisions"}],"wp:featuredmedia":[{"embeddable":true,"href":"https:\/\/news.save.ch\/en\/wp-json\/wp\/v2\/media\/191"}],"wp:attachment":[{"href":"https:\/\/news.save.ch\/en\/wp-json\/wp\/v2\/media?parent=188"}],"wp:term":[{"taxonomy":"category","embeddable":true,"href":"https:\/\/news.save.ch\/en\/wp-json\/wp\/v2\/categories?post=188"},{"taxonomy":"post_tag","embeddable":true,"href":"https:\/\/news.save.ch\/en\/wp-json\/wp\/v2\/tags?post=188"}],"curies":[{"name":"wp","href":"https:\/\/api.w.org\/{rel}","templated":true}]}}