{"id":1907,"date":"2015-05-20T13:55:04","date_gmt":"2015-05-20T11:55:04","guid":{"rendered":"https:\/\/dev.sicherheitsforum.ch\/?p=1907"},"modified":"2023-03-14T09:00:05","modified_gmt":"2023-03-14T08:00:05","slug":"mit-gehirnwellen-menschen-identifizieren","status":null,"type":"post","link":"https:\/\/news.save.ch\/en\/mit-gehirnwellen-menschen-identifizieren\/","title":{"rendered":"Identifying people with brain waves"},"content":{"rendered":"<figure id=\"attachment_1912\" aria-describedby=\"caption-attachment-1912\" style=\"width: 680px\" class=\"wp-caption alignnone\"><img loading=\"lazy\" decoding=\"async\" class=\"size-medium wp-image-1912\" src=\"https:\/\/sicherheitsforum.ch\/wp-content\/uploads\/2016\/12\/555c777dc2df3_Gehirnwellen-Depositphotos_10171240_m_Sicherheitsforum.jpg\" alt=\"\" width=\"680\" height=\"510\" \/><figcaption id=\"caption-attachment-1912\" class=\"wp-caption-text\">Will brainwaves soon be used to identify identity?<\/figcaption><\/figure>\n<p>The researchers recorded signals from 45 volunteers as they read a list of 75 abbreviations. The changes evaluated were so unique that people could be identified to 94%.<\/p>\n<p><strong>Further development necessary<\/strong><\/p>\n<p>The in \"<a href=\"https:\/\/bit.ly\/1IP7b4S\" target=\"_blank\" data-cke-saved-href=\"https:\/\/bit.ly\/1IP7b4S\" rel=\"noopener\">Neurocomputing<\/a>\" published results indicate that brainwaves could be used in security systems to identify identity. Although the accuracy achieved so far would not be sufficient to protect, for example, a room or a computer full of secrets, these results are, however, a promising start.<\/p>\n<p>Methods for identifying people based on electrical brain signals have already been developed in the past. One advantage would be that, unlike passwords or fingerprints, identity can be permanently verified. Continuous verification through facial recognition, ear recognition, or brainwave monitoring, could allow a human to interact with many computer systems or even a range of \"smart\" objects - without a password.<\/p>\n<p>Until now, however, such approaches have often failed because of the \"noise\" involved in measuring brain signals and thus the ability to analyze this data. Armstrong's approach solves this problem by focusing on the brain waves of a specific brain region associated with reading and recognizing words. This produces clearer signals that can be analyzed more quickly.<\/p>\n<p><strong>Biometrics completely reimagined<\/strong><\/p>\n<p>The signals arise when a person accesses his semantic memory. Episodic memories record our experiences, but semantic memories capture the meaning of specific words. The collection of meanings that people associate with words may differ slightly from person to person. Thus, an individual pattern becomes apparent.<\/p>\n<p>Unlike episodic memories, semantic ones change little. For example, if one is stung by a bee, there are likely to be differences in the neurons of episodic memory when reading the word \"bee.\" However, the neurons of semantic memory are likely to behave similarly as before this event.<\/p>\n<p>According to Armstrong, the new method can be further developed to provide a more personal and harder-to-crack alternative to fingerprint recognition or iris scans. The researcher points to a case in Malaysia. In 2005, carjackers removed the owner's fingertips so they could start the car. However, a brain cannot simply be removed.<\/p>\n<p>Kevin Bowyer from the <a href=\"https:\/\/nd.edu\" target=\"_blank\" data-cke-saved-href=\"https:\/\/nd.edu\" rel=\"noopener\">University of Notre Dame<\/a> According to the expert, the approach does change the concept of biometrics. However, the expert points out that the method is currently far less accurate than scanning a fingerprint or iris. Since three electrodes have to be placed on the head, the method is also more difficult to use.<\/p>\n<p><em>Source: <a href=\"https:\/\/www.pressetext.com\" target=\"_blank\" data-cke-saved-href=\"https:\/\/www.pressetext.com\" rel=\"noopener\">Press release<\/a><\/em><\/p>","protected":false},"excerpt":{"rendered":"<p>Die Forscher haben die Signale von 45 Freiwilligen aufgezeichnet, als sie eine Liste mit 75 Abk\u00fcrzungen lasen. Die ausgewerteten Ver\u00e4nderungen waren so einzigartig, dass Menschen zu 94% identifiziert werden konnten. Weiterentwicklung n\u00f6tig Die in &#8222;Neurocomputing&#8220;\u00a0ver\u00f6ffentlichten Ergebnisse weisen darauf hin, dass Gehirnwellen bei Sicherheitssystemen zur Identifizierung der Identit\u00e4t eingesetzt werden k\u00f6nnten. Obwohl die bisher erzielte Genauigkeit [&hellip;]<\/p>\n","protected":false},"author":1,"featured_media":1912,"comment_status":"open","ping_status":"open","sticky":false,"template":"","format":"standard","meta":{"_acf_changed":false,"pgc_sgb_lightbox_settings":"","footnotes":""},"categories":[3312],"tags":[218,219,220,221],"class_list":["post-1907","post","type-post","status-publish","format-standard","has-post-thumbnail","hentry","category-sicherheit","tag-biometrik","tag-gehirnwellen","tag-identifikation","tag-neurocomputing"],"acf":[],"hkrextid":null,"publication":null,"issue":null,"workflow":null,"startPage":null,"spitzmarke":null,"_posts_by_tag_page_fields":{"widget_title":"","widget_tags":""},"_at_widget":"1","_yoast_wpseo_primary_category":"3303","_yoast_wpseo_focuskw_text_input":"Gehirnwellen","_yoast_wpseo_opengraph-image":"https:\/\/sicherheitsforum.ch\/wp-content\/uploads\/2016\/12\/555c777dc2df3_Gehirnwellen-Depositphotos_10171240_m_Sicherheitsforum.jpg","_yoast_wpseo_opengraph-description":"W\u00f6rter, die Gehirnwellen ausl\u00f6sen, k\u00f6nnen laut Forschern des Basque Center on Cognition, Brain, and Language eingesetzt werden, um Menschen zu identifizieren.","_yoast_wpseo_opengraph-title":"Mit Gehirnwellen Menschen identifizieren","enclosure":null,"_yoast_wpseo_twitter-title":null,"_yoast_wpseo_twitter-description":null,"_yoast_wpseo_twitter-image":null,"_wp_old_slug":null,"_yoast_wpseo_title":null,"_yoast_wpseo_canonical":null,"yoast_head":"<!-- This site is optimized with the Yoast SEO plugin v27.5 - https:\/\/yoast.com\/product\/yoast-seo-wordpress\/ -->\n<title>Mit Gehirnwellen Menschen identifizieren - Save<\/title>\n<meta name=\"description\" content=\"W\u00f6rter, die Gehirnwellen ausl\u00f6sen, k\u00f6nnen laut des Basque Center on Cognition, Brain, and Language eingesetzt werden, um Menschen zu identifizieren.\" \/>\n<meta name=\"robots\" content=\"index, follow, max-snippet:-1, max-image-preview:large, max-video-preview:-1\" \/>\n<link rel=\"canonical\" href=\"https:\/\/news.save.ch\/en\/mit-gehirnwellen-menschen-identifizieren\/\" \/>\n<meta property=\"og:locale\" content=\"en_US\" \/>\n<meta property=\"og:type\" content=\"article\" \/>\n<meta property=\"og:title\" content=\"Mit Gehirnwellen Menschen identifizieren\" \/>\n<meta property=\"og:description\" content=\"W\u00f6rter, die Gehirnwellen ausl\u00f6sen, k\u00f6nnen laut Forschern des Basque Center on Cognition, Brain, and Language eingesetzt werden, um Menschen zu identifizieren.\" \/>\n<meta property=\"og:url\" content=\"https:\/\/news.save.ch\/en\/mit-gehirnwellen-menschen-identifizieren\/\" \/>\n<meta property=\"og:site_name\" content=\"Save\" \/>\n<meta property=\"article:published_time\" content=\"2015-05-20T11:55:04+00:00\" \/>\n<meta property=\"article:modified_time\" content=\"2023-03-14T08:00:05+00:00\" \/>\n<meta property=\"og:image\" content=\"https:\/\/sicherheitsforum.ch\/wp-content\/uploads\/2016\/12\/555c777dc2df3_Gehirnwellen-Depositphotos_10171240_m_Sicherheitsforum.jpg\" \/>\n<meta name=\"author\" content=\"admin\" \/>\n<meta name=\"twitter:card\" content=\"summary_large_image\" \/>\n<meta name=\"twitter:label1\" content=\"Written by\" \/>\n\t<meta name=\"twitter:data1\" content=\"admin\" \/>\n\t<meta name=\"twitter:label2\" content=\"Est. reading time\" \/>\n\t<meta name=\"twitter:data2\" content=\"2 minutes\" \/>\n<script type=\"application\/ld+json\" class=\"yoast-schema-graph\">{\"@context\":\"https:\\\/\\\/schema.org\",\"@graph\":[{\"@type\":\"Article\",\"@id\":\"https:\\\/\\\/news.save.ch\\\/mit-gehirnwellen-menschen-identifizieren\\\/#article\",\"isPartOf\":{\"@id\":\"https:\\\/\\\/news.save.ch\\\/mit-gehirnwellen-menschen-identifizieren\\\/\"},\"author\":{\"name\":\"admin\",\"@id\":\"https:\\\/\\\/news.save.ch\\\/de\\\/#\\\/schema\\\/person\\\/d49e199490bad7c70d64b9ab51142f2b\"},\"headline\":\"Mit Gehirnwellen Menschen identifizieren\",\"datePublished\":\"2015-05-20T11:55:04+00:00\",\"dateModified\":\"2023-03-14T08:00:05+00:00\",\"mainEntityOfPage\":{\"@id\":\"https:\\\/\\\/news.save.ch\\\/mit-gehirnwellen-menschen-identifizieren\\\/\"},\"wordCount\":467,\"commentCount\":0,\"publisher\":{\"@id\":\"https:\\\/\\\/news.save.ch\\\/de\\\/#organization\"},\"image\":{\"@id\":\"https:\\\/\\\/news.save.ch\\\/mit-gehirnwellen-menschen-identifizieren\\\/#primaryimage\"},\"thumbnailUrl\":\"https:\\\/\\\/news.save.ch\\\/wp-content\\\/uploads\\\/2016\\\/12\\\/555c777dc2df3_Gehirnwellen-Depositphotos_10171240_m_Sicherheitsforum-scaled.jpg\",\"keywords\":[\"Biometrik\",\"Gehirnwellen\",\"Identifikation\",\"Neurocomputing\"],\"articleSection\":[\"SICHERHEIT\"],\"inLanguage\":\"en-US\"},{\"@type\":\"WebPage\",\"@id\":\"https:\\\/\\\/news.save.ch\\\/mit-gehirnwellen-menschen-identifizieren\\\/\",\"url\":\"https:\\\/\\\/news.save.ch\\\/mit-gehirnwellen-menschen-identifizieren\\\/\",\"name\":\"Mit Gehirnwellen Menschen identifizieren - Save\",\"isPartOf\":{\"@id\":\"https:\\\/\\\/news.save.ch\\\/de\\\/#website\"},\"primaryImageOfPage\":{\"@id\":\"https:\\\/\\\/news.save.ch\\\/mit-gehirnwellen-menschen-identifizieren\\\/#primaryimage\"},\"image\":{\"@id\":\"https:\\\/\\\/news.save.ch\\\/mit-gehirnwellen-menschen-identifizieren\\\/#primaryimage\"},\"thumbnailUrl\":\"https:\\\/\\\/news.save.ch\\\/wp-content\\\/uploads\\\/2016\\\/12\\\/555c777dc2df3_Gehirnwellen-Depositphotos_10171240_m_Sicherheitsforum-scaled.jpg\",\"datePublished\":\"2015-05-20T11:55:04+00:00\",\"dateModified\":\"2023-03-14T08:00:05+00:00\",\"description\":\"W\u00f6rter, die Gehirnwellen ausl\u00f6sen, k\u00f6nnen laut des Basque Center on Cognition, Brain, and Language eingesetzt werden, um Menschen zu identifizieren.\",\"breadcrumb\":{\"@id\":\"https:\\\/\\\/news.save.ch\\\/mit-gehirnwellen-menschen-identifizieren\\\/#breadcrumb\"},\"inLanguage\":\"en-US\",\"potentialAction\":[{\"@type\":\"ReadAction\",\"target\":[\"https:\\\/\\\/news.save.ch\\\/mit-gehirnwellen-menschen-identifizieren\\\/\"]}]},{\"@type\":\"ImageObject\",\"inLanguage\":\"en-US\",\"@id\":\"https:\\\/\\\/news.save.ch\\\/mit-gehirnwellen-menschen-identifizieren\\\/#primaryimage\",\"url\":\"https:\\\/\\\/news.save.ch\\\/wp-content\\\/uploads\\\/2016\\\/12\\\/555c777dc2df3_Gehirnwellen-Depositphotos_10171240_m_Sicherheitsforum-scaled.jpg\",\"contentUrl\":\"https:\\\/\\\/news.save.ch\\\/wp-content\\\/uploads\\\/2016\\\/12\\\/555c777dc2df3_Gehirnwellen-Depositphotos_10171240_m_Sicherheitsforum-scaled.jpg\",\"width\":1400,\"height\":1050,\"caption\":\"Werden bald Gehirnwellen zur Identifizierung der Identit\u00e4t eingesetzt?\"},{\"@type\":\"BreadcrumbList\",\"@id\":\"https:\\\/\\\/news.save.ch\\\/mit-gehirnwellen-menschen-identifizieren\\\/#breadcrumb\",\"itemListElement\":[{\"@type\":\"ListItem\",\"position\":1,\"name\":\"Home\",\"item\":\"https:\\\/\\\/news.save.ch\\\/de\\\/\"},{\"@type\":\"ListItem\",\"position\":2,\"name\":\"Mit Gehirnwellen Menschen identifizieren\"}]},{\"@type\":\"WebSite\",\"@id\":\"https:\\\/\\\/news.save.ch\\\/de\\\/#website\",\"url\":\"https:\\\/\\\/news.save.ch\\\/de\\\/\",\"name\":\"Save\",\"description\":\"Schweizer Fachzeitschrift f\u00fcr Sicherheit\",\"publisher\":{\"@id\":\"https:\\\/\\\/news.save.ch\\\/de\\\/#organization\"},\"potentialAction\":[{\"@type\":\"SearchAction\",\"target\":{\"@type\":\"EntryPoint\",\"urlTemplate\":\"https:\\\/\\\/news.save.ch\\\/de\\\/?s={search_term_string}\"},\"query-input\":{\"@type\":\"PropertyValueSpecification\",\"valueRequired\":true,\"valueName\":\"search_term_string\"}}],\"inLanguage\":\"en-US\"},{\"@type\":\"Organization\",\"@id\":\"https:\\\/\\\/news.save.ch\\\/de\\\/#organization\",\"name\":\"Sicherheitsforum\",\"url\":\"https:\\\/\\\/news.save.ch\\\/de\\\/\",\"logo\":{\"@type\":\"ImageObject\",\"inLanguage\":\"en-US\",\"@id\":\"https:\\\/\\\/news.save.ch\\\/de\\\/#\\\/schema\\\/logo\\\/image\\\/\",\"url\":\"https:\\\/\\\/news.save.ch\\\/wp-content\\\/uploads\\\/2022\\\/06\\\/Logo_SF_2012.png\",\"contentUrl\":\"https:\\\/\\\/news.save.ch\\\/wp-content\\\/uploads\\\/2022\\\/06\\\/Logo_SF_2012.png\",\"width\":1100,\"height\":91,\"caption\":\"Sicherheitsforum\"},\"image\":{\"@id\":\"https:\\\/\\\/news.save.ch\\\/de\\\/#\\\/schema\\\/logo\\\/image\\\/\"}},{\"@type\":\"Person\",\"@id\":\"https:\\\/\\\/news.save.ch\\\/de\\\/#\\\/schema\\\/person\\\/d49e199490bad7c70d64b9ab51142f2b\",\"name\":\"admin\",\"image\":{\"@type\":\"ImageObject\",\"inLanguage\":\"en-US\",\"@id\":\"https:\\\/\\\/secure.gravatar.com\\\/avatar\\\/ae2f4d718e6c49043e314ce431e7e645d646302a24a5ef5a8bc8e3f5a032e319?s=96&d=mm&r=g\",\"url\":\"https:\\\/\\\/secure.gravatar.com\\\/avatar\\\/ae2f4d718e6c49043e314ce431e7e645d646302a24a5ef5a8bc8e3f5a032e319?s=96&d=mm&r=g\",\"contentUrl\":\"https:\\\/\\\/secure.gravatar.com\\\/avatar\\\/ae2f4d718e6c49043e314ce431e7e645d646302a24a5ef5a8bc8e3f5a032e319?s=96&d=mm&r=g\",\"caption\":\"admin\"},\"sameAs\":[\"https:\\\/\\\/develop.organisator.galledia.ch\"],\"url\":\"https:\\\/\\\/news.save.ch\\\/en\\\/author\\\/admin\\\/\"}]}<\/script>\n<!-- \/ Yoast SEO plugin. -->","yoast_head_json":{"title":"Identifying people with brain waves - Save","description":"Words that trigger brain waves can be used to identify people, according to the Basque Center on Cognition, Brain, and Language.","robots":{"index":"index","follow":"follow","max-snippet":"max-snippet:-1","max-image-preview":"max-image-preview:large","max-video-preview":"max-video-preview:-1"},"canonical":"https:\/\/news.save.ch\/en\/mit-gehirnwellen-menschen-identifizieren\/","og_locale":"en_US","og_type":"article","og_title":"Mit Gehirnwellen Menschen identifizieren","og_description":"W\u00f6rter, die Gehirnwellen ausl\u00f6sen, k\u00f6nnen laut Forschern des Basque Center on Cognition, Brain, and Language eingesetzt werden, um Menschen zu identifizieren.","og_url":"https:\/\/news.save.ch\/en\/mit-gehirnwellen-menschen-identifizieren\/","og_site_name":"Save","article_published_time":"2015-05-20T11:55:04+00:00","article_modified_time":"2023-03-14T08:00:05+00:00","og_image":[{"url":"https:\/\/sicherheitsforum.ch\/wp-content\/uploads\/2016\/12\/555c777dc2df3_Gehirnwellen-Depositphotos_10171240_m_Sicherheitsforum.jpg","type":"","width":"","height":""}],"author":"admin","twitter_card":"summary_large_image","twitter_misc":{"Written by":"admin","Est. reading time":"2 minutes"},"schema":{"@context":"https:\/\/schema.org","@graph":[{"@type":"Article","@id":"https:\/\/news.save.ch\/mit-gehirnwellen-menschen-identifizieren\/#article","isPartOf":{"@id":"https:\/\/news.save.ch\/mit-gehirnwellen-menschen-identifizieren\/"},"author":{"name":"admin","@id":"https:\/\/news.save.ch\/de\/#\/schema\/person\/d49e199490bad7c70d64b9ab51142f2b"},"headline":"Mit Gehirnwellen Menschen identifizieren","datePublished":"2015-05-20T11:55:04+00:00","dateModified":"2023-03-14T08:00:05+00:00","mainEntityOfPage":{"@id":"https:\/\/news.save.ch\/mit-gehirnwellen-menschen-identifizieren\/"},"wordCount":467,"commentCount":0,"publisher":{"@id":"https:\/\/news.save.ch\/de\/#organization"},"image":{"@id":"https:\/\/news.save.ch\/mit-gehirnwellen-menschen-identifizieren\/#primaryimage"},"thumbnailUrl":"https:\/\/news.save.ch\/wp-content\/uploads\/2016\/12\/555c777dc2df3_Gehirnwellen-Depositphotos_10171240_m_Sicherheitsforum-scaled.jpg","keywords":["Biometrik","Gehirnwellen","Identifikation","Neurocomputing"],"articleSection":["SICHERHEIT"],"inLanguage":"en-US"},{"@type":"WebPage","@id":"https:\/\/news.save.ch\/mit-gehirnwellen-menschen-identifizieren\/","url":"https:\/\/news.save.ch\/mit-gehirnwellen-menschen-identifizieren\/","name":"Identifying people with brain waves - Save","isPartOf":{"@id":"https:\/\/news.save.ch\/de\/#website"},"primaryImageOfPage":{"@id":"https:\/\/news.save.ch\/mit-gehirnwellen-menschen-identifizieren\/#primaryimage"},"image":{"@id":"https:\/\/news.save.ch\/mit-gehirnwellen-menschen-identifizieren\/#primaryimage"},"thumbnailUrl":"https:\/\/news.save.ch\/wp-content\/uploads\/2016\/12\/555c777dc2df3_Gehirnwellen-Depositphotos_10171240_m_Sicherheitsforum-scaled.jpg","datePublished":"2015-05-20T11:55:04+00:00","dateModified":"2023-03-14T08:00:05+00:00","description":"Words that trigger brain waves can be used to identify people, according to the Basque Center on Cognition, Brain, and Language.","breadcrumb":{"@id":"https:\/\/news.save.ch\/mit-gehirnwellen-menschen-identifizieren\/#breadcrumb"},"inLanguage":"en-US","potentialAction":[{"@type":"ReadAction","target":["https:\/\/news.save.ch\/mit-gehirnwellen-menschen-identifizieren\/"]}]},{"@type":"ImageObject","inLanguage":"en-US","@id":"https:\/\/news.save.ch\/mit-gehirnwellen-menschen-identifizieren\/#primaryimage","url":"https:\/\/news.save.ch\/wp-content\/uploads\/2016\/12\/555c777dc2df3_Gehirnwellen-Depositphotos_10171240_m_Sicherheitsforum-scaled.jpg","contentUrl":"https:\/\/news.save.ch\/wp-content\/uploads\/2016\/12\/555c777dc2df3_Gehirnwellen-Depositphotos_10171240_m_Sicherheitsforum-scaled.jpg","width":1400,"height":1050,"caption":"Werden bald Gehirnwellen zur Identifizierung der Identit\u00e4t eingesetzt?"},{"@type":"BreadcrumbList","@id":"https:\/\/news.save.ch\/mit-gehirnwellen-menschen-identifizieren\/#breadcrumb","itemListElement":[{"@type":"ListItem","position":1,"name":"Home","item":"https:\/\/news.save.ch\/de\/"},{"@type":"ListItem","position":2,"name":"Mit Gehirnwellen Menschen identifizieren"}]},{"@type":"WebSite","@id":"https:\/\/news.save.ch\/de\/#website","url":"https:\/\/news.save.ch\/de\/","name":"Save","description":"Swiss trade journal for safety","publisher":{"@id":"https:\/\/news.save.ch\/de\/#organization"},"potentialAction":[{"@type":"SearchAction","target":{"@type":"EntryPoint","urlTemplate":"https:\/\/news.save.ch\/de\/?s={search_term_string}"},"query-input":{"@type":"PropertyValueSpecification","valueRequired":true,"valueName":"search_term_string"}}],"inLanguage":"en-US"},{"@type":"Organization","@id":"https:\/\/news.save.ch\/de\/#organization","name":"Security Forum","url":"https:\/\/news.save.ch\/de\/","logo":{"@type":"ImageObject","inLanguage":"en-US","@id":"https:\/\/news.save.ch\/de\/#\/schema\/logo\/image\/","url":"https:\/\/news.save.ch\/wp-content\/uploads\/2022\/06\/Logo_SF_2012.png","contentUrl":"https:\/\/news.save.ch\/wp-content\/uploads\/2022\/06\/Logo_SF_2012.png","width":1100,"height":91,"caption":"Sicherheitsforum"},"image":{"@id":"https:\/\/news.save.ch\/de\/#\/schema\/logo\/image\/"}},{"@type":"Person","@id":"https:\/\/news.save.ch\/de\/#\/schema\/person\/d49e199490bad7c70d64b9ab51142f2b","name":"admin","image":{"@type":"ImageObject","inLanguage":"en-US","@id":"https:\/\/secure.gravatar.com\/avatar\/ae2f4d718e6c49043e314ce431e7e645d646302a24a5ef5a8bc8e3f5a032e319?s=96&d=mm&r=g","url":"https:\/\/secure.gravatar.com\/avatar\/ae2f4d718e6c49043e314ce431e7e645d646302a24a5ef5a8bc8e3f5a032e319?s=96&d=mm&r=g","contentUrl":"https:\/\/secure.gravatar.com\/avatar\/ae2f4d718e6c49043e314ce431e7e645d646302a24a5ef5a8bc8e3f5a032e319?s=96&d=mm&r=g","caption":"admin"},"sameAs":["https:\/\/develop.organisator.galledia.ch"],"url":"https:\/\/news.save.ch\/en\/author\/admin\/"}]}},"_links":{"self":[{"href":"https:\/\/news.save.ch\/en\/wp-json\/wp\/v2\/posts\/1907","targetHints":{"allow":["GET"]}}],"collection":[{"href":"https:\/\/news.save.ch\/en\/wp-json\/wp\/v2\/posts"}],"about":[{"href":"https:\/\/news.save.ch\/en\/wp-json\/wp\/v2\/types\/post"}],"author":[{"embeddable":true,"href":"https:\/\/news.save.ch\/en\/wp-json\/wp\/v2\/users\/1"}],"replies":[{"embeddable":true,"href":"https:\/\/news.save.ch\/en\/wp-json\/wp\/v2\/comments?post=1907"}],"version-history":[{"count":1,"href":"https:\/\/news.save.ch\/en\/wp-json\/wp\/v2\/posts\/1907\/revisions"}],"predecessor-version":[{"id":18021,"href":"https:\/\/news.save.ch\/en\/wp-json\/wp\/v2\/posts\/1907\/revisions\/18021"}],"wp:featuredmedia":[{"embeddable":true,"href":"https:\/\/news.save.ch\/en\/wp-json\/wp\/v2\/media\/1912"}],"wp:attachment":[{"href":"https:\/\/news.save.ch\/en\/wp-json\/wp\/v2\/media?parent=1907"}],"wp:term":[{"taxonomy":"category","embeddable":true,"href":"https:\/\/news.save.ch\/en\/wp-json\/wp\/v2\/categories?post=1907"},{"taxonomy":"post_tag","embeddable":true,"href":"https:\/\/news.save.ch\/en\/wp-json\/wp\/v2\/tags?post=1907"}],"curies":[{"name":"wp","href":"https:\/\/api.w.org\/{rel}","templated":true}]}}