{"id":1930,"date":"2015-11-17T15:14:40","date_gmt":"2015-11-17T14:14:40","guid":{"rendered":"https:\/\/dev.sicherheitsforum.ch\/?p=1930"},"modified":"2015-11-17T15:14:40","modified_gmt":"2015-11-17T14:14:40","slug":"grosses-interesse-an-sicherheitsthemen-und-loesungen","status":null,"type":"post","link":"https:\/\/news.save.ch\/en\/grosses-interesse-an-sicherheitsthemen-und-loesungen\/","title":{"rendered":"Great interest in safety topics and solutions"},"content":{"rendered":"<figure id=\"attachment_1931\" aria-describedby=\"caption-attachment-1931\" style=\"width: 680px\" class=\"wp-caption alignnone\"><img loading=\"lazy\" decoding=\"async\" class=\"wp-image-1931 size-medium\" src=\"https:\/\/news.save.ch\/wp-content\/uploads\/2016\/12\/Grosses-Interesse-an-Sicherheitsthemen-und-l\u00f6sungen-sicherheitsforum.jpg\" width=\"680\" height=\"453\" \/><figcaption id=\"caption-attachment-1931\" class=\"wp-caption-text\">Photos: Thomas Entzeroth<\/figcaption><\/figure>\n<p>\"During its 20th edition, Security 2015 once again became the most important meeting place for the Swiss security market and provided the comprehensive overview of the industry,\" says a pleased Heinz Salzgeber, Exhibition Director, looking back. Despite the tense economic situation, 194 (2013: 224) exhibitors, associations and publishers from a total of eight nations presented themselves on around 7,000 (7,400) net square meters of space. According to information, 9,619 visitors (10,152) were counted. Around 90 percent were trade visitors with high decision-making authority, such as <a href=\"https:\/\/www.exhibitandmore.ch\" target=\"_blank\" data-cke-saved-href=\"https:\/\/www.exhibitandmore.ch\" rel=\"noopener\">Exhibit &amp; More AG<\/a> writes further. This proves the still unbroken interest in security topics and solutions. \"Actually, we didn't want to exhibit this year,\" said Marek Bolardt, Head of Marketing at the <a href=\"https:\/\/www.assaabloy.ch\" target=\"_blank\" data-cke-saved-href=\"https:\/\/www.assaabloy.ch\" rel=\"noopener\">Assa Abloy (Switzerland) AG<\/a>. \"After the acquisition of the <a href=\"https:\/\/msl-lock.com\" target=\"_blank\" data-cke-saved-href=\"https:\/\/msl-lock.com\" rel=\"noopener\">MSL Lock and Fittings Factory AG<\/a> spring 2015 we decided to do so after all. Now the stand was always well attended and at peak times completely crowded. The customers are enthusiastic and among them are very exciting contacts. We need more space next time!\"<\/p>\n<p><strong>360\u00b0 perspective at the trade congress<\/strong><\/p>\n<p>The trade congress held in parallel to the trade show also attracted around 1,000 participants, who were able to gain a 360\u00b0 perspective on people, technology, organization and processes in 19 different half-day modules. Organizer Markus Good of the <a href=\"https:\/\/www.save.ch\" target=\"_blank\" data-cke-saved-href=\"https:\/\/www.save.ch\" rel=\"noopener\">Save Inc.<\/a> - a company of the <a href=\"https:\/\/www.galledia.ch\" target=\"_blank\" data-cke-saved-href=\"https:\/\/www.galledia.ch\" rel=\"noopener\">galledia group<\/a> - drew a positive conclusion: \"The large number of participants underlines the great need for information in this increasingly dynamic environment with complex challenges and changing framework conditions. High-quality continuing education, an intensive exchange of experience and networking are very important in this context.\"<\/p>\n<p><strong>Well attended special show<\/strong><\/p>\n<p>For the second time, the special show \"Risk management of natural hazards\" took place in Hall 6, again organized by the <a href=\"https:\/\/www.naturgefahr.ch\" target=\"_blank\" data-cke-saved-href=\"https:\/\/www.naturgefahr.ch\" rel=\"noopener\">Egli Engineering AG<\/a> planned and implemented. In particular, security officers of companies found here an ideal entry point to discuss both for the site check and around possible measures to limit the risks. The numerous participants were interested in the various presentations at the open forum and the adjacent exhibition areas completed the offer with suitable solutions to the topics discussed.<\/p>\n<p><strong>\"It needs this fair\"<\/strong><\/p>\n<p>The trade event was able to meet or even exceed the expectations of most exhibitors, and their feedback clearly shows that this trade show is needed. \"We cultivate many contacts here that we would otherwise only be able to handle with a great deal of effort,\" said Marco Wunderle, Managing Director of the <a href=\"https:\/\/www.csfwunderle.ch\" target=\"_blank\" data-cke-saved-href=\"https:\/\/www.csfwunderle.ch\" rel=\"noopener\">CSF Wunderle GmbH<\/a> and President of the <a href=\"https:\/\/www.vbsf.ch\" target=\"_blank\" data-cke-saved-href=\"https:\/\/www.vbsf.ch\" rel=\"noopener\">VBSF<\/a> (Swiss Association of Fire Protection and Safety Professionals). In the context of safety, the VBSF also awarded its <a href=\"\/en\/vbsf-vergibt-sicherheitspreis\/?preview_id=1946&amp;preview_nonce=337a472fae&amp;post_format=standard&amp;_thumbnail_id=1947&amp;preview=true\" target=\"_blank\" data-cke-saved-href=\"https:\/\/sicherheitsforum.hamster.ch\/vbsf-sicherheitspreis-verliehen\" rel=\"noopener\">Safety Award<\/a>.<\/p>\n<p>However, the continuous change of the market, the complexity of the various topics and the high dynamics in the industry also call for new ways and the development of further areas: \"For example, we would like to have more architects among our contacts,\" said Marek Bolardt. Marco Wunderle added: \"In most cases, our contacts are responsible for classical safety and fire protection as well as occupational safety. It would be nice if we could bring everything back under this one roof.\" And Stefan Schr\u00f6der, CEO of <a href=\"https:\/\/www.eotec.ch\" target=\"_blank\" data-cke-saved-href=\"https:\/\/www.eotec.ch\" rel=\"noopener\">Eotec AG<\/a>, wished : \"In order to keep the trade event fit for the future, innovations are needed. For example, there should be a little more show, in addition, other subject areas could be opened up that offer visitors added value.\"<\/p>\n<p><strong>Proven and innovative<\/strong><\/p>\n<p>The <a href=\"https:\/\/www.sicherheit-messe.ch\" target=\"_blank\" data-cke-saved-href=\"https:\/\/www.sicherheit-messe.ch\" rel=\"noopener\">21. SECURITY<\/a> will be held in Zurich from November 14 to 17, 2017. It will be inspired by such suggestions and will include new and innovative elements in the program in addition to the tried and tested elements, emphasize the trade fair organizers.<\/p>\n<p>Even earlier, however, the fair is moving back to western Switzerland: the <a href=\"https:\/\/www.securite-expo.ch\" target=\"_blank\" data-cke-saved-href=\"https:\/\/www.securite-expo.ch\" rel=\"noopener\">4. SECURITE LAUSANNE<\/a> will take place from November 2 to 4, 2016 at Expo Beaulieu.<\/p>","protected":false},"excerpt":{"rendered":"<p>\u201eAuch w\u00e4hrend ihrer 20. Ausf\u00fchrung wurde die Sicherheit 2015 zum wichtigsten Treffpunkt des Schweizer Sicherheitsmarkts und bot den umfassenden Branchen\u00fcberblick\u201c, freut sich Messeleiter Heinz Salzgeber r\u00fcckblickend. Trotz der angespannten wirtschaftlichen Lage pr\u00e4sentierten sich 194 (2013: 224) Aussteller, Verb\u00e4nde und Verlage aus insgesamt acht Nationen auf rund 7\u2018000 (7&#8217;400) Netto-Quadratmetern Fl\u00e4che. Gem\u00e4ss Angaben\u00a0wurden 9\u2018619 Besucher (10&#8217;152)\u00a0gez\u00e4hlt. [&hellip;]<\/p>\n","protected":false},"author":1,"featured_media":1931,"comment_status":"open","ping_status":"open","sticky":false,"template":"","format":"standard","meta":{"_acf_changed":false,"pgc_sgb_lightbox_settings":"","footnotes":""},"categories":[1],"tags":[84,65],"class_list":["post-1930","post","type-post","status-publish","format-standard","has-post-thumbnail","hentry","category-allgemein","tag-fachkongressfachmesse","tag-unternehmen"],"acf":[],"hkrextid":null,"publication":null,"issue":null,"workflow":null,"startPage":null,"spitzmarke":null,"_posts_by_tag_page_fields":{"widget_title":"","widget_tags":""},"_at_widget":"1","_yoast_wpseo_primary_category":"1","_yoast_wpseo_focuskw_text_input":"Grosses Interesse an Sicherheitsthemen und -l\u00f6sungen","_yoast_wpseo_opengraph-image":"https:\/\/news.save.ch\/wp-content\/uploads\/2016\/12\/Grosses-Interesse-an-Sicherheitsthemen-und-l\u00f6sungen-sicherheitsforum.jpg","_yoast_wpseo_opengraph-description":"Die SICHERHEIT 2015 unterstrich vom 10. bis 13. November erneut die ungebrochen grosse Nachfrage nach Sicherheitsl\u00f6sungen. Das zeigte sich auch am messebegleitenden Fachkongress und an der Sonderschau zum Thema \u201eRisikomanagement von Naturgefahren\u201c.","_yoast_wpseo_opengraph-title":"Grosses Interesse an Sicherheitsthemen und -l\u00f6sungen","enclosure":null,"_yoast_wpseo_twitter-title":null,"_yoast_wpseo_twitter-description":null,"_yoast_wpseo_twitter-image":null,"_wp_old_slug":null,"_yoast_wpseo_title":null,"_yoast_wpseo_canonical":null,"yoast_head":"<!-- This site is optimized with the Yoast SEO plugin v27.5 - https:\/\/yoast.com\/product\/yoast-seo-wordpress\/ -->\n<title>Grosses Interesse an Sicherheitsthemen und -l\u00f6sungen - Save<\/title>\n<meta name=\"description\" content=\"Die SICHERHEIT 2015 unterstrich vom 10. bis 13. November erneut ein ungebrochen grosses Interesse an Sicherheitsthemen und -l\u00f6sungen.\" \/>\n<meta name=\"robots\" content=\"index, follow, max-snippet:-1, max-image-preview:large, max-video-preview:-1\" \/>\n<link rel=\"canonical\" href=\"https:\/\/news.save.ch\/en\/grosses-interesse-an-sicherheitsthemen-und-loesungen\/\" \/>\n<meta property=\"og:locale\" content=\"en_US\" \/>\n<meta property=\"og:type\" content=\"article\" \/>\n<meta property=\"og:title\" content=\"Grosses Interesse an Sicherheitsthemen und -l\u00f6sungen\" \/>\n<meta property=\"og:description\" content=\"Die SICHERHEIT 2015 unterstrich vom 10. bis 13. November erneut die ungebrochen grosse Nachfrage nach Sicherheitsl\u00f6sungen. Das zeigte sich auch am messebegleitenden Fachkongress und an der Sonderschau zum Thema \u201eRisikomanagement von Naturgefahren\u201c.\" \/>\n<meta property=\"og:url\" content=\"https:\/\/news.save.ch\/en\/grosses-interesse-an-sicherheitsthemen-und-loesungen\/\" \/>\n<meta property=\"og:site_name\" content=\"Save\" \/>\n<meta property=\"article:published_time\" content=\"2015-11-17T14:14:40+00:00\" \/>\n<meta property=\"og:image\" content=\"https:\/\/news.save.ch\/wp-content\/uploads\/2016\/12\/Grosses-Interesse-an-Sicherheitsthemen-und-l\u00f6sungen-sicherheitsforum.jpg\" \/>\n<meta name=\"author\" content=\"admin\" \/>\n<meta name=\"twitter:card\" content=\"summary_large_image\" \/>\n<meta name=\"twitter:label1\" content=\"Written by\" \/>\n\t<meta name=\"twitter:data1\" content=\"admin\" \/>\n\t<meta name=\"twitter:label2\" content=\"Est. reading time\" \/>\n\t<meta name=\"twitter:data2\" content=\"3 minutes\" \/>\n<script type=\"application\/ld+json\" class=\"yoast-schema-graph\">{\"@context\":\"https:\\\/\\\/schema.org\",\"@graph\":[{\"@type\":\"Article\",\"@id\":\"https:\\\/\\\/news.save.ch\\\/grosses-interesse-an-sicherheitsthemen-und-loesungen\\\/#article\",\"isPartOf\":{\"@id\":\"https:\\\/\\\/news.save.ch\\\/grosses-interesse-an-sicherheitsthemen-und-loesungen\\\/\"},\"author\":{\"name\":\"admin\",\"@id\":\"https:\\\/\\\/news.save.ch\\\/de\\\/#\\\/schema\\\/person\\\/d49e199490bad7c70d64b9ab51142f2b\"},\"headline\":\"Grosses Interesse an Sicherheitsthemen und -l\u00f6sungen\",\"datePublished\":\"2015-11-17T14:14:40+00:00\",\"mainEntityOfPage\":{\"@id\":\"https:\\\/\\\/news.save.ch\\\/grosses-interesse-an-sicherheitsthemen-und-loesungen\\\/\"},\"wordCount\":608,\"commentCount\":0,\"publisher\":{\"@id\":\"https:\\\/\\\/news.save.ch\\\/de\\\/#organization\"},\"image\":{\"@id\":\"https:\\\/\\\/news.save.ch\\\/grosses-interesse-an-sicherheitsthemen-und-loesungen\\\/#primaryimage\"},\"thumbnailUrl\":\"https:\\\/\\\/news.save.ch\\\/wp-content\\\/uploads\\\/2016\\\/12\\\/Grosses-Interesse-an-Sicherheitsthemen-und-loesungen-sicherheitsforum-scaled.jpg\",\"keywords\":[\"Fachkongress\\\/Fachmesse\",\"Unternehmen\"],\"articleSection\":[\"ALLGEMEIN\"],\"inLanguage\":\"en-US\"},{\"@type\":\"WebPage\",\"@id\":\"https:\\\/\\\/news.save.ch\\\/grosses-interesse-an-sicherheitsthemen-und-loesungen\\\/\",\"url\":\"https:\\\/\\\/news.save.ch\\\/grosses-interesse-an-sicherheitsthemen-und-loesungen\\\/\",\"name\":\"Grosses Interesse an Sicherheitsthemen und -l\u00f6sungen - Save\",\"isPartOf\":{\"@id\":\"https:\\\/\\\/news.save.ch\\\/de\\\/#website\"},\"primaryImageOfPage\":{\"@id\":\"https:\\\/\\\/news.save.ch\\\/grosses-interesse-an-sicherheitsthemen-und-loesungen\\\/#primaryimage\"},\"image\":{\"@id\":\"https:\\\/\\\/news.save.ch\\\/grosses-interesse-an-sicherheitsthemen-und-loesungen\\\/#primaryimage\"},\"thumbnailUrl\":\"https:\\\/\\\/news.save.ch\\\/wp-content\\\/uploads\\\/2016\\\/12\\\/Grosses-Interesse-an-Sicherheitsthemen-und-loesungen-sicherheitsforum-scaled.jpg\",\"datePublished\":\"2015-11-17T14:14:40+00:00\",\"description\":\"Die SICHERHEIT 2015 unterstrich vom 10. bis 13. November erneut ein ungebrochen grosses Interesse an Sicherheitsthemen und -l\u00f6sungen.\",\"breadcrumb\":{\"@id\":\"https:\\\/\\\/news.save.ch\\\/grosses-interesse-an-sicherheitsthemen-und-loesungen\\\/#breadcrumb\"},\"inLanguage\":\"en-US\",\"potentialAction\":[{\"@type\":\"ReadAction\",\"target\":[\"https:\\\/\\\/news.save.ch\\\/grosses-interesse-an-sicherheitsthemen-und-loesungen\\\/\"]}]},{\"@type\":\"ImageObject\",\"inLanguage\":\"en-US\",\"@id\":\"https:\\\/\\\/news.save.ch\\\/grosses-interesse-an-sicherheitsthemen-und-loesungen\\\/#primaryimage\",\"url\":\"https:\\\/\\\/news.save.ch\\\/wp-content\\\/uploads\\\/2016\\\/12\\\/Grosses-Interesse-an-Sicherheitsthemen-und-loesungen-sicherheitsforum-scaled.jpg\",\"contentUrl\":\"https:\\\/\\\/news.save.ch\\\/wp-content\\\/uploads\\\/2016\\\/12\\\/Grosses-Interesse-an-Sicherheitsthemen-und-loesungen-sicherheitsforum-scaled.jpg\",\"width\":1400,\"height\":932,\"caption\":\"Fotos: Thomas Entzeroth\"},{\"@type\":\"BreadcrumbList\",\"@id\":\"https:\\\/\\\/news.save.ch\\\/grosses-interesse-an-sicherheitsthemen-und-loesungen\\\/#breadcrumb\",\"itemListElement\":[{\"@type\":\"ListItem\",\"position\":1,\"name\":\"Home\",\"item\":\"https:\\\/\\\/news.save.ch\\\/de\\\/\"},{\"@type\":\"ListItem\",\"position\":2,\"name\":\"Grosses Interesse an Sicherheitsthemen und -l\u00f6sungen\"}]},{\"@type\":\"WebSite\",\"@id\":\"https:\\\/\\\/news.save.ch\\\/de\\\/#website\",\"url\":\"https:\\\/\\\/news.save.ch\\\/de\\\/\",\"name\":\"Save\",\"description\":\"Schweizer Fachzeitschrift f\u00fcr Sicherheit\",\"publisher\":{\"@id\":\"https:\\\/\\\/news.save.ch\\\/de\\\/#organization\"},\"potentialAction\":[{\"@type\":\"SearchAction\",\"target\":{\"@type\":\"EntryPoint\",\"urlTemplate\":\"https:\\\/\\\/news.save.ch\\\/de\\\/?s={search_term_string}\"},\"query-input\":{\"@type\":\"PropertyValueSpecification\",\"valueRequired\":true,\"valueName\":\"search_term_string\"}}],\"inLanguage\":\"en-US\"},{\"@type\":\"Organization\",\"@id\":\"https:\\\/\\\/news.save.ch\\\/de\\\/#organization\",\"name\":\"Sicherheitsforum\",\"url\":\"https:\\\/\\\/news.save.ch\\\/de\\\/\",\"logo\":{\"@type\":\"ImageObject\",\"inLanguage\":\"en-US\",\"@id\":\"https:\\\/\\\/news.save.ch\\\/de\\\/#\\\/schema\\\/logo\\\/image\\\/\",\"url\":\"https:\\\/\\\/news.save.ch\\\/wp-content\\\/uploads\\\/2022\\\/06\\\/Logo_SF_2012.png\",\"contentUrl\":\"https:\\\/\\\/news.save.ch\\\/wp-content\\\/uploads\\\/2022\\\/06\\\/Logo_SF_2012.png\",\"width\":1100,\"height\":91,\"caption\":\"Sicherheitsforum\"},\"image\":{\"@id\":\"https:\\\/\\\/news.save.ch\\\/de\\\/#\\\/schema\\\/logo\\\/image\\\/\"}},{\"@type\":\"Person\",\"@id\":\"https:\\\/\\\/news.save.ch\\\/de\\\/#\\\/schema\\\/person\\\/d49e199490bad7c70d64b9ab51142f2b\",\"name\":\"admin\",\"image\":{\"@type\":\"ImageObject\",\"inLanguage\":\"en-US\",\"@id\":\"https:\\\/\\\/secure.gravatar.com\\\/avatar\\\/ae2f4d718e6c49043e314ce431e7e645d646302a24a5ef5a8bc8e3f5a032e319?s=96&d=mm&r=g\",\"url\":\"https:\\\/\\\/secure.gravatar.com\\\/avatar\\\/ae2f4d718e6c49043e314ce431e7e645d646302a24a5ef5a8bc8e3f5a032e319?s=96&d=mm&r=g\",\"contentUrl\":\"https:\\\/\\\/secure.gravatar.com\\\/avatar\\\/ae2f4d718e6c49043e314ce431e7e645d646302a24a5ef5a8bc8e3f5a032e319?s=96&d=mm&r=g\",\"caption\":\"admin\"},\"sameAs\":[\"https:\\\/\\\/develop.organisator.galledia.ch\"],\"url\":\"https:\\\/\\\/news.save.ch\\\/en\\\/author\\\/admin\\\/\"}]}<\/script>\n<!-- \/ Yoast SEO plugin. -->","yoast_head_json":{"title":"Great interest in safety topics and solutions - Save","description":"SICHERHEIT 2015, which took place from November 10 to 13, once again underscored an unbroken high level of interest in security topics and solutions.","robots":{"index":"index","follow":"follow","max-snippet":"max-snippet:-1","max-image-preview":"max-image-preview:large","max-video-preview":"max-video-preview:-1"},"canonical":"https:\/\/news.save.ch\/en\/grosses-interesse-an-sicherheitsthemen-und-loesungen\/","og_locale":"en_US","og_type":"article","og_title":"Grosses Interesse an Sicherheitsthemen und -l\u00f6sungen","og_description":"Die SICHERHEIT 2015 unterstrich vom 10. bis 13. November erneut die ungebrochen grosse Nachfrage nach Sicherheitsl\u00f6sungen. Das zeigte sich auch am messebegleitenden Fachkongress und an der Sonderschau zum Thema \u201eRisikomanagement von Naturgefahren\u201c.","og_url":"https:\/\/news.save.ch\/en\/grosses-interesse-an-sicherheitsthemen-und-loesungen\/","og_site_name":"Save","article_published_time":"2015-11-17T14:14:40+00:00","og_image":[{"url":"https:\/\/news.save.ch\/wp-content\/uploads\/2016\/12\/Grosses-Interesse-an-Sicherheitsthemen-und-l\u00f6sungen-sicherheitsforum.jpg","type":"","width":"","height":""}],"author":"admin","twitter_card":"summary_large_image","twitter_misc":{"Written by":"admin","Est. reading time":"3 minutes"},"schema":{"@context":"https:\/\/schema.org","@graph":[{"@type":"Article","@id":"https:\/\/news.save.ch\/grosses-interesse-an-sicherheitsthemen-und-loesungen\/#article","isPartOf":{"@id":"https:\/\/news.save.ch\/grosses-interesse-an-sicherheitsthemen-und-loesungen\/"},"author":{"name":"admin","@id":"https:\/\/news.save.ch\/de\/#\/schema\/person\/d49e199490bad7c70d64b9ab51142f2b"},"headline":"Grosses Interesse an Sicherheitsthemen und -l\u00f6sungen","datePublished":"2015-11-17T14:14:40+00:00","mainEntityOfPage":{"@id":"https:\/\/news.save.ch\/grosses-interesse-an-sicherheitsthemen-und-loesungen\/"},"wordCount":608,"commentCount":0,"publisher":{"@id":"https:\/\/news.save.ch\/de\/#organization"},"image":{"@id":"https:\/\/news.save.ch\/grosses-interesse-an-sicherheitsthemen-und-loesungen\/#primaryimage"},"thumbnailUrl":"https:\/\/news.save.ch\/wp-content\/uploads\/2016\/12\/Grosses-Interesse-an-Sicherheitsthemen-und-loesungen-sicherheitsforum-scaled.jpg","keywords":["Fachkongress\/Fachmesse","Unternehmen"],"articleSection":["ALLGEMEIN"],"inLanguage":"en-US"},{"@type":"WebPage","@id":"https:\/\/news.save.ch\/grosses-interesse-an-sicherheitsthemen-und-loesungen\/","url":"https:\/\/news.save.ch\/grosses-interesse-an-sicherheitsthemen-und-loesungen\/","name":"Great interest in safety topics and solutions - Save","isPartOf":{"@id":"https:\/\/news.save.ch\/de\/#website"},"primaryImageOfPage":{"@id":"https:\/\/news.save.ch\/grosses-interesse-an-sicherheitsthemen-und-loesungen\/#primaryimage"},"image":{"@id":"https:\/\/news.save.ch\/grosses-interesse-an-sicherheitsthemen-und-loesungen\/#primaryimage"},"thumbnailUrl":"https:\/\/news.save.ch\/wp-content\/uploads\/2016\/12\/Grosses-Interesse-an-Sicherheitsthemen-und-loesungen-sicherheitsforum-scaled.jpg","datePublished":"2015-11-17T14:14:40+00:00","description":"SICHERHEIT 2015, which took place from November 10 to 13, once again underscored an unbroken high level of interest in security topics and solutions.","breadcrumb":{"@id":"https:\/\/news.save.ch\/grosses-interesse-an-sicherheitsthemen-und-loesungen\/#breadcrumb"},"inLanguage":"en-US","potentialAction":[{"@type":"ReadAction","target":["https:\/\/news.save.ch\/grosses-interesse-an-sicherheitsthemen-und-loesungen\/"]}]},{"@type":"ImageObject","inLanguage":"en-US","@id":"https:\/\/news.save.ch\/grosses-interesse-an-sicherheitsthemen-und-loesungen\/#primaryimage","url":"https:\/\/news.save.ch\/wp-content\/uploads\/2016\/12\/Grosses-Interesse-an-Sicherheitsthemen-und-loesungen-sicherheitsforum-scaled.jpg","contentUrl":"https:\/\/news.save.ch\/wp-content\/uploads\/2016\/12\/Grosses-Interesse-an-Sicherheitsthemen-und-loesungen-sicherheitsforum-scaled.jpg","width":1400,"height":932,"caption":"Fotos: Thomas Entzeroth"},{"@type":"BreadcrumbList","@id":"https:\/\/news.save.ch\/grosses-interesse-an-sicherheitsthemen-und-loesungen\/#breadcrumb","itemListElement":[{"@type":"ListItem","position":1,"name":"Home","item":"https:\/\/news.save.ch\/de\/"},{"@type":"ListItem","position":2,"name":"Grosses Interesse an Sicherheitsthemen und -l\u00f6sungen"}]},{"@type":"WebSite","@id":"https:\/\/news.save.ch\/de\/#website","url":"https:\/\/news.save.ch\/de\/","name":"Save","description":"Swiss trade journal for safety","publisher":{"@id":"https:\/\/news.save.ch\/de\/#organization"},"potentialAction":[{"@type":"SearchAction","target":{"@type":"EntryPoint","urlTemplate":"https:\/\/news.save.ch\/de\/?s={search_term_string}"},"query-input":{"@type":"PropertyValueSpecification","valueRequired":true,"valueName":"search_term_string"}}],"inLanguage":"en-US"},{"@type":"Organization","@id":"https:\/\/news.save.ch\/de\/#organization","name":"Security Forum","url":"https:\/\/news.save.ch\/de\/","logo":{"@type":"ImageObject","inLanguage":"en-US","@id":"https:\/\/news.save.ch\/de\/#\/schema\/logo\/image\/","url":"https:\/\/news.save.ch\/wp-content\/uploads\/2022\/06\/Logo_SF_2012.png","contentUrl":"https:\/\/news.save.ch\/wp-content\/uploads\/2022\/06\/Logo_SF_2012.png","width":1100,"height":91,"caption":"Sicherheitsforum"},"image":{"@id":"https:\/\/news.save.ch\/de\/#\/schema\/logo\/image\/"}},{"@type":"Person","@id":"https:\/\/news.save.ch\/de\/#\/schema\/person\/d49e199490bad7c70d64b9ab51142f2b","name":"admin","image":{"@type":"ImageObject","inLanguage":"en-US","@id":"https:\/\/secure.gravatar.com\/avatar\/ae2f4d718e6c49043e314ce431e7e645d646302a24a5ef5a8bc8e3f5a032e319?s=96&d=mm&r=g","url":"https:\/\/secure.gravatar.com\/avatar\/ae2f4d718e6c49043e314ce431e7e645d646302a24a5ef5a8bc8e3f5a032e319?s=96&d=mm&r=g","contentUrl":"https:\/\/secure.gravatar.com\/avatar\/ae2f4d718e6c49043e314ce431e7e645d646302a24a5ef5a8bc8e3f5a032e319?s=96&d=mm&r=g","caption":"admin"},"sameAs":["https:\/\/develop.organisator.galledia.ch"],"url":"https:\/\/news.save.ch\/en\/author\/admin\/"}]}},"_links":{"self":[{"href":"https:\/\/news.save.ch\/en\/wp-json\/wp\/v2\/posts\/1930","targetHints":{"allow":["GET"]}}],"collection":[{"href":"https:\/\/news.save.ch\/en\/wp-json\/wp\/v2\/posts"}],"about":[{"href":"https:\/\/news.save.ch\/en\/wp-json\/wp\/v2\/types\/post"}],"author":[{"embeddable":true,"href":"https:\/\/news.save.ch\/en\/wp-json\/wp\/v2\/users\/1"}],"replies":[{"embeddable":true,"href":"https:\/\/news.save.ch\/en\/wp-json\/wp\/v2\/comments?post=1930"}],"version-history":[{"count":0,"href":"https:\/\/news.save.ch\/en\/wp-json\/wp\/v2\/posts\/1930\/revisions"}],"wp:featuredmedia":[{"embeddable":true,"href":"https:\/\/news.save.ch\/en\/wp-json\/wp\/v2\/media\/1931"}],"wp:attachment":[{"href":"https:\/\/news.save.ch\/en\/wp-json\/wp\/v2\/media?parent=1930"}],"wp:term":[{"taxonomy":"category","embeddable":true,"href":"https:\/\/news.save.ch\/en\/wp-json\/wp\/v2\/categories?post=1930"},{"taxonomy":"post_tag","embeddable":true,"href":"https:\/\/news.save.ch\/en\/wp-json\/wp\/v2\/tags?post=1930"}],"curies":[{"name":"wp","href":"https:\/\/api.w.org\/{rel}","templated":true}]}}