{"id":19300,"date":"2023-04-19T14:34:26","date_gmt":"2023-04-19T12:34:26","guid":{"rendered":"https:\/\/news.save.ch\/?p=19300"},"modified":"2023-08-14T14:55:21","modified_gmt":"2023-08-14T12:55:21","slug":"covid-tests-missbraeuche-aufdecken","status":null,"type":"post","link":"https:\/\/news.save.ch\/en\/covid-tests-missbraeuche-aufdecken\/","title":{"rendered":"Covid tests: miscalculate, detect abuses"},"content":{"rendered":"<figure id=\"attachment_19302\" aria-describedby=\"caption-attachment-19302\" style=\"width: 1181px\" class=\"wp-caption alignnone\"><img loading=\"lazy\" decoding=\"async\" class=\"wp-image-19302\" src=\"https:\/\/news.save.ch\/wp-content\/uploads\/2023\/04\/Depositphotos_169885090_S-1-680x479.jpg\" alt=\"\" width=\"1181\" height=\"832\" srcset=\"https:\/\/news.save.ch\/wp-content\/uploads\/2023\/04\/Depositphotos_169885090_S-1-680x479.jpg 680w, https:\/\/news.save.ch\/wp-content\/uploads\/2023\/04\/Depositphotos_169885090_S-1-768x541.jpg 768w, https:\/\/news.save.ch\/wp-content\/uploads\/2023\/04\/Depositphotos_169885090_S-1-18x12.jpg 18w, https:\/\/news.save.ch\/wp-content\/uploads\/2023\/04\/Depositphotos_169885090_S-1-375x264.jpg 375w, https:\/\/news.save.ch\/wp-content\/uploads\/2023\/04\/Depositphotos_169885090_S-1-497x350.jpg 497w, https:\/\/news.save.ch\/wp-content\/uploads\/2023\/04\/Depositphotos_169885090_S-1.jpg 999w\" sizes=\"auto, (max-width: 1181px) 100vw, 1181px\" \/><figcaption id=\"caption-attachment-19302\" class=\"wp-caption-text\"><span class=\"_Vhtl5\"><span class=\"_qzptK\">Depositphotos, Feodora52<\/span><\/span><\/figcaption><\/figure>\n<p>Last December, the Finance Delegation of the Federal Councils wrote to the Federal Council asking it to step up its efforts to detect and prevent improper payments under the Covid 19 test settlement.<br \/>\nIn its response, the Federal Council shows its determination to continue the investigation of the suspected cases. The Federal Office of Public Health (FOPH) has drawn up a concept for combating abuse and, depending on the outcome of the investigations, will reclaim the amounts wrongly invoiced. In this context, the FOPH has already issued the first rulings on suspected unjustified invoices. The amounts involved are in the order of 1.8 million francs. In addition, the FOPH has initiated criminal proceedings and further steps cannot be ruled out in the future, the Federal Council said.<\/p>\n<p><em>Source: Confederation<\/em><\/p>","protected":false},"excerpt":{"rendered":"<p>Die Finanzdelegation der Eidgen\u00f6ssischen R\u00e4te forderte den Bundesrat im Dezember letzten Jahres in einem Schreiben auf, seine Anstrengungen zu verst\u00e4rken, um ungerechtfertigte Zahlungen im Rahmen der Verrechnung von Covid-19-Tests aufzudecken und zu verhindern. In seiner Antwort zeigt sich der Bundesrat entschlossen, die Untersuchung der Verdachtsf\u00e4lle fortzusetzen. Das Bundesamt f\u00fcr Gesundheit (BAG) habe ein Konzept zur [&hellip;]<\/p>\n","protected":false},"author":8,"featured_media":19301,"comment_status":"closed","ping_status":"closed","sticky":false,"template":"","format":"standard","meta":{"_acf_changed":false,"pgc_sgb_lightbox_settings":"","footnotes":""},"categories":[1],"tags":[468,3339,3340],"class_list":["post-19300","post","type-post","status-publish","format-standard","has-post-thumbnail","hentry","category-allgemein","tag-betrug","tag-covid-19-tests","tag-zahlungen"],"acf":[],"hkrextid":null,"publication":null,"issue":null,"workflow":null,"startPage":null,"spitzmarke":null,"_posts_by_tag_page_fields":null,"_at_widget":null,"_yoast_wpseo_primary_category":"1","_yoast_wpseo_focuskw_text_input":null,"_yoast_wpseo_opengraph-image":null,"_yoast_wpseo_opengraph-description":null,"_yoast_wpseo_opengraph-title":null,"enclosure":null,"_yoast_wpseo_twitter-title":null,"_yoast_wpseo_twitter-description":null,"_yoast_wpseo_twitter-image":null,"_wp_old_slug":null,"_yoast_wpseo_title":null,"_yoast_wpseo_canonical":null,"yoast_head":"<!-- This site is optimized with the Yoast SEO plugin v27.4 - https:\/\/yoast.com\/product\/yoast-seo-wordpress\/ -->\n<title>Covid-Tests: Falsch verrechnet, Missbr\u00e4uche aufdecken - Save<\/title>\n<meta name=\"description\" content=\"Der Bundesrat will die Verdachtsf\u00e4lle von falsch verrechneten Covid-19-Tests untersuchen und die unrechtm\u00e4ssig bezogenen Betr\u00e4ge zur\u00fcckverlangen. Das hat er am 19. April entschieden.\" \/>\n<meta name=\"robots\" content=\"index, follow, max-snippet:-1, max-image-preview:large, max-video-preview:-1\" \/>\n<link rel=\"canonical\" href=\"https:\/\/news.save.ch\/en\/covid-tests-missbraeuche-aufdecken\/\" \/>\n<meta property=\"og:locale\" content=\"en_US\" \/>\n<meta property=\"og:type\" content=\"article\" \/>\n<meta property=\"og:title\" content=\"Covid-Tests: Falsch verrechnet, Missbr\u00e4uche aufdecken - Save\" \/>\n<meta property=\"og:description\" content=\"Der Bundesrat will die Verdachtsf\u00e4lle von falsch verrechneten Covid-19-Tests untersuchen und die unrechtm\u00e4ssig bezogenen Betr\u00e4ge zur\u00fcckverlangen. Das hat er am 19. April entschieden.\" \/>\n<meta property=\"og:url\" content=\"https:\/\/news.save.ch\/en\/covid-tests-missbraeuche-aufdecken\/\" \/>\n<meta property=\"og:site_name\" content=\"Save\" \/>\n<meta property=\"article:published_time\" content=\"2023-04-19T12:34:26+00:00\" \/>\n<meta property=\"article:modified_time\" content=\"2023-08-14T12:55:21+00:00\" \/>\n<meta property=\"og:image\" content=\"https:\/\/news.save.ch\/wp-content\/uploads\/2023\/04\/Depositphotos_169885090_S.jpg\" \/>\n\t<meta property=\"og:image:width\" content=\"999\" \/>\n\t<meta property=\"og:image:height\" content=\"704\" \/>\n\t<meta property=\"og:image:type\" content=\"image\/jpeg\" \/>\n<meta name=\"author\" content=\"Roger Str\u00e4ssle\" \/>\n<meta name=\"twitter:card\" content=\"summary_large_image\" \/>\n<meta name=\"twitter:label1\" content=\"Written by\" \/>\n\t<meta name=\"twitter:data1\" content=\"Roger Str\u00e4ssle\" \/>\n\t<meta name=\"twitter:label2\" content=\"Est. reading time\" \/>\n\t<meta name=\"twitter:data2\" content=\"1 minute\" \/>\n<script type=\"application\/ld+json\" class=\"yoast-schema-graph\">{\"@context\":\"https:\\\/\\\/schema.org\",\"@graph\":[{\"@type\":\"Article\",\"@id\":\"https:\\\/\\\/news.save.ch\\\/covid-tests-missbraeuche-aufdecken\\\/#article\",\"isPartOf\":{\"@id\":\"https:\\\/\\\/news.save.ch\\\/covid-tests-missbraeuche-aufdecken\\\/\"},\"author\":{\"name\":\"Roger Str\u00e4ssle\",\"@id\":\"https:\\\/\\\/news.save.ch\\\/de\\\/#\\\/schema\\\/person\\\/d5022db048e0e2b9785c50e5b24da5aa\"},\"headline\":\"Covid-Tests: Falsch verrechnet, Missbr\u00e4uche aufdecken\",\"datePublished\":\"2023-04-19T12:34:26+00:00\",\"dateModified\":\"2023-08-14T12:55:21+00:00\",\"mainEntityOfPage\":{\"@id\":\"https:\\\/\\\/news.save.ch\\\/covid-tests-missbraeuche-aufdecken\\\/\"},\"wordCount\":143,\"publisher\":{\"@id\":\"https:\\\/\\\/news.save.ch\\\/de\\\/#organization\"},\"image\":{\"@id\":\"https:\\\/\\\/news.save.ch\\\/covid-tests-missbraeuche-aufdecken\\\/#primaryimage\"},\"thumbnailUrl\":\"https:\\\/\\\/news.save.ch\\\/wp-content\\\/uploads\\\/2023\\\/04\\\/Depositphotos_169885090_S.jpg\",\"keywords\":[\"Betrug\",\"Covid-19-Tests\",\"Zahlungen\"],\"articleSection\":[\"ALLGEMEIN\"],\"inLanguage\":\"en-US\"},{\"@type\":\"WebPage\",\"@id\":\"https:\\\/\\\/news.save.ch\\\/covid-tests-missbraeuche-aufdecken\\\/\",\"url\":\"https:\\\/\\\/news.save.ch\\\/covid-tests-missbraeuche-aufdecken\\\/\",\"name\":\"Covid-Tests: Falsch verrechnet, Missbr\u00e4uche aufdecken - Save\",\"isPartOf\":{\"@id\":\"https:\\\/\\\/news.save.ch\\\/de\\\/#website\"},\"primaryImageOfPage\":{\"@id\":\"https:\\\/\\\/news.save.ch\\\/covid-tests-missbraeuche-aufdecken\\\/#primaryimage\"},\"image\":{\"@id\":\"https:\\\/\\\/news.save.ch\\\/covid-tests-missbraeuche-aufdecken\\\/#primaryimage\"},\"thumbnailUrl\":\"https:\\\/\\\/news.save.ch\\\/wp-content\\\/uploads\\\/2023\\\/04\\\/Depositphotos_169885090_S.jpg\",\"datePublished\":\"2023-04-19T12:34:26+00:00\",\"dateModified\":\"2023-08-14T12:55:21+00:00\",\"description\":\"Der Bundesrat will die Verdachtsf\u00e4lle von falsch verrechneten Covid-19-Tests untersuchen und die unrechtm\u00e4ssig bezogenen Betr\u00e4ge zur\u00fcckverlangen. Das hat er am 19. April entschieden.\",\"breadcrumb\":{\"@id\":\"https:\\\/\\\/news.save.ch\\\/covid-tests-missbraeuche-aufdecken\\\/#breadcrumb\"},\"inLanguage\":\"en-US\",\"potentialAction\":[{\"@type\":\"ReadAction\",\"target\":[\"https:\\\/\\\/news.save.ch\\\/covid-tests-missbraeuche-aufdecken\\\/\"]}]},{\"@type\":\"ImageObject\",\"inLanguage\":\"en-US\",\"@id\":\"https:\\\/\\\/news.save.ch\\\/covid-tests-missbraeuche-aufdecken\\\/#primaryimage\",\"url\":\"https:\\\/\\\/news.save.ch\\\/wp-content\\\/uploads\\\/2023\\\/04\\\/Depositphotos_169885090_S.jpg\",\"contentUrl\":\"https:\\\/\\\/news.save.ch\\\/wp-content\\\/uploads\\\/2023\\\/04\\\/Depositphotos_169885090_S.jpg\",\"width\":999,\"height\":704,\"caption\":\"Depositphotos, Feodora52\"},{\"@type\":\"BreadcrumbList\",\"@id\":\"https:\\\/\\\/news.save.ch\\\/covid-tests-missbraeuche-aufdecken\\\/#breadcrumb\",\"itemListElement\":[{\"@type\":\"ListItem\",\"position\":1,\"name\":\"Home\",\"item\":\"https:\\\/\\\/news.save.ch\\\/de\\\/\"},{\"@type\":\"ListItem\",\"position\":2,\"name\":\"Covid-Tests: Falsch verrechnet, Missbr\u00e4uche aufdecken\"}]},{\"@type\":\"WebSite\",\"@id\":\"https:\\\/\\\/news.save.ch\\\/de\\\/#website\",\"url\":\"https:\\\/\\\/news.save.ch\\\/de\\\/\",\"name\":\"Save\",\"description\":\"Schweizer Fachzeitschrift f\u00fcr Sicherheit\",\"publisher\":{\"@id\":\"https:\\\/\\\/news.save.ch\\\/de\\\/#organization\"},\"potentialAction\":[{\"@type\":\"SearchAction\",\"target\":{\"@type\":\"EntryPoint\",\"urlTemplate\":\"https:\\\/\\\/news.save.ch\\\/de\\\/?s={search_term_string}\"},\"query-input\":{\"@type\":\"PropertyValueSpecification\",\"valueRequired\":true,\"valueName\":\"search_term_string\"}}],\"inLanguage\":\"en-US\"},{\"@type\":\"Organization\",\"@id\":\"https:\\\/\\\/news.save.ch\\\/de\\\/#organization\",\"name\":\"Sicherheitsforum\",\"url\":\"https:\\\/\\\/news.save.ch\\\/de\\\/\",\"logo\":{\"@type\":\"ImageObject\",\"inLanguage\":\"en-US\",\"@id\":\"https:\\\/\\\/news.save.ch\\\/de\\\/#\\\/schema\\\/logo\\\/image\\\/\",\"url\":\"https:\\\/\\\/news.save.ch\\\/wp-content\\\/uploads\\\/2022\\\/06\\\/Logo_SF_2012.png\",\"contentUrl\":\"https:\\\/\\\/news.save.ch\\\/wp-content\\\/uploads\\\/2022\\\/06\\\/Logo_SF_2012.png\",\"width\":1100,\"height\":91,\"caption\":\"Sicherheitsforum\"},\"image\":{\"@id\":\"https:\\\/\\\/news.save.ch\\\/de\\\/#\\\/schema\\\/logo\\\/image\\\/\"}},{\"@type\":\"Person\",\"@id\":\"https:\\\/\\\/news.save.ch\\\/de\\\/#\\\/schema\\\/person\\\/d5022db048e0e2b9785c50e5b24da5aa\",\"name\":\"Roger Str\u00e4ssle\",\"image\":{\"@type\":\"ImageObject\",\"inLanguage\":\"en-US\",\"@id\":\"https:\\\/\\\/secure.gravatar.com\\\/avatar\\\/862a5569d087de48e5856e32f45d719a03804c891d6deb8d4f71a660e79e4a47?s=96&d=mm&r=g\",\"url\":\"https:\\\/\\\/secure.gravatar.com\\\/avatar\\\/862a5569d087de48e5856e32f45d719a03804c891d6deb8d4f71a660e79e4a47?s=96&d=mm&r=g\",\"contentUrl\":\"https:\\\/\\\/secure.gravatar.com\\\/avatar\\\/862a5569d087de48e5856e32f45d719a03804c891d6deb8d4f71a660e79e4a47?s=96&d=mm&r=g\",\"caption\":\"Roger Str\u00e4ssle\"},\"url\":\"https:\\\/\\\/news.save.ch\\\/en\\\/author\\\/roger-straessle\\\/\"}]}<\/script>\n<!-- \/ Yoast SEO plugin. -->","yoast_head_json":{"title":"Covid tests: miscalculate, detect abuses - Save","description":"The Federal Council wants to investigate suspected cases of incorrectly charged Covid 19 tests and reclaim the amounts improperly received. It took this decision on April 19.","robots":{"index":"index","follow":"follow","max-snippet":"max-snippet:-1","max-image-preview":"max-image-preview:large","max-video-preview":"max-video-preview:-1"},"canonical":"https:\/\/news.save.ch\/en\/covid-tests-missbraeuche-aufdecken\/","og_locale":"en_US","og_type":"article","og_title":"Covid-Tests: Falsch verrechnet, Missbr\u00e4uche aufdecken - Save","og_description":"Der Bundesrat will die Verdachtsf\u00e4lle von falsch verrechneten Covid-19-Tests untersuchen und die unrechtm\u00e4ssig bezogenen Betr\u00e4ge zur\u00fcckverlangen. Das hat er am 19. April entschieden.","og_url":"https:\/\/news.save.ch\/en\/covid-tests-missbraeuche-aufdecken\/","og_site_name":"Save","article_published_time":"2023-04-19T12:34:26+00:00","article_modified_time":"2023-08-14T12:55:21+00:00","og_image":[{"width":999,"height":704,"url":"https:\/\/news.save.ch\/wp-content\/uploads\/2023\/04\/Depositphotos_169885090_S.jpg","type":"image\/jpeg"}],"author":"Roger Str\u00e4ssle","twitter_card":"summary_large_image","twitter_misc":{"Written by":"Roger Str\u00e4ssle","Est. reading time":"1 minute"},"schema":{"@context":"https:\/\/schema.org","@graph":[{"@type":"Article","@id":"https:\/\/news.save.ch\/covid-tests-missbraeuche-aufdecken\/#article","isPartOf":{"@id":"https:\/\/news.save.ch\/covid-tests-missbraeuche-aufdecken\/"},"author":{"name":"Roger Str\u00e4ssle","@id":"https:\/\/news.save.ch\/de\/#\/schema\/person\/d5022db048e0e2b9785c50e5b24da5aa"},"headline":"Covid-Tests: Falsch verrechnet, Missbr\u00e4uche aufdecken","datePublished":"2023-04-19T12:34:26+00:00","dateModified":"2023-08-14T12:55:21+00:00","mainEntityOfPage":{"@id":"https:\/\/news.save.ch\/covid-tests-missbraeuche-aufdecken\/"},"wordCount":143,"publisher":{"@id":"https:\/\/news.save.ch\/de\/#organization"},"image":{"@id":"https:\/\/news.save.ch\/covid-tests-missbraeuche-aufdecken\/#primaryimage"},"thumbnailUrl":"https:\/\/news.save.ch\/wp-content\/uploads\/2023\/04\/Depositphotos_169885090_S.jpg","keywords":["Betrug","Covid-19-Tests","Zahlungen"],"articleSection":["ALLGEMEIN"],"inLanguage":"en-US"},{"@type":"WebPage","@id":"https:\/\/news.save.ch\/covid-tests-missbraeuche-aufdecken\/","url":"https:\/\/news.save.ch\/covid-tests-missbraeuche-aufdecken\/","name":"Covid tests: miscalculate, detect abuses - Save","isPartOf":{"@id":"https:\/\/news.save.ch\/de\/#website"},"primaryImageOfPage":{"@id":"https:\/\/news.save.ch\/covid-tests-missbraeuche-aufdecken\/#primaryimage"},"image":{"@id":"https:\/\/news.save.ch\/covid-tests-missbraeuche-aufdecken\/#primaryimage"},"thumbnailUrl":"https:\/\/news.save.ch\/wp-content\/uploads\/2023\/04\/Depositphotos_169885090_S.jpg","datePublished":"2023-04-19T12:34:26+00:00","dateModified":"2023-08-14T12:55:21+00:00","description":"The Federal Council wants to investigate suspected cases of incorrectly charged Covid 19 tests and reclaim the amounts improperly received. It took this decision on April 19.","breadcrumb":{"@id":"https:\/\/news.save.ch\/covid-tests-missbraeuche-aufdecken\/#breadcrumb"},"inLanguage":"en-US","potentialAction":[{"@type":"ReadAction","target":["https:\/\/news.save.ch\/covid-tests-missbraeuche-aufdecken\/"]}]},{"@type":"ImageObject","inLanguage":"en-US","@id":"https:\/\/news.save.ch\/covid-tests-missbraeuche-aufdecken\/#primaryimage","url":"https:\/\/news.save.ch\/wp-content\/uploads\/2023\/04\/Depositphotos_169885090_S.jpg","contentUrl":"https:\/\/news.save.ch\/wp-content\/uploads\/2023\/04\/Depositphotos_169885090_S.jpg","width":999,"height":704,"caption":"Depositphotos, Feodora52"},{"@type":"BreadcrumbList","@id":"https:\/\/news.save.ch\/covid-tests-missbraeuche-aufdecken\/#breadcrumb","itemListElement":[{"@type":"ListItem","position":1,"name":"Home","item":"https:\/\/news.save.ch\/de\/"},{"@type":"ListItem","position":2,"name":"Covid-Tests: Falsch verrechnet, Missbr\u00e4uche aufdecken"}]},{"@type":"WebSite","@id":"https:\/\/news.save.ch\/de\/#website","url":"https:\/\/news.save.ch\/de\/","name":"Save","description":"Swiss trade journal for safety","publisher":{"@id":"https:\/\/news.save.ch\/de\/#organization"},"potentialAction":[{"@type":"SearchAction","target":{"@type":"EntryPoint","urlTemplate":"https:\/\/news.save.ch\/de\/?s={search_term_string}"},"query-input":{"@type":"PropertyValueSpecification","valueRequired":true,"valueName":"search_term_string"}}],"inLanguage":"en-US"},{"@type":"Organization","@id":"https:\/\/news.save.ch\/de\/#organization","name":"Security Forum","url":"https:\/\/news.save.ch\/de\/","logo":{"@type":"ImageObject","inLanguage":"en-US","@id":"https:\/\/news.save.ch\/de\/#\/schema\/logo\/image\/","url":"https:\/\/news.save.ch\/wp-content\/uploads\/2022\/06\/Logo_SF_2012.png","contentUrl":"https:\/\/news.save.ch\/wp-content\/uploads\/2022\/06\/Logo_SF_2012.png","width":1100,"height":91,"caption":"Sicherheitsforum"},"image":{"@id":"https:\/\/news.save.ch\/de\/#\/schema\/logo\/image\/"}},{"@type":"Person","@id":"https:\/\/news.save.ch\/de\/#\/schema\/person\/d5022db048e0e2b9785c50e5b24da5aa","name":"Roger Str\u00e4ssle","image":{"@type":"ImageObject","inLanguage":"en-US","@id":"https:\/\/secure.gravatar.com\/avatar\/862a5569d087de48e5856e32f45d719a03804c891d6deb8d4f71a660e79e4a47?s=96&d=mm&r=g","url":"https:\/\/secure.gravatar.com\/avatar\/862a5569d087de48e5856e32f45d719a03804c891d6deb8d4f71a660e79e4a47?s=96&d=mm&r=g","contentUrl":"https:\/\/secure.gravatar.com\/avatar\/862a5569d087de48e5856e32f45d719a03804c891d6deb8d4f71a660e79e4a47?s=96&d=mm&r=g","caption":"Roger Str\u00e4ssle"},"url":"https:\/\/news.save.ch\/en\/author\/roger-straessle\/"}]}},"_links":{"self":[{"href":"https:\/\/news.save.ch\/en\/wp-json\/wp\/v2\/posts\/19300","targetHints":{"allow":["GET"]}}],"collection":[{"href":"https:\/\/news.save.ch\/en\/wp-json\/wp\/v2\/posts"}],"about":[{"href":"https:\/\/news.save.ch\/en\/wp-json\/wp\/v2\/types\/post"}],"author":[{"embeddable":true,"href":"https:\/\/news.save.ch\/en\/wp-json\/wp\/v2\/users\/8"}],"replies":[{"embeddable":true,"href":"https:\/\/news.save.ch\/en\/wp-json\/wp\/v2\/comments?post=19300"}],"version-history":[{"count":3,"href":"https:\/\/news.save.ch\/en\/wp-json\/wp\/v2\/posts\/19300\/revisions"}],"predecessor-version":[{"id":21720,"href":"https:\/\/news.save.ch\/en\/wp-json\/wp\/v2\/posts\/19300\/revisions\/21720"}],"wp:featuredmedia":[{"embeddable":true,"href":"https:\/\/news.save.ch\/en\/wp-json\/wp\/v2\/media\/19301"}],"wp:attachment":[{"href":"https:\/\/news.save.ch\/en\/wp-json\/wp\/v2\/media?parent=19300"}],"wp:term":[{"taxonomy":"category","embeddable":true,"href":"https:\/\/news.save.ch\/en\/wp-json\/wp\/v2\/categories?post=19300"},{"taxonomy":"post_tag","embeddable":true,"href":"https:\/\/news.save.ch\/en\/wp-json\/wp\/v2\/tags?post=19300"}],"curies":[{"name":"wp","href":"https:\/\/api.w.org\/{rel}","templated":true}]}}