{"id":1934,"date":"2015-11-14T15:17:50","date_gmt":"2015-11-14T14:17:50","guid":{"rendered":"https:\/\/dev.sicherheitsforum.ch\/?p=1934"},"modified":"2015-11-14T15:17:50","modified_gmt":"2015-11-14T14:17:50","slug":"frankreich-ist-erschuettert-wir-auch","status":null,"type":"post","link":"https:\/\/news.save.ch\/en\/frankreich-ist-erschuettert-wir-auch\/","title":{"rendered":"France is shaken - so are we"},"content":{"rendered":"<p><img loading=\"lazy\" decoding=\"async\" class=\"alignnone wp-image-1935 size-medium\" src=\"https:\/\/news.save.ch\/wp-content\/uploads\/2016\/12\/Frankreich-ist-ersch\u00fcttert-wir-auch-sicherheitsforum.jpg\" width=\"680\" height=\"424\" \/><\/p>\n<p>The terrorist night of yesterday, Friday in Paris writes a sad balance: A good 120 people were killed in the attacks, almost 200 people are injured - many of them seriously. According to witness reports, terrorists were shooting wildly, and bombs could also be heard exploding. On the basis of confession letters on the Internet, the attacks can be traced back to the Islamic State terrorist militia.<\/p>\n<p>The brutal act occurred practically simultaneously in several places. It was a concerted action: in the center of Paris, but also at the Stade de France in the north of the city. The friendly match between Germany and France had just been played there. France's President Hollande, who was at the stadium at the time of the attacks, has declared a state of emergency. However, the country's borders are not closed, even though border controls have been tightened. Hollande has ordered three days of national mourning, and a minute of silence will be held in France on Monday.<\/p>\n<p>According to information, the UN climate summit, which will soon take place in Paris, will be held as planned. The event will take place within the well-secured perimeter of the airport. The question still remains as to what impact the attack will have on another major event: the European Football Championship, which is scheduled for June 2016 in France.<\/p>\n<p>Many governments from around the world have strongly condemned the dastardly terrorist attack; Iran, for example, called it an \"inhumane crime.\"<\/p>\n<p>The federal security services are on heightened alert, according to a statement from Bern. They are working closely with partner services in France, in consultation with the Swiss Embassy in Paris. The Federal Council will keep informed about the development of the situation.<\/p>","protected":false},"excerpt":{"rendered":"<p>Die Terrornacht von gestern Freitag in Paris schreibt eine traurige Bilanz: Gut\u00a0120\u00a0Menschen wurden bei den Anschl\u00e4gen get\u00f6tet, fast\u00a0200 Personen sind\u00a0verletzt &#8211; viele davon schwer. Gem\u00e4ss Zeugenberichten schossen Terroristen wild um sich, es war\u00a0auch die Explosion von Bomben zu h\u00f6ren. Aufgrund von Bekennerschreiben im Internet gehen die Anschl\u00e4ge auf die Terrormiliz\u00a0Islamischer Staat zur\u00fcck. Die brutale Tat\u00a0ereigneten [&hellip;]<\/p>\n","protected":false},"author":1,"featured_media":1935,"comment_status":"open","ping_status":"open","sticky":false,"template":"","format":"standard","meta":{"_acf_changed":false,"pgc_sgb_lightbox_settings":"","footnotes":""},"categories":[1],"tags":[43],"class_list":["post-1934","post","type-post","status-publish","format-standard","has-post-thumbnail","hentry","category-allgemein","tag-terrorismus"],"acf":[],"hkrextid":null,"publication":null,"issue":null,"workflow":null,"startPage":null,"spitzmarke":null,"_posts_by_tag_page_fields":{"widget_title":"","widget_tags":""},"_at_widget":"1","_yoast_wpseo_primary_category":"1","_yoast_wpseo_focuskw_text_input":"Frankreich ist ersch\u00fcttert","_yoast_wpseo_opengraph-image":"https:\/\/news.save.ch\/wp-content\/uploads\/2016\/12\/Frankreich-ist-ersch\u00fcttert-wir-auch-sicherheitsforum.jpg","_yoast_wpseo_opengraph-description":"Schon wieder Frankreich. Eine neue Terror-Dimension hat das Land erfasst, Selbstmordattent\u00e4ter sorgen f\u00fcr ein schreckliches Blutbad in Paris. In der Schweiz sind die Sicherheitsdienste in erh\u00f6hter Alarmbereitschaft.","_yoast_wpseo_opengraph-title":"Frankreich ist ersch\u00fcttert - wir auch","enclosure":null,"_yoast_wpseo_twitter-title":null,"_yoast_wpseo_twitter-description":null,"_yoast_wpseo_twitter-image":null,"_wp_old_slug":null,"_yoast_wpseo_title":null,"_yoast_wpseo_canonical":null,"yoast_head":"<!-- This site is optimized with the Yoast SEO plugin v27.5 - https:\/\/yoast.com\/product\/yoast-seo-wordpress\/ -->\n<title>Frankreich ist ersch\u00fcttert - wir auch - Save<\/title>\n<meta name=\"description\" content=\"Frankreich ist ersch\u00fcttert. Eine neue Terror-Dimension hat das Land erfasst, Selbstmordattent\u00e4ter sorgen f\u00fcr ein schreckliches Blutbad in Paris.\" \/>\n<meta name=\"robots\" content=\"index, follow, max-snippet:-1, max-image-preview:large, max-video-preview:-1\" \/>\n<link rel=\"canonical\" href=\"https:\/\/news.save.ch\/en\/frankreich-ist-erschuettert-wir-auch\/\" \/>\n<meta property=\"og:locale\" content=\"en_US\" \/>\n<meta property=\"og:type\" content=\"article\" \/>\n<meta property=\"og:title\" content=\"Frankreich ist ersch\u00fcttert - wir auch\" \/>\n<meta property=\"og:description\" content=\"Schon wieder Frankreich. Eine neue Terror-Dimension hat das Land erfasst, Selbstmordattent\u00e4ter sorgen f\u00fcr ein schreckliches Blutbad in Paris. In der Schweiz sind die Sicherheitsdienste in erh\u00f6hter Alarmbereitschaft.\" \/>\n<meta property=\"og:url\" content=\"https:\/\/news.save.ch\/en\/frankreich-ist-erschuettert-wir-auch\/\" \/>\n<meta property=\"og:site_name\" content=\"Save\" \/>\n<meta property=\"article:published_time\" content=\"2015-11-14T14:17:50+00:00\" \/>\n<meta property=\"og:image\" content=\"https:\/\/news.save.ch\/wp-content\/uploads\/2016\/12\/Frankreich-ist-ersch\u00fcttert-wir-auch-sicherheitsforum.jpg\" \/>\n<meta name=\"author\" content=\"admin\" \/>\n<meta name=\"twitter:card\" content=\"summary_large_image\" \/>\n<meta name=\"twitter:label1\" content=\"Written by\" \/>\n\t<meta name=\"twitter:data1\" content=\"admin\" \/>\n\t<meta name=\"twitter:label2\" content=\"Est. reading time\" \/>\n\t<meta name=\"twitter:data2\" content=\"1 minute\" \/>\n<script type=\"application\/ld+json\" class=\"yoast-schema-graph\">{\"@context\":\"https:\\\/\\\/schema.org\",\"@graph\":[{\"@type\":\"Article\",\"@id\":\"https:\\\/\\\/news.save.ch\\\/frankreich-ist-erschuettert-wir-auch\\\/#article\",\"isPartOf\":{\"@id\":\"https:\\\/\\\/news.save.ch\\\/frankreich-ist-erschuettert-wir-auch\\\/\"},\"author\":{\"name\":\"admin\",\"@id\":\"https:\\\/\\\/news.save.ch\\\/de\\\/#\\\/schema\\\/person\\\/d49e199490bad7c70d64b9ab51142f2b\"},\"headline\":\"Frankreich ist ersch\u00fcttert &#8211; wir auch\",\"datePublished\":\"2015-11-14T14:17:50+00:00\",\"mainEntityOfPage\":{\"@id\":\"https:\\\/\\\/news.save.ch\\\/frankreich-ist-erschuettert-wir-auch\\\/\"},\"wordCount\":271,\"commentCount\":0,\"publisher\":{\"@id\":\"https:\\\/\\\/news.save.ch\\\/de\\\/#organization\"},\"image\":{\"@id\":\"https:\\\/\\\/news.save.ch\\\/frankreich-ist-erschuettert-wir-auch\\\/#primaryimage\"},\"thumbnailUrl\":\"https:\\\/\\\/news.save.ch\\\/wp-content\\\/uploads\\\/2016\\\/12\\\/Frankreich-ist-erschuettert-wir-auch-sicherheitsforum-scaled.jpg\",\"keywords\":[\"Terrorismus\"],\"articleSection\":[\"ALLGEMEIN\"],\"inLanguage\":\"en-US\"},{\"@type\":\"WebPage\",\"@id\":\"https:\\\/\\\/news.save.ch\\\/frankreich-ist-erschuettert-wir-auch\\\/\",\"url\":\"https:\\\/\\\/news.save.ch\\\/frankreich-ist-erschuettert-wir-auch\\\/\",\"name\":\"Frankreich ist ersch\u00fcttert - wir auch - Save\",\"isPartOf\":{\"@id\":\"https:\\\/\\\/news.save.ch\\\/de\\\/#website\"},\"primaryImageOfPage\":{\"@id\":\"https:\\\/\\\/news.save.ch\\\/frankreich-ist-erschuettert-wir-auch\\\/#primaryimage\"},\"image\":{\"@id\":\"https:\\\/\\\/news.save.ch\\\/frankreich-ist-erschuettert-wir-auch\\\/#primaryimage\"},\"thumbnailUrl\":\"https:\\\/\\\/news.save.ch\\\/wp-content\\\/uploads\\\/2016\\\/12\\\/Frankreich-ist-erschuettert-wir-auch-sicherheitsforum-scaled.jpg\",\"datePublished\":\"2015-11-14T14:17:50+00:00\",\"description\":\"Frankreich ist ersch\u00fcttert. Eine neue Terror-Dimension hat das Land erfasst, Selbstmordattent\u00e4ter sorgen f\u00fcr ein schreckliches Blutbad in Paris.\",\"breadcrumb\":{\"@id\":\"https:\\\/\\\/news.save.ch\\\/frankreich-ist-erschuettert-wir-auch\\\/#breadcrumb\"},\"inLanguage\":\"en-US\",\"potentialAction\":[{\"@type\":\"ReadAction\",\"target\":[\"https:\\\/\\\/news.save.ch\\\/frankreich-ist-erschuettert-wir-auch\\\/\"]}]},{\"@type\":\"ImageObject\",\"inLanguage\":\"en-US\",\"@id\":\"https:\\\/\\\/news.save.ch\\\/frankreich-ist-erschuettert-wir-auch\\\/#primaryimage\",\"url\":\"https:\\\/\\\/news.save.ch\\\/wp-content\\\/uploads\\\/2016\\\/12\\\/Frankreich-ist-erschuettert-wir-auch-sicherheitsforum-scaled.jpg\",\"contentUrl\":\"https:\\\/\\\/news.save.ch\\\/wp-content\\\/uploads\\\/2016\\\/12\\\/Frankreich-ist-erschuettert-wir-auch-sicherheitsforum-scaled.jpg\",\"width\":1400,\"height\":874},{\"@type\":\"BreadcrumbList\",\"@id\":\"https:\\\/\\\/news.save.ch\\\/frankreich-ist-erschuettert-wir-auch\\\/#breadcrumb\",\"itemListElement\":[{\"@type\":\"ListItem\",\"position\":1,\"name\":\"Home\",\"item\":\"https:\\\/\\\/news.save.ch\\\/de\\\/\"},{\"@type\":\"ListItem\",\"position\":2,\"name\":\"Frankreich ist ersch\u00fcttert &#8211; wir auch\"}]},{\"@type\":\"WebSite\",\"@id\":\"https:\\\/\\\/news.save.ch\\\/de\\\/#website\",\"url\":\"https:\\\/\\\/news.save.ch\\\/de\\\/\",\"name\":\"Save\",\"description\":\"Schweizer Fachzeitschrift f\u00fcr Sicherheit\",\"publisher\":{\"@id\":\"https:\\\/\\\/news.save.ch\\\/de\\\/#organization\"},\"potentialAction\":[{\"@type\":\"SearchAction\",\"target\":{\"@type\":\"EntryPoint\",\"urlTemplate\":\"https:\\\/\\\/news.save.ch\\\/de\\\/?s={search_term_string}\"},\"query-input\":{\"@type\":\"PropertyValueSpecification\",\"valueRequired\":true,\"valueName\":\"search_term_string\"}}],\"inLanguage\":\"en-US\"},{\"@type\":\"Organization\",\"@id\":\"https:\\\/\\\/news.save.ch\\\/de\\\/#organization\",\"name\":\"Sicherheitsforum\",\"url\":\"https:\\\/\\\/news.save.ch\\\/de\\\/\",\"logo\":{\"@type\":\"ImageObject\",\"inLanguage\":\"en-US\",\"@id\":\"https:\\\/\\\/news.save.ch\\\/de\\\/#\\\/schema\\\/logo\\\/image\\\/\",\"url\":\"https:\\\/\\\/news.save.ch\\\/wp-content\\\/uploads\\\/2022\\\/06\\\/Logo_SF_2012.png\",\"contentUrl\":\"https:\\\/\\\/news.save.ch\\\/wp-content\\\/uploads\\\/2022\\\/06\\\/Logo_SF_2012.png\",\"width\":1100,\"height\":91,\"caption\":\"Sicherheitsforum\"},\"image\":{\"@id\":\"https:\\\/\\\/news.save.ch\\\/de\\\/#\\\/schema\\\/logo\\\/image\\\/\"}},{\"@type\":\"Person\",\"@id\":\"https:\\\/\\\/news.save.ch\\\/de\\\/#\\\/schema\\\/person\\\/d49e199490bad7c70d64b9ab51142f2b\",\"name\":\"admin\",\"image\":{\"@type\":\"ImageObject\",\"inLanguage\":\"en-US\",\"@id\":\"https:\\\/\\\/secure.gravatar.com\\\/avatar\\\/ae2f4d718e6c49043e314ce431e7e645d646302a24a5ef5a8bc8e3f5a032e319?s=96&d=mm&r=g\",\"url\":\"https:\\\/\\\/secure.gravatar.com\\\/avatar\\\/ae2f4d718e6c49043e314ce431e7e645d646302a24a5ef5a8bc8e3f5a032e319?s=96&d=mm&r=g\",\"contentUrl\":\"https:\\\/\\\/secure.gravatar.com\\\/avatar\\\/ae2f4d718e6c49043e314ce431e7e645d646302a24a5ef5a8bc8e3f5a032e319?s=96&d=mm&r=g\",\"caption\":\"admin\"},\"sameAs\":[\"https:\\\/\\\/develop.organisator.galledia.ch\"],\"url\":\"https:\\\/\\\/news.save.ch\\\/en\\\/author\\\/admin\\\/\"}]}<\/script>\n<!-- \/ Yoast SEO plugin. -->","yoast_head_json":{"title":"France is shaken - so are we - Save","description":"France is shaken. A new terror dimension has gripped the country, with suicide bombers causing a horrific bloodbath in Paris.","robots":{"index":"index","follow":"follow","max-snippet":"max-snippet:-1","max-image-preview":"max-image-preview:large","max-video-preview":"max-video-preview:-1"},"canonical":"https:\/\/news.save.ch\/en\/frankreich-ist-erschuettert-wir-auch\/","og_locale":"en_US","og_type":"article","og_title":"Frankreich ist ersch\u00fcttert - wir auch","og_description":"Schon wieder Frankreich. Eine neue Terror-Dimension hat das Land erfasst, Selbstmordattent\u00e4ter sorgen f\u00fcr ein schreckliches Blutbad in Paris. In der Schweiz sind die Sicherheitsdienste in erh\u00f6hter Alarmbereitschaft.","og_url":"https:\/\/news.save.ch\/en\/frankreich-ist-erschuettert-wir-auch\/","og_site_name":"Save","article_published_time":"2015-11-14T14:17:50+00:00","og_image":[{"url":"https:\/\/news.save.ch\/wp-content\/uploads\/2016\/12\/Frankreich-ist-ersch\u00fcttert-wir-auch-sicherheitsforum.jpg","type":"","width":"","height":""}],"author":"admin","twitter_card":"summary_large_image","twitter_misc":{"Written by":"admin","Est. reading time":"1 minute"},"schema":{"@context":"https:\/\/schema.org","@graph":[{"@type":"Article","@id":"https:\/\/news.save.ch\/frankreich-ist-erschuettert-wir-auch\/#article","isPartOf":{"@id":"https:\/\/news.save.ch\/frankreich-ist-erschuettert-wir-auch\/"},"author":{"name":"admin","@id":"https:\/\/news.save.ch\/de\/#\/schema\/person\/d49e199490bad7c70d64b9ab51142f2b"},"headline":"Frankreich ist ersch\u00fcttert &#8211; wir auch","datePublished":"2015-11-14T14:17:50+00:00","mainEntityOfPage":{"@id":"https:\/\/news.save.ch\/frankreich-ist-erschuettert-wir-auch\/"},"wordCount":271,"commentCount":0,"publisher":{"@id":"https:\/\/news.save.ch\/de\/#organization"},"image":{"@id":"https:\/\/news.save.ch\/frankreich-ist-erschuettert-wir-auch\/#primaryimage"},"thumbnailUrl":"https:\/\/news.save.ch\/wp-content\/uploads\/2016\/12\/Frankreich-ist-erschuettert-wir-auch-sicherheitsforum-scaled.jpg","keywords":["Terrorismus"],"articleSection":["ALLGEMEIN"],"inLanguage":"en-US"},{"@type":"WebPage","@id":"https:\/\/news.save.ch\/frankreich-ist-erschuettert-wir-auch\/","url":"https:\/\/news.save.ch\/frankreich-ist-erschuettert-wir-auch\/","name":"France is shaken - so are we - Save","isPartOf":{"@id":"https:\/\/news.save.ch\/de\/#website"},"primaryImageOfPage":{"@id":"https:\/\/news.save.ch\/frankreich-ist-erschuettert-wir-auch\/#primaryimage"},"image":{"@id":"https:\/\/news.save.ch\/frankreich-ist-erschuettert-wir-auch\/#primaryimage"},"thumbnailUrl":"https:\/\/news.save.ch\/wp-content\/uploads\/2016\/12\/Frankreich-ist-erschuettert-wir-auch-sicherheitsforum-scaled.jpg","datePublished":"2015-11-14T14:17:50+00:00","description":"France is shaken. A new terror dimension has gripped the country, with suicide bombers causing a horrific bloodbath in Paris.","breadcrumb":{"@id":"https:\/\/news.save.ch\/frankreich-ist-erschuettert-wir-auch\/#breadcrumb"},"inLanguage":"en-US","potentialAction":[{"@type":"ReadAction","target":["https:\/\/news.save.ch\/frankreich-ist-erschuettert-wir-auch\/"]}]},{"@type":"ImageObject","inLanguage":"en-US","@id":"https:\/\/news.save.ch\/frankreich-ist-erschuettert-wir-auch\/#primaryimage","url":"https:\/\/news.save.ch\/wp-content\/uploads\/2016\/12\/Frankreich-ist-erschuettert-wir-auch-sicherheitsforum-scaled.jpg","contentUrl":"https:\/\/news.save.ch\/wp-content\/uploads\/2016\/12\/Frankreich-ist-erschuettert-wir-auch-sicherheitsforum-scaled.jpg","width":1400,"height":874},{"@type":"BreadcrumbList","@id":"https:\/\/news.save.ch\/frankreich-ist-erschuettert-wir-auch\/#breadcrumb","itemListElement":[{"@type":"ListItem","position":1,"name":"Home","item":"https:\/\/news.save.ch\/de\/"},{"@type":"ListItem","position":2,"name":"Frankreich ist ersch\u00fcttert &#8211; wir auch"}]},{"@type":"WebSite","@id":"https:\/\/news.save.ch\/de\/#website","url":"https:\/\/news.save.ch\/de\/","name":"Save","description":"Swiss trade journal for safety","publisher":{"@id":"https:\/\/news.save.ch\/de\/#organization"},"potentialAction":[{"@type":"SearchAction","target":{"@type":"EntryPoint","urlTemplate":"https:\/\/news.save.ch\/de\/?s={search_term_string}"},"query-input":{"@type":"PropertyValueSpecification","valueRequired":true,"valueName":"search_term_string"}}],"inLanguage":"en-US"},{"@type":"Organization","@id":"https:\/\/news.save.ch\/de\/#organization","name":"Security Forum","url":"https:\/\/news.save.ch\/de\/","logo":{"@type":"ImageObject","inLanguage":"en-US","@id":"https:\/\/news.save.ch\/de\/#\/schema\/logo\/image\/","url":"https:\/\/news.save.ch\/wp-content\/uploads\/2022\/06\/Logo_SF_2012.png","contentUrl":"https:\/\/news.save.ch\/wp-content\/uploads\/2022\/06\/Logo_SF_2012.png","width":1100,"height":91,"caption":"Sicherheitsforum"},"image":{"@id":"https:\/\/news.save.ch\/de\/#\/schema\/logo\/image\/"}},{"@type":"Person","@id":"https:\/\/news.save.ch\/de\/#\/schema\/person\/d49e199490bad7c70d64b9ab51142f2b","name":"admin","image":{"@type":"ImageObject","inLanguage":"en-US","@id":"https:\/\/secure.gravatar.com\/avatar\/ae2f4d718e6c49043e314ce431e7e645d646302a24a5ef5a8bc8e3f5a032e319?s=96&d=mm&r=g","url":"https:\/\/secure.gravatar.com\/avatar\/ae2f4d718e6c49043e314ce431e7e645d646302a24a5ef5a8bc8e3f5a032e319?s=96&d=mm&r=g","contentUrl":"https:\/\/secure.gravatar.com\/avatar\/ae2f4d718e6c49043e314ce431e7e645d646302a24a5ef5a8bc8e3f5a032e319?s=96&d=mm&r=g","caption":"admin"},"sameAs":["https:\/\/develop.organisator.galledia.ch"],"url":"https:\/\/news.save.ch\/en\/author\/admin\/"}]}},"_links":{"self":[{"href":"https:\/\/news.save.ch\/en\/wp-json\/wp\/v2\/posts\/1934","targetHints":{"allow":["GET"]}}],"collection":[{"href":"https:\/\/news.save.ch\/en\/wp-json\/wp\/v2\/posts"}],"about":[{"href":"https:\/\/news.save.ch\/en\/wp-json\/wp\/v2\/types\/post"}],"author":[{"embeddable":true,"href":"https:\/\/news.save.ch\/en\/wp-json\/wp\/v2\/users\/1"}],"replies":[{"embeddable":true,"href":"https:\/\/news.save.ch\/en\/wp-json\/wp\/v2\/comments?post=1934"}],"version-history":[{"count":0,"href":"https:\/\/news.save.ch\/en\/wp-json\/wp\/v2\/posts\/1934\/revisions"}],"wp:featuredmedia":[{"embeddable":true,"href":"https:\/\/news.save.ch\/en\/wp-json\/wp\/v2\/media\/1935"}],"wp:attachment":[{"href":"https:\/\/news.save.ch\/en\/wp-json\/wp\/v2\/media?parent=1934"}],"wp:term":[{"taxonomy":"category","embeddable":true,"href":"https:\/\/news.save.ch\/en\/wp-json\/wp\/v2\/categories?post=1934"},{"taxonomy":"post_tag","embeddable":true,"href":"https:\/\/news.save.ch\/en\/wp-json\/wp\/v2\/tags?post=1934"}],"curies":[{"name":"wp","href":"https:\/\/api.w.org\/{rel}","templated":true}]}}