{"id":19444,"date":"2023-05-22T16:00:56","date_gmt":"2023-05-22T14:00:56","guid":{"rendered":"https:\/\/news.save.ch\/?p=19444"},"modified":"2023-05-22T18:22:45","modified_gmt":"2023-05-22T16:22:45","slug":"wie-viel-in-der-schweiz-gearbeitet-wurde","status":null,"type":"post","link":"https:\/\/news.save.ch\/en\/wie-viel-in-der-schweiz-gearbeitet-wurde\/","title":{"rendered":"How much work is done in Switzerland"},"content":{"rendered":"<p>According to the FSO's Activity Volume Statistics (AVOL), the total number of hours worked by all employed persons in Switzerland increased by 1.3% in 2022 compared to the previous year, returning to pre-Covid 19 pandemic levels (+0.2% between 2019 and 2022).<br \/>\nThe increase in the volume of work between 2021 and 2022 was due to an increase in the number of jobs (+1.5%). This was partially offset by a decrease in actual annual working time per job (-0.2%), according to the report. The latter decreased despite a sharp drop in the duration of absences due to short-time work (2021: 33 hours per job; 2022: 2 hours), as the number of working days was lower (-1.3%; in 2022, more holidays fell on working days and more vacations were taken), the FSO writes.<\/p>\n<h3>Working time down by one hour in five years<\/h3>\n<p>According to statistics, from 2017 to 2022, the actual weekly working time of full-time employees (excluding employees in their own company) decreased by 59 minutes to 39 hours and 59 minutes. The reasons for this decrease were the decrease in the contractual weekly working time (-10 minutes to 41 hours and 43 minutes) and the weekly duration of overtime (-15 minutes to 40 minutes), as well as the increase in the weekly duration of absences (+33 minutes to 2 hours and 25 minutes). In the same period, an increase from 5.1 to 5.2 weeks per year (+0.2 days) was observed in the number of vacation weeks. Employees aged 20 to 49 had fewer vacation weeks (5.0 weeks) than those aged 15 to 19 and 50 to 64 (5.4 and 5.6 weeks, respectively).<\/p>\n<h3>Primary sector: almost 45 working hours per week<\/h3>\n<p>According to the FSO, the highest actual working hours per week were registered among full-time employees in the primary sector (44 hours and 58 minutes). This was followed by the industries \"Financial intermediation\" (41 hours and 23 minutes), \"Professional, scientific and technical services\" (40 hours and 47 minutes) and \"Arts, entertainment, households and other services\" (40 hours and 14 minutes). Actual weekly working hours were lowest in \"Real estate, other business services\" (39 hours and 19 minutes) and \"Hotels and restaurants, accommodation\" (39 hours and 23 minutes).<\/p>\n<h3>Increase in absences due to health reasons<\/h3>\n<p>Between 2021 and 2022, the average annual duration of health-related absences (illness or accident) increased from 53 to 64 hours per job, according to the FSO. In contrast, the annual duration of absences of employees due to short-time work decreased significantly (from 33 to 2 hours). Absences due to military or civilian service, maternity leave or for personal or family reasons decreased slightly. Absences \"for other reasons\" (e.g. quarantine or activity restrictions of self-employed persons during the Covid 19 pandemic) also decreased (from 24 to 17 hours per job).<\/p>\n<h3>International comparisons turn out very differently<\/h3>\n<p>For international comparisons, the calculation method of working hours had to be adjusted, according to the FSO. The most important change is that people who are absent during the entire reference week are not taken into account, which makes the working time significantly higher. According to this calculation, the actual weekly working time of full-time employees in Switzerland was 42 hours and 44 minutes, the Federal Office emphasizes. This puts Switzerland ahead of Romania (40 hours and 3 minutes) as the top EU\/EFTA country. Working hours are lowest in Belgium (36 hours and 27 minutes) and Finland (36 hours and 35 minutes). According to the data, the average in the EU was 38 hours and 20 minutes.<\/p>\n<p>However, if we look at the entire workforce, Switzerland is one of the countries with the lowest actual working hours per week, at 35 hours and 45 minutes in 2022. The reason for this is the high proportion of part-time workers. According to the FSO, Greece had the highest actual weekly working hours (39 hours and 41 minutes), while the Netherlands was at the other end of the ranking (30 hours and 50 minutes). The EU average was 35 hours and 56 minutes.<br \/>\nIf the total volume of hours worked per week is put in relation to the total population (15 years and older), Switzerland (22 hours and 48 minutes) is once again among the countries with the highest actual weekly working hours. Switzerland's position was said to be due to its high labor force participation rate. The highest working time was recorded in Iceland, (25 hours and 22 minutes), and the lowest in Italy (16 hours and 17 minutes). The EU average was 19 hours and 27 minutes, it concludes.<br \/>\n<em>Source: FSO<\/em><\/p>","protected":false},"excerpt":{"rendered":"<p>Gem\u00e4ss der Arbeitsvolumenstatistik (AVOL) des BFS erh\u00f6hte sich die Gesamtzahl der Arbeitsstunden s\u00e4mtlicher Erwerbst\u00e4tiger in der Schweiz 2022 im Vergleich zum Vorjahr um 1,3% und erreichte damit wieder das Niveau von vor der Covid-19-Pandemie (+0,2% zwischen 2019 und 2022). Der Anstieg des Arbeitsvolumens zwischen 2021 und 2022 sei auf eine Zunahme der Arbeitsstellen (+1,5%) zur\u00fcckzuf\u00fchren. [&hellip;]<\/p>\n","protected":false},"author":8,"featured_media":19445,"comment_status":"closed","ping_status":"closed","sticky":false,"template":"","format":"standard","meta":{"_acf_changed":false,"pgc_sgb_lightbox_settings":"","footnotes":""},"categories":[1],"tags":[3371,3372,3373],"class_list":["post-19444","post","type-post","status-publish","format-standard","has-post-thumbnail","hentry","category-allgemein","tag-arbeitsvolumen","tag-bundesamt-fuer-statistik-bfs","tag-gesundheitsbedingte-absenzen"],"acf":[],"hkrextid":null,"publication":null,"issue":null,"workflow":null,"startPage":null,"spitzmarke":null,"_posts_by_tag_page_fields":null,"_at_widget":null,"_yoast_wpseo_primary_category":"1","_yoast_wpseo_focuskw_text_input":null,"_yoast_wpseo_opengraph-image":null,"_yoast_wpseo_opengraph-description":null,"_yoast_wpseo_opengraph-title":null,"enclosure":null,"_yoast_wpseo_twitter-title":null,"_yoast_wpseo_twitter-description":null,"_yoast_wpseo_twitter-image":null,"_wp_old_slug":null,"_yoast_wpseo_title":null,"_yoast_wpseo_canonical":null,"yoast_head":"<!-- This site is optimized with the Yoast SEO plugin v27.5 - https:\/\/yoast.com\/product\/yoast-seo-wordpress\/ -->\n<title>Wie viel in der Schweiz gearbeitet wird - Save<\/title>\n<meta name=\"description\" content=\"Im Jahr 2022 wurden in der Schweiz insgesamt 7,922 Milliarden Arbeitsstunden geleistet (+1,3% gegen\u00fcber 2021). Zugenommen haben ferner die gesundheitsbedingten Absenzen.\" \/>\n<meta name=\"robots\" content=\"index, follow, max-snippet:-1, max-image-preview:large, max-video-preview:-1\" \/>\n<link rel=\"canonical\" href=\"https:\/\/news.save.ch\/en\/wie-viel-in-der-schweiz-gearbeitet-wurde\/\" \/>\n<meta property=\"og:locale\" content=\"en_US\" \/>\n<meta property=\"og:type\" content=\"article\" \/>\n<meta property=\"og:title\" content=\"Wie viel in der Schweiz gearbeitet wird - Save\" \/>\n<meta property=\"og:description\" content=\"Im Jahr 2022 wurden in der Schweiz insgesamt 7,922 Milliarden Arbeitsstunden geleistet (+1,3% gegen\u00fcber 2021). Zugenommen haben ferner die gesundheitsbedingten Absenzen.\" \/>\n<meta property=\"og:url\" content=\"https:\/\/news.save.ch\/en\/wie-viel-in-der-schweiz-gearbeitet-wurde\/\" \/>\n<meta property=\"og:site_name\" content=\"Save\" \/>\n<meta property=\"article:published_time\" content=\"2023-05-22T14:00:56+00:00\" \/>\n<meta property=\"article:modified_time\" content=\"2023-05-22T16:22:45+00:00\" \/>\n<meta property=\"og:image\" content=\"https:\/\/news.save.ch\/wp-content\/uploads\/2023\/05\/Depositphotos_46270071_S.jpg\" \/>\n\t<meta property=\"og:image:width\" content=\"1000\" \/>\n\t<meta property=\"og:image:height\" content=\"667\" \/>\n\t<meta property=\"og:image:type\" content=\"image\/jpeg\" \/>\n<meta name=\"author\" content=\"Roger Str\u00e4ssle\" \/>\n<meta name=\"twitter:card\" content=\"summary_large_image\" \/>\n<meta name=\"twitter:label1\" content=\"Written by\" \/>\n\t<meta name=\"twitter:data1\" content=\"Roger Str\u00e4ssle\" \/>\n\t<meta name=\"twitter:label2\" content=\"Est. reading time\" \/>\n\t<meta name=\"twitter:data2\" content=\"4 minutes\" \/>\n<script type=\"application\/ld+json\" class=\"yoast-schema-graph\">{\"@context\":\"https:\\\/\\\/schema.org\",\"@graph\":[{\"@type\":\"Article\",\"@id\":\"https:\\\/\\\/news.save.ch\\\/wie-viel-in-der-schweiz-gearbeitet-wurde\\\/#article\",\"isPartOf\":{\"@id\":\"https:\\\/\\\/news.save.ch\\\/wie-viel-in-der-schweiz-gearbeitet-wurde\\\/\"},\"author\":{\"name\":\"Roger Str\u00e4ssle\",\"@id\":\"https:\\\/\\\/news.save.ch\\\/de\\\/#\\\/schema\\\/person\\\/d5022db048e0e2b9785c50e5b24da5aa\"},\"headline\":\"Wie viel in der Schweiz gearbeitet wird\",\"datePublished\":\"2023-05-22T14:00:56+00:00\",\"dateModified\":\"2023-05-22T16:22:45+00:00\",\"mainEntityOfPage\":{\"@id\":\"https:\\\/\\\/news.save.ch\\\/wie-viel-in-der-schweiz-gearbeitet-wurde\\\/\"},\"wordCount\":709,\"publisher\":{\"@id\":\"https:\\\/\\\/news.save.ch\\\/de\\\/#organization\"},\"image\":{\"@id\":\"https:\\\/\\\/news.save.ch\\\/wie-viel-in-der-schweiz-gearbeitet-wurde\\\/#primaryimage\"},\"thumbnailUrl\":\"https:\\\/\\\/news.save.ch\\\/wp-content\\\/uploads\\\/2023\\\/05\\\/Depositphotos_46270071_S.jpg\",\"keywords\":[\"Arbeitsvolumen\",\"Bundesamt f\u00fcr Statistik. BFS\",\"gesundheitsbedingte Absenzen\"],\"articleSection\":[\"ALLGEMEIN\"],\"inLanguage\":\"en-US\"},{\"@type\":\"WebPage\",\"@id\":\"https:\\\/\\\/news.save.ch\\\/wie-viel-in-der-schweiz-gearbeitet-wurde\\\/\",\"url\":\"https:\\\/\\\/news.save.ch\\\/wie-viel-in-der-schweiz-gearbeitet-wurde\\\/\",\"name\":\"Wie viel in der Schweiz gearbeitet wird - Save\",\"isPartOf\":{\"@id\":\"https:\\\/\\\/news.save.ch\\\/de\\\/#website\"},\"primaryImageOfPage\":{\"@id\":\"https:\\\/\\\/news.save.ch\\\/wie-viel-in-der-schweiz-gearbeitet-wurde\\\/#primaryimage\"},\"image\":{\"@id\":\"https:\\\/\\\/news.save.ch\\\/wie-viel-in-der-schweiz-gearbeitet-wurde\\\/#primaryimage\"},\"thumbnailUrl\":\"https:\\\/\\\/news.save.ch\\\/wp-content\\\/uploads\\\/2023\\\/05\\\/Depositphotos_46270071_S.jpg\",\"datePublished\":\"2023-05-22T14:00:56+00:00\",\"dateModified\":\"2023-05-22T16:22:45+00:00\",\"description\":\"Im Jahr 2022 wurden in der Schweiz insgesamt 7,922 Milliarden Arbeitsstunden geleistet (+1,3% gegen\u00fcber 2021). Zugenommen haben ferner die gesundheitsbedingten Absenzen.\",\"breadcrumb\":{\"@id\":\"https:\\\/\\\/news.save.ch\\\/wie-viel-in-der-schweiz-gearbeitet-wurde\\\/#breadcrumb\"},\"inLanguage\":\"en-US\",\"potentialAction\":[{\"@type\":\"ReadAction\",\"target\":[\"https:\\\/\\\/news.save.ch\\\/wie-viel-in-der-schweiz-gearbeitet-wurde\\\/\"]}]},{\"@type\":\"ImageObject\",\"inLanguage\":\"en-US\",\"@id\":\"https:\\\/\\\/news.save.ch\\\/wie-viel-in-der-schweiz-gearbeitet-wurde\\\/#primaryimage\",\"url\":\"https:\\\/\\\/news.save.ch\\\/wp-content\\\/uploads\\\/2023\\\/05\\\/Depositphotos_46270071_S.jpg\",\"contentUrl\":\"https:\\\/\\\/news.save.ch\\\/wp-content\\\/uploads\\\/2023\\\/05\\\/Depositphotos_46270071_S.jpg\",\"width\":1000,\"height\":667,\"caption\":\"Depositphotos, pressmaster\"},{\"@type\":\"BreadcrumbList\",\"@id\":\"https:\\\/\\\/news.save.ch\\\/wie-viel-in-der-schweiz-gearbeitet-wurde\\\/#breadcrumb\",\"itemListElement\":[{\"@type\":\"ListItem\",\"position\":1,\"name\":\"Home\",\"item\":\"https:\\\/\\\/news.save.ch\\\/de\\\/\"},{\"@type\":\"ListItem\",\"position\":2,\"name\":\"Wie viel in der Schweiz gearbeitet wird\"}]},{\"@type\":\"WebSite\",\"@id\":\"https:\\\/\\\/news.save.ch\\\/de\\\/#website\",\"url\":\"https:\\\/\\\/news.save.ch\\\/de\\\/\",\"name\":\"Save\",\"description\":\"Schweizer Fachzeitschrift f\u00fcr Sicherheit\",\"publisher\":{\"@id\":\"https:\\\/\\\/news.save.ch\\\/de\\\/#organization\"},\"potentialAction\":[{\"@type\":\"SearchAction\",\"target\":{\"@type\":\"EntryPoint\",\"urlTemplate\":\"https:\\\/\\\/news.save.ch\\\/de\\\/?s={search_term_string}\"},\"query-input\":{\"@type\":\"PropertyValueSpecification\",\"valueRequired\":true,\"valueName\":\"search_term_string\"}}],\"inLanguage\":\"en-US\"},{\"@type\":\"Organization\",\"@id\":\"https:\\\/\\\/news.save.ch\\\/de\\\/#organization\",\"name\":\"Sicherheitsforum\",\"url\":\"https:\\\/\\\/news.save.ch\\\/de\\\/\",\"logo\":{\"@type\":\"ImageObject\",\"inLanguage\":\"en-US\",\"@id\":\"https:\\\/\\\/news.save.ch\\\/de\\\/#\\\/schema\\\/logo\\\/image\\\/\",\"url\":\"https:\\\/\\\/news.save.ch\\\/wp-content\\\/uploads\\\/2022\\\/06\\\/Logo_SF_2012.png\",\"contentUrl\":\"https:\\\/\\\/news.save.ch\\\/wp-content\\\/uploads\\\/2022\\\/06\\\/Logo_SF_2012.png\",\"width\":1100,\"height\":91,\"caption\":\"Sicherheitsforum\"},\"image\":{\"@id\":\"https:\\\/\\\/news.save.ch\\\/de\\\/#\\\/schema\\\/logo\\\/image\\\/\"}},{\"@type\":\"Person\",\"@id\":\"https:\\\/\\\/news.save.ch\\\/de\\\/#\\\/schema\\\/person\\\/d5022db048e0e2b9785c50e5b24da5aa\",\"name\":\"Roger Str\u00e4ssle\",\"image\":{\"@type\":\"ImageObject\",\"inLanguage\":\"en-US\",\"@id\":\"https:\\\/\\\/secure.gravatar.com\\\/avatar\\\/862a5569d087de48e5856e32f45d719a03804c891d6deb8d4f71a660e79e4a47?s=96&d=mm&r=g\",\"url\":\"https:\\\/\\\/secure.gravatar.com\\\/avatar\\\/862a5569d087de48e5856e32f45d719a03804c891d6deb8d4f71a660e79e4a47?s=96&d=mm&r=g\",\"contentUrl\":\"https:\\\/\\\/secure.gravatar.com\\\/avatar\\\/862a5569d087de48e5856e32f45d719a03804c891d6deb8d4f71a660e79e4a47?s=96&d=mm&r=g\",\"caption\":\"Roger Str\u00e4ssle\"},\"url\":\"https:\\\/\\\/news.save.ch\\\/en\\\/author\\\/roger-straessle\\\/\"}]}<\/script>\n<!-- \/ Yoast SEO plugin. -->","yoast_head_json":{"title":"How much is worked in Switzerland - Save","description":"In 2022, a total of 7.922 billion hours were worked in Switzerland (+1.3% compared with 2021). There was also an increase in absences due to health reasons.","robots":{"index":"index","follow":"follow","max-snippet":"max-snippet:-1","max-image-preview":"max-image-preview:large","max-video-preview":"max-video-preview:-1"},"canonical":"https:\/\/news.save.ch\/en\/wie-viel-in-der-schweiz-gearbeitet-wurde\/","og_locale":"en_US","og_type":"article","og_title":"Wie viel in der Schweiz gearbeitet wird - Save","og_description":"Im Jahr 2022 wurden in der Schweiz insgesamt 7,922 Milliarden Arbeitsstunden geleistet (+1,3% gegen\u00fcber 2021). Zugenommen haben ferner die gesundheitsbedingten Absenzen.","og_url":"https:\/\/news.save.ch\/en\/wie-viel-in-der-schweiz-gearbeitet-wurde\/","og_site_name":"Save","article_published_time":"2023-05-22T14:00:56+00:00","article_modified_time":"2023-05-22T16:22:45+00:00","og_image":[{"width":1000,"height":667,"url":"https:\/\/news.save.ch\/wp-content\/uploads\/2023\/05\/Depositphotos_46270071_S.jpg","type":"image\/jpeg"}],"author":"Roger Str\u00e4ssle","twitter_card":"summary_large_image","twitter_misc":{"Written by":"Roger Str\u00e4ssle","Est. reading time":"4 minutes"},"schema":{"@context":"https:\/\/schema.org","@graph":[{"@type":"Article","@id":"https:\/\/news.save.ch\/wie-viel-in-der-schweiz-gearbeitet-wurde\/#article","isPartOf":{"@id":"https:\/\/news.save.ch\/wie-viel-in-der-schweiz-gearbeitet-wurde\/"},"author":{"name":"Roger Str\u00e4ssle","@id":"https:\/\/news.save.ch\/de\/#\/schema\/person\/d5022db048e0e2b9785c50e5b24da5aa"},"headline":"Wie viel in der Schweiz gearbeitet wird","datePublished":"2023-05-22T14:00:56+00:00","dateModified":"2023-05-22T16:22:45+00:00","mainEntityOfPage":{"@id":"https:\/\/news.save.ch\/wie-viel-in-der-schweiz-gearbeitet-wurde\/"},"wordCount":709,"publisher":{"@id":"https:\/\/news.save.ch\/de\/#organization"},"image":{"@id":"https:\/\/news.save.ch\/wie-viel-in-der-schweiz-gearbeitet-wurde\/#primaryimage"},"thumbnailUrl":"https:\/\/news.save.ch\/wp-content\/uploads\/2023\/05\/Depositphotos_46270071_S.jpg","keywords":["Arbeitsvolumen","Bundesamt f\u00fcr Statistik. BFS","gesundheitsbedingte Absenzen"],"articleSection":["ALLGEMEIN"],"inLanguage":"en-US"},{"@type":"WebPage","@id":"https:\/\/news.save.ch\/wie-viel-in-der-schweiz-gearbeitet-wurde\/","url":"https:\/\/news.save.ch\/wie-viel-in-der-schweiz-gearbeitet-wurde\/","name":"How much is worked in Switzerland - Save","isPartOf":{"@id":"https:\/\/news.save.ch\/de\/#website"},"primaryImageOfPage":{"@id":"https:\/\/news.save.ch\/wie-viel-in-der-schweiz-gearbeitet-wurde\/#primaryimage"},"image":{"@id":"https:\/\/news.save.ch\/wie-viel-in-der-schweiz-gearbeitet-wurde\/#primaryimage"},"thumbnailUrl":"https:\/\/news.save.ch\/wp-content\/uploads\/2023\/05\/Depositphotos_46270071_S.jpg","datePublished":"2023-05-22T14:00:56+00:00","dateModified":"2023-05-22T16:22:45+00:00","description":"In 2022, a total of 7.922 billion hours were worked in Switzerland (+1.3% compared with 2021). There was also an increase in absences due to health reasons.","breadcrumb":{"@id":"https:\/\/news.save.ch\/wie-viel-in-der-schweiz-gearbeitet-wurde\/#breadcrumb"},"inLanguage":"en-US","potentialAction":[{"@type":"ReadAction","target":["https:\/\/news.save.ch\/wie-viel-in-der-schweiz-gearbeitet-wurde\/"]}]},{"@type":"ImageObject","inLanguage":"en-US","@id":"https:\/\/news.save.ch\/wie-viel-in-der-schweiz-gearbeitet-wurde\/#primaryimage","url":"https:\/\/news.save.ch\/wp-content\/uploads\/2023\/05\/Depositphotos_46270071_S.jpg","contentUrl":"https:\/\/news.save.ch\/wp-content\/uploads\/2023\/05\/Depositphotos_46270071_S.jpg","width":1000,"height":667,"caption":"Depositphotos, pressmaster"},{"@type":"BreadcrumbList","@id":"https:\/\/news.save.ch\/wie-viel-in-der-schweiz-gearbeitet-wurde\/#breadcrumb","itemListElement":[{"@type":"ListItem","position":1,"name":"Home","item":"https:\/\/news.save.ch\/de\/"},{"@type":"ListItem","position":2,"name":"Wie viel in der Schweiz gearbeitet wird"}]},{"@type":"WebSite","@id":"https:\/\/news.save.ch\/de\/#website","url":"https:\/\/news.save.ch\/de\/","name":"Save","description":"Swiss trade journal for safety","publisher":{"@id":"https:\/\/news.save.ch\/de\/#organization"},"potentialAction":[{"@type":"SearchAction","target":{"@type":"EntryPoint","urlTemplate":"https:\/\/news.save.ch\/de\/?s={search_term_string}"},"query-input":{"@type":"PropertyValueSpecification","valueRequired":true,"valueName":"search_term_string"}}],"inLanguage":"en-US"},{"@type":"Organization","@id":"https:\/\/news.save.ch\/de\/#organization","name":"Security Forum","url":"https:\/\/news.save.ch\/de\/","logo":{"@type":"ImageObject","inLanguage":"en-US","@id":"https:\/\/news.save.ch\/de\/#\/schema\/logo\/image\/","url":"https:\/\/news.save.ch\/wp-content\/uploads\/2022\/06\/Logo_SF_2012.png","contentUrl":"https:\/\/news.save.ch\/wp-content\/uploads\/2022\/06\/Logo_SF_2012.png","width":1100,"height":91,"caption":"Sicherheitsforum"},"image":{"@id":"https:\/\/news.save.ch\/de\/#\/schema\/logo\/image\/"}},{"@type":"Person","@id":"https:\/\/news.save.ch\/de\/#\/schema\/person\/d5022db048e0e2b9785c50e5b24da5aa","name":"Roger Str\u00e4ssle","image":{"@type":"ImageObject","inLanguage":"en-US","@id":"https:\/\/secure.gravatar.com\/avatar\/862a5569d087de48e5856e32f45d719a03804c891d6deb8d4f71a660e79e4a47?s=96&d=mm&r=g","url":"https:\/\/secure.gravatar.com\/avatar\/862a5569d087de48e5856e32f45d719a03804c891d6deb8d4f71a660e79e4a47?s=96&d=mm&r=g","contentUrl":"https:\/\/secure.gravatar.com\/avatar\/862a5569d087de48e5856e32f45d719a03804c891d6deb8d4f71a660e79e4a47?s=96&d=mm&r=g","caption":"Roger Str\u00e4ssle"},"url":"https:\/\/news.save.ch\/en\/author\/roger-straessle\/"}]}},"_links":{"self":[{"href":"https:\/\/news.save.ch\/en\/wp-json\/wp\/v2\/posts\/19444","targetHints":{"allow":["GET"]}}],"collection":[{"href":"https:\/\/news.save.ch\/en\/wp-json\/wp\/v2\/posts"}],"about":[{"href":"https:\/\/news.save.ch\/en\/wp-json\/wp\/v2\/types\/post"}],"author":[{"embeddable":true,"href":"https:\/\/news.save.ch\/en\/wp-json\/wp\/v2\/users\/8"}],"replies":[{"embeddable":true,"href":"https:\/\/news.save.ch\/en\/wp-json\/wp\/v2\/comments?post=19444"}],"version-history":[{"count":6,"href":"https:\/\/news.save.ch\/en\/wp-json\/wp\/v2\/posts\/19444\/revisions"}],"predecessor-version":[{"id":19455,"href":"https:\/\/news.save.ch\/en\/wp-json\/wp\/v2\/posts\/19444\/revisions\/19455"}],"wp:featuredmedia":[{"embeddable":true,"href":"https:\/\/news.save.ch\/en\/wp-json\/wp\/v2\/media\/19445"}],"wp:attachment":[{"href":"https:\/\/news.save.ch\/en\/wp-json\/wp\/v2\/media?parent=19444"}],"wp:term":[{"taxonomy":"category","embeddable":true,"href":"https:\/\/news.save.ch\/en\/wp-json\/wp\/v2\/categories?post=19444"},{"taxonomy":"post_tag","embeddable":true,"href":"https:\/\/news.save.ch\/en\/wp-json\/wp\/v2\/tags?post=19444"}],"curies":[{"name":"wp","href":"https:\/\/api.w.org\/{rel}","templated":true}]}}