{"id":19489,"date":"2023-05-31T06:04:38","date_gmt":"2023-05-31T04:04:38","guid":{"rendered":"https:\/\/news.save.ch\/?p=19489"},"modified":"2023-05-30T14:24:12","modified_gmt":"2023-05-30T12:24:12","slug":"5-jahre-dsgvo-auf-loechrige-schutzschilde-koennen-wir-verzichten","status":null,"type":"post","link":"https:\/\/news.save.ch\/en\/5-jahre-dsgvo-auf-loechrige-schutzschilde-koennen-wir-verzichten\/","title":{"rendered":"Privacy Shield 2.0: Doing Without Holey Shields"},"content":{"rendered":"<figure id=\"attachment_19490\" aria-describedby=\"caption-attachment-19490\" style=\"width: 680px\" class=\"wp-caption aligncenter\"><img loading=\"lazy\" decoding=\"async\" class=\"size-medium wp-image-19490\" src=\"https:\/\/news.save.ch\/wp-content\/uploads\/2023\/05\/Depositphotos_174161888_S-680x434.jpg\" alt=\"\" width=\"680\" height=\"434\" srcset=\"https:\/\/news.save.ch\/wp-content\/uploads\/2023\/05\/Depositphotos_174161888_S-680x434.jpg 680w, https:\/\/news.save.ch\/wp-content\/uploads\/2023\/05\/Depositphotos_174161888_S-768x490.jpg 768w, https:\/\/news.save.ch\/wp-content\/uploads\/2023\/05\/Depositphotos_174161888_S-18x12.jpg 18w, https:\/\/news.save.ch\/wp-content\/uploads\/2023\/05\/Depositphotos_174161888_S-375x239.jpg 375w, https:\/\/news.save.ch\/wp-content\/uploads\/2023\/05\/Depositphotos_174161888_S-549x350.jpg 549w, https:\/\/news.save.ch\/wp-content\/uploads\/2023\/05\/Depositphotos_174161888_S.jpg 999w\" sizes=\"auto, (max-width: 680px) 100vw, 680px\" \/><figcaption id=\"caption-attachment-19490\" class=\"wp-caption-text\">Depositphotos, tbtb<\/figcaption><\/figure>\n<p>&nbsp;<\/p>\n<p style=\"margin: 0cm 0cm 11.25pt 0cm;\"><span style=\"font-size: 10pt; font-family: arial, helvetica, sans-serif;\">The European General Data Protection Regulation (GDPR) has been in force since May 25, 2020. Even though it cost those responsible a lot of nerves when it was introduced, it can be considered a success story. For example, it has had an extremely positive effect: namely, it has raised general awareness of data protection issues. This has been ensured not least by the many headlines about the hefty fines imposed for violations of the GDPR. Even powerful US players have to tremble before it. This was recently felt by the Meta Group, which was ordered to pay a record fine of 1.2 billion euros for passing on European Facebook user data to the USA.<\/span><\/p>\n<h3><span style=\"font-family: arial, helvetica, sans-serif;\">Many imitators found<\/span><\/h3>\n<p style=\"white-space: pre-wrap; margin: 0cm 0cm 11.25pt 0cm;\"><span style=\"font-size: 10pt; font-family: arial, helvetica, sans-serif;\">The fact that the GDPR is a success story is also shown by the fact that it has found many imitators worldwide. Australia, Brazil, South Korea, Thailand and even U.S. states such as California have taken it as a model for their data protection laws. And on September 1, 2023, the new Data Protection Act (nDSG) will come into force in Switzerland (<a href=\"https:\/\/news.save.ch\/en\/neues-datenschutzgesetz-tritt-in-einem-jahr-in-kraft-2\/\">cf. here<\/a>). It will strengthen the rights of Swiss citizens in the digital age and raise data protection in the Swiss Confederation to a level comparable to that of EU countries - by also being based on the GDPR.<\/span><\/p>\n<p style=\"white-space: pre-wrap; margin: 0cm 0cm 11.25pt 0cm;\"><span style=\"font-size: 10pt; font-family: arial, helvetica, sans-serif;\">It practically goes without saying that companies should comply with the requirements of the European General Data Protection Regulation. Now, after five years, another good reason has been added to the many good moral, legal and financial reasons: in the future, companies will also have to be prepared for claims for compensation for non-material damage in the event of violations. In a landmark ruling at the beginning of May 2023, the European Court of Justice confirmed that victims of infringements can claim damages for immaterial harm such as exposure, similar to damages for pain and suffering in cases of bodily injury. It is therefore more important than ever for companies to implement clean processes to fulfill their obligations.<\/span><\/p>\n<h3><span style=\"font-family: arial, helvetica, sans-serif;\">Demanded: a \"No Spy\" Agreement<\/span><\/h3>\n<p style=\"white-space: pre-wrap; margin: 0cm 0cm 11.25pt 0cm;\"><span style=\"font-size: 10pt; font-family: arial, helvetica, sans-serif;\">For the European Commission, the fifth anniversary would actually be the ideal occasion to do some soul-searching. It is currently about to make the same mistake a third time. In recent years, the European Court of Justice has already overturned two agreements between the Commission and the United States. First \"<a href=\"https:\/\/de.wikipedia.org\/wiki\/Safe_Harbor\">Safe Harbor<\/a>\" and then \"<a href=\"https:\/\/de.wikipedia.org\/wiki\/EU-US_Privacy_Shield\">Privacy Shield<\/a>\"The European judges pulled the emergency brake on both occasions. Because of the extensive access rights of the American intelligence services, they argued, the personal data of European citizens held by U.S. companies was not sufficiently protected in the sense of the GDPR.<\/span><\/p>\n<p style=\"white-space: pre-wrap; margin: 0cm 0cm 11.25pt 0cm;\"><span style=\"font-size: 10pt; font-family: arial, helvetica, sans-serif;\">Recently, the EU Commission and the U.S. government agreed on a new regulation that threatens the same fate. Indeed, there is nothing to suggest that anything will change in the U.S. surveillance laws - and thus in the fundamental problem. Data protection experts therefore assume that the European Court of Justice will also annul this \"Privacy Shield 2.0\" agreement. Companies will then be threatened with further years of legal uncertainty when using U.S. cloud solutions. To prevent this, the European Commission should use the occasion of the DSGVO anniversary to reflect on what it really needs: a \"No Spy\" agreement with the USA that guarantees the renunciation of intelligence activities. Until such an agreement is reached, it is true that the clouds of US providers cannot be used for personal data in a legally secure manner. It's good that there are digitally sovereign solutions as alternatives.<\/span><\/p>\n<p><span style=\"font-family: arial, helvetica, sans-serif; font-size: 10pt;\"><em>Author: Holger Dyroff, Co-Founder and COO of ownCloud<\/em><\/span><\/p>","protected":false},"excerpt":{"rendered":"<p>&nbsp; Seit dem 25. Mai 2020 ist die europ\u00e4ische Datenschutzgrundverordnung DSGVO in Kraft. Auch wenn sie bei ihrer Einf\u00fchrung die Verantwortlichen viele Nerven gekostet hat, kann sie als Erfolgsgeschichte gelten. Sie hat etwa \u00e4usserst Erfreuliches bewirkt: n\u00e4mlich das allgemeine Problembewusstsein f\u00fcr den Datenschutz gesch\u00e4rft. Daf\u00fcr haben nicht zuletzt die vielen Schlagzeilen \u00fcber die saftigen Bussgelder [&hellip;]<\/p>\n","protected":false},"author":8,"featured_media":19490,"comment_status":"closed","ping_status":"closed","sticky":false,"template":"","format":"standard","meta":{"_acf_changed":false,"pgc_sgb_lightbox_settings":"","footnotes":""},"categories":[3313],"tags":[378,3386,3385],"class_list":["post-19489","post","type-post","status-publish","format-standard","has-post-thumbnail","hentry","category-digitalisierung","tag-dsgvo","tag-privacy-shield-2-0","tag-safe-harbor"],"acf":[],"hkrextid":null,"publication":null,"issue":null,"workflow":null,"startPage":null,"spitzmarke":null,"_posts_by_tag_page_fields":null,"_at_widget":null,"_yoast_wpseo_primary_category":"3313","_yoast_wpseo_focuskw_text_input":null,"_yoast_wpseo_opengraph-image":null,"_yoast_wpseo_opengraph-description":null,"_yoast_wpseo_opengraph-title":null,"enclosure":null,"_yoast_wpseo_twitter-title":null,"_yoast_wpseo_twitter-description":null,"_yoast_wpseo_twitter-image":null,"_wp_old_slug":null,"_yoast_wpseo_title":null,"_yoast_wpseo_canonical":null,"yoast_head":"<!-- This site is optimized with the Yoast SEO plugin v27.4 - https:\/\/yoast.com\/product\/yoast-seo-wordpress\/ -->\n<title>Privacy Shield 2.0: Auf l\u00f6chrige Schutzschilder verzichten - Save<\/title>\n<meta name=\"robots\" content=\"index, follow, max-snippet:-1, max-image-preview:large, max-video-preview:-1\" \/>\n<link rel=\"canonical\" href=\"https:\/\/news.save.ch\/en\/5-jahre-dsgvo-auf-loechrige-schutzschilde-koennen-wir-verzichten\/\" \/>\n<meta property=\"og:locale\" content=\"en_US\" \/>\n<meta property=\"og:type\" content=\"article\" \/>\n<meta property=\"og:title\" content=\"Privacy Shield 2.0: Auf l\u00f6chrige Schutzschilder verzichten - Save\" \/>\n<meta property=\"og:description\" content=\"&nbsp; Seit dem 25. Mai 2020 ist die europ\u00e4ische Datenschutzgrundverordnung DSGVO in Kraft. Auch wenn sie bei ihrer Einf\u00fchrung die Verantwortlichen viele Nerven gekostet hat, kann sie als Erfolgsgeschichte gelten. Sie hat etwa \u00e4usserst Erfreuliches bewirkt: n\u00e4mlich das allgemeine Problembewusstsein f\u00fcr den Datenschutz gesch\u00e4rft. Daf\u00fcr haben nicht zuletzt die vielen Schlagzeilen \u00fcber die saftigen Bussgelder [&hellip;]\" \/>\n<meta property=\"og:url\" content=\"https:\/\/news.save.ch\/en\/5-jahre-dsgvo-auf-loechrige-schutzschilde-koennen-wir-verzichten\/\" \/>\n<meta property=\"og:site_name\" content=\"Save\" \/>\n<meta property=\"article:published_time\" content=\"2023-05-31T04:04:38+00:00\" \/>\n<meta property=\"og:image\" content=\"https:\/\/news.save.ch\/wp-content\/uploads\/2023\/05\/Depositphotos_174161888_S.jpg\" \/>\n\t<meta property=\"og:image:width\" content=\"999\" \/>\n\t<meta property=\"og:image:height\" content=\"637\" \/>\n\t<meta property=\"og:image:type\" content=\"image\/jpeg\" \/>\n<meta name=\"author\" content=\"Roger Str\u00e4ssle\" \/>\n<meta name=\"twitter:card\" content=\"summary_large_image\" \/>\n<meta name=\"twitter:label1\" content=\"Written by\" \/>\n\t<meta name=\"twitter:data1\" content=\"Roger Str\u00e4ssle\" \/>\n\t<meta name=\"twitter:label2\" content=\"Est. reading time\" \/>\n\t<meta name=\"twitter:data2\" content=\"4 minutes\" \/>\n<script type=\"application\/ld+json\" class=\"yoast-schema-graph\">{\"@context\":\"https:\\\/\\\/schema.org\",\"@graph\":[{\"@type\":\"Article\",\"@id\":\"https:\\\/\\\/news.save.ch\\\/5-jahre-dsgvo-auf-loechrige-schutzschilde-koennen-wir-verzichten\\\/#article\",\"isPartOf\":{\"@id\":\"https:\\\/\\\/news.save.ch\\\/5-jahre-dsgvo-auf-loechrige-schutzschilde-koennen-wir-verzichten\\\/\"},\"author\":{\"name\":\"Roger Str\u00e4ssle\",\"@id\":\"https:\\\/\\\/news.save.ch\\\/de\\\/#\\\/schema\\\/person\\\/d5022db048e0e2b9785c50e5b24da5aa\"},\"headline\":\"Privacy Shield 2.0: Auf l\u00f6chrige Schutzschilder verzichten\",\"datePublished\":\"2023-05-31T04:04:38+00:00\",\"mainEntityOfPage\":{\"@id\":\"https:\\\/\\\/news.save.ch\\\/5-jahre-dsgvo-auf-loechrige-schutzschilde-koennen-wir-verzichten\\\/\"},\"wordCount\":591,\"publisher\":{\"@id\":\"https:\\\/\\\/news.save.ch\\\/de\\\/#organization\"},\"image\":{\"@id\":\"https:\\\/\\\/news.save.ch\\\/5-jahre-dsgvo-auf-loechrige-schutzschilde-koennen-wir-verzichten\\\/#primaryimage\"},\"thumbnailUrl\":\"https:\\\/\\\/news.save.ch\\\/wp-content\\\/uploads\\\/2023\\\/05\\\/Depositphotos_174161888_S.jpg\",\"keywords\":[\"DSGVO\",\"Privacy Shield 2.0\",\"Safe Harbor\"],\"articleSection\":[\"DIGITALISIERUNG\"],\"inLanguage\":\"en-US\"},{\"@type\":\"WebPage\",\"@id\":\"https:\\\/\\\/news.save.ch\\\/5-jahre-dsgvo-auf-loechrige-schutzschilde-koennen-wir-verzichten\\\/\",\"url\":\"https:\\\/\\\/news.save.ch\\\/5-jahre-dsgvo-auf-loechrige-schutzschilde-koennen-wir-verzichten\\\/\",\"name\":\"Privacy Shield 2.0: Auf l\u00f6chrige Schutzschilder verzichten - Save\",\"isPartOf\":{\"@id\":\"https:\\\/\\\/news.save.ch\\\/de\\\/#website\"},\"primaryImageOfPage\":{\"@id\":\"https:\\\/\\\/news.save.ch\\\/5-jahre-dsgvo-auf-loechrige-schutzschilde-koennen-wir-verzichten\\\/#primaryimage\"},\"image\":{\"@id\":\"https:\\\/\\\/news.save.ch\\\/5-jahre-dsgvo-auf-loechrige-schutzschilde-koennen-wir-verzichten\\\/#primaryimage\"},\"thumbnailUrl\":\"https:\\\/\\\/news.save.ch\\\/wp-content\\\/uploads\\\/2023\\\/05\\\/Depositphotos_174161888_S.jpg\",\"datePublished\":\"2023-05-31T04:04:38+00:00\",\"breadcrumb\":{\"@id\":\"https:\\\/\\\/news.save.ch\\\/5-jahre-dsgvo-auf-loechrige-schutzschilde-koennen-wir-verzichten\\\/#breadcrumb\"},\"inLanguage\":\"en-US\",\"potentialAction\":[{\"@type\":\"ReadAction\",\"target\":[\"https:\\\/\\\/news.save.ch\\\/5-jahre-dsgvo-auf-loechrige-schutzschilde-koennen-wir-verzichten\\\/\"]}]},{\"@type\":\"ImageObject\",\"inLanguage\":\"en-US\",\"@id\":\"https:\\\/\\\/news.save.ch\\\/5-jahre-dsgvo-auf-loechrige-schutzschilde-koennen-wir-verzichten\\\/#primaryimage\",\"url\":\"https:\\\/\\\/news.save.ch\\\/wp-content\\\/uploads\\\/2023\\\/05\\\/Depositphotos_174161888_S.jpg\",\"contentUrl\":\"https:\\\/\\\/news.save.ch\\\/wp-content\\\/uploads\\\/2023\\\/05\\\/Depositphotos_174161888_S.jpg\",\"width\":999,\"height\":637,\"caption\":\"Depositphotos, tbtb\"},{\"@type\":\"BreadcrumbList\",\"@id\":\"https:\\\/\\\/news.save.ch\\\/5-jahre-dsgvo-auf-loechrige-schutzschilde-koennen-wir-verzichten\\\/#breadcrumb\",\"itemListElement\":[{\"@type\":\"ListItem\",\"position\":1,\"name\":\"Home\",\"item\":\"https:\\\/\\\/news.save.ch\\\/de\\\/\"},{\"@type\":\"ListItem\",\"position\":2,\"name\":\"Privacy Shield 2.0: Auf l\u00f6chrige Schutzschilder verzichten\"}]},{\"@type\":\"WebSite\",\"@id\":\"https:\\\/\\\/news.save.ch\\\/de\\\/#website\",\"url\":\"https:\\\/\\\/news.save.ch\\\/de\\\/\",\"name\":\"Save\",\"description\":\"Schweizer Fachzeitschrift f\u00fcr Sicherheit\",\"publisher\":{\"@id\":\"https:\\\/\\\/news.save.ch\\\/de\\\/#organization\"},\"potentialAction\":[{\"@type\":\"SearchAction\",\"target\":{\"@type\":\"EntryPoint\",\"urlTemplate\":\"https:\\\/\\\/news.save.ch\\\/de\\\/?s={search_term_string}\"},\"query-input\":{\"@type\":\"PropertyValueSpecification\",\"valueRequired\":true,\"valueName\":\"search_term_string\"}}],\"inLanguage\":\"en-US\"},{\"@type\":\"Organization\",\"@id\":\"https:\\\/\\\/news.save.ch\\\/de\\\/#organization\",\"name\":\"Sicherheitsforum\",\"url\":\"https:\\\/\\\/news.save.ch\\\/de\\\/\",\"logo\":{\"@type\":\"ImageObject\",\"inLanguage\":\"en-US\",\"@id\":\"https:\\\/\\\/news.save.ch\\\/de\\\/#\\\/schema\\\/logo\\\/image\\\/\",\"url\":\"https:\\\/\\\/news.save.ch\\\/wp-content\\\/uploads\\\/2022\\\/06\\\/Logo_SF_2012.png\",\"contentUrl\":\"https:\\\/\\\/news.save.ch\\\/wp-content\\\/uploads\\\/2022\\\/06\\\/Logo_SF_2012.png\",\"width\":1100,\"height\":91,\"caption\":\"Sicherheitsforum\"},\"image\":{\"@id\":\"https:\\\/\\\/news.save.ch\\\/de\\\/#\\\/schema\\\/logo\\\/image\\\/\"}},{\"@type\":\"Person\",\"@id\":\"https:\\\/\\\/news.save.ch\\\/de\\\/#\\\/schema\\\/person\\\/d5022db048e0e2b9785c50e5b24da5aa\",\"name\":\"Roger Str\u00e4ssle\",\"image\":{\"@type\":\"ImageObject\",\"inLanguage\":\"en-US\",\"@id\":\"https:\\\/\\\/secure.gravatar.com\\\/avatar\\\/862a5569d087de48e5856e32f45d719a03804c891d6deb8d4f71a660e79e4a47?s=96&d=mm&r=g\",\"url\":\"https:\\\/\\\/secure.gravatar.com\\\/avatar\\\/862a5569d087de48e5856e32f45d719a03804c891d6deb8d4f71a660e79e4a47?s=96&d=mm&r=g\",\"contentUrl\":\"https:\\\/\\\/secure.gravatar.com\\\/avatar\\\/862a5569d087de48e5856e32f45d719a03804c891d6deb8d4f71a660e79e4a47?s=96&d=mm&r=g\",\"caption\":\"Roger Str\u00e4ssle\"},\"url\":\"https:\\\/\\\/news.save.ch\\\/en\\\/author\\\/roger-straessle\\\/\"}]}<\/script>\n<!-- \/ Yoast SEO plugin. -->","yoast_head_json":{"title":"Privacy Shield 2.0: Do without holey shields - Save","robots":{"index":"index","follow":"follow","max-snippet":"max-snippet:-1","max-image-preview":"max-image-preview:large","max-video-preview":"max-video-preview:-1"},"canonical":"https:\/\/news.save.ch\/en\/5-jahre-dsgvo-auf-loechrige-schutzschilde-koennen-wir-verzichten\/","og_locale":"en_US","og_type":"article","og_title":"Privacy Shield 2.0: Auf l\u00f6chrige Schutzschilder verzichten - Save","og_description":"&nbsp; Seit dem 25. Mai 2020 ist die europ\u00e4ische Datenschutzgrundverordnung DSGVO in Kraft. Auch wenn sie bei ihrer Einf\u00fchrung die Verantwortlichen viele Nerven gekostet hat, kann sie als Erfolgsgeschichte gelten. Sie hat etwa \u00e4usserst Erfreuliches bewirkt: n\u00e4mlich das allgemeine Problembewusstsein f\u00fcr den Datenschutz gesch\u00e4rft. Daf\u00fcr haben nicht zuletzt die vielen Schlagzeilen \u00fcber die saftigen Bussgelder [&hellip;]","og_url":"https:\/\/news.save.ch\/en\/5-jahre-dsgvo-auf-loechrige-schutzschilde-koennen-wir-verzichten\/","og_site_name":"Save","article_published_time":"2023-05-31T04:04:38+00:00","og_image":[{"width":999,"height":637,"url":"https:\/\/news.save.ch\/wp-content\/uploads\/2023\/05\/Depositphotos_174161888_S.jpg","type":"image\/jpeg"}],"author":"Roger Str\u00e4ssle","twitter_card":"summary_large_image","twitter_misc":{"Written by":"Roger Str\u00e4ssle","Est. reading time":"4 minutes"},"schema":{"@context":"https:\/\/schema.org","@graph":[{"@type":"Article","@id":"https:\/\/news.save.ch\/5-jahre-dsgvo-auf-loechrige-schutzschilde-koennen-wir-verzichten\/#article","isPartOf":{"@id":"https:\/\/news.save.ch\/5-jahre-dsgvo-auf-loechrige-schutzschilde-koennen-wir-verzichten\/"},"author":{"name":"Roger Str\u00e4ssle","@id":"https:\/\/news.save.ch\/de\/#\/schema\/person\/d5022db048e0e2b9785c50e5b24da5aa"},"headline":"Privacy Shield 2.0: Auf l\u00f6chrige Schutzschilder verzichten","datePublished":"2023-05-31T04:04:38+00:00","mainEntityOfPage":{"@id":"https:\/\/news.save.ch\/5-jahre-dsgvo-auf-loechrige-schutzschilde-koennen-wir-verzichten\/"},"wordCount":591,"publisher":{"@id":"https:\/\/news.save.ch\/de\/#organization"},"image":{"@id":"https:\/\/news.save.ch\/5-jahre-dsgvo-auf-loechrige-schutzschilde-koennen-wir-verzichten\/#primaryimage"},"thumbnailUrl":"https:\/\/news.save.ch\/wp-content\/uploads\/2023\/05\/Depositphotos_174161888_S.jpg","keywords":["DSGVO","Privacy Shield 2.0","Safe Harbor"],"articleSection":["DIGITALISIERUNG"],"inLanguage":"en-US"},{"@type":"WebPage","@id":"https:\/\/news.save.ch\/5-jahre-dsgvo-auf-loechrige-schutzschilde-koennen-wir-verzichten\/","url":"https:\/\/news.save.ch\/5-jahre-dsgvo-auf-loechrige-schutzschilde-koennen-wir-verzichten\/","name":"Privacy Shield 2.0: Do without holey shields - Save","isPartOf":{"@id":"https:\/\/news.save.ch\/de\/#website"},"primaryImageOfPage":{"@id":"https:\/\/news.save.ch\/5-jahre-dsgvo-auf-loechrige-schutzschilde-koennen-wir-verzichten\/#primaryimage"},"image":{"@id":"https:\/\/news.save.ch\/5-jahre-dsgvo-auf-loechrige-schutzschilde-koennen-wir-verzichten\/#primaryimage"},"thumbnailUrl":"https:\/\/news.save.ch\/wp-content\/uploads\/2023\/05\/Depositphotos_174161888_S.jpg","datePublished":"2023-05-31T04:04:38+00:00","breadcrumb":{"@id":"https:\/\/news.save.ch\/5-jahre-dsgvo-auf-loechrige-schutzschilde-koennen-wir-verzichten\/#breadcrumb"},"inLanguage":"en-US","potentialAction":[{"@type":"ReadAction","target":["https:\/\/news.save.ch\/5-jahre-dsgvo-auf-loechrige-schutzschilde-koennen-wir-verzichten\/"]}]},{"@type":"ImageObject","inLanguage":"en-US","@id":"https:\/\/news.save.ch\/5-jahre-dsgvo-auf-loechrige-schutzschilde-koennen-wir-verzichten\/#primaryimage","url":"https:\/\/news.save.ch\/wp-content\/uploads\/2023\/05\/Depositphotos_174161888_S.jpg","contentUrl":"https:\/\/news.save.ch\/wp-content\/uploads\/2023\/05\/Depositphotos_174161888_S.jpg","width":999,"height":637,"caption":"Depositphotos, tbtb"},{"@type":"BreadcrumbList","@id":"https:\/\/news.save.ch\/5-jahre-dsgvo-auf-loechrige-schutzschilde-koennen-wir-verzichten\/#breadcrumb","itemListElement":[{"@type":"ListItem","position":1,"name":"Home","item":"https:\/\/news.save.ch\/de\/"},{"@type":"ListItem","position":2,"name":"Privacy Shield 2.0: Auf l\u00f6chrige Schutzschilder verzichten"}]},{"@type":"WebSite","@id":"https:\/\/news.save.ch\/de\/#website","url":"https:\/\/news.save.ch\/de\/","name":"Save","description":"Swiss trade journal for safety","publisher":{"@id":"https:\/\/news.save.ch\/de\/#organization"},"potentialAction":[{"@type":"SearchAction","target":{"@type":"EntryPoint","urlTemplate":"https:\/\/news.save.ch\/de\/?s={search_term_string}"},"query-input":{"@type":"PropertyValueSpecification","valueRequired":true,"valueName":"search_term_string"}}],"inLanguage":"en-US"},{"@type":"Organization","@id":"https:\/\/news.save.ch\/de\/#organization","name":"Security Forum","url":"https:\/\/news.save.ch\/de\/","logo":{"@type":"ImageObject","inLanguage":"en-US","@id":"https:\/\/news.save.ch\/de\/#\/schema\/logo\/image\/","url":"https:\/\/news.save.ch\/wp-content\/uploads\/2022\/06\/Logo_SF_2012.png","contentUrl":"https:\/\/news.save.ch\/wp-content\/uploads\/2022\/06\/Logo_SF_2012.png","width":1100,"height":91,"caption":"Sicherheitsforum"},"image":{"@id":"https:\/\/news.save.ch\/de\/#\/schema\/logo\/image\/"}},{"@type":"Person","@id":"https:\/\/news.save.ch\/de\/#\/schema\/person\/d5022db048e0e2b9785c50e5b24da5aa","name":"Roger Str\u00e4ssle","image":{"@type":"ImageObject","inLanguage":"en-US","@id":"https:\/\/secure.gravatar.com\/avatar\/862a5569d087de48e5856e32f45d719a03804c891d6deb8d4f71a660e79e4a47?s=96&d=mm&r=g","url":"https:\/\/secure.gravatar.com\/avatar\/862a5569d087de48e5856e32f45d719a03804c891d6deb8d4f71a660e79e4a47?s=96&d=mm&r=g","contentUrl":"https:\/\/secure.gravatar.com\/avatar\/862a5569d087de48e5856e32f45d719a03804c891d6deb8d4f71a660e79e4a47?s=96&d=mm&r=g","caption":"Roger Str\u00e4ssle"},"url":"https:\/\/news.save.ch\/en\/author\/roger-straessle\/"}]}},"_links":{"self":[{"href":"https:\/\/news.save.ch\/en\/wp-json\/wp\/v2\/posts\/19489","targetHints":{"allow":["GET"]}}],"collection":[{"href":"https:\/\/news.save.ch\/en\/wp-json\/wp\/v2\/posts"}],"about":[{"href":"https:\/\/news.save.ch\/en\/wp-json\/wp\/v2\/types\/post"}],"author":[{"embeddable":true,"href":"https:\/\/news.save.ch\/en\/wp-json\/wp\/v2\/users\/8"}],"replies":[{"embeddable":true,"href":"https:\/\/news.save.ch\/en\/wp-json\/wp\/v2\/comments?post=19489"}],"version-history":[{"count":4,"href":"https:\/\/news.save.ch\/en\/wp-json\/wp\/v2\/posts\/19489\/revisions"}],"predecessor-version":[{"id":19492,"href":"https:\/\/news.save.ch\/en\/wp-json\/wp\/v2\/posts\/19489\/revisions\/19492"}],"wp:featuredmedia":[{"embeddable":true,"href":"https:\/\/news.save.ch\/en\/wp-json\/wp\/v2\/media\/19490"}],"wp:attachment":[{"href":"https:\/\/news.save.ch\/en\/wp-json\/wp\/v2\/media?parent=19489"}],"wp:term":[{"taxonomy":"category","embeddable":true,"href":"https:\/\/news.save.ch\/en\/wp-json\/wp\/v2\/categories?post=19489"},{"taxonomy":"post_tag","embeddable":true,"href":"https:\/\/news.save.ch\/en\/wp-json\/wp\/v2\/tags?post=19489"}],"curies":[{"name":"wp","href":"https:\/\/api.w.org\/{rel}","templated":true}]}}