{"id":19517,"date":"2023-06-01T10:16:50","date_gmt":"2023-06-01T08:16:50","guid":{"rendered":"https:\/\/news.save.ch\/?p=19517"},"modified":"2023-06-01T10:18:20","modified_gmt":"2023-06-01T08:18:20","slug":"wenn-der-roboter-feuer-bekaempft","status":null,"type":"post","link":"https:\/\/news.save.ch\/en\/wenn-der-roboter-feuer-bekaempft\/","title":{"rendered":"Suisse Public: Where digitization takes hold"},"content":{"rendered":"<figure id=\"attachment_19518\" aria-describedby=\"caption-attachment-19518\" style=\"width: 680px\" class=\"wp-caption aligncenter\"><img loading=\"lazy\" decoding=\"async\" class=\"wp-image-19518 size-medium\" src=\"https:\/\/news.save.ch\/wp-content\/uploads\/2023\/06\/SPU17_PB06-scaled-1-680x453.jpg\" alt=\"View of the exhibition grounds. Image: Suisse Public\" width=\"680\" height=\"453\" srcset=\"https:\/\/news.save.ch\/wp-content\/uploads\/2023\/06\/SPU17_PB06-scaled-1-680x453.jpg 680w, https:\/\/news.save.ch\/wp-content\/uploads\/2023\/06\/SPU17_PB06-scaled-1-1024x683.jpg 1024w, https:\/\/news.save.ch\/wp-content\/uploads\/2023\/06\/SPU17_PB06-scaled-1-768x512.jpg 768w, https:\/\/news.save.ch\/wp-content\/uploads\/2023\/06\/SPU17_PB06-scaled-1-1536x1024.jpg 1536w, https:\/\/news.save.ch\/wp-content\/uploads\/2023\/06\/SPU17_PB06-scaled-1-2048x1366.jpg 2048w, https:\/\/news.save.ch\/wp-content\/uploads\/2023\/06\/SPU17_PB06-scaled-1-18x12.jpg 18w, https:\/\/news.save.ch\/wp-content\/uploads\/2023\/06\/SPU17_PB06-scaled-1-375x250.jpg 375w, https:\/\/news.save.ch\/wp-content\/uploads\/2023\/06\/SPU17_PB06-scaled-1-525x350.jpg 525w, https:\/\/news.save.ch\/wp-content\/uploads\/2023\/06\/SPU17_PB06-scaled-1-1000x667.jpg 1000w, https:\/\/news.save.ch\/wp-content\/uploads\/2023\/06\/SPU17_PB06-scaled-1-scaled.jpg 1200w\" sizes=\"auto, (max-width: 680px) 100vw, 680px\" \/><figcaption id=\"caption-attachment-19518\" class=\"wp-caption-text\">Suisse Public<\/figcaption><\/figure>\n<p>From June 6 to 9, Suisse Public will showcase a comprehensive industry overview and networking platform for professionals and procurement managers from municipal, cantonal and federal authorities at the Bernexpo site (<a href=\"https:\/\/news.save.ch\/en\/suisse-public-oeffnet-schon-bald-ihre-tueren\/\">see also here<\/a>). But there's more: During Suisse Public SMART, which is more or less a trade fair within the trade fair, current topics are discussed with experts during panel discussions and lectures, and various exhibits are demonstrated directly on site in a miniature smart city. New drones, smart lighting systems and cycle paths, modern car-sharing services, intelligent video surveillance systems and much more can be examined directly in the so-called \"Solution Park\". This practical venue vividly demonstrates how intelligent technology is increasingly finding its way into our everyday lives.<\/p>\n<h3>Challenges for communities and blue light organizations<\/h3>\n<p>What will the maintenance yard of the future look like? Will fully automated cleaning crews soon be cleaning the streets? There will be answers on Tuesday, 6.6. But what is already certain is that the number of electronic vehicles at the service of a municipality is constantly increasing. In short: there have never been so many electric cars from different manufacturers to examine on site. This Schwendimann from System Alpenluft and others will give presentations on this topic.<\/p>\n<p>On Wednesday, 7.6., the focus will be on the smart further development of municipal infrastructures in Swiss municipalities. How are AI and open data being used for services and infrastructure, and what projects are in the pipeline? How does all this relate to climate neutrality and the mobility revolution? And in which areas do municipalities still need to improve? Among others, Marco Rupp, President of the Municipality of Ittigen, and Marco Sonderegger, President of the Swiss Association of Municipal Infrastructure, will be on hand to answer questions.<\/p>\n<p>Is digitalization overtaxing municipal administration? Which paths are being taken by municipalities to drive forward the digital transformation? And where is there still resistance? Among others, Madeleine Deckert, mayor of Leubringen\/Magglingen, Jolanda Brunner, mayor of Spiez, and Erich Fehr, mayor of Biel, will participate in a panel discussion and exchange ideas with others on Thursday. In addition, a representative survey will be presented on the topic of the status of digitization strategies and projects, where a good three quarters of all Swiss municipalities participated.<\/p>\n<p>What all do emergency services have to consider when an electric car or several of them are on fire in one place, and why is this a new challenge that emergency services have to face? On Friday, 9.6., there will be answers to these questions. In addition: infrastructure operators are increasingly relying on digitalization to optimize their services. What challenges does this pose for police, fire and rescue services? Which smart helpers are already in use and which are waiting in the wings? Among others, Christian Bieri, Head of Operations and Training Fire Department Canton Bern, will discuss this topic.<\/p>\n<h3>Fire department in action<\/h3>\n<p>And if you're in the mood for action and exercise after the theory block, you can attend a live firefighting event. That's because the \"FireFit Europe Tour\" is making an exclusive stop in Bern. Those interested can be eyewitnesses when firefighters practice on the spectacular training tower on Tuesday and Wednesday, and then compete on Thursday and Friday, showing what they can do and the great skill with which they face numerous dangers in front of a live audience.<\/p>\n<p><em>Source: <a href=\"https:\/\/info.suissepublic.ch\/\">Suisse Public<\/a><\/em><\/p>\n<p>&nbsp;<\/p>","protected":false},"excerpt":{"rendered":"<p>Vom 6. bis 9. Juni zeigt die Suisse Public Fachleuten und Beschaffungsverantwortlichen aus Gemeinden-, Kantons- und Bundesbeh\u00f6rden eine umfassende Branchen\u00fcbersicht und Netzwerkplattform auf dem Bernexpo-Gel\u00e4nde (vgl. auch hier). Doch da ist noch mehr: W\u00e4hrend der Suisse Public SMART, quasi eine Messe in der Messe, werden w\u00e4hrend Podiumsgespr\u00e4chen und Vortr\u00e4gen aktuelle Themen mit Fachexpertinnen und Fachexperten [&hellip;]<\/p>\n","protected":false},"author":8,"featured_media":19518,"comment_status":"closed","ping_status":"closed","sticky":false,"template":"","format":"standard","meta":{"_acf_changed":false,"pgc_sgb_lightbox_settings":"","footnotes":""},"categories":[3313],"tags":[278,785],"class_list":["post-19517","post","type-post","status-publish","format-standard","has-post-thumbnail","hentry","category-digitalisierung","tag-fachkongress-fachmesse","tag-suisse-public"],"acf":[],"hkrextid":null,"publication":null,"issue":null,"workflow":null,"startPage":null,"spitzmarke":null,"_posts_by_tag_page_fields":null,"_at_widget":null,"_yoast_wpseo_primary_category":"3313","_yoast_wpseo_focuskw_text_input":null,"_yoast_wpseo_opengraph-image":null,"_yoast_wpseo_opengraph-description":null,"_yoast_wpseo_opengraph-title":null,"enclosure":null,"_yoast_wpseo_twitter-title":null,"_yoast_wpseo_twitter-description":null,"_yoast_wpseo_twitter-image":null,"_wp_old_slug":null,"_yoast_wpseo_title":null,"_yoast_wpseo_canonical":null,"yoast_head":"<!-- This site is optimized with the Yoast SEO plugin v27.4 - https:\/\/yoast.com\/product\/yoast-seo-wordpress\/ -->\n<title>Suisse Public: Wo die Digitalisierung Einzug h\u00e4lt - Save<\/title>\n<meta name=\"description\" content=\"Vom 6. bis 9. Juni zeigt die Suisse Public eine umfassende Branchen\u00fcbersicht und Netzwerkplattform auf dem Bernexpo-Gel\u00e4nde.\" \/>\n<meta name=\"robots\" content=\"index, follow, max-snippet:-1, max-image-preview:large, max-video-preview:-1\" \/>\n<link rel=\"canonical\" href=\"https:\/\/news.save.ch\/en\/wenn-der-roboter-feuer-bekaempft\/\" \/>\n<meta property=\"og:locale\" content=\"en_US\" \/>\n<meta property=\"og:type\" content=\"article\" \/>\n<meta property=\"og:title\" content=\"Suisse Public: Wo die Digitalisierung Einzug h\u00e4lt - Save\" \/>\n<meta property=\"og:description\" content=\"Vom 6. bis 9. Juni zeigt die Suisse Public eine umfassende Branchen\u00fcbersicht und Netzwerkplattform auf dem Bernexpo-Gel\u00e4nde.\" \/>\n<meta property=\"og:url\" content=\"https:\/\/news.save.ch\/en\/wenn-der-roboter-feuer-bekaempft\/\" \/>\n<meta property=\"og:site_name\" content=\"Save\" \/>\n<meta property=\"article:published_time\" content=\"2023-06-01T08:16:50+00:00\" \/>\n<meta property=\"article:modified_time\" content=\"2023-06-01T08:18:20+00:00\" \/>\n<meta property=\"og:image\" content=\"https:\/\/news.save.ch\/wp-content\/uploads\/2023\/06\/SPU17_PB06-scaled-1-scaled.jpg\" \/>\n\t<meta property=\"og:image:width\" content=\"1200\" \/>\n\t<meta property=\"og:image:height\" content=\"801\" \/>\n\t<meta property=\"og:image:type\" content=\"image\/jpeg\" \/>\n<meta name=\"author\" content=\"Roger Str\u00e4ssle\" \/>\n<meta name=\"twitter:card\" content=\"summary_large_image\" \/>\n<meta name=\"twitter:label1\" content=\"Written by\" \/>\n\t<meta name=\"twitter:data1\" content=\"Roger Str\u00e4ssle\" \/>\n\t<meta name=\"twitter:label2\" content=\"Est. reading time\" \/>\n\t<meta name=\"twitter:data2\" content=\"3 minutes\" \/>\n<script type=\"application\/ld+json\" class=\"yoast-schema-graph\">{\"@context\":\"https:\\\/\\\/schema.org\",\"@graph\":[{\"@type\":\"Article\",\"@id\":\"https:\\\/\\\/news.save.ch\\\/wenn-der-roboter-feuer-bekaempft\\\/#article\",\"isPartOf\":{\"@id\":\"https:\\\/\\\/news.save.ch\\\/wenn-der-roboter-feuer-bekaempft\\\/\"},\"author\":{\"name\":\"Roger Str\u00e4ssle\",\"@id\":\"https:\\\/\\\/news.save.ch\\\/de\\\/#\\\/schema\\\/person\\\/d5022db048e0e2b9785c50e5b24da5aa\"},\"headline\":\"Suisse Public: Wo die Digitalisierung Einzug h\u00e4lt\",\"datePublished\":\"2023-06-01T08:16:50+00:00\",\"dateModified\":\"2023-06-01T08:18:20+00:00\",\"mainEntityOfPage\":{\"@id\":\"https:\\\/\\\/news.save.ch\\\/wenn-der-roboter-feuer-bekaempft\\\/\"},\"wordCount\":536,\"publisher\":{\"@id\":\"https:\\\/\\\/news.save.ch\\\/de\\\/#organization\"},\"image\":{\"@id\":\"https:\\\/\\\/news.save.ch\\\/wenn-der-roboter-feuer-bekaempft\\\/#primaryimage\"},\"thumbnailUrl\":\"https:\\\/\\\/news.save.ch\\\/wp-content\\\/uploads\\\/2023\\\/06\\\/SPU17_PB06-scaled-1-scaled.jpg\",\"keywords\":[\"Fachkongress \\\/ Fachmesse\",\"Suisse Public\"],\"articleSection\":[\"DIGITALISIERUNG\"],\"inLanguage\":\"en-US\"},{\"@type\":\"WebPage\",\"@id\":\"https:\\\/\\\/news.save.ch\\\/wenn-der-roboter-feuer-bekaempft\\\/\",\"url\":\"https:\\\/\\\/news.save.ch\\\/wenn-der-roboter-feuer-bekaempft\\\/\",\"name\":\"Suisse Public: Wo die Digitalisierung Einzug h\u00e4lt - Save\",\"isPartOf\":{\"@id\":\"https:\\\/\\\/news.save.ch\\\/de\\\/#website\"},\"primaryImageOfPage\":{\"@id\":\"https:\\\/\\\/news.save.ch\\\/wenn-der-roboter-feuer-bekaempft\\\/#primaryimage\"},\"image\":{\"@id\":\"https:\\\/\\\/news.save.ch\\\/wenn-der-roboter-feuer-bekaempft\\\/#primaryimage\"},\"thumbnailUrl\":\"https:\\\/\\\/news.save.ch\\\/wp-content\\\/uploads\\\/2023\\\/06\\\/SPU17_PB06-scaled-1-scaled.jpg\",\"datePublished\":\"2023-06-01T08:16:50+00:00\",\"dateModified\":\"2023-06-01T08:18:20+00:00\",\"description\":\"Vom 6. bis 9. Juni zeigt die Suisse Public eine umfassende Branchen\u00fcbersicht und Netzwerkplattform auf dem Bernexpo-Gel\u00e4nde.\",\"breadcrumb\":{\"@id\":\"https:\\\/\\\/news.save.ch\\\/wenn-der-roboter-feuer-bekaempft\\\/#breadcrumb\"},\"inLanguage\":\"en-US\",\"potentialAction\":[{\"@type\":\"ReadAction\",\"target\":[\"https:\\\/\\\/news.save.ch\\\/wenn-der-roboter-feuer-bekaempft\\\/\"]}]},{\"@type\":\"ImageObject\",\"inLanguage\":\"en-US\",\"@id\":\"https:\\\/\\\/news.save.ch\\\/wenn-der-roboter-feuer-bekaempft\\\/#primaryimage\",\"url\":\"https:\\\/\\\/news.save.ch\\\/wp-content\\\/uploads\\\/2023\\\/06\\\/SPU17_PB06-scaled-1-scaled.jpg\",\"contentUrl\":\"https:\\\/\\\/news.save.ch\\\/wp-content\\\/uploads\\\/2023\\\/06\\\/SPU17_PB06-scaled-1-scaled.jpg\",\"width\":1200,\"height\":801,\"caption\":\"Suisse Public\"},{\"@type\":\"BreadcrumbList\",\"@id\":\"https:\\\/\\\/news.save.ch\\\/wenn-der-roboter-feuer-bekaempft\\\/#breadcrumb\",\"itemListElement\":[{\"@type\":\"ListItem\",\"position\":1,\"name\":\"Home\",\"item\":\"https:\\\/\\\/news.save.ch\\\/de\\\/\"},{\"@type\":\"ListItem\",\"position\":2,\"name\":\"Suisse Public: Wo die Digitalisierung Einzug h\u00e4lt\"}]},{\"@type\":\"WebSite\",\"@id\":\"https:\\\/\\\/news.save.ch\\\/de\\\/#website\",\"url\":\"https:\\\/\\\/news.save.ch\\\/de\\\/\",\"name\":\"Save\",\"description\":\"Schweizer Fachzeitschrift f\u00fcr Sicherheit\",\"publisher\":{\"@id\":\"https:\\\/\\\/news.save.ch\\\/de\\\/#organization\"},\"potentialAction\":[{\"@type\":\"SearchAction\",\"target\":{\"@type\":\"EntryPoint\",\"urlTemplate\":\"https:\\\/\\\/news.save.ch\\\/de\\\/?s={search_term_string}\"},\"query-input\":{\"@type\":\"PropertyValueSpecification\",\"valueRequired\":true,\"valueName\":\"search_term_string\"}}],\"inLanguage\":\"en-US\"},{\"@type\":\"Organization\",\"@id\":\"https:\\\/\\\/news.save.ch\\\/de\\\/#organization\",\"name\":\"Sicherheitsforum\",\"url\":\"https:\\\/\\\/news.save.ch\\\/de\\\/\",\"logo\":{\"@type\":\"ImageObject\",\"inLanguage\":\"en-US\",\"@id\":\"https:\\\/\\\/news.save.ch\\\/de\\\/#\\\/schema\\\/logo\\\/image\\\/\",\"url\":\"https:\\\/\\\/news.save.ch\\\/wp-content\\\/uploads\\\/2022\\\/06\\\/Logo_SF_2012.png\",\"contentUrl\":\"https:\\\/\\\/news.save.ch\\\/wp-content\\\/uploads\\\/2022\\\/06\\\/Logo_SF_2012.png\",\"width\":1100,\"height\":91,\"caption\":\"Sicherheitsforum\"},\"image\":{\"@id\":\"https:\\\/\\\/news.save.ch\\\/de\\\/#\\\/schema\\\/logo\\\/image\\\/\"}},{\"@type\":\"Person\",\"@id\":\"https:\\\/\\\/news.save.ch\\\/de\\\/#\\\/schema\\\/person\\\/d5022db048e0e2b9785c50e5b24da5aa\",\"name\":\"Roger Str\u00e4ssle\",\"image\":{\"@type\":\"ImageObject\",\"inLanguage\":\"en-US\",\"@id\":\"https:\\\/\\\/secure.gravatar.com\\\/avatar\\\/862a5569d087de48e5856e32f45d719a03804c891d6deb8d4f71a660e79e4a47?s=96&d=mm&r=g\",\"url\":\"https:\\\/\\\/secure.gravatar.com\\\/avatar\\\/862a5569d087de48e5856e32f45d719a03804c891d6deb8d4f71a660e79e4a47?s=96&d=mm&r=g\",\"contentUrl\":\"https:\\\/\\\/secure.gravatar.com\\\/avatar\\\/862a5569d087de48e5856e32f45d719a03804c891d6deb8d4f71a660e79e4a47?s=96&d=mm&r=g\",\"caption\":\"Roger Str\u00e4ssle\"},\"url\":\"https:\\\/\\\/news.save.ch\\\/en\\\/author\\\/roger-straessle\\\/\"}]}<\/script>\n<!-- \/ Yoast SEO plugin. -->","yoast_head_json":{"title":"Suisse Public: Where digitization takes hold - Save","description":"From June 6 to 9, Suisse Public will present a comprehensive industry overview and networking platform at the Bernexpo site.","robots":{"index":"index","follow":"follow","max-snippet":"max-snippet:-1","max-image-preview":"max-image-preview:large","max-video-preview":"max-video-preview:-1"},"canonical":"https:\/\/news.save.ch\/en\/wenn-der-roboter-feuer-bekaempft\/","og_locale":"en_US","og_type":"article","og_title":"Suisse Public: Wo die Digitalisierung Einzug h\u00e4lt - Save","og_description":"Vom 6. bis 9. Juni zeigt die Suisse Public eine umfassende Branchen\u00fcbersicht und Netzwerkplattform auf dem Bernexpo-Gel\u00e4nde.","og_url":"https:\/\/news.save.ch\/en\/wenn-der-roboter-feuer-bekaempft\/","og_site_name":"Save","article_published_time":"2023-06-01T08:16:50+00:00","article_modified_time":"2023-06-01T08:18:20+00:00","og_image":[{"width":1200,"height":801,"url":"https:\/\/news.save.ch\/wp-content\/uploads\/2023\/06\/SPU17_PB06-scaled-1-scaled.jpg","type":"image\/jpeg"}],"author":"Roger Str\u00e4ssle","twitter_card":"summary_large_image","twitter_misc":{"Written by":"Roger Str\u00e4ssle","Est. reading time":"3 minutes"},"schema":{"@context":"https:\/\/schema.org","@graph":[{"@type":"Article","@id":"https:\/\/news.save.ch\/wenn-der-roboter-feuer-bekaempft\/#article","isPartOf":{"@id":"https:\/\/news.save.ch\/wenn-der-roboter-feuer-bekaempft\/"},"author":{"name":"Roger Str\u00e4ssle","@id":"https:\/\/news.save.ch\/de\/#\/schema\/person\/d5022db048e0e2b9785c50e5b24da5aa"},"headline":"Suisse Public: Wo die Digitalisierung Einzug h\u00e4lt","datePublished":"2023-06-01T08:16:50+00:00","dateModified":"2023-06-01T08:18:20+00:00","mainEntityOfPage":{"@id":"https:\/\/news.save.ch\/wenn-der-roboter-feuer-bekaempft\/"},"wordCount":536,"publisher":{"@id":"https:\/\/news.save.ch\/de\/#organization"},"image":{"@id":"https:\/\/news.save.ch\/wenn-der-roboter-feuer-bekaempft\/#primaryimage"},"thumbnailUrl":"https:\/\/news.save.ch\/wp-content\/uploads\/2023\/06\/SPU17_PB06-scaled-1-scaled.jpg","keywords":["Fachkongress \/ Fachmesse","Suisse Public"],"articleSection":["DIGITALISIERUNG"],"inLanguage":"en-US"},{"@type":"WebPage","@id":"https:\/\/news.save.ch\/wenn-der-roboter-feuer-bekaempft\/","url":"https:\/\/news.save.ch\/wenn-der-roboter-feuer-bekaempft\/","name":"Suisse Public: Where digitization takes hold - Save","isPartOf":{"@id":"https:\/\/news.save.ch\/de\/#website"},"primaryImageOfPage":{"@id":"https:\/\/news.save.ch\/wenn-der-roboter-feuer-bekaempft\/#primaryimage"},"image":{"@id":"https:\/\/news.save.ch\/wenn-der-roboter-feuer-bekaempft\/#primaryimage"},"thumbnailUrl":"https:\/\/news.save.ch\/wp-content\/uploads\/2023\/06\/SPU17_PB06-scaled-1-scaled.jpg","datePublished":"2023-06-01T08:16:50+00:00","dateModified":"2023-06-01T08:18:20+00:00","description":"From June 6 to 9, Suisse Public will present a comprehensive industry overview and networking platform at the Bernexpo site.","breadcrumb":{"@id":"https:\/\/news.save.ch\/wenn-der-roboter-feuer-bekaempft\/#breadcrumb"},"inLanguage":"en-US","potentialAction":[{"@type":"ReadAction","target":["https:\/\/news.save.ch\/wenn-der-roboter-feuer-bekaempft\/"]}]},{"@type":"ImageObject","inLanguage":"en-US","@id":"https:\/\/news.save.ch\/wenn-der-roboter-feuer-bekaempft\/#primaryimage","url":"https:\/\/news.save.ch\/wp-content\/uploads\/2023\/06\/SPU17_PB06-scaled-1-scaled.jpg","contentUrl":"https:\/\/news.save.ch\/wp-content\/uploads\/2023\/06\/SPU17_PB06-scaled-1-scaled.jpg","width":1200,"height":801,"caption":"Suisse Public"},{"@type":"BreadcrumbList","@id":"https:\/\/news.save.ch\/wenn-der-roboter-feuer-bekaempft\/#breadcrumb","itemListElement":[{"@type":"ListItem","position":1,"name":"Home","item":"https:\/\/news.save.ch\/de\/"},{"@type":"ListItem","position":2,"name":"Suisse Public: Wo die Digitalisierung Einzug h\u00e4lt"}]},{"@type":"WebSite","@id":"https:\/\/news.save.ch\/de\/#website","url":"https:\/\/news.save.ch\/de\/","name":"Save","description":"Swiss trade journal for safety","publisher":{"@id":"https:\/\/news.save.ch\/de\/#organization"},"potentialAction":[{"@type":"SearchAction","target":{"@type":"EntryPoint","urlTemplate":"https:\/\/news.save.ch\/de\/?s={search_term_string}"},"query-input":{"@type":"PropertyValueSpecification","valueRequired":true,"valueName":"search_term_string"}}],"inLanguage":"en-US"},{"@type":"Organization","@id":"https:\/\/news.save.ch\/de\/#organization","name":"Security Forum","url":"https:\/\/news.save.ch\/de\/","logo":{"@type":"ImageObject","inLanguage":"en-US","@id":"https:\/\/news.save.ch\/de\/#\/schema\/logo\/image\/","url":"https:\/\/news.save.ch\/wp-content\/uploads\/2022\/06\/Logo_SF_2012.png","contentUrl":"https:\/\/news.save.ch\/wp-content\/uploads\/2022\/06\/Logo_SF_2012.png","width":1100,"height":91,"caption":"Sicherheitsforum"},"image":{"@id":"https:\/\/news.save.ch\/de\/#\/schema\/logo\/image\/"}},{"@type":"Person","@id":"https:\/\/news.save.ch\/de\/#\/schema\/person\/d5022db048e0e2b9785c50e5b24da5aa","name":"Roger Str\u00e4ssle","image":{"@type":"ImageObject","inLanguage":"en-US","@id":"https:\/\/secure.gravatar.com\/avatar\/862a5569d087de48e5856e32f45d719a03804c891d6deb8d4f71a660e79e4a47?s=96&d=mm&r=g","url":"https:\/\/secure.gravatar.com\/avatar\/862a5569d087de48e5856e32f45d719a03804c891d6deb8d4f71a660e79e4a47?s=96&d=mm&r=g","contentUrl":"https:\/\/secure.gravatar.com\/avatar\/862a5569d087de48e5856e32f45d719a03804c891d6deb8d4f71a660e79e4a47?s=96&d=mm&r=g","caption":"Roger Str\u00e4ssle"},"url":"https:\/\/news.save.ch\/en\/author\/roger-straessle\/"}]}},"_links":{"self":[{"href":"https:\/\/news.save.ch\/en\/wp-json\/wp\/v2\/posts\/19517","targetHints":{"allow":["GET"]}}],"collection":[{"href":"https:\/\/news.save.ch\/en\/wp-json\/wp\/v2\/posts"}],"about":[{"href":"https:\/\/news.save.ch\/en\/wp-json\/wp\/v2\/types\/post"}],"author":[{"embeddable":true,"href":"https:\/\/news.save.ch\/en\/wp-json\/wp\/v2\/users\/8"}],"replies":[{"embeddable":true,"href":"https:\/\/news.save.ch\/en\/wp-json\/wp\/v2\/comments?post=19517"}],"version-history":[{"count":2,"href":"https:\/\/news.save.ch\/en\/wp-json\/wp\/v2\/posts\/19517\/revisions"}],"predecessor-version":[{"id":19520,"href":"https:\/\/news.save.ch\/en\/wp-json\/wp\/v2\/posts\/19517\/revisions\/19520"}],"wp:featuredmedia":[{"embeddable":true,"href":"https:\/\/news.save.ch\/en\/wp-json\/wp\/v2\/media\/19518"}],"wp:attachment":[{"href":"https:\/\/news.save.ch\/en\/wp-json\/wp\/v2\/media?parent=19517"}],"wp:term":[{"taxonomy":"category","embeddable":true,"href":"https:\/\/news.save.ch\/en\/wp-json\/wp\/v2\/categories?post=19517"},{"taxonomy":"post_tag","embeddable":true,"href":"https:\/\/news.save.ch\/en\/wp-json\/wp\/v2\/tags?post=19517"}],"curies":[{"name":"wp","href":"https:\/\/api.w.org\/{rel}","templated":true}]}}