{"id":1988,"date":"2015-10-23T15:39:57","date_gmt":"2015-10-23T13:39:57","guid":{"rendered":"https:\/\/dev.sicherheitsforum.ch\/?p=1988"},"modified":"2015-10-23T15:39:57","modified_gmt":"2015-10-23T13:39:57","slug":"sicherheitsmesse-in-wenigen-tagen-geht-es-los","status":null,"type":"post","link":"https:\/\/news.save.ch\/en\/sicherheitsmesse-in-wenigen-tagen-geht-es-los\/","title":{"rendered":"Safety fair: In a few days it starts"},"content":{"rendered":"<figure id=\"attachment_1989\" aria-describedby=\"caption-attachment-1989\" style=\"width: 680px\" class=\"wp-caption alignnone\"><img loading=\"lazy\" decoding=\"async\" class=\"wp-image-1989 size-medium\" src=\"https:\/\/news.save.ch\/wp-content\/uploads\/2016\/12\/Sicherheitsmesse-In-wenigen-Tagen-geht-es-los-sicherheitsforum.jpg\" width=\"680\" height=\"452\" \/><figcaption id=\"caption-attachment-1989\" class=\"wp-caption-text\">Photo: T. Entzeroth<\/figcaption><\/figure>\n<p>The trade fair for \"<a title=\"to the security trade fair\" href=\"https:\/\/www.sicherheit-messe.ch\" target=\"_blank\" data-cke-saved-href=\"https:\/\/www.sicherheit-messe.ch\" rel=\"noopener\">Fire, Safety &amp; Security<\/a>\", which is held every two years, celebrates its 20th anniversary this year.<\/p>\n<p>\"The security industry must be able to respond ever more quickly to technological advances and changing social conditions,\" says Heinz Salzgeber, Exhibition Director. \"The challenges are becoming more complex, the need for information is growing and the industry is becoming more dynamic. That's why we've always made sure to both maintain the existing and incorporate new elements and future-oriented topics.\"<\/p>\n<p>Various associations and organizations support and recognize the parallel to the exhibition <a title=\"to the program of the congress\" href=\"https:\/\/www.save.ch\/events\/sicherheits-fachkongress-2015\/\" target=\"_blank\" data-cke-saved-href=\"https:\/\/www.save.ch\/events\/sicherheits-fachkongress-2015\/\" rel=\"noopener\">Trade congress<\/a> as a training unit. In addition to the trade fair, the special show also enjoys the support of important trade associations and industry leaders.<\/p>\n<p><strong>Special show: ideal platform for hazard exchange<\/strong><\/p>\n<p>Dealing with natural hazards is becoming increasingly important. Therefore, as at the last trade fair, the special show will address the topic of \"Risk management of <a href=\"https:\/\/www.naturgefahr.ch\" target=\"_blank\" data-cke-saved-href=\"https:\/\/www.naturgefahr.ch\" rel=\"noopener\">Natural hazards<\/a>\"The event is organized by the company Egli Engineering AG.<\/p>\n<p>The special show offers an ideal platform for the exchange between hazard experts and safety officers. Top-class speakers will shed light on hazards and risks as well as prevention and intervention. Current topics such as risk-based handling of floods, adaptation to climate change or even protection against natural hazards will be presented with case studies from practice. In addition, officials from all levels will report in a panel discussion on findings and lessons learned from the severe weather operation in the Emmental in 2014. The presence of natural hazard experts promises knowledge transfer from practice and enables exchange at a high level. In particular, safety officers of companies will find this forum the ideal entry point to talk to partners from authorities, research and practice both for the site check and regarding possible measures to limit risks. The two associations VKF (Vereinigung Kantonaler Feuerversicherungen) and SIA (Schweizerischer Ingenieur- und Architektenverein) support the forum and the main topics \"Protection of buildings against natural hazards\".<\/p>\n<p>Around the Natural Hazards Forum in Hall 6, the service providers and product manufacturers are represented in the exhibition area. Therefore, solutions can be found for all topics covered. Participation in the presentations in the forum are free of charge for trade fair visitors.<\/p>\n<p><a href=\"https:\/\/www.sicherheit-messe.ch\/htm\/besucher.hallenplaene.htm\" target=\"_blank\" data-cke-saved-href=\"https:\/\/www.sicherheit-messe.ch\/htm\/besucher.hallenplaene.htm\" rel=\"noopener\">Here<\/a> you can find the detailed hall plans with the exhibitors.<\/p>\n<p><a title=\"Arrival\" href=\"https:\/\/www.sicherheit-messe.ch\/htm\/besucher_anreise.htm\" target=\"_blank\" data-cke-saved-href=\"https:\/\/www.sicherheit-messe.ch\/htm\/besucher_anreise.htm\" rel=\"noopener\">Here<\/a> I find my way to the trade fair.<\/p>","protected":false},"excerpt":{"rendered":"<p>Die Fachmesse f\u00fcr \u00abFire, Safety &amp; Security\u00bb, die alle zwei Jahre durchgef\u00fchrt wird,\u00a0feiert\u00a0in diesem Jahr ihr 20-Jahr-Jubil\u00e4um. \u201eDie Sicherheitsbranche muss immer schneller auf technologische Fortschritte und ver\u00e4nderte gesellschaftliche Rahmenbedingungen reagieren k\u00f6nnen\u201c, sagt Messeleiter Heinz Salzgeber. \u201eDie Herausforderungen werden komplexer, das Informationsbed\u00fcrfnis w\u00e4chst und die Branche wird dynamischer. Deshalb haben wir stets darauf geachtet, sowohl Bestehendes [&hellip;]<\/p>\n","protected":false},"author":1,"featured_media":1989,"comment_status":"open","ping_status":"open","sticky":false,"template":"","format":"standard","meta":{"_acf_changed":false,"pgc_sgb_lightbox_settings":"","footnotes":""},"categories":[1],"tags":[109,198,65],"class_list":["post-1988","post","type-post","status-publish","format-standard","has-post-thumbnail","hentry","category-allgemein","tag-aus-und-weiterbildung","tag-maerkte","tag-unternehmen"],"acf":[],"hkrextid":null,"publication":null,"issue":null,"workflow":null,"startPage":null,"spitzmarke":null,"_posts_by_tag_page_fields":{"widget_title":"","widget_tags":""},"_at_widget":"1","_yoast_wpseo_primary_category":"1","_yoast_wpseo_focuskw_text_input":"Sicherheitsmesse","_yoast_wpseo_opengraph-image":"https:\/\/news.save.ch\/wp-content\/uploads\/2016\/12\/Sicherheitsmesse-In-wenigen-Tagen-geht-es-los-sicherheitsforum.jpg","_yoast_wpseo_opengraph-description":"Sie ist der gr\u00f6sste nationale Treffpunkt der Branche: die SICHERHEIT 2015 in der Messe Z\u00fcrich. Der Anlass findet vom 10. bis 13. November in Z\u00fcrich-Oerlikon statt und bietet zusammen mit dem Kongress ein umfassendes Bild der Sicherheitsbranche.","_yoast_wpseo_opengraph-title":"Sicherheitsmesse: In wenigen Tagen geht es los","enclosure":null,"_yoast_wpseo_twitter-title":null,"_yoast_wpseo_twitter-description":null,"_yoast_wpseo_twitter-image":null,"_wp_old_slug":null,"_yoast_wpseo_title":null,"_yoast_wpseo_canonical":null,"yoast_head":"<!-- This site is optimized with the Yoast SEO plugin v27.4 - https:\/\/yoast.com\/product\/yoast-seo-wordpress\/ -->\n<title>Sicherheitsmesse: In wenigen Tagen geht es los - Save<\/title>\n<meta name=\"description\" content=\"Sie ist der gr\u00f6sste nationale Treffpunkt der Branche: die SICHERHEIT 2015 in der Messe Z\u00fcrich. Sie findet vom 10. bis 13. November in Z\u00fcrich-Oerlikon statt.\" \/>\n<meta name=\"robots\" content=\"index, follow, max-snippet:-1, max-image-preview:large, max-video-preview:-1\" \/>\n<link rel=\"canonical\" href=\"https:\/\/news.save.ch\/en\/sicherheitsmesse-in-wenigen-tagen-geht-es-los\/\" \/>\n<meta property=\"og:locale\" content=\"en_US\" \/>\n<meta property=\"og:type\" content=\"article\" \/>\n<meta property=\"og:title\" content=\"Sicherheitsmesse: In wenigen Tagen geht es los\" \/>\n<meta property=\"og:description\" content=\"Sie ist der gr\u00f6sste nationale Treffpunkt der Branche: die SICHERHEIT 2015 in der Messe Z\u00fcrich. Der Anlass findet vom 10. bis 13. November in Z\u00fcrich-Oerlikon statt und bietet zusammen mit dem Kongress ein umfassendes Bild der Sicherheitsbranche.\" \/>\n<meta property=\"og:url\" content=\"https:\/\/news.save.ch\/en\/sicherheitsmesse-in-wenigen-tagen-geht-es-los\/\" \/>\n<meta property=\"og:site_name\" content=\"Save\" \/>\n<meta property=\"article:published_time\" content=\"2015-10-23T13:39:57+00:00\" \/>\n<meta property=\"og:image\" content=\"https:\/\/news.save.ch\/wp-content\/uploads\/2016\/12\/Sicherheitsmesse-In-wenigen-Tagen-geht-es-los-sicherheitsforum.jpg\" \/>\n<meta name=\"author\" content=\"admin\" \/>\n<meta name=\"twitter:card\" content=\"summary_large_image\" \/>\n<meta name=\"twitter:label1\" content=\"Written by\" \/>\n\t<meta name=\"twitter:data1\" content=\"admin\" \/>\n\t<meta name=\"twitter:label2\" content=\"Est. reading time\" \/>\n\t<meta name=\"twitter:data2\" content=\"2 minutes\" \/>\n<script type=\"application\/ld+json\" class=\"yoast-schema-graph\">{\"@context\":\"https:\\\/\\\/schema.org\",\"@graph\":[{\"@type\":\"Article\",\"@id\":\"https:\\\/\\\/news.save.ch\\\/sicherheitsmesse-in-wenigen-tagen-geht-es-los\\\/#article\",\"isPartOf\":{\"@id\":\"https:\\\/\\\/news.save.ch\\\/sicherheitsmesse-in-wenigen-tagen-geht-es-los\\\/\"},\"author\":{\"name\":\"admin\",\"@id\":\"https:\\\/\\\/news.save.ch\\\/de\\\/#\\\/schema\\\/person\\\/d49e199490bad7c70d64b9ab51142f2b\"},\"headline\":\"Sicherheitsmesse: In wenigen Tagen geht es los\",\"datePublished\":\"2015-10-23T13:39:57+00:00\",\"mainEntityOfPage\":{\"@id\":\"https:\\\/\\\/news.save.ch\\\/sicherheitsmesse-in-wenigen-tagen-geht-es-los\\\/\"},\"wordCount\":379,\"commentCount\":0,\"publisher\":{\"@id\":\"https:\\\/\\\/news.save.ch\\\/de\\\/#organization\"},\"image\":{\"@id\":\"https:\\\/\\\/news.save.ch\\\/sicherheitsmesse-in-wenigen-tagen-geht-es-los\\\/#primaryimage\"},\"thumbnailUrl\":\"https:\\\/\\\/news.save.ch\\\/wp-content\\\/uploads\\\/2016\\\/12\\\/Sicherheitsmesse-In-wenigen-Tagen-geht-es-los-sicherheitsforum-scaled.jpg\",\"keywords\":[\"Aus- und Weiterbildung\",\"M\u00e4rkte\",\"Unternehmen\"],\"articleSection\":[\"ALLGEMEIN\"],\"inLanguage\":\"en-US\"},{\"@type\":\"WebPage\",\"@id\":\"https:\\\/\\\/news.save.ch\\\/sicherheitsmesse-in-wenigen-tagen-geht-es-los\\\/\",\"url\":\"https:\\\/\\\/news.save.ch\\\/sicherheitsmesse-in-wenigen-tagen-geht-es-los\\\/\",\"name\":\"Sicherheitsmesse: In wenigen Tagen geht es los - Save\",\"isPartOf\":{\"@id\":\"https:\\\/\\\/news.save.ch\\\/de\\\/#website\"},\"primaryImageOfPage\":{\"@id\":\"https:\\\/\\\/news.save.ch\\\/sicherheitsmesse-in-wenigen-tagen-geht-es-los\\\/#primaryimage\"},\"image\":{\"@id\":\"https:\\\/\\\/news.save.ch\\\/sicherheitsmesse-in-wenigen-tagen-geht-es-los\\\/#primaryimage\"},\"thumbnailUrl\":\"https:\\\/\\\/news.save.ch\\\/wp-content\\\/uploads\\\/2016\\\/12\\\/Sicherheitsmesse-In-wenigen-Tagen-geht-es-los-sicherheitsforum-scaled.jpg\",\"datePublished\":\"2015-10-23T13:39:57+00:00\",\"description\":\"Sie ist der gr\u00f6sste nationale Treffpunkt der Branche: die SICHERHEIT 2015 in der Messe Z\u00fcrich. Sie findet vom 10. bis 13. November in Z\u00fcrich-Oerlikon statt.\",\"breadcrumb\":{\"@id\":\"https:\\\/\\\/news.save.ch\\\/sicherheitsmesse-in-wenigen-tagen-geht-es-los\\\/#breadcrumb\"},\"inLanguage\":\"en-US\",\"potentialAction\":[{\"@type\":\"ReadAction\",\"target\":[\"https:\\\/\\\/news.save.ch\\\/sicherheitsmesse-in-wenigen-tagen-geht-es-los\\\/\"]}]},{\"@type\":\"ImageObject\",\"inLanguage\":\"en-US\",\"@id\":\"https:\\\/\\\/news.save.ch\\\/sicherheitsmesse-in-wenigen-tagen-geht-es-los\\\/#primaryimage\",\"url\":\"https:\\\/\\\/news.save.ch\\\/wp-content\\\/uploads\\\/2016\\\/12\\\/Sicherheitsmesse-In-wenigen-Tagen-geht-es-los-sicherheitsforum-scaled.jpg\",\"contentUrl\":\"https:\\\/\\\/news.save.ch\\\/wp-content\\\/uploads\\\/2016\\\/12\\\/Sicherheitsmesse-In-wenigen-Tagen-geht-es-los-sicherheitsforum-scaled.jpg\",\"width\":1400,\"height\":931,\"caption\":\"Foto: T. Entzeroth\"},{\"@type\":\"BreadcrumbList\",\"@id\":\"https:\\\/\\\/news.save.ch\\\/sicherheitsmesse-in-wenigen-tagen-geht-es-los\\\/#breadcrumb\",\"itemListElement\":[{\"@type\":\"ListItem\",\"position\":1,\"name\":\"Home\",\"item\":\"https:\\\/\\\/news.save.ch\\\/de\\\/\"},{\"@type\":\"ListItem\",\"position\":2,\"name\":\"Sicherheitsmesse: In wenigen Tagen geht es los\"}]},{\"@type\":\"WebSite\",\"@id\":\"https:\\\/\\\/news.save.ch\\\/de\\\/#website\",\"url\":\"https:\\\/\\\/news.save.ch\\\/de\\\/\",\"name\":\"Save\",\"description\":\"Schweizer Fachzeitschrift f\u00fcr Sicherheit\",\"publisher\":{\"@id\":\"https:\\\/\\\/news.save.ch\\\/de\\\/#organization\"},\"potentialAction\":[{\"@type\":\"SearchAction\",\"target\":{\"@type\":\"EntryPoint\",\"urlTemplate\":\"https:\\\/\\\/news.save.ch\\\/de\\\/?s={search_term_string}\"},\"query-input\":{\"@type\":\"PropertyValueSpecification\",\"valueRequired\":true,\"valueName\":\"search_term_string\"}}],\"inLanguage\":\"en-US\"},{\"@type\":\"Organization\",\"@id\":\"https:\\\/\\\/news.save.ch\\\/de\\\/#organization\",\"name\":\"Sicherheitsforum\",\"url\":\"https:\\\/\\\/news.save.ch\\\/de\\\/\",\"logo\":{\"@type\":\"ImageObject\",\"inLanguage\":\"en-US\",\"@id\":\"https:\\\/\\\/news.save.ch\\\/de\\\/#\\\/schema\\\/logo\\\/image\\\/\",\"url\":\"https:\\\/\\\/news.save.ch\\\/wp-content\\\/uploads\\\/2022\\\/06\\\/Logo_SF_2012.png\",\"contentUrl\":\"https:\\\/\\\/news.save.ch\\\/wp-content\\\/uploads\\\/2022\\\/06\\\/Logo_SF_2012.png\",\"width\":1100,\"height\":91,\"caption\":\"Sicherheitsforum\"},\"image\":{\"@id\":\"https:\\\/\\\/news.save.ch\\\/de\\\/#\\\/schema\\\/logo\\\/image\\\/\"}},{\"@type\":\"Person\",\"@id\":\"https:\\\/\\\/news.save.ch\\\/de\\\/#\\\/schema\\\/person\\\/d49e199490bad7c70d64b9ab51142f2b\",\"name\":\"admin\",\"image\":{\"@type\":\"ImageObject\",\"inLanguage\":\"en-US\",\"@id\":\"https:\\\/\\\/secure.gravatar.com\\\/avatar\\\/ae2f4d718e6c49043e314ce431e7e645d646302a24a5ef5a8bc8e3f5a032e319?s=96&d=mm&r=g\",\"url\":\"https:\\\/\\\/secure.gravatar.com\\\/avatar\\\/ae2f4d718e6c49043e314ce431e7e645d646302a24a5ef5a8bc8e3f5a032e319?s=96&d=mm&r=g\",\"contentUrl\":\"https:\\\/\\\/secure.gravatar.com\\\/avatar\\\/ae2f4d718e6c49043e314ce431e7e645d646302a24a5ef5a8bc8e3f5a032e319?s=96&d=mm&r=g\",\"caption\":\"admin\"},\"sameAs\":[\"https:\\\/\\\/develop.organisator.galledia.ch\"],\"url\":\"https:\\\/\\\/news.save.ch\\\/en\\\/author\\\/admin\\\/\"}]}<\/script>\n<!-- \/ Yoast SEO plugin. -->","yoast_head_json":{"title":"Security fair: In a few days it starts - Save","description":"It is the largest national meeting place for the industry: SICHERHEIT 2015 at Messe Z\u00fcrich. It will take place from November 10 to 13 in Zurich-Oerlikon.","robots":{"index":"index","follow":"follow","max-snippet":"max-snippet:-1","max-image-preview":"max-image-preview:large","max-video-preview":"max-video-preview:-1"},"canonical":"https:\/\/news.save.ch\/en\/sicherheitsmesse-in-wenigen-tagen-geht-es-los\/","og_locale":"en_US","og_type":"article","og_title":"Sicherheitsmesse: In wenigen Tagen geht es los","og_description":"Sie ist der gr\u00f6sste nationale Treffpunkt der Branche: die SICHERHEIT 2015 in der Messe Z\u00fcrich. Der Anlass findet vom 10. bis 13. November in Z\u00fcrich-Oerlikon statt und bietet zusammen mit dem Kongress ein umfassendes Bild der Sicherheitsbranche.","og_url":"https:\/\/news.save.ch\/en\/sicherheitsmesse-in-wenigen-tagen-geht-es-los\/","og_site_name":"Save","article_published_time":"2015-10-23T13:39:57+00:00","og_image":[{"url":"https:\/\/news.save.ch\/wp-content\/uploads\/2016\/12\/Sicherheitsmesse-In-wenigen-Tagen-geht-es-los-sicherheitsforum.jpg","type":"","width":"","height":""}],"author":"admin","twitter_card":"summary_large_image","twitter_misc":{"Written by":"admin","Est. reading time":"2 minutes"},"schema":{"@context":"https:\/\/schema.org","@graph":[{"@type":"Article","@id":"https:\/\/news.save.ch\/sicherheitsmesse-in-wenigen-tagen-geht-es-los\/#article","isPartOf":{"@id":"https:\/\/news.save.ch\/sicherheitsmesse-in-wenigen-tagen-geht-es-los\/"},"author":{"name":"admin","@id":"https:\/\/news.save.ch\/de\/#\/schema\/person\/d49e199490bad7c70d64b9ab51142f2b"},"headline":"Sicherheitsmesse: In wenigen Tagen geht es los","datePublished":"2015-10-23T13:39:57+00:00","mainEntityOfPage":{"@id":"https:\/\/news.save.ch\/sicherheitsmesse-in-wenigen-tagen-geht-es-los\/"},"wordCount":379,"commentCount":0,"publisher":{"@id":"https:\/\/news.save.ch\/de\/#organization"},"image":{"@id":"https:\/\/news.save.ch\/sicherheitsmesse-in-wenigen-tagen-geht-es-los\/#primaryimage"},"thumbnailUrl":"https:\/\/news.save.ch\/wp-content\/uploads\/2016\/12\/Sicherheitsmesse-In-wenigen-Tagen-geht-es-los-sicherheitsforum-scaled.jpg","keywords":["Aus- und Weiterbildung","M\u00e4rkte","Unternehmen"],"articleSection":["ALLGEMEIN"],"inLanguage":"en-US"},{"@type":"WebPage","@id":"https:\/\/news.save.ch\/sicherheitsmesse-in-wenigen-tagen-geht-es-los\/","url":"https:\/\/news.save.ch\/sicherheitsmesse-in-wenigen-tagen-geht-es-los\/","name":"Security fair: In a few days it starts - Save","isPartOf":{"@id":"https:\/\/news.save.ch\/de\/#website"},"primaryImageOfPage":{"@id":"https:\/\/news.save.ch\/sicherheitsmesse-in-wenigen-tagen-geht-es-los\/#primaryimage"},"image":{"@id":"https:\/\/news.save.ch\/sicherheitsmesse-in-wenigen-tagen-geht-es-los\/#primaryimage"},"thumbnailUrl":"https:\/\/news.save.ch\/wp-content\/uploads\/2016\/12\/Sicherheitsmesse-In-wenigen-Tagen-geht-es-los-sicherheitsforum-scaled.jpg","datePublished":"2015-10-23T13:39:57+00:00","description":"It is the largest national meeting place for the industry: SICHERHEIT 2015 at Messe Z\u00fcrich. It will take place from November 10 to 13 in Zurich-Oerlikon.","breadcrumb":{"@id":"https:\/\/news.save.ch\/sicherheitsmesse-in-wenigen-tagen-geht-es-los\/#breadcrumb"},"inLanguage":"en-US","potentialAction":[{"@type":"ReadAction","target":["https:\/\/news.save.ch\/sicherheitsmesse-in-wenigen-tagen-geht-es-los\/"]}]},{"@type":"ImageObject","inLanguage":"en-US","@id":"https:\/\/news.save.ch\/sicherheitsmesse-in-wenigen-tagen-geht-es-los\/#primaryimage","url":"https:\/\/news.save.ch\/wp-content\/uploads\/2016\/12\/Sicherheitsmesse-In-wenigen-Tagen-geht-es-los-sicherheitsforum-scaled.jpg","contentUrl":"https:\/\/news.save.ch\/wp-content\/uploads\/2016\/12\/Sicherheitsmesse-In-wenigen-Tagen-geht-es-los-sicherheitsforum-scaled.jpg","width":1400,"height":931,"caption":"Foto: T. Entzeroth"},{"@type":"BreadcrumbList","@id":"https:\/\/news.save.ch\/sicherheitsmesse-in-wenigen-tagen-geht-es-los\/#breadcrumb","itemListElement":[{"@type":"ListItem","position":1,"name":"Home","item":"https:\/\/news.save.ch\/de\/"},{"@type":"ListItem","position":2,"name":"Sicherheitsmesse: In wenigen Tagen geht es los"}]},{"@type":"WebSite","@id":"https:\/\/news.save.ch\/de\/#website","url":"https:\/\/news.save.ch\/de\/","name":"Save","description":"Swiss trade journal for safety","publisher":{"@id":"https:\/\/news.save.ch\/de\/#organization"},"potentialAction":[{"@type":"SearchAction","target":{"@type":"EntryPoint","urlTemplate":"https:\/\/news.save.ch\/de\/?s={search_term_string}"},"query-input":{"@type":"PropertyValueSpecification","valueRequired":true,"valueName":"search_term_string"}}],"inLanguage":"en-US"},{"@type":"Organization","@id":"https:\/\/news.save.ch\/de\/#organization","name":"Security Forum","url":"https:\/\/news.save.ch\/de\/","logo":{"@type":"ImageObject","inLanguage":"en-US","@id":"https:\/\/news.save.ch\/de\/#\/schema\/logo\/image\/","url":"https:\/\/news.save.ch\/wp-content\/uploads\/2022\/06\/Logo_SF_2012.png","contentUrl":"https:\/\/news.save.ch\/wp-content\/uploads\/2022\/06\/Logo_SF_2012.png","width":1100,"height":91,"caption":"Sicherheitsforum"},"image":{"@id":"https:\/\/news.save.ch\/de\/#\/schema\/logo\/image\/"}},{"@type":"Person","@id":"https:\/\/news.save.ch\/de\/#\/schema\/person\/d49e199490bad7c70d64b9ab51142f2b","name":"admin","image":{"@type":"ImageObject","inLanguage":"en-US","@id":"https:\/\/secure.gravatar.com\/avatar\/ae2f4d718e6c49043e314ce431e7e645d646302a24a5ef5a8bc8e3f5a032e319?s=96&d=mm&r=g","url":"https:\/\/secure.gravatar.com\/avatar\/ae2f4d718e6c49043e314ce431e7e645d646302a24a5ef5a8bc8e3f5a032e319?s=96&d=mm&r=g","contentUrl":"https:\/\/secure.gravatar.com\/avatar\/ae2f4d718e6c49043e314ce431e7e645d646302a24a5ef5a8bc8e3f5a032e319?s=96&d=mm&r=g","caption":"admin"},"sameAs":["https:\/\/develop.organisator.galledia.ch"],"url":"https:\/\/news.save.ch\/en\/author\/admin\/"}]}},"_links":{"self":[{"href":"https:\/\/news.save.ch\/en\/wp-json\/wp\/v2\/posts\/1988","targetHints":{"allow":["GET"]}}],"collection":[{"href":"https:\/\/news.save.ch\/en\/wp-json\/wp\/v2\/posts"}],"about":[{"href":"https:\/\/news.save.ch\/en\/wp-json\/wp\/v2\/types\/post"}],"author":[{"embeddable":true,"href":"https:\/\/news.save.ch\/en\/wp-json\/wp\/v2\/users\/1"}],"replies":[{"embeddable":true,"href":"https:\/\/news.save.ch\/en\/wp-json\/wp\/v2\/comments?post=1988"}],"version-history":[{"count":0,"href":"https:\/\/news.save.ch\/en\/wp-json\/wp\/v2\/posts\/1988\/revisions"}],"wp:featuredmedia":[{"embeddable":true,"href":"https:\/\/news.save.ch\/en\/wp-json\/wp\/v2\/media\/1989"}],"wp:attachment":[{"href":"https:\/\/news.save.ch\/en\/wp-json\/wp\/v2\/media?parent=1988"}],"wp:term":[{"taxonomy":"category","embeddable":true,"href":"https:\/\/news.save.ch\/en\/wp-json\/wp\/v2\/categories?post=1988"},{"taxonomy":"post_tag","embeddable":true,"href":"https:\/\/news.save.ch\/en\/wp-json\/wp\/v2\/tags?post=1988"}],"curies":[{"name":"wp","href":"https:\/\/api.w.org\/{rel}","templated":true}]}}