{"id":1991,"date":"2017-05-30T15:20:51","date_gmt":"2017-05-30T13:20:51","guid":{"rendered":"https:\/\/news.save.ch\/?p=1991"},"modified":"2023-03-14T09:05:13","modified_gmt":"2023-03-14T08:05:13","slug":"praevention-wirkt-gehoerschaeden-im-militaer-dezimiert","status":null,"type":"post","link":"https:\/\/news.save.ch\/en\/praevention-wirkt-gehoerschaeden-im-militaer-dezimiert\/","title":{"rendered":"Prevention works: Hearing loss decimated in the military"},"content":{"rendered":"<div class=\"m-rich\">\n<figure id=\"attachment_1992\" aria-describedby=\"caption-attachment-1992\" style=\"width: 680px\" class=\"wp-caption alignnone\"><img loading=\"lazy\" decoding=\"async\" class=\"size-medium wp-image-1992\" src=\"http:\/\/develop.safety-plus.ch\/wp-content\/uploads\/2017\/05\/31039-10-Soldat-mit-Gehrschutz_Web-format-sRGB_31039.jpeg.jpeg\" alt=\"\" width=\"680\" height=\"453\" \/><figcaption id=\"caption-attachment-1992\" class=\"wp-caption-text\">Heute tragen zehnmal weniger Soldaten Geh\u00f6rsch\u00e4den davon als noch vor 25 Jahren.<\/figcaption><\/figure>\n<p>\u00dcber 160 Dezibel erzeugt der Schuss aus einem Sturmgewehr am Ohr des Sch\u00fctzen. Trotz der kurzen Einwirkungsdauer kann der laute Knall zu einem dauerhaften Geh\u00f6rschaden f\u00fchren. Zum Vergleich: Durchschnittlicher Strassenverkehrsl\u00e4rm kommt auf Schallpegel von 70 bis 80 Dezibel, eine Motors\u00e4ge auf 105 Dezibel. Ist das Geh\u00f6r w\u00e4hrend l\u00e4ngerer Zeit Schallpegeln \u00fcber 85 Dezibel ausgesetzt, wird es dauerhaft gesch\u00e4digt.<\/p>\n<p>Traumatische Geh\u00f6rsch\u00e4digungen nach dem Milit\u00e4rdienst waren bei Schweizer Soldaten lange Zeit weit verbreitet. Heute ist das Risiko eines Milizsoldaten, w\u00e4hrend der Dienstzeit einen Geh\u00f6rschaden zu erleiden, rund zehn Mal geringer als noch vor 1990. Grund f\u00fcr den R\u00fcckgang sind verschiedene Pr\u00e4ventionsmassnahmen der Armee und der Milit\u00e4rversicherung (MV) in den letzten 30 Jahren wie aktuelle Auswertungen der MV zeigen.<\/p>\n<h4>Zuerst knallt\u2018s, dann pfeift\u2018s<\/h4>\n<p>Mitte der 60er-Jahre zeigten Untersuchungen, dass jeder f\u00fcnfte normal h\u00f6rende Rekrut nach der Rekrutenschule hochtonschwerh\u00f6rig war. Doch nur wenige der Betroffenen meldete ihr Leiden der Milit\u00e4rversicherung. Die damalige Statistik weist j\u00e4hrlich rund 500 F\u00e4lle aus. \u00abVermutlich stellten sich die M\u00e4nner zu dieser Zeit einfach darauf ein, dass es im Milit\u00e4rdienst knallt und man danach ein Pfeifen in den Ohren hat\u00bb, sagt Stefan A. Dettwiler, Leiter der Milit\u00e4rversicherung. \u00abBei einigen haben die Beschwerden erst sp\u00e4ter eingesetzt.\u00bb<\/p>\n<h4>Ungen\u00fcgender Schutz<\/h4>\n<p>Bis in die 70er-Jahre bestanden die Geh\u00f6rschutzmassnahmen bei den Schiess\u00fcbungen im Wesentlichen aus Geh\u00f6rschutzpfropfen, die die Armee selber entwickelt hatte. Diese sollten theoretisch \u00abSchiessl\u00e4rm sperren, aber Befehle durchlassen\u00bb. Ab 1974 konnten Soldaten zus\u00e4tzlich Geh\u00f6rschutzkapseln tragen. Diese waren allerdings f\u00fcr den Einsatz im Feld ungeeignet, da die Kapseln nicht unter den Helm passten.<\/p>\n<p>Neben dem schlechten oder gar fehlenden Geh\u00f6rschutz war das erste Sturmgewehr die Hauptursache f\u00fcr die zunehmenden Geh\u00f6rsch\u00e4den. Es lenkte mehr Schiessl\u00e4rm zum Ohr des Sch\u00fctzen zur\u00fcck als der Karabiner. Dies f\u00fchrte bis 1987 zu einem Anstieg der Geh\u00f6rsch\u00e4den auf 700 j\u00e4hrlich. Ein Grund zu handeln.<\/p>\n<h4>Pers\u00f6nlicher Pamir<\/h4>\n<p>Ende der 80er-Jahre f\u00fchrte die Armee den bekannten Pamir ein: Geh\u00f6rschutzkapseln, die der Soldat auch mit Helm tragen konnte. Diesen Pamir erhielt jeder Soldat beim Dienstantritt zusammen mit den neuen Geh\u00f6rschutzpfropfen aus Dehnschaumstoff. \u00abDurch die Abgabe dieses pers\u00f6nlichen Sets wurde jeder einzelne Soldat in die Pflicht genommen, seine Ohren zu sch\u00fctzen\u00bb, sagt Dettwiler. \u00abDas war ein wichtiger Schritt.\u00bb Davor erhielten die Truppen die Geh\u00f6rschutzmittel und es war in der Verantwortung des Vorgesetzten, dass diese ausgeh\u00e4ndigt bzw. benutzt wurden. Zus\u00e4tzlich lancierte die Milit\u00e4rische Unfallverh\u00fctungskommission die Kampagne \u00abGeh\u00f6rschutz tragen\u00bb. Alle diese Massnahmen zeigten Wirkung. Heute registriert die MV j\u00e4hrlich noch rund 50 Geh\u00f6rsch\u00e4den. Dabei handelt es sich oft um Sch\u00e4digungen, die sich bereits vor zehn oder mehr Jahren ereigneten. Ende 2016 stellte die MV ihre regelm\u00e4ssigen Geh\u00f6runtersuchungen bei den Berufsmilit\u00e4rs ein. Sie stellte fest, dass Geh\u00f6rsch\u00e4digungen ausschliesslich nach Unfallereignissen auftraten, nicht wegen dem fehlenden Geh\u00f6rschutz.<\/p>\n<h4>Gesch\u00e4ftsergebnis der MV 2016: stabile Kosten, weniger F\u00e4lle<\/h4>\n<p>Insgesamt zahlte die MV 2016 rund 190 Millionen Franken an Versicherungsleistungen \u2013 mehrheitlich f\u00fcr F\u00e4lle von Milit\u00e4r-, Zivilschutz- oder Zivildienstleistenden. Das sind 3 Millionen weniger als im Vorjahr. \u00abErfreulich sind die stabilen Heilkosten bei fast 3 Prozent mehr F\u00e4llen\u00bb, sagt Stefan A. Dettwiler, Leiter der MV. \u00dcber alle Versichertenkategorien wurden rund 31 000 Krankheitsf\u00e4lle und knapp 10 000 Unf\u00e4lle registriert. In knapp 17 000 F\u00e4llen wurden Milizsoldaten krank und rund 6500 Mal verletzten sie sich bei einem Unfall.<\/p>\n<p>Alle Zahlen und Fakten zum Versicherungsjahr 2016 sowie mehr Informationen zum Thema Pr\u00e4vention hat die MV in ihrer diesj\u00e4hrigen Ausgabe der Milit\u00e4rversicherungsstatistik aufgearbeitet. Diese ist unter <a class=\"a-link a-link--reference\" href=\"https:\/\/www.suva.ch\/4514.d\/17\">www.suva.ch\/4514.d\/17\u00a0<\/a>\u00a0 erh\u00e4ltlich.<\/p>\n<h4>Die Milit\u00e4rversicherung<\/h4>\n<p>Die Suva f\u00fchrt die Milit\u00e4rversicherung im Auftrag des Bundes. Versichert sind Personen, die im Rahmen von Sicherheits- und Friedensdiensten Eins\u00e4tze leisten. Dies sind Milit\u00e4r-, Zivilschutz- und Zivildienstleistende, Teilnehmer an friedenserhaltenden Aktionen des Bundes, Angeh\u00f6rige des Schweizerischen Korps f\u00fcr humanit\u00e4re Hilfe [SKH] sowie die Berufs- und Zeitmilit\u00e4rs. Gegenstand der Milit\u00e4rversicherung sind Krankheiten und Unf\u00e4lle. Versichert sind alle k\u00f6rperlichen, geistigen und psychischen Sch\u00e4digungen, die w\u00e4hrend der Dienste und Eins\u00e4tze auftreten oder auf den Dienst zur\u00fcckzuf\u00fchren sind. Die Milit\u00e4rversicherung wird durch den Bund, \u00fcber Pr\u00e4mien (aktive und pensionierte Berufsmilit\u00e4rs und Zeitmilit\u00e4rs) sowie Regresseinnahmen finanziert. Weitere Informationen zur Milit\u00e4rversicherung finden sich unter <a class=\"a-link a-link--reference\" href=\"https:\/\/www.suva.ch\/de-ch\/versicherung\/militaerversicherung\/militaerversicherung\">www.milit\u00e4rversicherung.ch\u00a0<\/a>.<\/p>\n<h4>Die Milit\u00e4rversicherungsstatistik<\/h4>\n<p>Die Milit\u00e4rversicherung ist ein eigenst\u00e4ndiger Zweig des schweizerischen Sozialversicherungssystems. Deshalb sind ihre Ergebnisse von \u00f6ffentlichem Interesse und werden j\u00e4hrlich publiziert. Die \u00abStatistik der Milit\u00e4rversicherung\u00bb liefert umfassende Zahlen zum Versicherungsbestand, zu den Schadenf\u00e4llen und zu den Leistungen der Milit\u00e4rversicherung. Die Ausgabe 2017 der Statistik der Milit\u00e4rversicherung ist auf Deutsch und Franz\u00f6sisch erh\u00e4ltlich. Sie kann gratis bestellt oder heruntergeladen werden unter <a class=\"a-link a-link--reference\" href=\"https:\/\/www.suva.ch\/4514.d\/17\">www.suva.ch\/4514.d\/17\u00a0<\/a>\u00a0.<\/p>\n<\/div>\n<div class=\"m-contact m-contact--info\" data-t-name=\"Contact\" data-t-id=\"8\">\u00a0Text: Suva \/ Gabriela H\u00fcbscher<\/div>\n","protected":false},"excerpt":{"rendered":"<p>\u00dcber 160 Dezibel erzeugt der Schuss aus einem Sturmgewehr am Ohr des Sch\u00fctzen. Trotz der kurzen Einwirkungsdauer kann der laute Knall zu einem dauerhaften Geh\u00f6rschaden f\u00fchren. Zum Vergleich: Durchschnittlicher Strassenverkehrsl\u00e4rm kommt auf Schallpegel von 70 bis 80 Dezibel, eine Motors\u00e4ge auf 105 Dezibel. Ist das Geh\u00f6r w\u00e4hrend l\u00e4ngerer Zeit Schallpegeln \u00fcber 85 Dezibel ausgesetzt, wird [&hellip;]<\/p>\n","protected":false},"author":1,"featured_media":1992,"comment_status":"open","ping_status":"open","sticky":false,"template":"","format":"standard","meta":{"_acf_changed":false,"pgc_sgb_lightbox_settings":"","footnotes":""},"categories":[3314],"tags":[2142,141,2722,167],"class_list":["post-1991","post","type-post","status-publish","format-standard","has-post-thumbnail","hentry","category-health-safety","tag-gehoerschutz","tag-praevention","tag-psa","tag-suva"],"acf":[],"hkrextid":null,"publication":null,"issue":null,"workflow":null,"startPage":null,"spitzmarke":null,"_posts_by_tag_page_fields":{"widget_title":"","widget_tags":""},"_at_widget":"1","_yoast_wpseo_primary_category":"2","_yoast_wpseo_focuskw_text_input":"Geh\u00f6rsch\u00e4den","_yoast_wpseo_opengraph-image":null,"_yoast_wpseo_opengraph-description":null,"_yoast_wpseo_opengraph-title":null,"enclosure":null,"_yoast_wpseo_twitter-title":null,"_yoast_wpseo_twitter-description":null,"_yoast_wpseo_twitter-image":null,"_wp_old_slug":null,"_yoast_wpseo_title":null,"_yoast_wpseo_canonical":null,"yoast_head":"<!-- This site is optimized with the Yoast SEO plugin v27.5 - https:\/\/yoast.com\/product\/yoast-seo-wordpress\/ -->\n<title>Pr\u00e4vention wirkt: Geh\u00f6rsch\u00e4den im Milit\u00e4r dezimiert - Save<\/title>\n<meta name=\"description\" content=\"Erfolgreiche Pr\u00e4ventionsarbeit: Heute erleiden massiv weniger Schweizer Soldaten w\u00e4hrend ihrer Dienstzeit einen Geh\u00f6rschaden als noch vor 1990.\" \/>\n<meta name=\"robots\" content=\"index, follow, max-snippet:-1, max-image-preview:large, max-video-preview:-1\" \/>\n<link rel=\"canonical\" href=\"https:\/\/news.save.ch\/en\/praevention-wirkt-gehoerschaeden-im-militaer-dezimiert\/\" \/>\n<meta property=\"og:locale\" content=\"en_US\" \/>\n<meta property=\"og:type\" content=\"article\" \/>\n<meta property=\"og:title\" content=\"Pr\u00e4vention wirkt: Geh\u00f6rsch\u00e4den im Milit\u00e4r dezimiert - Save\" \/>\n<meta property=\"og:description\" content=\"Erfolgreiche Pr\u00e4ventionsarbeit: Heute erleiden massiv weniger Schweizer Soldaten w\u00e4hrend ihrer Dienstzeit einen Geh\u00f6rschaden als noch vor 1990.\" \/>\n<meta property=\"og:url\" content=\"https:\/\/news.save.ch\/en\/praevention-wirkt-gehoerschaeden-im-militaer-dezimiert\/\" \/>\n<meta property=\"og:site_name\" content=\"Save\" \/>\n<meta property=\"article:published_time\" content=\"2017-05-30T13:20:51+00:00\" \/>\n<meta property=\"article:modified_time\" content=\"2023-03-14T08:05:13+00:00\" \/>\n<meta property=\"og:image\" content=\"https:\/\/news.save.ch\/wp-content\/uploads\/2017\/05\/31039-10-Soldat-mit-Gehrschutz_Web-format-sRGB_31039.jpeg-scaled-1.jpeg\" \/>\n\t<meta property=\"og:image:width\" content=\"1200\" \/>\n\t<meta property=\"og:image:height\" content=\"800\" \/>\n\t<meta property=\"og:image:type\" content=\"image\/jpeg\" \/>\n<meta name=\"author\" content=\"admin\" \/>\n<meta name=\"twitter:card\" content=\"summary_large_image\" \/>\n<meta name=\"twitter:label1\" content=\"Written by\" \/>\n\t<meta name=\"twitter:data1\" content=\"admin\" \/>\n\t<meta name=\"twitter:label2\" content=\"Est. reading time\" \/>\n\t<meta name=\"twitter:data2\" content=\"4 minutes\" \/>\n<script type=\"application\/ld+json\" class=\"yoast-schema-graph\">{\"@context\":\"https:\\\/\\\/schema.org\",\"@graph\":[{\"@type\":\"Article\",\"@id\":\"https:\\\/\\\/news.save.ch\\\/praevention-wirkt-gehoerschaeden-im-militaer-dezimiert\\\/#article\",\"isPartOf\":{\"@id\":\"https:\\\/\\\/news.save.ch\\\/praevention-wirkt-gehoerschaeden-im-militaer-dezimiert\\\/\"},\"author\":{\"name\":\"admin\",\"@id\":\"https:\\\/\\\/news.save.ch\\\/de\\\/#\\\/schema\\\/person\\\/d49e199490bad7c70d64b9ab51142f2b\"},\"headline\":\"Pr\u00e4vention wirkt: Geh\u00f6rsch\u00e4den im Milit\u00e4r dezimiert\",\"datePublished\":\"2017-05-30T13:20:51+00:00\",\"dateModified\":\"2023-03-14T08:05:13+00:00\",\"mainEntityOfPage\":{\"@id\":\"https:\\\/\\\/news.save.ch\\\/praevention-wirkt-gehoerschaeden-im-militaer-dezimiert\\\/\"},\"wordCount\":848,\"commentCount\":1,\"publisher\":{\"@id\":\"https:\\\/\\\/news.save.ch\\\/de\\\/#organization\"},\"image\":{\"@id\":\"https:\\\/\\\/news.save.ch\\\/praevention-wirkt-gehoerschaeden-im-militaer-dezimiert\\\/#primaryimage\"},\"thumbnailUrl\":\"https:\\\/\\\/news.save.ch\\\/wp-content\\\/uploads\\\/2017\\\/05\\\/31039-10-Soldat-mit-Gehrschutz_Web-format-sRGB_31039.jpeg-scaled-1.jpeg\",\"keywords\":[\"Geh\u00f6rschutz\",\"Pr\u00e4vention\",\"PSA\",\"SUVA\"],\"articleSection\":[\"HEALTH &amp; SAFETY\"],\"inLanguage\":\"en-US\"},{\"@type\":\"WebPage\",\"@id\":\"https:\\\/\\\/news.save.ch\\\/praevention-wirkt-gehoerschaeden-im-militaer-dezimiert\\\/\",\"url\":\"https:\\\/\\\/news.save.ch\\\/praevention-wirkt-gehoerschaeden-im-militaer-dezimiert\\\/\",\"name\":\"Pr\u00e4vention wirkt: Geh\u00f6rsch\u00e4den im Milit\u00e4r dezimiert - Save\",\"isPartOf\":{\"@id\":\"https:\\\/\\\/news.save.ch\\\/de\\\/#website\"},\"primaryImageOfPage\":{\"@id\":\"https:\\\/\\\/news.save.ch\\\/praevention-wirkt-gehoerschaeden-im-militaer-dezimiert\\\/#primaryimage\"},\"image\":{\"@id\":\"https:\\\/\\\/news.save.ch\\\/praevention-wirkt-gehoerschaeden-im-militaer-dezimiert\\\/#primaryimage\"},\"thumbnailUrl\":\"https:\\\/\\\/news.save.ch\\\/wp-content\\\/uploads\\\/2017\\\/05\\\/31039-10-Soldat-mit-Gehrschutz_Web-format-sRGB_31039.jpeg-scaled-1.jpeg\",\"datePublished\":\"2017-05-30T13:20:51+00:00\",\"dateModified\":\"2023-03-14T08:05:13+00:00\",\"description\":\"Erfolgreiche Pr\u00e4ventionsarbeit: Heute erleiden massiv weniger Schweizer Soldaten w\u00e4hrend ihrer Dienstzeit einen Geh\u00f6rschaden als noch vor 1990.\",\"breadcrumb\":{\"@id\":\"https:\\\/\\\/news.save.ch\\\/praevention-wirkt-gehoerschaeden-im-militaer-dezimiert\\\/#breadcrumb\"},\"inLanguage\":\"en-US\",\"potentialAction\":[{\"@type\":\"ReadAction\",\"target\":[\"https:\\\/\\\/news.save.ch\\\/praevention-wirkt-gehoerschaeden-im-militaer-dezimiert\\\/\"]}]},{\"@type\":\"ImageObject\",\"inLanguage\":\"en-US\",\"@id\":\"https:\\\/\\\/news.save.ch\\\/praevention-wirkt-gehoerschaeden-im-militaer-dezimiert\\\/#primaryimage\",\"url\":\"https:\\\/\\\/news.save.ch\\\/wp-content\\\/uploads\\\/2017\\\/05\\\/31039-10-Soldat-mit-Gehrschutz_Web-format-sRGB_31039.jpeg-scaled-1.jpeg\",\"contentUrl\":\"https:\\\/\\\/news.save.ch\\\/wp-content\\\/uploads\\\/2017\\\/05\\\/31039-10-Soldat-mit-Gehrschutz_Web-format-sRGB_31039.jpeg-scaled-1.jpeg\",\"width\":1200,\"height\":800,\"caption\":\"Heute tragen zehnmal weniger Soldaten Geh\u00f6rsch\u00e4den davon als noch vor 25 Jahren.\"},{\"@type\":\"BreadcrumbList\",\"@id\":\"https:\\\/\\\/news.save.ch\\\/praevention-wirkt-gehoerschaeden-im-militaer-dezimiert\\\/#breadcrumb\",\"itemListElement\":[{\"@type\":\"ListItem\",\"position\":1,\"name\":\"Home\",\"item\":\"https:\\\/\\\/news.save.ch\\\/de\\\/\"},{\"@type\":\"ListItem\",\"position\":2,\"name\":\"Pr\u00e4vention wirkt: Geh\u00f6rsch\u00e4den im Milit\u00e4r dezimiert\"}]},{\"@type\":\"WebSite\",\"@id\":\"https:\\\/\\\/news.save.ch\\\/de\\\/#website\",\"url\":\"https:\\\/\\\/news.save.ch\\\/de\\\/\",\"name\":\"Save\",\"description\":\"Schweizer Fachzeitschrift f\u00fcr Sicherheit\",\"publisher\":{\"@id\":\"https:\\\/\\\/news.save.ch\\\/de\\\/#organization\"},\"potentialAction\":[{\"@type\":\"SearchAction\",\"target\":{\"@type\":\"EntryPoint\",\"urlTemplate\":\"https:\\\/\\\/news.save.ch\\\/de\\\/?s={search_term_string}\"},\"query-input\":{\"@type\":\"PropertyValueSpecification\",\"valueRequired\":true,\"valueName\":\"search_term_string\"}}],\"inLanguage\":\"en-US\"},{\"@type\":\"Organization\",\"@id\":\"https:\\\/\\\/news.save.ch\\\/de\\\/#organization\",\"name\":\"Sicherheitsforum\",\"url\":\"https:\\\/\\\/news.save.ch\\\/de\\\/\",\"logo\":{\"@type\":\"ImageObject\",\"inLanguage\":\"en-US\",\"@id\":\"https:\\\/\\\/news.save.ch\\\/de\\\/#\\\/schema\\\/logo\\\/image\\\/\",\"url\":\"https:\\\/\\\/news.save.ch\\\/wp-content\\\/uploads\\\/2022\\\/06\\\/Logo_SF_2012.png\",\"contentUrl\":\"https:\\\/\\\/news.save.ch\\\/wp-content\\\/uploads\\\/2022\\\/06\\\/Logo_SF_2012.png\",\"width\":1100,\"height\":91,\"caption\":\"Sicherheitsforum\"},\"image\":{\"@id\":\"https:\\\/\\\/news.save.ch\\\/de\\\/#\\\/schema\\\/logo\\\/image\\\/\"}},{\"@type\":\"Person\",\"@id\":\"https:\\\/\\\/news.save.ch\\\/de\\\/#\\\/schema\\\/person\\\/d49e199490bad7c70d64b9ab51142f2b\",\"name\":\"admin\",\"image\":{\"@type\":\"ImageObject\",\"inLanguage\":\"en-US\",\"@id\":\"https:\\\/\\\/secure.gravatar.com\\\/avatar\\\/ae2f4d718e6c49043e314ce431e7e645d646302a24a5ef5a8bc8e3f5a032e319?s=96&d=mm&r=g\",\"url\":\"https:\\\/\\\/secure.gravatar.com\\\/avatar\\\/ae2f4d718e6c49043e314ce431e7e645d646302a24a5ef5a8bc8e3f5a032e319?s=96&d=mm&r=g\",\"contentUrl\":\"https:\\\/\\\/secure.gravatar.com\\\/avatar\\\/ae2f4d718e6c49043e314ce431e7e645d646302a24a5ef5a8bc8e3f5a032e319?s=96&d=mm&r=g\",\"caption\":\"admin\"},\"sameAs\":[\"https:\\\/\\\/develop.organisator.galledia.ch\"],\"url\":\"https:\\\/\\\/news.save.ch\\\/en\\\/author\\\/admin\\\/\"}]}<\/script>\n<!-- \/ Yoast SEO plugin. -->","yoast_head_json":{"title":"Prevention works: Hearing loss in the military decimated - Save","description":"Successful prevention work: Today, massively fewer Swiss soldiers suffer hearing damage during their service than before 1990.","robots":{"index":"index","follow":"follow","max-snippet":"max-snippet:-1","max-image-preview":"max-image-preview:large","max-video-preview":"max-video-preview:-1"},"canonical":"https:\/\/news.save.ch\/en\/praevention-wirkt-gehoerschaeden-im-militaer-dezimiert\/","og_locale":"en_US","og_type":"article","og_title":"Pr\u00e4vention wirkt: Geh\u00f6rsch\u00e4den im Milit\u00e4r dezimiert - Save","og_description":"Erfolgreiche Pr\u00e4ventionsarbeit: Heute erleiden massiv weniger Schweizer Soldaten w\u00e4hrend ihrer Dienstzeit einen Geh\u00f6rschaden als noch vor 1990.","og_url":"https:\/\/news.save.ch\/en\/praevention-wirkt-gehoerschaeden-im-militaer-dezimiert\/","og_site_name":"Save","article_published_time":"2017-05-30T13:20:51+00:00","article_modified_time":"2023-03-14T08:05:13+00:00","og_image":[{"width":1200,"height":800,"url":"https:\/\/news.save.ch\/wp-content\/uploads\/2017\/05\/31039-10-Soldat-mit-Gehrschutz_Web-format-sRGB_31039.jpeg-scaled-1.jpeg","type":"image\/jpeg"}],"author":"admin","twitter_card":"summary_large_image","twitter_misc":{"Written by":"admin","Est. reading time":"4 minutes"},"schema":{"@context":"https:\/\/schema.org","@graph":[{"@type":"Article","@id":"https:\/\/news.save.ch\/praevention-wirkt-gehoerschaeden-im-militaer-dezimiert\/#article","isPartOf":{"@id":"https:\/\/news.save.ch\/praevention-wirkt-gehoerschaeden-im-militaer-dezimiert\/"},"author":{"name":"admin","@id":"https:\/\/news.save.ch\/de\/#\/schema\/person\/d49e199490bad7c70d64b9ab51142f2b"},"headline":"Pr\u00e4vention wirkt: Geh\u00f6rsch\u00e4den im Milit\u00e4r dezimiert","datePublished":"2017-05-30T13:20:51+00:00","dateModified":"2023-03-14T08:05:13+00:00","mainEntityOfPage":{"@id":"https:\/\/news.save.ch\/praevention-wirkt-gehoerschaeden-im-militaer-dezimiert\/"},"wordCount":848,"commentCount":1,"publisher":{"@id":"https:\/\/news.save.ch\/de\/#organization"},"image":{"@id":"https:\/\/news.save.ch\/praevention-wirkt-gehoerschaeden-im-militaer-dezimiert\/#primaryimage"},"thumbnailUrl":"https:\/\/news.save.ch\/wp-content\/uploads\/2017\/05\/31039-10-Soldat-mit-Gehrschutz_Web-format-sRGB_31039.jpeg-scaled-1.jpeg","keywords":["Geh\u00f6rschutz","Pr\u00e4vention","PSA","SUVA"],"articleSection":["HEALTH &amp; SAFETY"],"inLanguage":"en-US"},{"@type":"WebPage","@id":"https:\/\/news.save.ch\/praevention-wirkt-gehoerschaeden-im-militaer-dezimiert\/","url":"https:\/\/news.save.ch\/praevention-wirkt-gehoerschaeden-im-militaer-dezimiert\/","name":"Prevention works: Hearing loss in the military decimated - Save","isPartOf":{"@id":"https:\/\/news.save.ch\/de\/#website"},"primaryImageOfPage":{"@id":"https:\/\/news.save.ch\/praevention-wirkt-gehoerschaeden-im-militaer-dezimiert\/#primaryimage"},"image":{"@id":"https:\/\/news.save.ch\/praevention-wirkt-gehoerschaeden-im-militaer-dezimiert\/#primaryimage"},"thumbnailUrl":"https:\/\/news.save.ch\/wp-content\/uploads\/2017\/05\/31039-10-Soldat-mit-Gehrschutz_Web-format-sRGB_31039.jpeg-scaled-1.jpeg","datePublished":"2017-05-30T13:20:51+00:00","dateModified":"2023-03-14T08:05:13+00:00","description":"Successful prevention work: Today, massively fewer Swiss soldiers suffer hearing damage during their service than before 1990.","breadcrumb":{"@id":"https:\/\/news.save.ch\/praevention-wirkt-gehoerschaeden-im-militaer-dezimiert\/#breadcrumb"},"inLanguage":"en-US","potentialAction":[{"@type":"ReadAction","target":["https:\/\/news.save.ch\/praevention-wirkt-gehoerschaeden-im-militaer-dezimiert\/"]}]},{"@type":"ImageObject","inLanguage":"en-US","@id":"https:\/\/news.save.ch\/praevention-wirkt-gehoerschaeden-im-militaer-dezimiert\/#primaryimage","url":"https:\/\/news.save.ch\/wp-content\/uploads\/2017\/05\/31039-10-Soldat-mit-Gehrschutz_Web-format-sRGB_31039.jpeg-scaled-1.jpeg","contentUrl":"https:\/\/news.save.ch\/wp-content\/uploads\/2017\/05\/31039-10-Soldat-mit-Gehrschutz_Web-format-sRGB_31039.jpeg-scaled-1.jpeg","width":1200,"height":800,"caption":"Heute tragen zehnmal weniger Soldaten Geh\u00f6rsch\u00e4den davon als noch vor 25 Jahren."},{"@type":"BreadcrumbList","@id":"https:\/\/news.save.ch\/praevention-wirkt-gehoerschaeden-im-militaer-dezimiert\/#breadcrumb","itemListElement":[{"@type":"ListItem","position":1,"name":"Home","item":"https:\/\/news.save.ch\/de\/"},{"@type":"ListItem","position":2,"name":"Pr\u00e4vention wirkt: Geh\u00f6rsch\u00e4den im Milit\u00e4r dezimiert"}]},{"@type":"WebSite","@id":"https:\/\/news.save.ch\/de\/#website","url":"https:\/\/news.save.ch\/de\/","name":"Save","description":"Swiss trade journal for safety","publisher":{"@id":"https:\/\/news.save.ch\/de\/#organization"},"potentialAction":[{"@type":"SearchAction","target":{"@type":"EntryPoint","urlTemplate":"https:\/\/news.save.ch\/de\/?s={search_term_string}"},"query-input":{"@type":"PropertyValueSpecification","valueRequired":true,"valueName":"search_term_string"}}],"inLanguage":"en-US"},{"@type":"Organization","@id":"https:\/\/news.save.ch\/de\/#organization","name":"Security Forum","url":"https:\/\/news.save.ch\/de\/","logo":{"@type":"ImageObject","inLanguage":"en-US","@id":"https:\/\/news.save.ch\/de\/#\/schema\/logo\/image\/","url":"https:\/\/news.save.ch\/wp-content\/uploads\/2022\/06\/Logo_SF_2012.png","contentUrl":"https:\/\/news.save.ch\/wp-content\/uploads\/2022\/06\/Logo_SF_2012.png","width":1100,"height":91,"caption":"Sicherheitsforum"},"image":{"@id":"https:\/\/news.save.ch\/de\/#\/schema\/logo\/image\/"}},{"@type":"Person","@id":"https:\/\/news.save.ch\/de\/#\/schema\/person\/d49e199490bad7c70d64b9ab51142f2b","name":"admin","image":{"@type":"ImageObject","inLanguage":"en-US","@id":"https:\/\/secure.gravatar.com\/avatar\/ae2f4d718e6c49043e314ce431e7e645d646302a24a5ef5a8bc8e3f5a032e319?s=96&d=mm&r=g","url":"https:\/\/secure.gravatar.com\/avatar\/ae2f4d718e6c49043e314ce431e7e645d646302a24a5ef5a8bc8e3f5a032e319?s=96&d=mm&r=g","contentUrl":"https:\/\/secure.gravatar.com\/avatar\/ae2f4d718e6c49043e314ce431e7e645d646302a24a5ef5a8bc8e3f5a032e319?s=96&d=mm&r=g","caption":"admin"},"sameAs":["https:\/\/develop.organisator.galledia.ch"],"url":"https:\/\/news.save.ch\/en\/author\/admin\/"}]}},"_links":{"self":[{"href":"https:\/\/news.save.ch\/en\/wp-json\/wp\/v2\/posts\/1991","targetHints":{"allow":["GET"]}}],"collection":[{"href":"https:\/\/news.save.ch\/en\/wp-json\/wp\/v2\/posts"}],"about":[{"href":"https:\/\/news.save.ch\/en\/wp-json\/wp\/v2\/types\/post"}],"author":[{"embeddable":true,"href":"https:\/\/news.save.ch\/en\/wp-json\/wp\/v2\/users\/1"}],"replies":[{"embeddable":true,"href":"https:\/\/news.save.ch\/en\/wp-json\/wp\/v2\/comments?post=1991"}],"version-history":[{"count":1,"href":"https:\/\/news.save.ch\/en\/wp-json\/wp\/v2\/posts\/1991\/revisions"}],"predecessor-version":[{"id":18940,"href":"https:\/\/news.save.ch\/en\/wp-json\/wp\/v2\/posts\/1991\/revisions\/18940"}],"wp:featuredmedia":[{"embeddable":true,"href":"https:\/\/news.save.ch\/en\/wp-json\/wp\/v2\/media\/1992"}],"wp:attachment":[{"href":"https:\/\/news.save.ch\/en\/wp-json\/wp\/v2\/media?parent=1991"}],"wp:term":[{"taxonomy":"category","embeddable":true,"href":"https:\/\/news.save.ch\/en\/wp-json\/wp\/v2\/categories?post=1991"},{"taxonomy":"post_tag","embeddable":true,"href":"https:\/\/news.save.ch\/en\/wp-json\/wp\/v2\/tags?post=1991"}],"curies":[{"name":"wp","href":"https:\/\/api.w.org\/{rel}","templated":true}]}}