{"id":1995,"date":"2015-10-26T15:41:51","date_gmt":"2015-10-26T14:41:51","guid":{"rendered":"https:\/\/dev.sicherheitsforum.ch\/?p=1995"},"modified":"2015-10-26T15:41:51","modified_gmt":"2015-10-26T14:41:51","slug":"sicherheit-2015-welches-sind-die-themen-am-fachkongress","status":null,"type":"post","link":"https:\/\/news.save.ch\/en\/sicherheit-2015-welches-sind-die-themen-am-fachkongress\/","title":{"rendered":"SICHERHEIT 2015: What are the topics at the congress?"},"content":{"rendered":"<figure id=\"attachment_1998\" aria-describedby=\"caption-attachment-1998\" style=\"width: 680px\" class=\"wp-caption alignnone\"><img loading=\"lazy\" decoding=\"async\" class=\"wp-image-1998 size-medium\" src=\"https:\/\/news.save.ch\/wp-content\/uploads\/2016\/12\/SICHERHEIT-2015-Welches-sind-die-Themen-am-Fachkongress-sicherheitsforum.jpg\" width=\"680\" height=\"315\" srcset=\"https:\/\/news.save.ch\/wp-content\/uploads\/2016\/12\/SICHERHEIT-2015-Welches-sind-die-Themen-am-Fachkongress-sicherheitsforum.jpg 1080w, https:\/\/news.save.ch\/wp-content\/uploads\/2016\/12\/SICHERHEIT-2015-Welches-sind-die-Themen-am-Fachkongress-sicherheitsforum-375x174.jpg 375w\" sizes=\"auto, (max-width: 680px) 100vw, 680px\" \/><figcaption id=\"caption-attachment-1998\" class=\"wp-caption-text\">Photo: T. Entzeroth<\/figcaption><\/figure>\n<p>A central component of the <a href=\"\/en\/sicherheitsmesse-in-wenigen-tagen-geht-es-los\/?preview_id=1988&amp;preview_nonce=a6a617d42b&amp;post_format=standard&amp;_thumbnail_id=1989&amp;preview=true\" target=\"_blank\" data-cke-saved-href=\"https:\/\/sicherheitsforum.hamster.ch\/sicherheitsmesse-in-wenigen-tagen-geht-es-los\" rel=\"noopener\">Security Fair<\/a> in Zurich-Oerlikon will once again be the <a title=\"to the program\" href=\"https:\/\/www.save.ch\/events\/sicherheits-fachkongress-2015\" target=\"_blank\" data-cke-saved-href=\"https:\/\/www.save.ch\/events\/sicherheits-fachkongress-2015\" rel=\"noopener\">Trade congress<\/a> attended by more than 1,000 participants. The total of 19 half-day modules will examine the topic of safety from all angles. The range of topics goes beyond the general trade show theme and looks at safety from all angles: it is about people, technology, organization and processes.<\/p>\n<p>The congress will open on November 10 with a module on current threats and potential threats to public and private organizations. The focus will be on security challenges, corruption, current and future forms of threats as well as risk reduction strategies and measures to be taken.<\/p>\n<p>Various modules address the topic of quality assurance. Mention should be made of the modules Quality Assurance in Fire Protection and Lifecycle Management of Safety Systems.<\/p>\n<p>Technical aspects will not be neglected either: Selected components and elements will be highlighted on the half-days fire protection technology, security technology, video surveillance and access control. The topics of corporate security, security planning and security services are also of great importance. Three half-day modules will focus on the human success factor and the safety and health of employees.<\/p>\n<p>Fire protection and escape routes: During three half-days, experiences in fire protection are shared, which allow parallels and conclusions to be drawn regarding fire protection efforts in one's own company. Another module addresses all legal, organizational and scheduling issues related to safe escape and rescue routes with experts.<\/p>\n<p>A novelty at the 20th edition of the congress will be the threat management thematic block, which will be held for the first time in a workshop-like format.<\/p>","protected":false},"excerpt":{"rendered":"<p>Ein zentraler Bestandteil der Sicherheitsmesse in Z\u00fcrich-Oerlikon\u00a0wird einmal mehr der Fachkongress sein, den mehr als 1000 Teilnehmende besuchen. Die insgesamt 19 Halbtagesmodule beleuchten das Thema Sicherheit aus allen Blickwinkeln. Das Themenspektrum geht \u00fcber die allgemeine Messethematik hinaus und betrachtet Sicherheit rundum: Es geht um Mensch, Technik, Organisation und Prozesse. Er\u00f6ffnet wird der Kongress am 10. [&hellip;]<\/p>\n","protected":false},"author":1,"featured_media":1998,"comment_status":"open","ping_status":"open","sticky":false,"template":"","format":"standard","meta":{"_acf_changed":false,"pgc_sgb_lightbox_settings":"","footnotes":""},"categories":[1],"tags":[109,84,191],"class_list":["post-1995","post","type-post","status-publish","format-standard","has-post-thumbnail","hentry","category-allgemein","tag-aus-und-weiterbildung","tag-fachkongressfachmesse","tag-sicherheitsmesse"],"acf":[],"hkrextid":null,"publication":null,"issue":null,"workflow":null,"startPage":null,"spitzmarke":null,"_posts_by_tag_page_fields":{"widget_title":"","widget_tags":""},"_at_widget":"1","_yoast_wpseo_primary_category":"1","_yoast_wpseo_focuskw_text_input":"SICHERHEIT 2015","_yoast_wpseo_opengraph-image":"https:\/\/news.save.ch\/wp-content\/uploads\/2016\/12\/SICHERHEIT-2015-Welches-sind-die-Themen-am-Fachkongress-sicherheitsforum.jpg","_yoast_wpseo_opengraph-description":"Verschiedene Verb\u00e4nde und Organisationen unterst\u00fctzen und anerkennen den parallel zur Fachmesse SICHERHEIT durchgef\u00fchrten Fachkongress als Fortbildungseinheit. Ein Blick auf die Themenauswahl.","_yoast_wpseo_opengraph-title":"SICHERHEIT 2015: Welches sind die Themen am Fachkongress?","enclosure":null,"_yoast_wpseo_twitter-title":null,"_yoast_wpseo_twitter-description":null,"_yoast_wpseo_twitter-image":null,"_wp_old_slug":null,"_yoast_wpseo_title":null,"_yoast_wpseo_canonical":null,"yoast_head":"<!-- This site is optimized with the Yoast SEO plugin v27.4 - https:\/\/yoast.com\/product\/yoast-seo-wordpress\/ -->\n<title>SICHERHEIT 2015: Welches sind die Themen am Fachkongress? - Save<\/title>\n<meta name=\"description\" content=\"Diverse Verb\u00e4nde und Organisationen unterst\u00fctzen und anerkennen den parallel zur Fachmesse SICHERHEIT durchgef\u00fchrten Fachkongress als Fortbildungseinheit.\" \/>\n<meta name=\"robots\" content=\"index, follow, max-snippet:-1, max-image-preview:large, max-video-preview:-1\" \/>\n<link rel=\"canonical\" href=\"https:\/\/news.save.ch\/en\/sicherheit-2015-welches-sind-die-themen-am-fachkongress\/\" \/>\n<meta property=\"og:locale\" content=\"en_US\" \/>\n<meta property=\"og:type\" content=\"article\" \/>\n<meta property=\"og:title\" content=\"SICHERHEIT 2015: Welches sind die Themen am Fachkongress?\" \/>\n<meta property=\"og:description\" content=\"Verschiedene Verb\u00e4nde und Organisationen unterst\u00fctzen und anerkennen den parallel zur Fachmesse SICHERHEIT durchgef\u00fchrten Fachkongress als Fortbildungseinheit. Ein Blick auf die Themenauswahl.\" \/>\n<meta property=\"og:url\" content=\"https:\/\/news.save.ch\/en\/sicherheit-2015-welches-sind-die-themen-am-fachkongress\/\" \/>\n<meta property=\"og:site_name\" content=\"Save\" \/>\n<meta property=\"article:published_time\" content=\"2015-10-26T14:41:51+00:00\" \/>\n<meta property=\"og:image\" content=\"https:\/\/news.save.ch\/wp-content\/uploads\/2016\/12\/SICHERHEIT-2015-Welches-sind-die-Themen-am-Fachkongress-sicherheitsforum.jpg\" \/>\n<meta name=\"author\" content=\"admin\" \/>\n<meta name=\"twitter:card\" content=\"summary_large_image\" \/>\n<meta name=\"twitter:label1\" content=\"Written by\" \/>\n\t<meta name=\"twitter:data1\" content=\"admin\" \/>\n\t<meta name=\"twitter:label2\" content=\"Est. reading time\" \/>\n\t<meta name=\"twitter:data2\" content=\"1 minute\" \/>\n<script type=\"application\/ld+json\" class=\"yoast-schema-graph\">{\"@context\":\"https:\\\/\\\/schema.org\",\"@graph\":[{\"@type\":\"Article\",\"@id\":\"https:\\\/\\\/news.save.ch\\\/sicherheit-2015-welches-sind-die-themen-am-fachkongress\\\/#article\",\"isPartOf\":{\"@id\":\"https:\\\/\\\/news.save.ch\\\/sicherheit-2015-welches-sind-die-themen-am-fachkongress\\\/\"},\"author\":{\"name\":\"admin\",\"@id\":\"https:\\\/\\\/news.save.ch\\\/de\\\/#\\\/schema\\\/person\\\/d49e199490bad7c70d64b9ab51142f2b\"},\"headline\":\"SICHERHEIT 2015: Welches sind die Themen am Fachkongress?\",\"datePublished\":\"2015-10-26T14:41:51+00:00\",\"mainEntityOfPage\":{\"@id\":\"https:\\\/\\\/news.save.ch\\\/sicherheit-2015-welches-sind-die-themen-am-fachkongress\\\/\"},\"wordCount\":242,\"commentCount\":0,\"publisher\":{\"@id\":\"https:\\\/\\\/news.save.ch\\\/de\\\/#organization\"},\"image\":{\"@id\":\"https:\\\/\\\/news.save.ch\\\/sicherheit-2015-welches-sind-die-themen-am-fachkongress\\\/#primaryimage\"},\"thumbnailUrl\":\"https:\\\/\\\/news.save.ch\\\/wp-content\\\/uploads\\\/2016\\\/12\\\/SICHERHEIT-2015-Welches-sind-die-Themen-am-Fachkongress-sicherheitsforum.jpg\",\"keywords\":[\"Aus- und Weiterbildung\",\"Fachkongress\\\/Fachmesse\",\"Sicherheitsmesse\"],\"articleSection\":[\"ALLGEMEIN\"],\"inLanguage\":\"en-US\"},{\"@type\":\"WebPage\",\"@id\":\"https:\\\/\\\/news.save.ch\\\/sicherheit-2015-welches-sind-die-themen-am-fachkongress\\\/\",\"url\":\"https:\\\/\\\/news.save.ch\\\/sicherheit-2015-welches-sind-die-themen-am-fachkongress\\\/\",\"name\":\"SICHERHEIT 2015: Welches sind die Themen am Fachkongress? - Save\",\"isPartOf\":{\"@id\":\"https:\\\/\\\/news.save.ch\\\/de\\\/#website\"},\"primaryImageOfPage\":{\"@id\":\"https:\\\/\\\/news.save.ch\\\/sicherheit-2015-welches-sind-die-themen-am-fachkongress\\\/#primaryimage\"},\"image\":{\"@id\":\"https:\\\/\\\/news.save.ch\\\/sicherheit-2015-welches-sind-die-themen-am-fachkongress\\\/#primaryimage\"},\"thumbnailUrl\":\"https:\\\/\\\/news.save.ch\\\/wp-content\\\/uploads\\\/2016\\\/12\\\/SICHERHEIT-2015-Welches-sind-die-Themen-am-Fachkongress-sicherheitsforum.jpg\",\"datePublished\":\"2015-10-26T14:41:51+00:00\",\"description\":\"Diverse Verb\u00e4nde und Organisationen unterst\u00fctzen und anerkennen den parallel zur Fachmesse SICHERHEIT durchgef\u00fchrten Fachkongress als Fortbildungseinheit.\",\"breadcrumb\":{\"@id\":\"https:\\\/\\\/news.save.ch\\\/sicherheit-2015-welches-sind-die-themen-am-fachkongress\\\/#breadcrumb\"},\"inLanguage\":\"en-US\",\"potentialAction\":[{\"@type\":\"ReadAction\",\"target\":[\"https:\\\/\\\/news.save.ch\\\/sicherheit-2015-welches-sind-die-themen-am-fachkongress\\\/\"]}]},{\"@type\":\"ImageObject\",\"inLanguage\":\"en-US\",\"@id\":\"https:\\\/\\\/news.save.ch\\\/sicherheit-2015-welches-sind-die-themen-am-fachkongress\\\/#primaryimage\",\"url\":\"https:\\\/\\\/news.save.ch\\\/wp-content\\\/uploads\\\/2016\\\/12\\\/SICHERHEIT-2015-Welches-sind-die-Themen-am-Fachkongress-sicherheitsforum.jpg\",\"contentUrl\":\"https:\\\/\\\/news.save.ch\\\/wp-content\\\/uploads\\\/2016\\\/12\\\/SICHERHEIT-2015-Welches-sind-die-Themen-am-Fachkongress-sicherheitsforum.jpg\",\"width\":1080,\"height\":500,\"caption\":\"Foto: T. Entzeroth\"},{\"@type\":\"BreadcrumbList\",\"@id\":\"https:\\\/\\\/news.save.ch\\\/sicherheit-2015-welches-sind-die-themen-am-fachkongress\\\/#breadcrumb\",\"itemListElement\":[{\"@type\":\"ListItem\",\"position\":1,\"name\":\"Home\",\"item\":\"https:\\\/\\\/news.save.ch\\\/de\\\/\"},{\"@type\":\"ListItem\",\"position\":2,\"name\":\"SICHERHEIT 2015: Welches sind die Themen am Fachkongress?\"}]},{\"@type\":\"WebSite\",\"@id\":\"https:\\\/\\\/news.save.ch\\\/de\\\/#website\",\"url\":\"https:\\\/\\\/news.save.ch\\\/de\\\/\",\"name\":\"Save\",\"description\":\"Schweizer Fachzeitschrift f\u00fcr Sicherheit\",\"publisher\":{\"@id\":\"https:\\\/\\\/news.save.ch\\\/de\\\/#organization\"},\"potentialAction\":[{\"@type\":\"SearchAction\",\"target\":{\"@type\":\"EntryPoint\",\"urlTemplate\":\"https:\\\/\\\/news.save.ch\\\/de\\\/?s={search_term_string}\"},\"query-input\":{\"@type\":\"PropertyValueSpecification\",\"valueRequired\":true,\"valueName\":\"search_term_string\"}}],\"inLanguage\":\"en-US\"},{\"@type\":\"Organization\",\"@id\":\"https:\\\/\\\/news.save.ch\\\/de\\\/#organization\",\"name\":\"Sicherheitsforum\",\"url\":\"https:\\\/\\\/news.save.ch\\\/de\\\/\",\"logo\":{\"@type\":\"ImageObject\",\"inLanguage\":\"en-US\",\"@id\":\"https:\\\/\\\/news.save.ch\\\/de\\\/#\\\/schema\\\/logo\\\/image\\\/\",\"url\":\"https:\\\/\\\/news.save.ch\\\/wp-content\\\/uploads\\\/2022\\\/06\\\/Logo_SF_2012.png\",\"contentUrl\":\"https:\\\/\\\/news.save.ch\\\/wp-content\\\/uploads\\\/2022\\\/06\\\/Logo_SF_2012.png\",\"width\":1100,\"height\":91,\"caption\":\"Sicherheitsforum\"},\"image\":{\"@id\":\"https:\\\/\\\/news.save.ch\\\/de\\\/#\\\/schema\\\/logo\\\/image\\\/\"}},{\"@type\":\"Person\",\"@id\":\"https:\\\/\\\/news.save.ch\\\/de\\\/#\\\/schema\\\/person\\\/d49e199490bad7c70d64b9ab51142f2b\",\"name\":\"admin\",\"image\":{\"@type\":\"ImageObject\",\"inLanguage\":\"en-US\",\"@id\":\"https:\\\/\\\/secure.gravatar.com\\\/avatar\\\/ae2f4d718e6c49043e314ce431e7e645d646302a24a5ef5a8bc8e3f5a032e319?s=96&d=mm&r=g\",\"url\":\"https:\\\/\\\/secure.gravatar.com\\\/avatar\\\/ae2f4d718e6c49043e314ce431e7e645d646302a24a5ef5a8bc8e3f5a032e319?s=96&d=mm&r=g\",\"contentUrl\":\"https:\\\/\\\/secure.gravatar.com\\\/avatar\\\/ae2f4d718e6c49043e314ce431e7e645d646302a24a5ef5a8bc8e3f5a032e319?s=96&d=mm&r=g\",\"caption\":\"admin\"},\"sameAs\":[\"https:\\\/\\\/develop.organisator.galledia.ch\"],\"url\":\"https:\\\/\\\/news.save.ch\\\/en\\\/author\\\/admin\\\/\"}]}<\/script>\n<!-- \/ Yoast SEO plugin. -->","yoast_head_json":{"title":"SECURITY 2015: What are the topics at the specialist congress? - Save","description":"Various associations and organizations support and recognize the trade congress held in parallel to the SICHERHEIT trade fair as an advanced training unit.","robots":{"index":"index","follow":"follow","max-snippet":"max-snippet:-1","max-image-preview":"max-image-preview:large","max-video-preview":"max-video-preview:-1"},"canonical":"https:\/\/news.save.ch\/en\/sicherheit-2015-welches-sind-die-themen-am-fachkongress\/","og_locale":"en_US","og_type":"article","og_title":"SICHERHEIT 2015: Welches sind die Themen am Fachkongress?","og_description":"Verschiedene Verb\u00e4nde und Organisationen unterst\u00fctzen und anerkennen den parallel zur Fachmesse SICHERHEIT durchgef\u00fchrten Fachkongress als Fortbildungseinheit. Ein Blick auf die Themenauswahl.","og_url":"https:\/\/news.save.ch\/en\/sicherheit-2015-welches-sind-die-themen-am-fachkongress\/","og_site_name":"Save","article_published_time":"2015-10-26T14:41:51+00:00","og_image":[{"url":"https:\/\/news.save.ch\/wp-content\/uploads\/2016\/12\/SICHERHEIT-2015-Welches-sind-die-Themen-am-Fachkongress-sicherheitsforum.jpg","type":"","width":"","height":""}],"author":"admin","twitter_card":"summary_large_image","twitter_misc":{"Written by":"admin","Est. reading time":"1 minute"},"schema":{"@context":"https:\/\/schema.org","@graph":[{"@type":"Article","@id":"https:\/\/news.save.ch\/sicherheit-2015-welches-sind-die-themen-am-fachkongress\/#article","isPartOf":{"@id":"https:\/\/news.save.ch\/sicherheit-2015-welches-sind-die-themen-am-fachkongress\/"},"author":{"name":"admin","@id":"https:\/\/news.save.ch\/de\/#\/schema\/person\/d49e199490bad7c70d64b9ab51142f2b"},"headline":"SICHERHEIT 2015: Welches sind die Themen am Fachkongress?","datePublished":"2015-10-26T14:41:51+00:00","mainEntityOfPage":{"@id":"https:\/\/news.save.ch\/sicherheit-2015-welches-sind-die-themen-am-fachkongress\/"},"wordCount":242,"commentCount":0,"publisher":{"@id":"https:\/\/news.save.ch\/de\/#organization"},"image":{"@id":"https:\/\/news.save.ch\/sicherheit-2015-welches-sind-die-themen-am-fachkongress\/#primaryimage"},"thumbnailUrl":"https:\/\/news.save.ch\/wp-content\/uploads\/2016\/12\/SICHERHEIT-2015-Welches-sind-die-Themen-am-Fachkongress-sicherheitsforum.jpg","keywords":["Aus- und Weiterbildung","Fachkongress\/Fachmesse","Sicherheitsmesse"],"articleSection":["ALLGEMEIN"],"inLanguage":"en-US"},{"@type":"WebPage","@id":"https:\/\/news.save.ch\/sicherheit-2015-welches-sind-die-themen-am-fachkongress\/","url":"https:\/\/news.save.ch\/sicherheit-2015-welches-sind-die-themen-am-fachkongress\/","name":"SECURITY 2015: What are the topics at the specialist congress? - Save","isPartOf":{"@id":"https:\/\/news.save.ch\/de\/#website"},"primaryImageOfPage":{"@id":"https:\/\/news.save.ch\/sicherheit-2015-welches-sind-die-themen-am-fachkongress\/#primaryimage"},"image":{"@id":"https:\/\/news.save.ch\/sicherheit-2015-welches-sind-die-themen-am-fachkongress\/#primaryimage"},"thumbnailUrl":"https:\/\/news.save.ch\/wp-content\/uploads\/2016\/12\/SICHERHEIT-2015-Welches-sind-die-Themen-am-Fachkongress-sicherheitsforum.jpg","datePublished":"2015-10-26T14:41:51+00:00","description":"Various associations and organizations support and recognize the trade congress held in parallel to the SICHERHEIT trade fair as an advanced training unit.","breadcrumb":{"@id":"https:\/\/news.save.ch\/sicherheit-2015-welches-sind-die-themen-am-fachkongress\/#breadcrumb"},"inLanguage":"en-US","potentialAction":[{"@type":"ReadAction","target":["https:\/\/news.save.ch\/sicherheit-2015-welches-sind-die-themen-am-fachkongress\/"]}]},{"@type":"ImageObject","inLanguage":"en-US","@id":"https:\/\/news.save.ch\/sicherheit-2015-welches-sind-die-themen-am-fachkongress\/#primaryimage","url":"https:\/\/news.save.ch\/wp-content\/uploads\/2016\/12\/SICHERHEIT-2015-Welches-sind-die-Themen-am-Fachkongress-sicherheitsforum.jpg","contentUrl":"https:\/\/news.save.ch\/wp-content\/uploads\/2016\/12\/SICHERHEIT-2015-Welches-sind-die-Themen-am-Fachkongress-sicherheitsforum.jpg","width":1080,"height":500,"caption":"Foto: T. Entzeroth"},{"@type":"BreadcrumbList","@id":"https:\/\/news.save.ch\/sicherheit-2015-welches-sind-die-themen-am-fachkongress\/#breadcrumb","itemListElement":[{"@type":"ListItem","position":1,"name":"Home","item":"https:\/\/news.save.ch\/de\/"},{"@type":"ListItem","position":2,"name":"SICHERHEIT 2015: Welches sind die Themen am Fachkongress?"}]},{"@type":"WebSite","@id":"https:\/\/news.save.ch\/de\/#website","url":"https:\/\/news.save.ch\/de\/","name":"Save","description":"Swiss trade journal for safety","publisher":{"@id":"https:\/\/news.save.ch\/de\/#organization"},"potentialAction":[{"@type":"SearchAction","target":{"@type":"EntryPoint","urlTemplate":"https:\/\/news.save.ch\/de\/?s={search_term_string}"},"query-input":{"@type":"PropertyValueSpecification","valueRequired":true,"valueName":"search_term_string"}}],"inLanguage":"en-US"},{"@type":"Organization","@id":"https:\/\/news.save.ch\/de\/#organization","name":"Security Forum","url":"https:\/\/news.save.ch\/de\/","logo":{"@type":"ImageObject","inLanguage":"en-US","@id":"https:\/\/news.save.ch\/de\/#\/schema\/logo\/image\/","url":"https:\/\/news.save.ch\/wp-content\/uploads\/2022\/06\/Logo_SF_2012.png","contentUrl":"https:\/\/news.save.ch\/wp-content\/uploads\/2022\/06\/Logo_SF_2012.png","width":1100,"height":91,"caption":"Sicherheitsforum"},"image":{"@id":"https:\/\/news.save.ch\/de\/#\/schema\/logo\/image\/"}},{"@type":"Person","@id":"https:\/\/news.save.ch\/de\/#\/schema\/person\/d49e199490bad7c70d64b9ab51142f2b","name":"admin","image":{"@type":"ImageObject","inLanguage":"en-US","@id":"https:\/\/secure.gravatar.com\/avatar\/ae2f4d718e6c49043e314ce431e7e645d646302a24a5ef5a8bc8e3f5a032e319?s=96&d=mm&r=g","url":"https:\/\/secure.gravatar.com\/avatar\/ae2f4d718e6c49043e314ce431e7e645d646302a24a5ef5a8bc8e3f5a032e319?s=96&d=mm&r=g","contentUrl":"https:\/\/secure.gravatar.com\/avatar\/ae2f4d718e6c49043e314ce431e7e645d646302a24a5ef5a8bc8e3f5a032e319?s=96&d=mm&r=g","caption":"admin"},"sameAs":["https:\/\/develop.organisator.galledia.ch"],"url":"https:\/\/news.save.ch\/en\/author\/admin\/"}]}},"_links":{"self":[{"href":"https:\/\/news.save.ch\/en\/wp-json\/wp\/v2\/posts\/1995","targetHints":{"allow":["GET"]}}],"collection":[{"href":"https:\/\/news.save.ch\/en\/wp-json\/wp\/v2\/posts"}],"about":[{"href":"https:\/\/news.save.ch\/en\/wp-json\/wp\/v2\/types\/post"}],"author":[{"embeddable":true,"href":"https:\/\/news.save.ch\/en\/wp-json\/wp\/v2\/users\/1"}],"replies":[{"embeddable":true,"href":"https:\/\/news.save.ch\/en\/wp-json\/wp\/v2\/comments?post=1995"}],"version-history":[{"count":0,"href":"https:\/\/news.save.ch\/en\/wp-json\/wp\/v2\/posts\/1995\/revisions"}],"wp:featuredmedia":[{"embeddable":true,"href":"https:\/\/news.save.ch\/en\/wp-json\/wp\/v2\/media\/1998"}],"wp:attachment":[{"href":"https:\/\/news.save.ch\/en\/wp-json\/wp\/v2\/media?parent=1995"}],"wp:term":[{"taxonomy":"category","embeddable":true,"href":"https:\/\/news.save.ch\/en\/wp-json\/wp\/v2\/categories?post=1995"},{"taxonomy":"post_tag","embeddable":true,"href":"https:\/\/news.save.ch\/en\/wp-json\/wp\/v2\/tags?post=1995"}],"curies":[{"name":"wp","href":"https:\/\/api.w.org\/{rel}","templated":true}]}}