{"id":20109,"date":"2023-06-21T10:50:33","date_gmt":"2023-06-21T08:50:33","guid":{"rendered":"https:\/\/news.save.ch\/?p=20109"},"modified":"2023-06-21T10:50:33","modified_gmt":"2023-06-21T08:50:33","slug":"cybersecurity-als-schluessel-um-das-datendilemma-zu-loesen","status":null,"type":"post","link":"https:\/\/news.save.ch\/en\/cybersecurity-als-schluessel-um-das-datendilemma-zu-loesen\/","title":{"rendered":"Cybersecurity as the key to solving the data dilemma"},"content":{"rendered":"<figure id=\"attachment_20110\" aria-describedby=\"caption-attachment-20110\" style=\"width: 680px\" class=\"wp-caption aligncenter\"><img loading=\"lazy\" decoding=\"async\" class=\"size-medium wp-image-20110\" src=\"https:\/\/news.save.ch\/wp-content\/uploads\/2023\/06\/Trend-Micro-680x390.jpg\" alt=\"\" width=\"680\" height=\"390\" srcset=\"https:\/\/news.save.ch\/wp-content\/uploads\/2023\/06\/Trend-Micro-680x390.jpg 680w, https:\/\/news.save.ch\/wp-content\/uploads\/2023\/06\/Trend-Micro-18x10.jpg 18w, https:\/\/news.save.ch\/wp-content\/uploads\/2023\/06\/Trend-Micro-375x215.jpg 375w, https:\/\/news.save.ch\/wp-content\/uploads\/2023\/06\/Trend-Micro-611x350.jpg 611w, https:\/\/news.save.ch\/wp-content\/uploads\/2023\/06\/Trend-Micro.jpg 768w\" sizes=\"auto, (max-width: 680px) 100vw, 680px\" \/><figcaption id=\"caption-attachment-20110\" class=\"wp-caption-text\">Study points to often overlooked link between security and data insights. \u00a9 Trend Micro<\/figcaption><\/figure>\n<p>&nbsp;<\/p>\n<p>Trend Micro's commissioned survey of business decision makers shows that 57 percent of respondents in Switzerland (61% globally) believe they urgently need to diversify their revenues in 2023; and this is against an uncertain macroeconomic and geopolitical backdrop. Data analytics and similar tools can increase business agility by helping companies predict market trends, make financial forecasts and more. Another 59 percent (68% globally) say access to data will be fundamental to unlocking such new revenue streams, while the vast majority (90% in Switzerland, 91% globally) expect to achieve some level of cost savings through better use of data.<\/p>\n<h3><strong>Better IT security increases corporate digitization <\/strong><\/h3>\n<p>However, according to the study, 42 percent of decision-makers in Swiss companies (38% worldwide) do not seem to see the link between cybersecurity and data insights.  Half of the respondents also fail to see the link between IT security and the development of new revenue streams (50% in Switzerland, 48% worldwide) and cost reductions (54% in Switzerland, 55% worldwide).<\/p>\n<p>Worryingly, more than half of respondents (55% in Switzerland, 56% globally) said their company's current security policies and processes create information silos. This can actively undermine projects to better leverage data, they said, and underscores the need for more interconnected, platform-based approaches to security. Although some business leaders were not convinced, 43 percent of Swiss respondents (46% globally) still believed that better IT security could increase the pace of corporate digitization.<\/p>\n<h3>Security situation is getting better<\/h3>\n<p>However, the security vendor's study also shows that the security situation is improving. More than three-quarters of Swiss IT decision makers surveyed (76%, 72% globally) say their company tracks and reports on cyber risk levels, with 42 percent in Switzerland (33% globally) reporting this to the board in the form of a business risk assessment, according to the study. Further, three-quarters of respondents say their company has a so-called Cyber Improvement Program in place to achieve digital transformation goals, as further communicated.<\/p>\n<p>\"Data-driven insights are an increasingly important foundation for the sustainable growth that corporate boards are demanding today. But if that data is not properly secured, such initiatives will stand on shaky ground,\" said Richard Werner, business consultant at Trend Micro. \"Increasingly, corporate boards are recognizing the importance of IT security to their growth plans. As a result, the CISO function is becoming more integrated into the value chain. This positive trend will improve defense capabilities and allow companies to implement new business ideas in the digital space.\"<\/p>\n<p>About the study: survey conducted by Sapio Research on behalf of Trend Micro in January 2023 among 2718 decision makers in companies with more than 250 employees in 25 countries, 105 of them in Switzerland.<\/p>\n<p><em>The complete study <a href=\"https:\/\/www.trendmicro.com\/explore\/riskrewarddatainsights\">\"Risk &amp; Reward - Joining the dots between security and data-driven insight for sustainable growth\" can be found in English here.<\/a>.<\/em><\/p>","protected":false},"excerpt":{"rendered":"<p>&nbsp; Die von Trend Micro beauftragte Befragung von Gesch\u00e4ftsentscheidern zeigt, dass 57 Prozent der Befragten in der Schweiz (61% weltweit) die Meinung vertreten, ihre Ertr\u00e4ge im Jahr 2023 dringend diversifizieren zu m\u00fcssen; und das vor einem unsicheren makro\u00f6konomischen und geopolitischen Hintergrund. Data Analytics und \u00e4hnliche Tools k\u00f6nnen die gesch\u00e4ftliche Flexibilit\u00e4t erh\u00f6hen, indem sie Unternehmen dabei [&hellip;]<\/p>\n","protected":false},"author":8,"featured_media":20110,"comment_status":"closed","ping_status":"closed","sticky":false,"template":"","format":"standard","meta":{"_acf_changed":false,"pgc_sgb_lightbox_settings":"","footnotes":""},"categories":[3313],"tags":[4311],"class_list":["post-20109","post","type-post","status-publish","format-standard","has-post-thumbnail","hentry","category-digitalisierung","tag-cybersicherheitsloesungen"],"acf":[],"hkrextid":null,"publication":null,"issue":null,"workflow":null,"startPage":null,"spitzmarke":null,"_posts_by_tag_page_fields":null,"_at_widget":null,"_yoast_wpseo_primary_category":"3313","_yoast_wpseo_focuskw_text_input":null,"_yoast_wpseo_opengraph-image":null,"_yoast_wpseo_opengraph-description":null,"_yoast_wpseo_opengraph-title":null,"enclosure":null,"_yoast_wpseo_twitter-title":null,"_yoast_wpseo_twitter-description":null,"_yoast_wpseo_twitter-image":null,"_wp_old_slug":null,"_yoast_wpseo_title":null,"_yoast_wpseo_canonical":null,"yoast_head":"<!-- This site is optimized with the Yoast SEO plugin v27.4 - https:\/\/yoast.com\/product\/yoast-seo-wordpress\/ -->\n<title>Cybersecurity als Schl\u00fcssel, um das Datendilemma zu l\u00f6sen - Save<\/title>\n<meta name=\"description\" content=\"Gem\u00e4ss Studie erkennen viele Entscheidungstr\u00e4ger in Unternehmen den Zusammenhang zwischen Cybersicherheit und effektiver Datennutzung nicht.\" \/>\n<meta name=\"robots\" content=\"index, follow, max-snippet:-1, max-image-preview:large, max-video-preview:-1\" \/>\n<link rel=\"canonical\" href=\"https:\/\/news.save.ch\/en\/cybersecurity-als-schluessel-um-das-datendilemma-zu-loesen\/\" \/>\n<meta property=\"og:locale\" content=\"en_US\" \/>\n<meta property=\"og:type\" content=\"article\" \/>\n<meta property=\"og:title\" content=\"Cybersecurity als Schl\u00fcssel, um das Datendilemma zu l\u00f6sen - Save\" \/>\n<meta property=\"og:description\" content=\"Gem\u00e4ss Studie erkennen viele Entscheidungstr\u00e4ger in Unternehmen den Zusammenhang zwischen Cybersicherheit und effektiver Datennutzung nicht.\" \/>\n<meta property=\"og:url\" content=\"https:\/\/news.save.ch\/en\/cybersecurity-als-schluessel-um-das-datendilemma-zu-loesen\/\" \/>\n<meta property=\"og:site_name\" content=\"Save\" \/>\n<meta property=\"article:published_time\" content=\"2023-06-21T08:50:33+00:00\" \/>\n<meta property=\"og:image\" content=\"https:\/\/news.save.ch\/wp-content\/uploads\/2023\/06\/Trend-Micro.jpg\" \/>\n\t<meta property=\"og:image:width\" content=\"768\" \/>\n\t<meta property=\"og:image:height\" content=\"440\" \/>\n\t<meta property=\"og:image:type\" content=\"image\/jpeg\" \/>\n<meta name=\"author\" content=\"Roger Str\u00e4ssle\" \/>\n<meta name=\"twitter:card\" content=\"summary_large_image\" \/>\n<meta name=\"twitter:label1\" content=\"Written by\" \/>\n\t<meta name=\"twitter:data1\" content=\"Roger Str\u00e4ssle\" \/>\n\t<meta name=\"twitter:label2\" content=\"Est. reading time\" \/>\n\t<meta name=\"twitter:data2\" content=\"3 minutes\" \/>\n<script type=\"application\/ld+json\" class=\"yoast-schema-graph\">{\"@context\":\"https:\\\/\\\/schema.org\",\"@graph\":[{\"@type\":\"Article\",\"@id\":\"https:\\\/\\\/news.save.ch\\\/cybersecurity-als-schluessel-um-das-datendilemma-zu-loesen\\\/#article\",\"isPartOf\":{\"@id\":\"https:\\\/\\\/news.save.ch\\\/cybersecurity-als-schluessel-um-das-datendilemma-zu-loesen\\\/\"},\"author\":{\"name\":\"Roger Str\u00e4ssle\",\"@id\":\"https:\\\/\\\/news.save.ch\\\/de\\\/#\\\/schema\\\/person\\\/d5022db048e0e2b9785c50e5b24da5aa\"},\"headline\":\"Cybersecurity als Schl\u00fcssel, um das Datendilemma zu l\u00f6sen\",\"datePublished\":\"2023-06-21T08:50:33+00:00\",\"mainEntityOfPage\":{\"@id\":\"https:\\\/\\\/news.save.ch\\\/cybersecurity-als-schluessel-um-das-datendilemma-zu-loesen\\\/\"},\"wordCount\":509,\"publisher\":{\"@id\":\"https:\\\/\\\/news.save.ch\\\/de\\\/#organization\"},\"image\":{\"@id\":\"https:\\\/\\\/news.save.ch\\\/cybersecurity-als-schluessel-um-das-datendilemma-zu-loesen\\\/#primaryimage\"},\"thumbnailUrl\":\"https:\\\/\\\/news.save.ch\\\/wp-content\\\/uploads\\\/2023\\\/06\\\/Trend-Micro.jpg\",\"keywords\":[\"Cybersicherheitsl\u00f6sungen\"],\"articleSection\":[\"DIGITALISIERUNG\"],\"inLanguage\":\"en-US\"},{\"@type\":\"WebPage\",\"@id\":\"https:\\\/\\\/news.save.ch\\\/cybersecurity-als-schluessel-um-das-datendilemma-zu-loesen\\\/\",\"url\":\"https:\\\/\\\/news.save.ch\\\/cybersecurity-als-schluessel-um-das-datendilemma-zu-loesen\\\/\",\"name\":\"Cybersecurity als Schl\u00fcssel, um das Datendilemma zu l\u00f6sen - Save\",\"isPartOf\":{\"@id\":\"https:\\\/\\\/news.save.ch\\\/de\\\/#website\"},\"primaryImageOfPage\":{\"@id\":\"https:\\\/\\\/news.save.ch\\\/cybersecurity-als-schluessel-um-das-datendilemma-zu-loesen\\\/#primaryimage\"},\"image\":{\"@id\":\"https:\\\/\\\/news.save.ch\\\/cybersecurity-als-schluessel-um-das-datendilemma-zu-loesen\\\/#primaryimage\"},\"thumbnailUrl\":\"https:\\\/\\\/news.save.ch\\\/wp-content\\\/uploads\\\/2023\\\/06\\\/Trend-Micro.jpg\",\"datePublished\":\"2023-06-21T08:50:33+00:00\",\"description\":\"Gem\u00e4ss Studie erkennen viele Entscheidungstr\u00e4ger in Unternehmen den Zusammenhang zwischen Cybersicherheit und effektiver Datennutzung nicht.\",\"breadcrumb\":{\"@id\":\"https:\\\/\\\/news.save.ch\\\/cybersecurity-als-schluessel-um-das-datendilemma-zu-loesen\\\/#breadcrumb\"},\"inLanguage\":\"en-US\",\"potentialAction\":[{\"@type\":\"ReadAction\",\"target\":[\"https:\\\/\\\/news.save.ch\\\/cybersecurity-als-schluessel-um-das-datendilemma-zu-loesen\\\/\"]}]},{\"@type\":\"ImageObject\",\"inLanguage\":\"en-US\",\"@id\":\"https:\\\/\\\/news.save.ch\\\/cybersecurity-als-schluessel-um-das-datendilemma-zu-loesen\\\/#primaryimage\",\"url\":\"https:\\\/\\\/news.save.ch\\\/wp-content\\\/uploads\\\/2023\\\/06\\\/Trend-Micro.jpg\",\"contentUrl\":\"https:\\\/\\\/news.save.ch\\\/wp-content\\\/uploads\\\/2023\\\/06\\\/Trend-Micro.jpg\",\"width\":768,\"height\":440,\"caption\":\"\u00a9 Trend Micro\"},{\"@type\":\"BreadcrumbList\",\"@id\":\"https:\\\/\\\/news.save.ch\\\/cybersecurity-als-schluessel-um-das-datendilemma-zu-loesen\\\/#breadcrumb\",\"itemListElement\":[{\"@type\":\"ListItem\",\"position\":1,\"name\":\"Home\",\"item\":\"https:\\\/\\\/news.save.ch\\\/de\\\/\"},{\"@type\":\"ListItem\",\"position\":2,\"name\":\"Cybersecurity als Schl\u00fcssel, um das Datendilemma zu l\u00f6sen\"}]},{\"@type\":\"WebSite\",\"@id\":\"https:\\\/\\\/news.save.ch\\\/de\\\/#website\",\"url\":\"https:\\\/\\\/news.save.ch\\\/de\\\/\",\"name\":\"Save\",\"description\":\"Schweizer Fachzeitschrift f\u00fcr Sicherheit\",\"publisher\":{\"@id\":\"https:\\\/\\\/news.save.ch\\\/de\\\/#organization\"},\"potentialAction\":[{\"@type\":\"SearchAction\",\"target\":{\"@type\":\"EntryPoint\",\"urlTemplate\":\"https:\\\/\\\/news.save.ch\\\/de\\\/?s={search_term_string}\"},\"query-input\":{\"@type\":\"PropertyValueSpecification\",\"valueRequired\":true,\"valueName\":\"search_term_string\"}}],\"inLanguage\":\"en-US\"},{\"@type\":\"Organization\",\"@id\":\"https:\\\/\\\/news.save.ch\\\/de\\\/#organization\",\"name\":\"Sicherheitsforum\",\"url\":\"https:\\\/\\\/news.save.ch\\\/de\\\/\",\"logo\":{\"@type\":\"ImageObject\",\"inLanguage\":\"en-US\",\"@id\":\"https:\\\/\\\/news.save.ch\\\/de\\\/#\\\/schema\\\/logo\\\/image\\\/\",\"url\":\"https:\\\/\\\/news.save.ch\\\/wp-content\\\/uploads\\\/2022\\\/06\\\/Logo_SF_2012.png\",\"contentUrl\":\"https:\\\/\\\/news.save.ch\\\/wp-content\\\/uploads\\\/2022\\\/06\\\/Logo_SF_2012.png\",\"width\":1100,\"height\":91,\"caption\":\"Sicherheitsforum\"},\"image\":{\"@id\":\"https:\\\/\\\/news.save.ch\\\/de\\\/#\\\/schema\\\/logo\\\/image\\\/\"}},{\"@type\":\"Person\",\"@id\":\"https:\\\/\\\/news.save.ch\\\/de\\\/#\\\/schema\\\/person\\\/d5022db048e0e2b9785c50e5b24da5aa\",\"name\":\"Roger Str\u00e4ssle\",\"image\":{\"@type\":\"ImageObject\",\"inLanguage\":\"en-US\",\"@id\":\"https:\\\/\\\/secure.gravatar.com\\\/avatar\\\/862a5569d087de48e5856e32f45d719a03804c891d6deb8d4f71a660e79e4a47?s=96&d=mm&r=g\",\"url\":\"https:\\\/\\\/secure.gravatar.com\\\/avatar\\\/862a5569d087de48e5856e32f45d719a03804c891d6deb8d4f71a660e79e4a47?s=96&d=mm&r=g\",\"contentUrl\":\"https:\\\/\\\/secure.gravatar.com\\\/avatar\\\/862a5569d087de48e5856e32f45d719a03804c891d6deb8d4f71a660e79e4a47?s=96&d=mm&r=g\",\"caption\":\"Roger Str\u00e4ssle\"},\"url\":\"https:\\\/\\\/news.save.ch\\\/en\\\/author\\\/roger-straessle\\\/\"}]}<\/script>\n<!-- \/ Yoast SEO plugin. -->","yoast_head_json":{"title":"Cybersecurity as the key to solving the data dilemma - Save","description":"According to the study, many corporate decision makers do not recognize the connection between cybersecurity and effective data use.","robots":{"index":"index","follow":"follow","max-snippet":"max-snippet:-1","max-image-preview":"max-image-preview:large","max-video-preview":"max-video-preview:-1"},"canonical":"https:\/\/news.save.ch\/en\/cybersecurity-als-schluessel-um-das-datendilemma-zu-loesen\/","og_locale":"en_US","og_type":"article","og_title":"Cybersecurity als Schl\u00fcssel, um das Datendilemma zu l\u00f6sen - Save","og_description":"Gem\u00e4ss Studie erkennen viele Entscheidungstr\u00e4ger in Unternehmen den Zusammenhang zwischen Cybersicherheit und effektiver Datennutzung nicht.","og_url":"https:\/\/news.save.ch\/en\/cybersecurity-als-schluessel-um-das-datendilemma-zu-loesen\/","og_site_name":"Save","article_published_time":"2023-06-21T08:50:33+00:00","og_image":[{"width":768,"height":440,"url":"https:\/\/news.save.ch\/wp-content\/uploads\/2023\/06\/Trend-Micro.jpg","type":"image\/jpeg"}],"author":"Roger Str\u00e4ssle","twitter_card":"summary_large_image","twitter_misc":{"Written by":"Roger Str\u00e4ssle","Est. reading time":"3 minutes"},"schema":{"@context":"https:\/\/schema.org","@graph":[{"@type":"Article","@id":"https:\/\/news.save.ch\/cybersecurity-als-schluessel-um-das-datendilemma-zu-loesen\/#article","isPartOf":{"@id":"https:\/\/news.save.ch\/cybersecurity-als-schluessel-um-das-datendilemma-zu-loesen\/"},"author":{"name":"Roger Str\u00e4ssle","@id":"https:\/\/news.save.ch\/de\/#\/schema\/person\/d5022db048e0e2b9785c50e5b24da5aa"},"headline":"Cybersecurity als Schl\u00fcssel, um das Datendilemma zu l\u00f6sen","datePublished":"2023-06-21T08:50:33+00:00","mainEntityOfPage":{"@id":"https:\/\/news.save.ch\/cybersecurity-als-schluessel-um-das-datendilemma-zu-loesen\/"},"wordCount":509,"publisher":{"@id":"https:\/\/news.save.ch\/de\/#organization"},"image":{"@id":"https:\/\/news.save.ch\/cybersecurity-als-schluessel-um-das-datendilemma-zu-loesen\/#primaryimage"},"thumbnailUrl":"https:\/\/news.save.ch\/wp-content\/uploads\/2023\/06\/Trend-Micro.jpg","keywords":["Cybersicherheitsl\u00f6sungen"],"articleSection":["DIGITALISIERUNG"],"inLanguage":"en-US"},{"@type":"WebPage","@id":"https:\/\/news.save.ch\/cybersecurity-als-schluessel-um-das-datendilemma-zu-loesen\/","url":"https:\/\/news.save.ch\/cybersecurity-als-schluessel-um-das-datendilemma-zu-loesen\/","name":"Cybersecurity as the key to solving the data dilemma - Save","isPartOf":{"@id":"https:\/\/news.save.ch\/de\/#website"},"primaryImageOfPage":{"@id":"https:\/\/news.save.ch\/cybersecurity-als-schluessel-um-das-datendilemma-zu-loesen\/#primaryimage"},"image":{"@id":"https:\/\/news.save.ch\/cybersecurity-als-schluessel-um-das-datendilemma-zu-loesen\/#primaryimage"},"thumbnailUrl":"https:\/\/news.save.ch\/wp-content\/uploads\/2023\/06\/Trend-Micro.jpg","datePublished":"2023-06-21T08:50:33+00:00","description":"According to the study, many corporate decision makers do not recognize the connection between cybersecurity and effective data use.","breadcrumb":{"@id":"https:\/\/news.save.ch\/cybersecurity-als-schluessel-um-das-datendilemma-zu-loesen\/#breadcrumb"},"inLanguage":"en-US","potentialAction":[{"@type":"ReadAction","target":["https:\/\/news.save.ch\/cybersecurity-als-schluessel-um-das-datendilemma-zu-loesen\/"]}]},{"@type":"ImageObject","inLanguage":"en-US","@id":"https:\/\/news.save.ch\/cybersecurity-als-schluessel-um-das-datendilemma-zu-loesen\/#primaryimage","url":"https:\/\/news.save.ch\/wp-content\/uploads\/2023\/06\/Trend-Micro.jpg","contentUrl":"https:\/\/news.save.ch\/wp-content\/uploads\/2023\/06\/Trend-Micro.jpg","width":768,"height":440,"caption":"\u00a9 Trend Micro"},{"@type":"BreadcrumbList","@id":"https:\/\/news.save.ch\/cybersecurity-als-schluessel-um-das-datendilemma-zu-loesen\/#breadcrumb","itemListElement":[{"@type":"ListItem","position":1,"name":"Home","item":"https:\/\/news.save.ch\/de\/"},{"@type":"ListItem","position":2,"name":"Cybersecurity als Schl\u00fcssel, um das Datendilemma zu l\u00f6sen"}]},{"@type":"WebSite","@id":"https:\/\/news.save.ch\/de\/#website","url":"https:\/\/news.save.ch\/de\/","name":"Save","description":"Swiss trade journal for safety","publisher":{"@id":"https:\/\/news.save.ch\/de\/#organization"},"potentialAction":[{"@type":"SearchAction","target":{"@type":"EntryPoint","urlTemplate":"https:\/\/news.save.ch\/de\/?s={search_term_string}"},"query-input":{"@type":"PropertyValueSpecification","valueRequired":true,"valueName":"search_term_string"}}],"inLanguage":"en-US"},{"@type":"Organization","@id":"https:\/\/news.save.ch\/de\/#organization","name":"Security Forum","url":"https:\/\/news.save.ch\/de\/","logo":{"@type":"ImageObject","inLanguage":"en-US","@id":"https:\/\/news.save.ch\/de\/#\/schema\/logo\/image\/","url":"https:\/\/news.save.ch\/wp-content\/uploads\/2022\/06\/Logo_SF_2012.png","contentUrl":"https:\/\/news.save.ch\/wp-content\/uploads\/2022\/06\/Logo_SF_2012.png","width":1100,"height":91,"caption":"Sicherheitsforum"},"image":{"@id":"https:\/\/news.save.ch\/de\/#\/schema\/logo\/image\/"}},{"@type":"Person","@id":"https:\/\/news.save.ch\/de\/#\/schema\/person\/d5022db048e0e2b9785c50e5b24da5aa","name":"Roger Str\u00e4ssle","image":{"@type":"ImageObject","inLanguage":"en-US","@id":"https:\/\/secure.gravatar.com\/avatar\/862a5569d087de48e5856e32f45d719a03804c891d6deb8d4f71a660e79e4a47?s=96&d=mm&r=g","url":"https:\/\/secure.gravatar.com\/avatar\/862a5569d087de48e5856e32f45d719a03804c891d6deb8d4f71a660e79e4a47?s=96&d=mm&r=g","contentUrl":"https:\/\/secure.gravatar.com\/avatar\/862a5569d087de48e5856e32f45d719a03804c891d6deb8d4f71a660e79e4a47?s=96&d=mm&r=g","caption":"Roger Str\u00e4ssle"},"url":"https:\/\/news.save.ch\/en\/author\/roger-straessle\/"}]}},"_links":{"self":[{"href":"https:\/\/news.save.ch\/en\/wp-json\/wp\/v2\/posts\/20109","targetHints":{"allow":["GET"]}}],"collection":[{"href":"https:\/\/news.save.ch\/en\/wp-json\/wp\/v2\/posts"}],"about":[{"href":"https:\/\/news.save.ch\/en\/wp-json\/wp\/v2\/types\/post"}],"author":[{"embeddable":true,"href":"https:\/\/news.save.ch\/en\/wp-json\/wp\/v2\/users\/8"}],"replies":[{"embeddable":true,"href":"https:\/\/news.save.ch\/en\/wp-json\/wp\/v2\/comments?post=20109"}],"version-history":[{"count":1,"href":"https:\/\/news.save.ch\/en\/wp-json\/wp\/v2\/posts\/20109\/revisions"}],"predecessor-version":[{"id":20111,"href":"https:\/\/news.save.ch\/en\/wp-json\/wp\/v2\/posts\/20109\/revisions\/20111"}],"wp:featuredmedia":[{"embeddable":true,"href":"https:\/\/news.save.ch\/en\/wp-json\/wp\/v2\/media\/20110"}],"wp:attachment":[{"href":"https:\/\/news.save.ch\/en\/wp-json\/wp\/v2\/media?parent=20109"}],"wp:term":[{"taxonomy":"category","embeddable":true,"href":"https:\/\/news.save.ch\/en\/wp-json\/wp\/v2\/categories?post=20109"},{"taxonomy":"post_tag","embeddable":true,"href":"https:\/\/news.save.ch\/en\/wp-json\/wp\/v2\/tags?post=20109"}],"curies":[{"name":"wp","href":"https:\/\/api.w.org\/{rel}","templated":true}]}}