{"id":20117,"date":"2023-06-22T06:17:20","date_gmt":"2023-06-22T04:17:20","guid":{"rendered":"https:\/\/news.save.ch\/?p=20117"},"modified":"2023-06-21T15:34:24","modified_gmt":"2023-06-21T13:34:24","slug":"svti-mit-solidem-ergebnis","status":null,"type":"post","link":"https:\/\/news.save.ch\/en\/svti-mit-solidem-ergebnis\/","title":{"rendered":"SVTI with solid result"},"content":{"rendered":"<figure id=\"attachment_20118\" aria-describedby=\"caption-attachment-20118\" style=\"width: 680px\" class=\"wp-caption aligncenter\"><img loading=\"lazy\" decoding=\"async\" class=\"size-medium wp-image-20118\" src=\"https:\/\/news.save.ch\/wp-content\/uploads\/2023\/06\/4-680x453.jpg\" alt=\"\" width=\"680\" height=\"453\" srcset=\"https:\/\/news.save.ch\/wp-content\/uploads\/2023\/06\/4-680x453.jpg 680w, https:\/\/news.save.ch\/wp-content\/uploads\/2023\/06\/4-1024x683.jpg 1024w, https:\/\/news.save.ch\/wp-content\/uploads\/2023\/06\/4-768x512.jpg 768w, https:\/\/news.save.ch\/wp-content\/uploads\/2023\/06\/4-1536x1024.jpg 1536w, https:\/\/news.save.ch\/wp-content\/uploads\/2023\/06\/4-2048x1365.jpg 2048w, https:\/\/news.save.ch\/wp-content\/uploads\/2023\/06\/4-18x12.jpg 18w, https:\/\/news.save.ch\/wp-content\/uploads\/2023\/06\/4-375x250.jpg 375w, https:\/\/news.save.ch\/wp-content\/uploads\/2023\/06\/4-525x350.jpg 525w, https:\/\/news.save.ch\/wp-content\/uploads\/2023\/06\/4-1000x667.jpg 1000w, https:\/\/news.save.ch\/wp-content\/uploads\/2023\/06\/4-scaled.jpg 1400w\" sizes=\"auto, (max-width: 680px) 100vw, 680px\" \/><figcaption id=\"caption-attachment-20118\" class=\"wp-caption-text\">SVTI Board President Udo M. B\u00e4ckert.<\/figcaption><\/figure>\n<p>The 154th Association Meeting of the SVTI (<a href=\"https:\/\/www.bing.com\/ck\/a?!&amp;&amp;p=9017e6215c7c16b0JmltdHM9MTY4NzMwNTYwMCZpZ3VpZD0xNTNiOGI1ZC01MWNhLTY4ZjEtMzBiZS05OTgxNTA5MTY5NTAmaW5zaWQ9NTQ1NA&amp;ptn=3&amp;hsh=3&amp;fclid=153b8b5d-51ca-68f1-30be-998150916950&amp;u=a1aHR0cHM6Ly93d3cuYmluZy5jb20vYWxpbmsvbGluaz91cmw9aHR0cHMlM2ElMmYlMmZ3d3cuc3Z0aS5jaCUyZmtlc3NlbGluc3Bla3RvcmF0JTJma29udGFrdCZzb3VyY2U9c2VycC1sb2NhbCZoPXF6Zlp0TTRSM0RJUmYyWE4lMmI3WiUyZmh1OHUyJTJickdheHp0eSUyYnZVcFkwQ3czQSUzZCZwPWx3X2didCZpZz04REVBM0M0RDFDQ0Q0RTU3ODE3RTQ2QkQ4NzUwQ0JFOCZ5cGlkPVlOOTAwM3gzMzg5Njcx&amp;ntb=1\">Swiss Association for Technical Inspections<\/a>) took members, patrons and guests to Neuch\u00e2tel in western Switzerland. As usual, the statutory part was kept short, so that the supporting program offered participants more time and opportunity for information and networking.<\/p>\n<h3><strong>New member of the Board of Directors and adaptation of the Articles of Association<\/strong><\/h3>\n<p>After twelve years on the SVTI Board, Daniel Rebsamen, who is also Vice President, has stepped down for reasons of age, as stated in the media release. As his direct successor, the voters unanimously elected Ren\u00e9 Kian Sarrafian, a qualified mechanical engineer and head of the nuclear fuel department at the G\u00f6sgen-D\u00e4niken AG nuclear power plant. Fortunately, the SVTI has repeatedly succeeded in participating in federal research projects in the recent past. This necessitated a corresponding selective extension of the purpose statement in the statutes, which refers to the implementation of research activities and the development of innovative technologies and products, particularly in the fields of technical safety supervision and the manufacture and operation of technical plants of all kinds, as it further states.<\/p>\n<h3><strong>Review, Outlook, Projects<\/strong><\/h3>\n<p>The geopolitical situation, disrupted supply chains, skyrocketing energy prices or the shortage of skilled workers were just some of the challenges that had to be overcome in 2022. According to SVTI, the operating business nevertheless closed with a very solid result. The consolidated accounts - also known as the consolidated financial statements - include not only the association but also the subsidiaries and represent the overall business of the SVTI Group. The total turnover of the SVTI Group amounts to 47.5 million Swiss francs. This sum is just below the previous year's figure, but is in line with expectations. According to SVTI, various business areas have developed positively and the entire organization has proven to be robust and well positioned.<\/p>\n<p>The international NDT conference held in Switzerland in the year under review under the auspices of the Nuclear Inspectorate was a highlight that will have an impact in the future. The event was a great success with international appeal.<\/p>\n<p>The SVTI Group was also pleased to receive the prestigious \"Swiss Employer Award\" in the category \"100 - 249 Employees\" based on an employee survey (<a href=\"https:\/\/swissarbeitgeberaward.ch\/wp-content\/uploads\/Rangliste%202022%20Final%20Pr%C3%A4miert.pdf\">cf. here<\/a>) . The \"Swiss Employer Award\" is the leading prize for determining employer attractiveness and, as an award, creates a leap of faith in the search for future employees, as the SVTI emphasizes.<\/p>\n<h3><strong>Technology-oriented projects<\/strong><\/h3>\n<p>Within the framework of the Innovation Fund, the SVTI has initiated and further advanced various technology-oriented projects for the further development of services as well as testing procedures. These included, for example, the use of drones for measurements on components, robot- or crawler-assisted inspections, or research into the safe handling of hydrogen technology.<\/p>\n<p>These aspects, a good start into 2023, the commitment to research and development, the investments in good skilled workers and innovations would strengthen the SVTI brand and allow it to look to the future with confidence.<\/p>\n<h3><strong>Keynote address \"The Armed Forces, Switzerland's cadre\".<\/strong><\/h3>\n<p>The keynote speaker was Colonel i Gst Mathias M\u00fcller, who spoke on the topic of \"The Army, Switzerland's Forge of Cadres\". Mathias M\u00fcller, who in an earlier NZZ article was also referred to as the chief recruiter of the Swiss Armed Forces, is today active in the function of project manager for top events of the Swiss Armed Forces, and is also the author of several books. With his presentation, he gave the participants an understanding of practical leadership issues and the military leadership philosophy of today. He also explained that leadership, with its many facets, plays a fundamental role in both the military and civilian sectors.<\/p>\n<figure id=\"attachment_20119\" aria-describedby=\"caption-attachment-20119\" style=\"width: 680px\" class=\"wp-caption alignnone\"><img loading=\"lazy\" decoding=\"async\" class=\"size-medium wp-image-20119\" src=\"https:\/\/news.save.ch\/wp-content\/uploads\/2023\/06\/Inspektions-Crawler-680x405.png\" alt=\"\" width=\"680\" height=\"405\" srcset=\"https:\/\/news.save.ch\/wp-content\/uploads\/2023\/06\/Inspektions-Crawler-680x405.png 680w, https:\/\/news.save.ch\/wp-content\/uploads\/2023\/06\/Inspektions-Crawler-1024x610.png 1024w, https:\/\/news.save.ch\/wp-content\/uploads\/2023\/06\/Inspektions-Crawler-768x457.png 768w, https:\/\/news.save.ch\/wp-content\/uploads\/2023\/06\/Inspektions-Crawler-18x12.png 18w, https:\/\/news.save.ch\/wp-content\/uploads\/2023\/06\/Inspektions-Crawler-375x223.png 375w, https:\/\/news.save.ch\/wp-content\/uploads\/2023\/06\/Inspektions-Crawler-588x350.png 588w, https:\/\/news.save.ch\/wp-content\/uploads\/2023\/06\/Inspektions-Crawler-1000x595.png 1000w, https:\/\/news.save.ch\/wp-content\/uploads\/2023\/06\/Inspektions-Crawler.png 1200w\" sizes=\"auto, (max-width: 680px) 100vw, 680px\" \/><figcaption id=\"caption-attachment-20119\" class=\"wp-caption-text\">SVTI is also pursuing innovative projects such as robot- or crawler-assisted inspections.<br \/>\u00a9 SVTI<\/figcaption><\/figure>","protected":false},"excerpt":{"rendered":"<p>Die 154. Vereinsversammlung des SVTI (Schweizerischer Verein f\u00fcr technische Inspektionen) f\u00fchrte Mitglieder, G\u00f6nner und G\u00e4ste in die Westschweiz nach Neuch\u00e2tel. Der statutarische Teil wurde gewohnt kurz gehalten, sodass das Rahmenprogramm den Teilnehmenden mehr Zeit und Gelegenheit f\u00fcr Information und Networking bot. Neues Vorstandsmitglied und Anpassung der Statuten Nach zw\u00f6lf Jahren im SVTI-Vorstand ist Daniel Rebsamen, [&hellip;]<\/p>\n","protected":false},"author":8,"featured_media":20118,"comment_status":"closed","ping_status":"closed","sticky":false,"template":"","format":"standard","meta":{"_acf_changed":false,"pgc_sgb_lightbox_settings":"","footnotes":""},"categories":[1],"tags":[3045],"class_list":["post-20117","post","type-post","status-publish","format-standard","has-post-thumbnail","hentry","category-allgemein","tag-svti-gruppe"],"acf":[],"hkrextid":null,"publication":null,"issue":null,"workflow":null,"startPage":null,"spitzmarke":null,"_posts_by_tag_page_fields":null,"_at_widget":null,"_yoast_wpseo_primary_category":"","_yoast_wpseo_focuskw_text_input":null,"_yoast_wpseo_opengraph-image":null,"_yoast_wpseo_opengraph-description":null,"_yoast_wpseo_opengraph-title":null,"enclosure":null,"_yoast_wpseo_twitter-title":null,"_yoast_wpseo_twitter-description":null,"_yoast_wpseo_twitter-image":null,"_wp_old_slug":null,"_yoast_wpseo_title":null,"_yoast_wpseo_canonical":null,"yoast_head":"<!-- This site is optimized with the Yoast SEO plugin v27.5 - https:\/\/yoast.com\/product\/yoast-seo-wordpress\/ -->\n<title>SVTI mit solidem Ergebnis - Save<\/title>\n<meta name=\"description\" content=\"Der SVTI pr\u00e4sentiert anl\u00e4sslich seiner 154. Jahresversammlung ein solides finanzielles Ergebnis.\" \/>\n<meta name=\"robots\" content=\"index, follow, max-snippet:-1, max-image-preview:large, max-video-preview:-1\" \/>\n<link rel=\"canonical\" href=\"https:\/\/news.save.ch\/en\/svti-mit-solidem-ergebnis\/\" \/>\n<meta property=\"og:locale\" content=\"en_US\" \/>\n<meta property=\"og:type\" content=\"article\" \/>\n<meta property=\"og:title\" content=\"SVTI mit solidem Ergebnis - Save\" \/>\n<meta property=\"og:description\" content=\"Der SVTI pr\u00e4sentiert anl\u00e4sslich seiner 154. Jahresversammlung ein solides finanzielles Ergebnis.\" \/>\n<meta property=\"og:url\" content=\"https:\/\/news.save.ch\/en\/svti-mit-solidem-ergebnis\/\" \/>\n<meta property=\"og:site_name\" content=\"Save\" \/>\n<meta property=\"article:published_time\" content=\"2023-06-22T04:17:20+00:00\" \/>\n<meta property=\"og:image\" content=\"https:\/\/news.save.ch\/wp-content\/uploads\/2023\/06\/4-scaled.jpg\" \/>\n\t<meta property=\"og:image:width\" content=\"1400\" \/>\n\t<meta property=\"og:image:height\" content=\"933\" \/>\n\t<meta property=\"og:image:type\" content=\"image\/jpeg\" \/>\n<meta name=\"author\" content=\"Roger Str\u00e4ssle\" \/>\n<meta name=\"twitter:card\" content=\"summary_large_image\" \/>\n<meta name=\"twitter:label1\" content=\"Written by\" \/>\n\t<meta name=\"twitter:data1\" content=\"Roger Str\u00e4ssle\" \/>\n\t<meta name=\"twitter:label2\" content=\"Est. reading time\" \/>\n\t<meta name=\"twitter:data2\" content=\"4 minutes\" \/>\n<script type=\"application\/ld+json\" class=\"yoast-schema-graph\">{\"@context\":\"https:\\\/\\\/schema.org\",\"@graph\":[{\"@type\":\"Article\",\"@id\":\"https:\\\/\\\/news.save.ch\\\/svti-mit-solidem-ergebnis\\\/#article\",\"isPartOf\":{\"@id\":\"https:\\\/\\\/news.save.ch\\\/svti-mit-solidem-ergebnis\\\/\"},\"author\":{\"name\":\"Roger Str\u00e4ssle\",\"@id\":\"https:\\\/\\\/news.save.ch\\\/de\\\/#\\\/schema\\\/person\\\/d5022db048e0e2b9785c50e5b24da5aa\"},\"headline\":\"SVTI mit solidem Ergebnis\",\"datePublished\":\"2023-06-22T04:17:20+00:00\",\"mainEntityOfPage\":{\"@id\":\"https:\\\/\\\/news.save.ch\\\/svti-mit-solidem-ergebnis\\\/\"},\"wordCount\":577,\"publisher\":{\"@id\":\"https:\\\/\\\/news.save.ch\\\/de\\\/#organization\"},\"image\":{\"@id\":\"https:\\\/\\\/news.save.ch\\\/svti-mit-solidem-ergebnis\\\/#primaryimage\"},\"thumbnailUrl\":\"https:\\\/\\\/news.save.ch\\\/wp-content\\\/uploads\\\/2023\\\/06\\\/4-scaled.jpg\",\"keywords\":[\"SVTI-Gruppe\"],\"articleSection\":[\"ALLGEMEIN\"],\"inLanguage\":\"en-US\"},{\"@type\":\"WebPage\",\"@id\":\"https:\\\/\\\/news.save.ch\\\/svti-mit-solidem-ergebnis\\\/\",\"url\":\"https:\\\/\\\/news.save.ch\\\/svti-mit-solidem-ergebnis\\\/\",\"name\":\"SVTI mit solidem Ergebnis - Save\",\"isPartOf\":{\"@id\":\"https:\\\/\\\/news.save.ch\\\/de\\\/#website\"},\"primaryImageOfPage\":{\"@id\":\"https:\\\/\\\/news.save.ch\\\/svti-mit-solidem-ergebnis\\\/#primaryimage\"},\"image\":{\"@id\":\"https:\\\/\\\/news.save.ch\\\/svti-mit-solidem-ergebnis\\\/#primaryimage\"},\"thumbnailUrl\":\"https:\\\/\\\/news.save.ch\\\/wp-content\\\/uploads\\\/2023\\\/06\\\/4-scaled.jpg\",\"datePublished\":\"2023-06-22T04:17:20+00:00\",\"description\":\"Der SVTI pr\u00e4sentiert anl\u00e4sslich seiner 154. Jahresversammlung ein solides finanzielles Ergebnis.\",\"breadcrumb\":{\"@id\":\"https:\\\/\\\/news.save.ch\\\/svti-mit-solidem-ergebnis\\\/#breadcrumb\"},\"inLanguage\":\"en-US\",\"potentialAction\":[{\"@type\":\"ReadAction\",\"target\":[\"https:\\\/\\\/news.save.ch\\\/svti-mit-solidem-ergebnis\\\/\"]}]},{\"@type\":\"ImageObject\",\"inLanguage\":\"en-US\",\"@id\":\"https:\\\/\\\/news.save.ch\\\/svti-mit-solidem-ergebnis\\\/#primaryimage\",\"url\":\"https:\\\/\\\/news.save.ch\\\/wp-content\\\/uploads\\\/2023\\\/06\\\/4-scaled.jpg\",\"contentUrl\":\"https:\\\/\\\/news.save.ch\\\/wp-content\\\/uploads\\\/2023\\\/06\\\/4-scaled.jpg\",\"width\":1400,\"height\":933,\"caption\":\"SVTI-Vorstandspr\u00e4sident Udo M. B\u00e4ckert an der 154. Vereinsversammlung.\"},{\"@type\":\"BreadcrumbList\",\"@id\":\"https:\\\/\\\/news.save.ch\\\/svti-mit-solidem-ergebnis\\\/#breadcrumb\",\"itemListElement\":[{\"@type\":\"ListItem\",\"position\":1,\"name\":\"Home\",\"item\":\"https:\\\/\\\/news.save.ch\\\/de\\\/\"},{\"@type\":\"ListItem\",\"position\":2,\"name\":\"SVTI mit solidem Ergebnis\"}]},{\"@type\":\"WebSite\",\"@id\":\"https:\\\/\\\/news.save.ch\\\/de\\\/#website\",\"url\":\"https:\\\/\\\/news.save.ch\\\/de\\\/\",\"name\":\"Save\",\"description\":\"Schweizer Fachzeitschrift f\u00fcr Sicherheit\",\"publisher\":{\"@id\":\"https:\\\/\\\/news.save.ch\\\/de\\\/#organization\"},\"potentialAction\":[{\"@type\":\"SearchAction\",\"target\":{\"@type\":\"EntryPoint\",\"urlTemplate\":\"https:\\\/\\\/news.save.ch\\\/de\\\/?s={search_term_string}\"},\"query-input\":{\"@type\":\"PropertyValueSpecification\",\"valueRequired\":true,\"valueName\":\"search_term_string\"}}],\"inLanguage\":\"en-US\"},{\"@type\":\"Organization\",\"@id\":\"https:\\\/\\\/news.save.ch\\\/de\\\/#organization\",\"name\":\"Sicherheitsforum\",\"url\":\"https:\\\/\\\/news.save.ch\\\/de\\\/\",\"logo\":{\"@type\":\"ImageObject\",\"inLanguage\":\"en-US\",\"@id\":\"https:\\\/\\\/news.save.ch\\\/de\\\/#\\\/schema\\\/logo\\\/image\\\/\",\"url\":\"https:\\\/\\\/news.save.ch\\\/wp-content\\\/uploads\\\/2022\\\/06\\\/Logo_SF_2012.png\",\"contentUrl\":\"https:\\\/\\\/news.save.ch\\\/wp-content\\\/uploads\\\/2022\\\/06\\\/Logo_SF_2012.png\",\"width\":1100,\"height\":91,\"caption\":\"Sicherheitsforum\"},\"image\":{\"@id\":\"https:\\\/\\\/news.save.ch\\\/de\\\/#\\\/schema\\\/logo\\\/image\\\/\"}},{\"@type\":\"Person\",\"@id\":\"https:\\\/\\\/news.save.ch\\\/de\\\/#\\\/schema\\\/person\\\/d5022db048e0e2b9785c50e5b24da5aa\",\"name\":\"Roger Str\u00e4ssle\",\"image\":{\"@type\":\"ImageObject\",\"inLanguage\":\"en-US\",\"@id\":\"https:\\\/\\\/secure.gravatar.com\\\/avatar\\\/862a5569d087de48e5856e32f45d719a03804c891d6deb8d4f71a660e79e4a47?s=96&d=mm&r=g\",\"url\":\"https:\\\/\\\/secure.gravatar.com\\\/avatar\\\/862a5569d087de48e5856e32f45d719a03804c891d6deb8d4f71a660e79e4a47?s=96&d=mm&r=g\",\"contentUrl\":\"https:\\\/\\\/secure.gravatar.com\\\/avatar\\\/862a5569d087de48e5856e32f45d719a03804c891d6deb8d4f71a660e79e4a47?s=96&d=mm&r=g\",\"caption\":\"Roger Str\u00e4ssle\"},\"url\":\"https:\\\/\\\/news.save.ch\\\/en\\\/author\\\/roger-straessle\\\/\"}]}<\/script>\n<!-- \/ Yoast SEO plugin. -->","yoast_head_json":{"title":"SVTI with solid result - Save","description":"The SVTI presents a solid financial result on the occasion of its 154th Annual General Meeting.","robots":{"index":"index","follow":"follow","max-snippet":"max-snippet:-1","max-image-preview":"max-image-preview:large","max-video-preview":"max-video-preview:-1"},"canonical":"https:\/\/news.save.ch\/en\/svti-mit-solidem-ergebnis\/","og_locale":"en_US","og_type":"article","og_title":"SVTI mit solidem Ergebnis - Save","og_description":"Der SVTI pr\u00e4sentiert anl\u00e4sslich seiner 154. Jahresversammlung ein solides finanzielles Ergebnis.","og_url":"https:\/\/news.save.ch\/en\/svti-mit-solidem-ergebnis\/","og_site_name":"Save","article_published_time":"2023-06-22T04:17:20+00:00","og_image":[{"width":1400,"height":933,"url":"https:\/\/news.save.ch\/wp-content\/uploads\/2023\/06\/4-scaled.jpg","type":"image\/jpeg"}],"author":"Roger Str\u00e4ssle","twitter_card":"summary_large_image","twitter_misc":{"Written by":"Roger Str\u00e4ssle","Est. reading time":"4 minutes"},"schema":{"@context":"https:\/\/schema.org","@graph":[{"@type":"Article","@id":"https:\/\/news.save.ch\/svti-mit-solidem-ergebnis\/#article","isPartOf":{"@id":"https:\/\/news.save.ch\/svti-mit-solidem-ergebnis\/"},"author":{"name":"Roger Str\u00e4ssle","@id":"https:\/\/news.save.ch\/de\/#\/schema\/person\/d5022db048e0e2b9785c50e5b24da5aa"},"headline":"SVTI mit solidem Ergebnis","datePublished":"2023-06-22T04:17:20+00:00","mainEntityOfPage":{"@id":"https:\/\/news.save.ch\/svti-mit-solidem-ergebnis\/"},"wordCount":577,"publisher":{"@id":"https:\/\/news.save.ch\/de\/#organization"},"image":{"@id":"https:\/\/news.save.ch\/svti-mit-solidem-ergebnis\/#primaryimage"},"thumbnailUrl":"https:\/\/news.save.ch\/wp-content\/uploads\/2023\/06\/4-scaled.jpg","keywords":["SVTI-Gruppe"],"articleSection":["ALLGEMEIN"],"inLanguage":"en-US"},{"@type":"WebPage","@id":"https:\/\/news.save.ch\/svti-mit-solidem-ergebnis\/","url":"https:\/\/news.save.ch\/svti-mit-solidem-ergebnis\/","name":"SVTI with solid result - Save","isPartOf":{"@id":"https:\/\/news.save.ch\/de\/#website"},"primaryImageOfPage":{"@id":"https:\/\/news.save.ch\/svti-mit-solidem-ergebnis\/#primaryimage"},"image":{"@id":"https:\/\/news.save.ch\/svti-mit-solidem-ergebnis\/#primaryimage"},"thumbnailUrl":"https:\/\/news.save.ch\/wp-content\/uploads\/2023\/06\/4-scaled.jpg","datePublished":"2023-06-22T04:17:20+00:00","description":"The SVTI presents a solid financial result on the occasion of its 154th Annual General Meeting.","breadcrumb":{"@id":"https:\/\/news.save.ch\/svti-mit-solidem-ergebnis\/#breadcrumb"},"inLanguage":"en-US","potentialAction":[{"@type":"ReadAction","target":["https:\/\/news.save.ch\/svti-mit-solidem-ergebnis\/"]}]},{"@type":"ImageObject","inLanguage":"en-US","@id":"https:\/\/news.save.ch\/svti-mit-solidem-ergebnis\/#primaryimage","url":"https:\/\/news.save.ch\/wp-content\/uploads\/2023\/06\/4-scaled.jpg","contentUrl":"https:\/\/news.save.ch\/wp-content\/uploads\/2023\/06\/4-scaled.jpg","width":1400,"height":933,"caption":"SVTI-Vorstandspr\u00e4sident Udo M. B\u00e4ckert an der 154. Vereinsversammlung."},{"@type":"BreadcrumbList","@id":"https:\/\/news.save.ch\/svti-mit-solidem-ergebnis\/#breadcrumb","itemListElement":[{"@type":"ListItem","position":1,"name":"Home","item":"https:\/\/news.save.ch\/de\/"},{"@type":"ListItem","position":2,"name":"SVTI mit solidem Ergebnis"}]},{"@type":"WebSite","@id":"https:\/\/news.save.ch\/de\/#website","url":"https:\/\/news.save.ch\/de\/","name":"Save","description":"Swiss trade journal for safety","publisher":{"@id":"https:\/\/news.save.ch\/de\/#organization"},"potentialAction":[{"@type":"SearchAction","target":{"@type":"EntryPoint","urlTemplate":"https:\/\/news.save.ch\/de\/?s={search_term_string}"},"query-input":{"@type":"PropertyValueSpecification","valueRequired":true,"valueName":"search_term_string"}}],"inLanguage":"en-US"},{"@type":"Organization","@id":"https:\/\/news.save.ch\/de\/#organization","name":"Security Forum","url":"https:\/\/news.save.ch\/de\/","logo":{"@type":"ImageObject","inLanguage":"en-US","@id":"https:\/\/news.save.ch\/de\/#\/schema\/logo\/image\/","url":"https:\/\/news.save.ch\/wp-content\/uploads\/2022\/06\/Logo_SF_2012.png","contentUrl":"https:\/\/news.save.ch\/wp-content\/uploads\/2022\/06\/Logo_SF_2012.png","width":1100,"height":91,"caption":"Sicherheitsforum"},"image":{"@id":"https:\/\/news.save.ch\/de\/#\/schema\/logo\/image\/"}},{"@type":"Person","@id":"https:\/\/news.save.ch\/de\/#\/schema\/person\/d5022db048e0e2b9785c50e5b24da5aa","name":"Roger Str\u00e4ssle","image":{"@type":"ImageObject","inLanguage":"en-US","@id":"https:\/\/secure.gravatar.com\/avatar\/862a5569d087de48e5856e32f45d719a03804c891d6deb8d4f71a660e79e4a47?s=96&d=mm&r=g","url":"https:\/\/secure.gravatar.com\/avatar\/862a5569d087de48e5856e32f45d719a03804c891d6deb8d4f71a660e79e4a47?s=96&d=mm&r=g","contentUrl":"https:\/\/secure.gravatar.com\/avatar\/862a5569d087de48e5856e32f45d719a03804c891d6deb8d4f71a660e79e4a47?s=96&d=mm&r=g","caption":"Roger Str\u00e4ssle"},"url":"https:\/\/news.save.ch\/en\/author\/roger-straessle\/"}]}},"_links":{"self":[{"href":"https:\/\/news.save.ch\/en\/wp-json\/wp\/v2\/posts\/20117","targetHints":{"allow":["GET"]}}],"collection":[{"href":"https:\/\/news.save.ch\/en\/wp-json\/wp\/v2\/posts"}],"about":[{"href":"https:\/\/news.save.ch\/en\/wp-json\/wp\/v2\/types\/post"}],"author":[{"embeddable":true,"href":"https:\/\/news.save.ch\/en\/wp-json\/wp\/v2\/users\/8"}],"replies":[{"embeddable":true,"href":"https:\/\/news.save.ch\/en\/wp-json\/wp\/v2\/comments?post=20117"}],"version-history":[{"count":2,"href":"https:\/\/news.save.ch\/en\/wp-json\/wp\/v2\/posts\/20117\/revisions"}],"predecessor-version":[{"id":20121,"href":"https:\/\/news.save.ch\/en\/wp-json\/wp\/v2\/posts\/20117\/revisions\/20121"}],"wp:featuredmedia":[{"embeddable":true,"href":"https:\/\/news.save.ch\/en\/wp-json\/wp\/v2\/media\/20118"}],"wp:attachment":[{"href":"https:\/\/news.save.ch\/en\/wp-json\/wp\/v2\/media?parent=20117"}],"wp:term":[{"taxonomy":"category","embeddable":true,"href":"https:\/\/news.save.ch\/en\/wp-json\/wp\/v2\/categories?post=20117"},{"taxonomy":"post_tag","embeddable":true,"href":"https:\/\/news.save.ch\/en\/wp-json\/wp\/v2\/tags?post=20117"}],"curies":[{"name":"wp","href":"https:\/\/api.w.org\/{rel}","templated":true}]}}