{"id":2019,"date":"2015-10-28T15:49:08","date_gmt":"2015-10-28T14:49:08","guid":{"rendered":"https:\/\/dev.sicherheitsforum.ch\/?p=2019"},"modified":"2023-03-14T09:00:03","modified_gmt":"2023-03-14T08:00:03","slug":"perimeter-protection-zauntechnik-und-gebaeudesicherheit","status":null,"type":"post","link":"https:\/\/news.save.ch\/en\/perimeter-protection-zauntechnik-und-gebaeudesicherheit\/","title":{"rendered":"Perimeter Protection: fencing technology and building security"},"content":{"rendered":"<figure id=\"attachment_2021\" aria-describedby=\"caption-attachment-2021\" style=\"width: 680px\" class=\"wp-caption alignnone\"><img loading=\"lazy\" decoding=\"async\" class=\"wp-image-2021 size-medium\" src=\"https:\/\/news.save.ch\/wp-content\/uploads\/2016\/12\/Perimeter-Protection-Zauntechnik-und-Geb\u00e4udesicherheit-sicherheitsforum.jpg\" width=\"680\" height=\"453\" \/><figcaption id=\"caption-attachment-2021\" class=\"wp-caption-text\">Photo: N\u00fcrnbergMesse<\/figcaption><\/figure>\n<p>&nbsp;<\/p>\n<p>The <a href=\"https:\/\/www.perimeter-protection.de\" target=\"_blank\" data-cke-saved-href=\"https:\/\/www.perimeter-protection.de\" rel=\"noopener\">international trade fair for perimeter protection <\/a>takes up the topics of fencing technology and building security. The exhibition shows the entire range of mechanical and electronic systems for outdoor protection. According to N\u00fcrnberg Messe, over 3700 square meters (2014: 3270) of exhibition space are occupied.<\/p>\n<p>An essential component of a successful safety concept is lighting, for example an automatically switched lighting system or infrared lighting. For this reason, there will be a special \"Light &amp; Security\" area at the trade show for the first time. It illustrates the special requirements for lighting in perimeter and building protection.<\/p>\n<p>Parallel to the exhibition, on the first two days of the fair, there will be a <a title=\"to the program\" href=\"https:\/\/www.perimeter-protection.de\/de\/kongress\/programm\" target=\"_blank\" data-cke-saved-href=\"https:\/\/www.perimeter-protection.de\/de\/kongress\/programm\" rel=\"noopener\">Accompanying specialist congress<\/a> organized by the Association for Security Technology (VfS). Security experts will discuss the special challenges of optimal external security. They will look at the entire process, from planning and contracting to implementation and acceptance. The congress is aimed not only at specialist planners and manufacturers, but also at users, system suppliers and installers. It also offers an interesting knowledge platform for authorities responsible for security solutions in outdoor areas of commerce, industry and public facilities.<\/p>","protected":false},"excerpt":{"rendered":"<p>&nbsp; Die internationale Fachmesse f\u00fcr Perimeterschutz greift die Themen Zauntechnik und Geb\u00e4udesicherheit auf. Die Fachmesse zeigt den ganzen Bereich der mechanischen und elektronischen Systeme f\u00fcr den Freigel\u00e4ndeschutz.\u00a0Gem\u00e4ss N\u00fcrnberg Messe sind \u00fcber 3700 Quadratmeter\u00a0(2014: 3270) Ausstellungsfl\u00e4che belegt. Ein wesentlicher Bestandteil eines erfolgreichen Sicherheitskonzepts sei die Beleuchtung, beispielsweise eine automatisch geschaltete Lichtanlage oder Infrarotbeleuchtung. Deshalb wird es [&hellip;]<\/p>\n","protected":false},"author":1,"featured_media":2021,"comment_status":"open","ping_status":"open","sticky":false,"template":"","format":"standard","meta":{"_acf_changed":false,"pgc_sgb_lightbox_settings":"","footnotes":""},"categories":[3312],"tags":[84,157,158,90],"class_list":["post-2019","post","type-post","status-publish","format-standard","has-post-thumbnail","hentry","category-sicherheit","tag-fachkongressfachmesse","tag-video-security","tag-zutrittskontrolle","tag-zutrittskontrollevideo-security"],"acf":[],"hkrextid":null,"publication":null,"issue":null,"workflow":null,"startPage":null,"spitzmarke":null,"_posts_by_tag_page_fields":{"widget_title":"","widget_tags":""},"_at_widget":"1","_yoast_wpseo_primary_category":"3303","_yoast_wpseo_focuskw_text_input":"Perimeter Protection","_yoast_wpseo_opengraph-image":"https:\/\/news.save.ch\/wp-content\/uploads\/2016\/12\/Perimeter-Protection-Zauntechnik-und-Geb\u00e4udesicherheit-sicherheitsforum.jpg","_yoast_wpseo_opengraph-description":"Im Messezentrum N\u00fcrnberg, Deutschland, findet vom 12. bis 14. Januar 2016 die \u201ePerimeter Protection\u201c statt.","_yoast_wpseo_opengraph-title":"Perimeter Protection: Zauntechnik und Geb\u00e4udesicherheit","enclosure":null,"_yoast_wpseo_twitter-title":null,"_yoast_wpseo_twitter-description":null,"_yoast_wpseo_twitter-image":null,"_wp_old_slug":null,"_yoast_wpseo_title":null,"_yoast_wpseo_canonical":null,"yoast_head":"<!-- This site is optimized with the Yoast SEO plugin v27.4 - https:\/\/yoast.com\/product\/yoast-seo-wordpress\/ -->\n<title>Perimeter Protection: Zauntechnik und Geb\u00e4udesicherheit - Save<\/title>\n<meta name=\"description\" content=\"Im Messezentrum N\u00fcrnberg, Deutschland, findet vom 12. bis 14. Januar 2016 die internationale Fachmesse f\u00fcr Perimeterschutz \u201ePerimeter Protection\u201c statt.\" \/>\n<meta name=\"robots\" content=\"index, follow, max-snippet:-1, max-image-preview:large, max-video-preview:-1\" \/>\n<link rel=\"canonical\" href=\"https:\/\/news.save.ch\/en\/perimeter-protection-zauntechnik-und-gebaeudesicherheit\/\" \/>\n<meta property=\"og:locale\" content=\"en_US\" \/>\n<meta property=\"og:type\" content=\"article\" \/>\n<meta property=\"og:title\" content=\"Perimeter Protection: Zauntechnik und Geb\u00e4udesicherheit\" \/>\n<meta property=\"og:description\" content=\"Im Messezentrum N\u00fcrnberg, Deutschland, findet vom 12. bis 14. Januar 2016 die \u201ePerimeter Protection\u201c statt.\" \/>\n<meta property=\"og:url\" content=\"https:\/\/news.save.ch\/en\/perimeter-protection-zauntechnik-und-gebaeudesicherheit\/\" \/>\n<meta property=\"og:site_name\" content=\"Save\" \/>\n<meta property=\"article:published_time\" content=\"2015-10-28T14:49:08+00:00\" \/>\n<meta property=\"article:modified_time\" content=\"2023-03-14T08:00:03+00:00\" \/>\n<meta property=\"og:image\" content=\"https:\/\/news.save.ch\/wp-content\/uploads\/2016\/12\/Perimeter-Protection-Zauntechnik-und-Geb\u00e4udesicherheit-sicherheitsforum.jpg\" \/>\n<meta name=\"author\" content=\"admin\" \/>\n<meta name=\"twitter:card\" content=\"summary_large_image\" \/>\n<meta name=\"twitter:label1\" content=\"Written by\" \/>\n\t<meta name=\"twitter:data1\" content=\"admin\" \/>\n\t<meta name=\"twitter:label2\" content=\"Est. reading time\" \/>\n\t<meta name=\"twitter:data2\" content=\"1 minute\" \/>\n<script type=\"application\/ld+json\" class=\"yoast-schema-graph\">{\"@context\":\"https:\\\/\\\/schema.org\",\"@graph\":[{\"@type\":\"Article\",\"@id\":\"https:\\\/\\\/news.save.ch\\\/perimeter-protection-zauntechnik-und-gebaeudesicherheit\\\/#article\",\"isPartOf\":{\"@id\":\"https:\\\/\\\/news.save.ch\\\/perimeter-protection-zauntechnik-und-gebaeudesicherheit\\\/\"},\"author\":{\"name\":\"admin\",\"@id\":\"https:\\\/\\\/news.save.ch\\\/de\\\/#\\\/schema\\\/person\\\/d49e199490bad7c70d64b9ab51142f2b\"},\"headline\":\"Perimeter Protection: Zauntechnik und Geb\u00e4udesicherheit\",\"datePublished\":\"2015-10-28T14:49:08+00:00\",\"dateModified\":\"2023-03-14T08:00:03+00:00\",\"mainEntityOfPage\":{\"@id\":\"https:\\\/\\\/news.save.ch\\\/perimeter-protection-zauntechnik-und-gebaeudesicherheit\\\/\"},\"wordCount\":192,\"commentCount\":0,\"publisher\":{\"@id\":\"https:\\\/\\\/news.save.ch\\\/de\\\/#organization\"},\"image\":{\"@id\":\"https:\\\/\\\/news.save.ch\\\/perimeter-protection-zauntechnik-und-gebaeudesicherheit\\\/#primaryimage\"},\"thumbnailUrl\":\"https:\\\/\\\/news.save.ch\\\/wp-content\\\/uploads\\\/2016\\\/12\\\/Perimeter-Protection-Zauntechnik-und-Gebaeudesicherheit-sicherheitsforum-scaled-1-scaled.jpg\",\"keywords\":[\"Fachkongress\\\/Fachmesse\",\"Video-Security\",\"Zutrittskontrolle\",\"Zutrittskontrolle\\\/Video-Security\"],\"articleSection\":[\"SICHERHEIT\"],\"inLanguage\":\"en-US\"},{\"@type\":\"WebPage\",\"@id\":\"https:\\\/\\\/news.save.ch\\\/perimeter-protection-zauntechnik-und-gebaeudesicherheit\\\/\",\"url\":\"https:\\\/\\\/news.save.ch\\\/perimeter-protection-zauntechnik-und-gebaeudesicherheit\\\/\",\"name\":\"Perimeter Protection: Zauntechnik und Geb\u00e4udesicherheit - Save\",\"isPartOf\":{\"@id\":\"https:\\\/\\\/news.save.ch\\\/de\\\/#website\"},\"primaryImageOfPage\":{\"@id\":\"https:\\\/\\\/news.save.ch\\\/perimeter-protection-zauntechnik-und-gebaeudesicherheit\\\/#primaryimage\"},\"image\":{\"@id\":\"https:\\\/\\\/news.save.ch\\\/perimeter-protection-zauntechnik-und-gebaeudesicherheit\\\/#primaryimage\"},\"thumbnailUrl\":\"https:\\\/\\\/news.save.ch\\\/wp-content\\\/uploads\\\/2016\\\/12\\\/Perimeter-Protection-Zauntechnik-und-Gebaeudesicherheit-sicherheitsforum-scaled-1-scaled.jpg\",\"datePublished\":\"2015-10-28T14:49:08+00:00\",\"dateModified\":\"2023-03-14T08:00:03+00:00\",\"description\":\"Im Messezentrum N\u00fcrnberg, Deutschland, findet vom 12. bis 14. Januar 2016 die internationale Fachmesse f\u00fcr Perimeterschutz \u201ePerimeter Protection\u201c statt.\",\"breadcrumb\":{\"@id\":\"https:\\\/\\\/news.save.ch\\\/perimeter-protection-zauntechnik-und-gebaeudesicherheit\\\/#breadcrumb\"},\"inLanguage\":\"en-US\",\"potentialAction\":[{\"@type\":\"ReadAction\",\"target\":[\"https:\\\/\\\/news.save.ch\\\/perimeter-protection-zauntechnik-und-gebaeudesicherheit\\\/\"]}]},{\"@type\":\"ImageObject\",\"inLanguage\":\"en-US\",\"@id\":\"https:\\\/\\\/news.save.ch\\\/perimeter-protection-zauntechnik-und-gebaeudesicherheit\\\/#primaryimage\",\"url\":\"https:\\\/\\\/news.save.ch\\\/wp-content\\\/uploads\\\/2016\\\/12\\\/Perimeter-Protection-Zauntechnik-und-Gebaeudesicherheit-sicherheitsforum-scaled-1-scaled.jpg\",\"contentUrl\":\"https:\\\/\\\/news.save.ch\\\/wp-content\\\/uploads\\\/2016\\\/12\\\/Perimeter-Protection-Zauntechnik-und-Gebaeudesicherheit-sicherheitsforum-scaled-1-scaled.jpg\",\"width\":1400,\"height\":934,\"caption\":\"Foto: N\u00fcrnbergMesse\"},{\"@type\":\"BreadcrumbList\",\"@id\":\"https:\\\/\\\/news.save.ch\\\/perimeter-protection-zauntechnik-und-gebaeudesicherheit\\\/#breadcrumb\",\"itemListElement\":[{\"@type\":\"ListItem\",\"position\":1,\"name\":\"Home\",\"item\":\"https:\\\/\\\/news.save.ch\\\/de\\\/\"},{\"@type\":\"ListItem\",\"position\":2,\"name\":\"Perimeter Protection: Zauntechnik und Geb\u00e4udesicherheit\"}]},{\"@type\":\"WebSite\",\"@id\":\"https:\\\/\\\/news.save.ch\\\/de\\\/#website\",\"url\":\"https:\\\/\\\/news.save.ch\\\/de\\\/\",\"name\":\"Save\",\"description\":\"Schweizer Fachzeitschrift f\u00fcr Sicherheit\",\"publisher\":{\"@id\":\"https:\\\/\\\/news.save.ch\\\/de\\\/#organization\"},\"potentialAction\":[{\"@type\":\"SearchAction\",\"target\":{\"@type\":\"EntryPoint\",\"urlTemplate\":\"https:\\\/\\\/news.save.ch\\\/de\\\/?s={search_term_string}\"},\"query-input\":{\"@type\":\"PropertyValueSpecification\",\"valueRequired\":true,\"valueName\":\"search_term_string\"}}],\"inLanguage\":\"en-US\"},{\"@type\":\"Organization\",\"@id\":\"https:\\\/\\\/news.save.ch\\\/de\\\/#organization\",\"name\":\"Sicherheitsforum\",\"url\":\"https:\\\/\\\/news.save.ch\\\/de\\\/\",\"logo\":{\"@type\":\"ImageObject\",\"inLanguage\":\"en-US\",\"@id\":\"https:\\\/\\\/news.save.ch\\\/de\\\/#\\\/schema\\\/logo\\\/image\\\/\",\"url\":\"https:\\\/\\\/news.save.ch\\\/wp-content\\\/uploads\\\/2022\\\/06\\\/Logo_SF_2012.png\",\"contentUrl\":\"https:\\\/\\\/news.save.ch\\\/wp-content\\\/uploads\\\/2022\\\/06\\\/Logo_SF_2012.png\",\"width\":1100,\"height\":91,\"caption\":\"Sicherheitsforum\"},\"image\":{\"@id\":\"https:\\\/\\\/news.save.ch\\\/de\\\/#\\\/schema\\\/logo\\\/image\\\/\"}},{\"@type\":\"Person\",\"@id\":\"https:\\\/\\\/news.save.ch\\\/de\\\/#\\\/schema\\\/person\\\/d49e199490bad7c70d64b9ab51142f2b\",\"name\":\"admin\",\"image\":{\"@type\":\"ImageObject\",\"inLanguage\":\"en-US\",\"@id\":\"https:\\\/\\\/secure.gravatar.com\\\/avatar\\\/ae2f4d718e6c49043e314ce431e7e645d646302a24a5ef5a8bc8e3f5a032e319?s=96&d=mm&r=g\",\"url\":\"https:\\\/\\\/secure.gravatar.com\\\/avatar\\\/ae2f4d718e6c49043e314ce431e7e645d646302a24a5ef5a8bc8e3f5a032e319?s=96&d=mm&r=g\",\"contentUrl\":\"https:\\\/\\\/secure.gravatar.com\\\/avatar\\\/ae2f4d718e6c49043e314ce431e7e645d646302a24a5ef5a8bc8e3f5a032e319?s=96&d=mm&r=g\",\"caption\":\"admin\"},\"sameAs\":[\"https:\\\/\\\/develop.organisator.galledia.ch\"],\"url\":\"https:\\\/\\\/news.save.ch\\\/en\\\/author\\\/admin\\\/\"}]}<\/script>\n<!-- \/ Yoast SEO plugin. -->","yoast_head_json":{"title":"Perimeter Protection: Fence technology and building security - Save","description":"The international trade fair for perimeter protection \"Perimeter Protection\" will be held at the Exhibition Center Nuremberg, Germany, from January 12-14, 2016.","robots":{"index":"index","follow":"follow","max-snippet":"max-snippet:-1","max-image-preview":"max-image-preview:large","max-video-preview":"max-video-preview:-1"},"canonical":"https:\/\/news.save.ch\/en\/perimeter-protection-zauntechnik-und-gebaeudesicherheit\/","og_locale":"en_US","og_type":"article","og_title":"Perimeter Protection: Zauntechnik und Geb\u00e4udesicherheit","og_description":"Im Messezentrum N\u00fcrnberg, Deutschland, findet vom 12. bis 14. Januar 2016 die \u201ePerimeter Protection\u201c statt.","og_url":"https:\/\/news.save.ch\/en\/perimeter-protection-zauntechnik-und-gebaeudesicherheit\/","og_site_name":"Save","article_published_time":"2015-10-28T14:49:08+00:00","article_modified_time":"2023-03-14T08:00:03+00:00","og_image":[{"url":"https:\/\/news.save.ch\/wp-content\/uploads\/2016\/12\/Perimeter-Protection-Zauntechnik-und-Geb\u00e4udesicherheit-sicherheitsforum.jpg","type":"","width":"","height":""}],"author":"admin","twitter_card":"summary_large_image","twitter_misc":{"Written by":"admin","Est. reading time":"1 minute"},"schema":{"@context":"https:\/\/schema.org","@graph":[{"@type":"Article","@id":"https:\/\/news.save.ch\/perimeter-protection-zauntechnik-und-gebaeudesicherheit\/#article","isPartOf":{"@id":"https:\/\/news.save.ch\/perimeter-protection-zauntechnik-und-gebaeudesicherheit\/"},"author":{"name":"admin","@id":"https:\/\/news.save.ch\/de\/#\/schema\/person\/d49e199490bad7c70d64b9ab51142f2b"},"headline":"Perimeter Protection: Zauntechnik und Geb\u00e4udesicherheit","datePublished":"2015-10-28T14:49:08+00:00","dateModified":"2023-03-14T08:00:03+00:00","mainEntityOfPage":{"@id":"https:\/\/news.save.ch\/perimeter-protection-zauntechnik-und-gebaeudesicherheit\/"},"wordCount":192,"commentCount":0,"publisher":{"@id":"https:\/\/news.save.ch\/de\/#organization"},"image":{"@id":"https:\/\/news.save.ch\/perimeter-protection-zauntechnik-und-gebaeudesicherheit\/#primaryimage"},"thumbnailUrl":"https:\/\/news.save.ch\/wp-content\/uploads\/2016\/12\/Perimeter-Protection-Zauntechnik-und-Gebaeudesicherheit-sicherheitsforum-scaled-1-scaled.jpg","keywords":["Fachkongress\/Fachmesse","Video-Security","Zutrittskontrolle","Zutrittskontrolle\/Video-Security"],"articleSection":["SICHERHEIT"],"inLanguage":"en-US"},{"@type":"WebPage","@id":"https:\/\/news.save.ch\/perimeter-protection-zauntechnik-und-gebaeudesicherheit\/","url":"https:\/\/news.save.ch\/perimeter-protection-zauntechnik-und-gebaeudesicherheit\/","name":"Perimeter Protection: Fence technology and building security - Save","isPartOf":{"@id":"https:\/\/news.save.ch\/de\/#website"},"primaryImageOfPage":{"@id":"https:\/\/news.save.ch\/perimeter-protection-zauntechnik-und-gebaeudesicherheit\/#primaryimage"},"image":{"@id":"https:\/\/news.save.ch\/perimeter-protection-zauntechnik-und-gebaeudesicherheit\/#primaryimage"},"thumbnailUrl":"https:\/\/news.save.ch\/wp-content\/uploads\/2016\/12\/Perimeter-Protection-Zauntechnik-und-Gebaeudesicherheit-sicherheitsforum-scaled-1-scaled.jpg","datePublished":"2015-10-28T14:49:08+00:00","dateModified":"2023-03-14T08:00:03+00:00","description":"The international trade fair for perimeter protection \"Perimeter Protection\" will be held at the Exhibition Center Nuremberg, Germany, from January 12-14, 2016.","breadcrumb":{"@id":"https:\/\/news.save.ch\/perimeter-protection-zauntechnik-und-gebaeudesicherheit\/#breadcrumb"},"inLanguage":"en-US","potentialAction":[{"@type":"ReadAction","target":["https:\/\/news.save.ch\/perimeter-protection-zauntechnik-und-gebaeudesicherheit\/"]}]},{"@type":"ImageObject","inLanguage":"en-US","@id":"https:\/\/news.save.ch\/perimeter-protection-zauntechnik-und-gebaeudesicherheit\/#primaryimage","url":"https:\/\/news.save.ch\/wp-content\/uploads\/2016\/12\/Perimeter-Protection-Zauntechnik-und-Gebaeudesicherheit-sicherheitsforum-scaled-1-scaled.jpg","contentUrl":"https:\/\/news.save.ch\/wp-content\/uploads\/2016\/12\/Perimeter-Protection-Zauntechnik-und-Gebaeudesicherheit-sicherheitsforum-scaled-1-scaled.jpg","width":1400,"height":934,"caption":"Foto: N\u00fcrnbergMesse"},{"@type":"BreadcrumbList","@id":"https:\/\/news.save.ch\/perimeter-protection-zauntechnik-und-gebaeudesicherheit\/#breadcrumb","itemListElement":[{"@type":"ListItem","position":1,"name":"Home","item":"https:\/\/news.save.ch\/de\/"},{"@type":"ListItem","position":2,"name":"Perimeter Protection: Zauntechnik und Geb\u00e4udesicherheit"}]},{"@type":"WebSite","@id":"https:\/\/news.save.ch\/de\/#website","url":"https:\/\/news.save.ch\/de\/","name":"Save","description":"Swiss trade journal for safety","publisher":{"@id":"https:\/\/news.save.ch\/de\/#organization"},"potentialAction":[{"@type":"SearchAction","target":{"@type":"EntryPoint","urlTemplate":"https:\/\/news.save.ch\/de\/?s={search_term_string}"},"query-input":{"@type":"PropertyValueSpecification","valueRequired":true,"valueName":"search_term_string"}}],"inLanguage":"en-US"},{"@type":"Organization","@id":"https:\/\/news.save.ch\/de\/#organization","name":"Security Forum","url":"https:\/\/news.save.ch\/de\/","logo":{"@type":"ImageObject","inLanguage":"en-US","@id":"https:\/\/news.save.ch\/de\/#\/schema\/logo\/image\/","url":"https:\/\/news.save.ch\/wp-content\/uploads\/2022\/06\/Logo_SF_2012.png","contentUrl":"https:\/\/news.save.ch\/wp-content\/uploads\/2022\/06\/Logo_SF_2012.png","width":1100,"height":91,"caption":"Sicherheitsforum"},"image":{"@id":"https:\/\/news.save.ch\/de\/#\/schema\/logo\/image\/"}},{"@type":"Person","@id":"https:\/\/news.save.ch\/de\/#\/schema\/person\/d49e199490bad7c70d64b9ab51142f2b","name":"admin","image":{"@type":"ImageObject","inLanguage":"en-US","@id":"https:\/\/secure.gravatar.com\/avatar\/ae2f4d718e6c49043e314ce431e7e645d646302a24a5ef5a8bc8e3f5a032e319?s=96&d=mm&r=g","url":"https:\/\/secure.gravatar.com\/avatar\/ae2f4d718e6c49043e314ce431e7e645d646302a24a5ef5a8bc8e3f5a032e319?s=96&d=mm&r=g","contentUrl":"https:\/\/secure.gravatar.com\/avatar\/ae2f4d718e6c49043e314ce431e7e645d646302a24a5ef5a8bc8e3f5a032e319?s=96&d=mm&r=g","caption":"admin"},"sameAs":["https:\/\/develop.organisator.galledia.ch"],"url":"https:\/\/news.save.ch\/en\/author\/admin\/"}]}},"_links":{"self":[{"href":"https:\/\/news.save.ch\/en\/wp-json\/wp\/v2\/posts\/2019","targetHints":{"allow":["GET"]}}],"collection":[{"href":"https:\/\/news.save.ch\/en\/wp-json\/wp\/v2\/posts"}],"about":[{"href":"https:\/\/news.save.ch\/en\/wp-json\/wp\/v2\/types\/post"}],"author":[{"embeddable":true,"href":"https:\/\/news.save.ch\/en\/wp-json\/wp\/v2\/users\/1"}],"replies":[{"embeddable":true,"href":"https:\/\/news.save.ch\/en\/wp-json\/wp\/v2\/comments?post=2019"}],"version-history":[{"count":1,"href":"https:\/\/news.save.ch\/en\/wp-json\/wp\/v2\/posts\/2019\/revisions"}],"predecessor-version":[{"id":18008,"href":"https:\/\/news.save.ch\/en\/wp-json\/wp\/v2\/posts\/2019\/revisions\/18008"}],"wp:featuredmedia":[{"embeddable":true,"href":"https:\/\/news.save.ch\/en\/wp-json\/wp\/v2\/media\/2021"}],"wp:attachment":[{"href":"https:\/\/news.save.ch\/en\/wp-json\/wp\/v2\/media?parent=2019"}],"wp:term":[{"taxonomy":"category","embeddable":true,"href":"https:\/\/news.save.ch\/en\/wp-json\/wp\/v2\/categories?post=2019"},{"taxonomy":"post_tag","embeddable":true,"href":"https:\/\/news.save.ch\/en\/wp-json\/wp\/v2\/tags?post=2019"}],"curies":[{"name":"wp","href":"https:\/\/api.w.org\/{rel}","templated":true}]}}