{"id":20263,"date":"2023-06-27T06:02:31","date_gmt":"2023-06-27T04:02:31","guid":{"rendered":"https:\/\/news.save.ch\/?p=20263"},"modified":"2023-07-03T08:53:10","modified_gmt":"2023-07-03T06:53:10","slug":"entfuehrungsalarm-neu-auf-alertswiss","status":null,"type":"post","link":"https:\/\/news.save.ch\/en\/entfuehrungsalarm-neu-auf-alertswiss\/","title":{"rendered":"Abduction alert new on Alertswiss"},"content":{"rendered":"<figure id=\"attachment_20267\" aria-describedby=\"caption-attachment-20267\" style=\"width: 680px\" class=\"wp-caption alignleft\"><img loading=\"lazy\" decoding=\"async\" class=\"size-medium wp-image-20267\" src=\"https:\/\/news.save.ch\/wp-content\/uploads\/2023\/06\/Bald-eine-Warn-App-fuer-die-Schweiz_sicherheitsforum-680x454.jpg\" alt=\"Alertswiss\" width=\"680\" height=\"454\" srcset=\"https:\/\/news.save.ch\/wp-content\/uploads\/2023\/06\/Bald-eine-Warn-App-fuer-die-Schweiz_sicherheitsforum-680x454.jpg 680w, https:\/\/news.save.ch\/wp-content\/uploads\/2023\/06\/Bald-eine-Warn-App-fuer-die-Schweiz_sicherheitsforum-768x512.jpg 768w, https:\/\/news.save.ch\/wp-content\/uploads\/2023\/06\/Bald-eine-Warn-App-fuer-die-Schweiz_sicherheitsforum-18x12.jpg 18w, https:\/\/news.save.ch\/wp-content\/uploads\/2023\/06\/Bald-eine-Warn-App-fuer-die-Schweiz_sicherheitsforum-375x250.jpg 375w, https:\/\/news.save.ch\/wp-content\/uploads\/2023\/06\/Bald-eine-Warn-App-fuer-die-Schweiz_sicherheitsforum-525x350.jpg 525w, https:\/\/news.save.ch\/wp-content\/uploads\/2023\/06\/Bald-eine-Warn-App-fuer-die-Schweiz_sicherheitsforum.jpg 1000w\" sizes=\"auto, (max-width: 680px) 100vw, 680px\" \/><figcaption id=\"caption-attachment-20267\" class=\"wp-caption-text\">Image PD<\/figcaption><\/figure>\n<p>In the event of a kidnapping, the first few hours and every tip from the public can be decisive, as fedpol emphasizes. In 2010, fedpol launched the kidnapping alert, which allows the police to issue a rapid and comprehensive alert. Until now, the Swiss population has been able to contact <a href=\"http:\/\/www.entfuehrungsalarm.ch\" target=\"_blank\" rel=\"noopener\">www.entfuehrungsalarm.ch<\/a> register for the SMS alert. In the event of an abduction, registered persons will receive an SMS. From June 30, 2023, the abduction alert will be included in the national <a href=\"https:\/\/www.alert.swiss\/de\/app.html\" target=\"_blank\" rel=\"noopener\">Alarm app Alertswiss<\/a> of the Federal Office for Civil Protection, as fedpol writes in its media release. With the Alertswiss app, users can be informed, warned and alerted with push messages in the case of events relevant to population protection in favorite cantons they have selected themselves and in their own location. The abduction alert will result in a \"warning\" level notification for all of Switzerland via Alertswiss, he said. The Alertswiss app is currently installed on more than 1.7 million smartphones, according to the statement. With the integration of the abduction alert into Alertswiss, the SMS alert is expected to be discontinued by the end of 2024.<\/p>\n<h3>Abduction alarm is a police joint task<\/h3>\n<p>The kidnapping alert is a collaboration between the Federal Department of Justice and Police (FDJP) and the Conference of Cantonal Justice and Police Directors (CCJPD). He said that in Switzerland, the cantonal police are responsible for the primary management of an abduction. They would decide whether to sound the kidnapping alarm. If the alert is triggered, fedpol, together with its convention partners, disseminates the alert throughout Switzerland for at least three hours. The channels include media, websites, and information screens at public, high-traffic locations such as highways, airports, train stations, and shopping malls. At the same time, fedpol is operating and maintaining national and international police channels and is setting up a call center where the public can get in touch with information about the kidnapping, the report concludes.<\/p>","protected":false},"excerpt":{"rendered":"<p>Im Fall einer Entf\u00fchrung k\u00f6nnen die ersten Stunden und jeder Hinweis aus der Bev\u00f6lkerung entscheidend sein, wie das fedpol betont. 2010 habe man den Entf\u00fchrungsalarm ins Leben gerufen, \u00fcber den die Polizei rasch und umfassend alarmieren k\u00f6nne. Bislang konnte sich die Schweizer Bev\u00f6lkerung unter www.entfuehrungsalarm.ch f\u00fcr den SMS-Alarm anmelden. Bei einer Entf\u00fchrung erhalten Registrierte eine [&hellip;]<\/p>\n","protected":false},"author":8,"featured_media":20267,"comment_status":"closed","ping_status":"closed","sticky":false,"template":"","format":"standard","meta":{"_acf_changed":false,"pgc_sgb_lightbox_settings":"","footnotes":""},"categories":[1],"tags":[663,3744],"class_list":["post-20263","post","type-post","status-publish","format-standard","has-post-thumbnail","hentry","category-allgemein","tag-alertswiss","tag-alertswiss-kanaele"],"acf":[],"hkrextid":null,"publication":null,"issue":null,"workflow":null,"startPage":null,"spitzmarke":null,"_posts_by_tag_page_fields":null,"_at_widget":null,"_yoast_wpseo_primary_category":"","_yoast_wpseo_focuskw_text_input":null,"_yoast_wpseo_opengraph-image":null,"_yoast_wpseo_opengraph-description":null,"_yoast_wpseo_opengraph-title":null,"enclosure":null,"_yoast_wpseo_twitter-title":null,"_yoast_wpseo_twitter-description":null,"_yoast_wpseo_twitter-image":null,"_wp_old_slug":null,"_yoast_wpseo_title":null,"_yoast_wpseo_canonical":null,"yoast_head":"<!-- This site is optimized with the Yoast SEO plugin v27.4 - https:\/\/yoast.com\/product\/yoast-seo-wordpress\/ -->\n<title>Entf\u00fchrungsalarm neu auf Alertswiss - Save<\/title>\n<meta name=\"description\" content=\"Ab dem 30. Juni 2023 ist der Entf\u00fchrungsalarm in die Alarmierungs-App Alertswiss und die Alertswiss-Website integriert.\" \/>\n<meta name=\"robots\" content=\"index, follow, max-snippet:-1, max-image-preview:large, max-video-preview:-1\" \/>\n<link rel=\"canonical\" href=\"https:\/\/news.save.ch\/en\/entfuehrungsalarm-neu-auf-alertswiss\/\" \/>\n<meta property=\"og:locale\" content=\"en_US\" \/>\n<meta property=\"og:type\" content=\"article\" \/>\n<meta property=\"og:title\" content=\"Entf\u00fchrungsalarm neu auf Alertswiss - Save\" \/>\n<meta property=\"og:description\" content=\"Ab dem 30. Juni 2023 ist der Entf\u00fchrungsalarm in die Alarmierungs-App Alertswiss und die Alertswiss-Website integriert.\" \/>\n<meta property=\"og:url\" content=\"https:\/\/news.save.ch\/en\/entfuehrungsalarm-neu-auf-alertswiss\/\" \/>\n<meta property=\"og:site_name\" content=\"Save\" \/>\n<meta property=\"article:published_time\" content=\"2023-06-27T04:02:31+00:00\" \/>\n<meta property=\"article:modified_time\" content=\"2023-07-03T06:53:10+00:00\" \/>\n<meta property=\"og:image\" content=\"https:\/\/news.save.ch\/wp-content\/uploads\/2023\/06\/Bald-eine-Warn-App-fuer-die-Schweiz_sicherheitsforum.jpg\" \/>\n\t<meta property=\"og:image:width\" content=\"1000\" \/>\n\t<meta property=\"og:image:height\" content=\"667\" \/>\n\t<meta property=\"og:image:type\" content=\"image\/jpeg\" \/>\n<meta name=\"author\" content=\"Roger Str\u00e4ssle\" \/>\n<meta name=\"twitter:card\" content=\"summary_large_image\" \/>\n<meta name=\"twitter:label1\" content=\"Written by\" \/>\n\t<meta name=\"twitter:data1\" content=\"Roger Str\u00e4ssle\" \/>\n\t<meta name=\"twitter:label2\" content=\"Est. reading time\" \/>\n\t<meta name=\"twitter:data2\" content=\"2 minutes\" \/>\n<script type=\"application\/ld+json\" class=\"yoast-schema-graph\">{\"@context\":\"https:\\\/\\\/schema.org\",\"@graph\":[{\"@type\":\"Article\",\"@id\":\"https:\\\/\\\/news.save.ch\\\/entfuehrungsalarm-neu-auf-alertswiss\\\/#article\",\"isPartOf\":{\"@id\":\"https:\\\/\\\/news.save.ch\\\/entfuehrungsalarm-neu-auf-alertswiss\\\/\"},\"author\":{\"name\":\"Roger Str\u00e4ssle\",\"@id\":\"https:\\\/\\\/news.save.ch\\\/de\\\/#\\\/schema\\\/person\\\/d5022db048e0e2b9785c50e5b24da5aa\"},\"headline\":\"Entf\u00fchrungsalarm neu auf Alertswiss\",\"datePublished\":\"2023-06-27T04:02:31+00:00\",\"dateModified\":\"2023-07-03T06:53:10+00:00\",\"mainEntityOfPage\":{\"@id\":\"https:\\\/\\\/news.save.ch\\\/entfuehrungsalarm-neu-auf-alertswiss\\\/\"},\"wordCount\":315,\"publisher\":{\"@id\":\"https:\\\/\\\/news.save.ch\\\/de\\\/#organization\"},\"image\":{\"@id\":\"https:\\\/\\\/news.save.ch\\\/entfuehrungsalarm-neu-auf-alertswiss\\\/#primaryimage\"},\"thumbnailUrl\":\"https:\\\/\\\/news.save.ch\\\/wp-content\\\/uploads\\\/2023\\\/06\\\/Bald-eine-Warn-App-fuer-die-Schweiz_sicherheitsforum.jpg\",\"keywords\":[\"Alertswiss\",\"Alertswiss-Kan\u00e4le\"],\"articleSection\":[\"ALLGEMEIN\"],\"inLanguage\":\"en-US\"},{\"@type\":\"WebPage\",\"@id\":\"https:\\\/\\\/news.save.ch\\\/entfuehrungsalarm-neu-auf-alertswiss\\\/\",\"url\":\"https:\\\/\\\/news.save.ch\\\/entfuehrungsalarm-neu-auf-alertswiss\\\/\",\"name\":\"Entf\u00fchrungsalarm neu auf Alertswiss - Save\",\"isPartOf\":{\"@id\":\"https:\\\/\\\/news.save.ch\\\/de\\\/#website\"},\"primaryImageOfPage\":{\"@id\":\"https:\\\/\\\/news.save.ch\\\/entfuehrungsalarm-neu-auf-alertswiss\\\/#primaryimage\"},\"image\":{\"@id\":\"https:\\\/\\\/news.save.ch\\\/entfuehrungsalarm-neu-auf-alertswiss\\\/#primaryimage\"},\"thumbnailUrl\":\"https:\\\/\\\/news.save.ch\\\/wp-content\\\/uploads\\\/2023\\\/06\\\/Bald-eine-Warn-App-fuer-die-Schweiz_sicherheitsforum.jpg\",\"datePublished\":\"2023-06-27T04:02:31+00:00\",\"dateModified\":\"2023-07-03T06:53:10+00:00\",\"description\":\"Ab dem 30. Juni 2023 ist der Entf\u00fchrungsalarm in die Alarmierungs-App Alertswiss und die Alertswiss-Website integriert.\",\"breadcrumb\":{\"@id\":\"https:\\\/\\\/news.save.ch\\\/entfuehrungsalarm-neu-auf-alertswiss\\\/#breadcrumb\"},\"inLanguage\":\"en-US\",\"potentialAction\":[{\"@type\":\"ReadAction\",\"target\":[\"https:\\\/\\\/news.save.ch\\\/entfuehrungsalarm-neu-auf-alertswiss\\\/\"]}]},{\"@type\":\"ImageObject\",\"inLanguage\":\"en-US\",\"@id\":\"https:\\\/\\\/news.save.ch\\\/entfuehrungsalarm-neu-auf-alertswiss\\\/#primaryimage\",\"url\":\"https:\\\/\\\/news.save.ch\\\/wp-content\\\/uploads\\\/2023\\\/06\\\/Bald-eine-Warn-App-fuer-die-Schweiz_sicherheitsforum.jpg\",\"contentUrl\":\"https:\\\/\\\/news.save.ch\\\/wp-content\\\/uploads\\\/2023\\\/06\\\/Bald-eine-Warn-App-fuer-die-Schweiz_sicherheitsforum.jpg\",\"width\":1000,\"height\":667,\"caption\":\"Bild PD\"},{\"@type\":\"BreadcrumbList\",\"@id\":\"https:\\\/\\\/news.save.ch\\\/entfuehrungsalarm-neu-auf-alertswiss\\\/#breadcrumb\",\"itemListElement\":[{\"@type\":\"ListItem\",\"position\":1,\"name\":\"Home\",\"item\":\"https:\\\/\\\/news.save.ch\\\/de\\\/\"},{\"@type\":\"ListItem\",\"position\":2,\"name\":\"Entf\u00fchrungsalarm neu auf Alertswiss\"}]},{\"@type\":\"WebSite\",\"@id\":\"https:\\\/\\\/news.save.ch\\\/de\\\/#website\",\"url\":\"https:\\\/\\\/news.save.ch\\\/de\\\/\",\"name\":\"Save\",\"description\":\"Schweizer Fachzeitschrift f\u00fcr Sicherheit\",\"publisher\":{\"@id\":\"https:\\\/\\\/news.save.ch\\\/de\\\/#organization\"},\"potentialAction\":[{\"@type\":\"SearchAction\",\"target\":{\"@type\":\"EntryPoint\",\"urlTemplate\":\"https:\\\/\\\/news.save.ch\\\/de\\\/?s={search_term_string}\"},\"query-input\":{\"@type\":\"PropertyValueSpecification\",\"valueRequired\":true,\"valueName\":\"search_term_string\"}}],\"inLanguage\":\"en-US\"},{\"@type\":\"Organization\",\"@id\":\"https:\\\/\\\/news.save.ch\\\/de\\\/#organization\",\"name\":\"Sicherheitsforum\",\"url\":\"https:\\\/\\\/news.save.ch\\\/de\\\/\",\"logo\":{\"@type\":\"ImageObject\",\"inLanguage\":\"en-US\",\"@id\":\"https:\\\/\\\/news.save.ch\\\/de\\\/#\\\/schema\\\/logo\\\/image\\\/\",\"url\":\"https:\\\/\\\/news.save.ch\\\/wp-content\\\/uploads\\\/2022\\\/06\\\/Logo_SF_2012.png\",\"contentUrl\":\"https:\\\/\\\/news.save.ch\\\/wp-content\\\/uploads\\\/2022\\\/06\\\/Logo_SF_2012.png\",\"width\":1100,\"height\":91,\"caption\":\"Sicherheitsforum\"},\"image\":{\"@id\":\"https:\\\/\\\/news.save.ch\\\/de\\\/#\\\/schema\\\/logo\\\/image\\\/\"}},{\"@type\":\"Person\",\"@id\":\"https:\\\/\\\/news.save.ch\\\/de\\\/#\\\/schema\\\/person\\\/d5022db048e0e2b9785c50e5b24da5aa\",\"name\":\"Roger Str\u00e4ssle\",\"image\":{\"@type\":\"ImageObject\",\"inLanguage\":\"en-US\",\"@id\":\"https:\\\/\\\/secure.gravatar.com\\\/avatar\\\/862a5569d087de48e5856e32f45d719a03804c891d6deb8d4f71a660e79e4a47?s=96&d=mm&r=g\",\"url\":\"https:\\\/\\\/secure.gravatar.com\\\/avatar\\\/862a5569d087de48e5856e32f45d719a03804c891d6deb8d4f71a660e79e4a47?s=96&d=mm&r=g\",\"contentUrl\":\"https:\\\/\\\/secure.gravatar.com\\\/avatar\\\/862a5569d087de48e5856e32f45d719a03804c891d6deb8d4f71a660e79e4a47?s=96&d=mm&r=g\",\"caption\":\"Roger Str\u00e4ssle\"},\"url\":\"https:\\\/\\\/news.save.ch\\\/en\\\/author\\\/roger-straessle\\\/\"}]}<\/script>\n<!-- \/ Yoast SEO plugin. -->","yoast_head_json":{"title":"Abduction alert new on Alertswiss - Save","description":"As of June 30, 2023, the kidnapping alert is integrated into the Alertswiss alerting app and the Alertswiss website.","robots":{"index":"index","follow":"follow","max-snippet":"max-snippet:-1","max-image-preview":"max-image-preview:large","max-video-preview":"max-video-preview:-1"},"canonical":"https:\/\/news.save.ch\/en\/entfuehrungsalarm-neu-auf-alertswiss\/","og_locale":"en_US","og_type":"article","og_title":"Entf\u00fchrungsalarm neu auf Alertswiss - Save","og_description":"Ab dem 30. Juni 2023 ist der Entf\u00fchrungsalarm in die Alarmierungs-App Alertswiss und die Alertswiss-Website integriert.","og_url":"https:\/\/news.save.ch\/en\/entfuehrungsalarm-neu-auf-alertswiss\/","og_site_name":"Save","article_published_time":"2023-06-27T04:02:31+00:00","article_modified_time":"2023-07-03T06:53:10+00:00","og_image":[{"width":1000,"height":667,"url":"https:\/\/news.save.ch\/wp-content\/uploads\/2023\/06\/Bald-eine-Warn-App-fuer-die-Schweiz_sicherheitsforum.jpg","type":"image\/jpeg"}],"author":"Roger Str\u00e4ssle","twitter_card":"summary_large_image","twitter_misc":{"Written by":"Roger Str\u00e4ssle","Est. reading time":"2 minutes"},"schema":{"@context":"https:\/\/schema.org","@graph":[{"@type":"Article","@id":"https:\/\/news.save.ch\/entfuehrungsalarm-neu-auf-alertswiss\/#article","isPartOf":{"@id":"https:\/\/news.save.ch\/entfuehrungsalarm-neu-auf-alertswiss\/"},"author":{"name":"Roger Str\u00e4ssle","@id":"https:\/\/news.save.ch\/de\/#\/schema\/person\/d5022db048e0e2b9785c50e5b24da5aa"},"headline":"Entf\u00fchrungsalarm neu auf Alertswiss","datePublished":"2023-06-27T04:02:31+00:00","dateModified":"2023-07-03T06:53:10+00:00","mainEntityOfPage":{"@id":"https:\/\/news.save.ch\/entfuehrungsalarm-neu-auf-alertswiss\/"},"wordCount":315,"publisher":{"@id":"https:\/\/news.save.ch\/de\/#organization"},"image":{"@id":"https:\/\/news.save.ch\/entfuehrungsalarm-neu-auf-alertswiss\/#primaryimage"},"thumbnailUrl":"https:\/\/news.save.ch\/wp-content\/uploads\/2023\/06\/Bald-eine-Warn-App-fuer-die-Schweiz_sicherheitsforum.jpg","keywords":["Alertswiss","Alertswiss-Kan\u00e4le"],"articleSection":["ALLGEMEIN"],"inLanguage":"en-US"},{"@type":"WebPage","@id":"https:\/\/news.save.ch\/entfuehrungsalarm-neu-auf-alertswiss\/","url":"https:\/\/news.save.ch\/entfuehrungsalarm-neu-auf-alertswiss\/","name":"Abduction alert new on Alertswiss - Save","isPartOf":{"@id":"https:\/\/news.save.ch\/de\/#website"},"primaryImageOfPage":{"@id":"https:\/\/news.save.ch\/entfuehrungsalarm-neu-auf-alertswiss\/#primaryimage"},"image":{"@id":"https:\/\/news.save.ch\/entfuehrungsalarm-neu-auf-alertswiss\/#primaryimage"},"thumbnailUrl":"https:\/\/news.save.ch\/wp-content\/uploads\/2023\/06\/Bald-eine-Warn-App-fuer-die-Schweiz_sicherheitsforum.jpg","datePublished":"2023-06-27T04:02:31+00:00","dateModified":"2023-07-03T06:53:10+00:00","description":"As of June 30, 2023, the kidnapping alert is integrated into the Alertswiss alerting app and the Alertswiss website.","breadcrumb":{"@id":"https:\/\/news.save.ch\/entfuehrungsalarm-neu-auf-alertswiss\/#breadcrumb"},"inLanguage":"en-US","potentialAction":[{"@type":"ReadAction","target":["https:\/\/news.save.ch\/entfuehrungsalarm-neu-auf-alertswiss\/"]}]},{"@type":"ImageObject","inLanguage":"en-US","@id":"https:\/\/news.save.ch\/entfuehrungsalarm-neu-auf-alertswiss\/#primaryimage","url":"https:\/\/news.save.ch\/wp-content\/uploads\/2023\/06\/Bald-eine-Warn-App-fuer-die-Schweiz_sicherheitsforum.jpg","contentUrl":"https:\/\/news.save.ch\/wp-content\/uploads\/2023\/06\/Bald-eine-Warn-App-fuer-die-Schweiz_sicherheitsforum.jpg","width":1000,"height":667,"caption":"Bild PD"},{"@type":"BreadcrumbList","@id":"https:\/\/news.save.ch\/entfuehrungsalarm-neu-auf-alertswiss\/#breadcrumb","itemListElement":[{"@type":"ListItem","position":1,"name":"Home","item":"https:\/\/news.save.ch\/de\/"},{"@type":"ListItem","position":2,"name":"Entf\u00fchrungsalarm neu auf Alertswiss"}]},{"@type":"WebSite","@id":"https:\/\/news.save.ch\/de\/#website","url":"https:\/\/news.save.ch\/de\/","name":"Save","description":"Swiss trade journal for safety","publisher":{"@id":"https:\/\/news.save.ch\/de\/#organization"},"potentialAction":[{"@type":"SearchAction","target":{"@type":"EntryPoint","urlTemplate":"https:\/\/news.save.ch\/de\/?s={search_term_string}"},"query-input":{"@type":"PropertyValueSpecification","valueRequired":true,"valueName":"search_term_string"}}],"inLanguage":"en-US"},{"@type":"Organization","@id":"https:\/\/news.save.ch\/de\/#organization","name":"Security Forum","url":"https:\/\/news.save.ch\/de\/","logo":{"@type":"ImageObject","inLanguage":"en-US","@id":"https:\/\/news.save.ch\/de\/#\/schema\/logo\/image\/","url":"https:\/\/news.save.ch\/wp-content\/uploads\/2022\/06\/Logo_SF_2012.png","contentUrl":"https:\/\/news.save.ch\/wp-content\/uploads\/2022\/06\/Logo_SF_2012.png","width":1100,"height":91,"caption":"Sicherheitsforum"},"image":{"@id":"https:\/\/news.save.ch\/de\/#\/schema\/logo\/image\/"}},{"@type":"Person","@id":"https:\/\/news.save.ch\/de\/#\/schema\/person\/d5022db048e0e2b9785c50e5b24da5aa","name":"Roger Str\u00e4ssle","image":{"@type":"ImageObject","inLanguage":"en-US","@id":"https:\/\/secure.gravatar.com\/avatar\/862a5569d087de48e5856e32f45d719a03804c891d6deb8d4f71a660e79e4a47?s=96&d=mm&r=g","url":"https:\/\/secure.gravatar.com\/avatar\/862a5569d087de48e5856e32f45d719a03804c891d6deb8d4f71a660e79e4a47?s=96&d=mm&r=g","contentUrl":"https:\/\/secure.gravatar.com\/avatar\/862a5569d087de48e5856e32f45d719a03804c891d6deb8d4f71a660e79e4a47?s=96&d=mm&r=g","caption":"Roger Str\u00e4ssle"},"url":"https:\/\/news.save.ch\/en\/author\/roger-straessle\/"}]}},"_links":{"self":[{"href":"https:\/\/news.save.ch\/en\/wp-json\/wp\/v2\/posts\/20263","targetHints":{"allow":["GET"]}}],"collection":[{"href":"https:\/\/news.save.ch\/en\/wp-json\/wp\/v2\/posts"}],"about":[{"href":"https:\/\/news.save.ch\/en\/wp-json\/wp\/v2\/types\/post"}],"author":[{"embeddable":true,"href":"https:\/\/news.save.ch\/en\/wp-json\/wp\/v2\/users\/8"}],"replies":[{"embeddable":true,"href":"https:\/\/news.save.ch\/en\/wp-json\/wp\/v2\/comments?post=20263"}],"version-history":[{"count":6,"href":"https:\/\/news.save.ch\/en\/wp-json\/wp\/v2\/posts\/20263\/revisions"}],"predecessor-version":[{"id":20456,"href":"https:\/\/news.save.ch\/en\/wp-json\/wp\/v2\/posts\/20263\/revisions\/20456"}],"wp:featuredmedia":[{"embeddable":true,"href":"https:\/\/news.save.ch\/en\/wp-json\/wp\/v2\/media\/20267"}],"wp:attachment":[{"href":"https:\/\/news.save.ch\/en\/wp-json\/wp\/v2\/media?parent=20263"}],"wp:term":[{"taxonomy":"category","embeddable":true,"href":"https:\/\/news.save.ch\/en\/wp-json\/wp\/v2\/categories?post=20263"},{"taxonomy":"post_tag","embeddable":true,"href":"https:\/\/news.save.ch\/en\/wp-json\/wp\/v2\/tags?post=20263"}],"curies":[{"name":"wp","href":"https:\/\/api.w.org\/{rel}","templated":true}]}}