{"id":20416,"date":"2023-06-28T13:07:19","date_gmt":"2023-06-28T11:07:19","guid":{"rendered":"https:\/\/news.save.ch\/?p=20416"},"modified":"2023-07-03T08:43:25","modified_gmt":"2023-07-03T06:43:25","slug":"oeffentlichen-verkehr-mehr-arbeitsunfaelle","status":null,"type":"post","link":"https:\/\/news.save.ch\/en\/oeffentlichen-verkehr-mehr-arbeitsunfaelle\/","title":{"rendered":"Public transport: more accidents at work"},"content":{"rendered":"<figure id=\"attachment_20417\" aria-describedby=\"caption-attachment-20417\" style=\"width: 680px\" class=\"wp-caption aligncenter\"><img loading=\"lazy\" decoding=\"async\" class=\"size-medium wp-image-20417\" src=\"https:\/\/news.save.ch\/wp-content\/uploads\/2023\/06\/Bahn-IMG_5440-680x453.jpg\" alt=\"\" width=\"680\" height=\"453\" srcset=\"https:\/\/news.save.ch\/wp-content\/uploads\/2023\/06\/Bahn-IMG_5440-680x453.jpg 680w, https:\/\/news.save.ch\/wp-content\/uploads\/2023\/06\/Bahn-IMG_5440-1024x683.jpg 1024w, https:\/\/news.save.ch\/wp-content\/uploads\/2023\/06\/Bahn-IMG_5440-768x512.jpg 768w, https:\/\/news.save.ch\/wp-content\/uploads\/2023\/06\/Bahn-IMG_5440-1536x1024.jpg 1536w, https:\/\/news.save.ch\/wp-content\/uploads\/2023\/06\/Bahn-IMG_5440-2048x1365.jpg 2048w, https:\/\/news.save.ch\/wp-content\/uploads\/2023\/06\/Bahn-IMG_5440-18x12.jpg 18w, https:\/\/news.save.ch\/wp-content\/uploads\/2023\/06\/Bahn-IMG_5440-375x250.jpg 375w, https:\/\/news.save.ch\/wp-content\/uploads\/2023\/06\/Bahn-IMG_5440-525x350.jpg 525w, https:\/\/news.save.ch\/wp-content\/uploads\/2023\/06\/Bahn-IMG_5440-1000x667.jpg 1000w, https:\/\/news.save.ch\/wp-content\/uploads\/2023\/06\/Bahn-IMG_5440-scaled.jpg 1200w\" sizes=\"auto, (max-width: 680px) 100vw, 680px\" \/><figcaption id=\"caption-attachment-20417\" class=\"wp-caption-text\">Photo: Roger Str\u00e4ssle<\/figcaption><\/figure>\n<p>People who use public transport in Switzerland travel very safely, as can be seen from the <a href=\"https:\/\/www.bav.admin.ch\/bav\/de\/home\/publikationen\/berichte\/sicherheit.html\">Safety report 2022<\/a> of the Federal Office of Transport (FOT). The comparison with private transport shows that the risk of a fatal accident in a car is 93 times higher per person-kilometer than in a train, writes the FOT. When cycling, the risk is 1096 times higher, on the motorcycle 2539 times.<\/p>\n<p>The safety level in public transport as well as in rail freight transport was stable at a high level compared to previous years. According to the data, the accident figures in 2022 were within the normal fluctuation range. This applies to the number of serious accidents in general and the number of seriously injured.<\/p>\n<h3>More fatalities<\/h3>\n<p>On the negative side, the number of fatalities in public transport increased in 2022, following a low in the previous year. Most of the fatalities were caused by other road users who came into conflict with public transport on the roads and by people who were on transport areas, e.g. tracks, without permission, as the FOT emphasizes.<\/p>\n<h3><strong>More accidents at work<\/strong><\/h3>\n<p>With regard to occupational accidents, an increase was recorded in 2022 compared to previous years. The FOT was notified of 21 occupational accidents with serious injuries or fatalities, 12 of which occurred on construction sites. Two other employees were killed or seriously injured while shunting. The railroad companies therefore remain under great pressure and are obliged to reduce the risk of accidents on public transport construction sites with additional measures, according to the media release. The FOT will continue the increased controls within the framework of safety supervision and is also examining further measures.<\/p>\n<p>In an international comparison, Swiss public transport is very safe. In the year under review, Switzerland ranked third behind the United Kingdom and the Netherlands. In terms of safety at level crossings, Switzerland is at the top, it concludes.<\/p>","protected":false},"excerpt":{"rendered":"<p>Wer in der Schweiz den \u00f6V benutzt, ist sehr sicher unterwegs, wie aus dem Sicherheitsbericht 2022 des Bundesamts f\u00fcr Verkehr (BAV) hervorgeht. Der Vergleich mit dem Individualverkehr zeige, dass das Risiko, im Auto t\u00f6dlich zu verunfallen, pro Personenkilometer 93-mal h\u00f6her ist als im Zug, schreibt das BAV. Beim Velofahren sei das Risiko 1096-mal h\u00f6her, auf [&hellip;]<\/p>\n","protected":false},"author":8,"featured_media":20417,"comment_status":"closed","ping_status":"closed","sticky":false,"template":"","format":"standard","meta":{"_acf_changed":false,"pgc_sgb_lightbox_settings":"","footnotes":""},"categories":[3314],"tags":[172,4654],"class_list":["post-20416","post","type-post","status-publish","format-standard","has-post-thumbnail","hentry","category-health-safety","tag-arbeitssicherheit","tag-sicherheitsbericht"],"acf":[],"hkrextid":null,"publication":null,"issue":null,"workflow":null,"startPage":null,"spitzmarke":null,"_posts_by_tag_page_fields":null,"_at_widget":null,"_yoast_wpseo_primary_category":"3314","_yoast_wpseo_focuskw_text_input":null,"_yoast_wpseo_opengraph-image":null,"_yoast_wpseo_opengraph-description":null,"_yoast_wpseo_opengraph-title":null,"enclosure":null,"_yoast_wpseo_twitter-title":null,"_yoast_wpseo_twitter-description":null,"_yoast_wpseo_twitter-image":null,"_wp_old_slug":null,"_yoast_wpseo_title":null,"_yoast_wpseo_canonical":null,"yoast_head":"<!-- This site is optimized with the Yoast SEO plugin v27.5 - https:\/\/yoast.com\/product\/yoast-seo-wordpress\/ -->\n<title>\u00d6ffentlichen Verkehr: Mehr Arbeitsunf\u00e4lle - Save<\/title>\n<meta name=\"description\" content=\"Gem\u00e4ss dem j\u00fcngsten Sicherheitsbericht ist beim \u00f6V bez\u00fcglich Arbeitsunf\u00e4lle ein Anstieg gegen\u00fcber dem Vorjahr zu verzeichnen.\" \/>\n<meta name=\"robots\" content=\"index, follow, max-snippet:-1, max-image-preview:large, max-video-preview:-1\" \/>\n<link rel=\"canonical\" href=\"https:\/\/news.save.ch\/en\/oeffentlichen-verkehr-mehr-arbeitsunfaelle\/\" \/>\n<meta property=\"og:locale\" content=\"en_US\" \/>\n<meta property=\"og:type\" content=\"article\" \/>\n<meta property=\"og:title\" content=\"\u00d6ffentlichen Verkehr: Mehr Arbeitsunf\u00e4lle - Save\" \/>\n<meta property=\"og:description\" content=\"Gem\u00e4ss dem j\u00fcngsten Sicherheitsbericht ist beim \u00f6V bez\u00fcglich Arbeitsunf\u00e4lle ein Anstieg gegen\u00fcber dem Vorjahr zu verzeichnen.\" \/>\n<meta property=\"og:url\" content=\"https:\/\/news.save.ch\/en\/oeffentlichen-verkehr-mehr-arbeitsunfaelle\/\" \/>\n<meta property=\"og:site_name\" content=\"Save\" \/>\n<meta property=\"article:published_time\" content=\"2023-06-28T11:07:19+00:00\" \/>\n<meta property=\"article:modified_time\" content=\"2023-07-03T06:43:25+00:00\" \/>\n<meta property=\"og:image\" content=\"https:\/\/news.save.ch\/wp-content\/uploads\/2023\/06\/Bahn-IMG_5440-scaled.jpg\" \/>\n\t<meta property=\"og:image:width\" content=\"1200\" \/>\n\t<meta property=\"og:image:height\" content=\"800\" \/>\n\t<meta property=\"og:image:type\" content=\"image\/jpeg\" \/>\n<meta name=\"author\" content=\"Roger Str\u00e4ssle\" \/>\n<meta name=\"twitter:card\" content=\"summary_large_image\" \/>\n<meta name=\"twitter:label1\" content=\"Written by\" \/>\n\t<meta name=\"twitter:data1\" content=\"Roger Str\u00e4ssle\" \/>\n\t<meta name=\"twitter:label2\" content=\"Est. reading time\" \/>\n\t<meta name=\"twitter:data2\" content=\"2 minutes\" \/>\n<script type=\"application\/ld+json\" class=\"yoast-schema-graph\">{\"@context\":\"https:\\\/\\\/schema.org\",\"@graph\":[{\"@type\":\"Article\",\"@id\":\"https:\\\/\\\/news.save.ch\\\/oeffentlichen-verkehr-mehr-arbeitsunfaelle\\\/#article\",\"isPartOf\":{\"@id\":\"https:\\\/\\\/news.save.ch\\\/oeffentlichen-verkehr-mehr-arbeitsunfaelle\\\/\"},\"author\":{\"name\":\"Roger Str\u00e4ssle\",\"@id\":\"https:\\\/\\\/news.save.ch\\\/de\\\/#\\\/schema\\\/person\\\/d5022db048e0e2b9785c50e5b24da5aa\"},\"headline\":\"\u00d6ffentlichen Verkehr: Mehr Arbeitsunf\u00e4lle\",\"datePublished\":\"2023-06-28T11:07:19+00:00\",\"dateModified\":\"2023-07-03T06:43:25+00:00\",\"mainEntityOfPage\":{\"@id\":\"https:\\\/\\\/news.save.ch\\\/oeffentlichen-verkehr-mehr-arbeitsunfaelle\\\/\"},\"wordCount\":305,\"publisher\":{\"@id\":\"https:\\\/\\\/news.save.ch\\\/de\\\/#organization\"},\"image\":{\"@id\":\"https:\\\/\\\/news.save.ch\\\/oeffentlichen-verkehr-mehr-arbeitsunfaelle\\\/#primaryimage\"},\"thumbnailUrl\":\"https:\\\/\\\/news.save.ch\\\/wp-content\\\/uploads\\\/2023\\\/06\\\/Bahn-IMG_5440-scaled.jpg\",\"keywords\":[\"Arbeitssicherheit\",\"Sicherheitsbericht\"],\"articleSection\":[\"HEALTH &amp; SAFETY\"],\"inLanguage\":\"en-US\"},{\"@type\":\"WebPage\",\"@id\":\"https:\\\/\\\/news.save.ch\\\/oeffentlichen-verkehr-mehr-arbeitsunfaelle\\\/\",\"url\":\"https:\\\/\\\/news.save.ch\\\/oeffentlichen-verkehr-mehr-arbeitsunfaelle\\\/\",\"name\":\"\u00d6ffentlichen Verkehr: Mehr Arbeitsunf\u00e4lle - Save\",\"isPartOf\":{\"@id\":\"https:\\\/\\\/news.save.ch\\\/de\\\/#website\"},\"primaryImageOfPage\":{\"@id\":\"https:\\\/\\\/news.save.ch\\\/oeffentlichen-verkehr-mehr-arbeitsunfaelle\\\/#primaryimage\"},\"image\":{\"@id\":\"https:\\\/\\\/news.save.ch\\\/oeffentlichen-verkehr-mehr-arbeitsunfaelle\\\/#primaryimage\"},\"thumbnailUrl\":\"https:\\\/\\\/news.save.ch\\\/wp-content\\\/uploads\\\/2023\\\/06\\\/Bahn-IMG_5440-scaled.jpg\",\"datePublished\":\"2023-06-28T11:07:19+00:00\",\"dateModified\":\"2023-07-03T06:43:25+00:00\",\"description\":\"Gem\u00e4ss dem j\u00fcngsten Sicherheitsbericht ist beim \u00f6V bez\u00fcglich Arbeitsunf\u00e4lle ein Anstieg gegen\u00fcber dem Vorjahr zu verzeichnen.\",\"breadcrumb\":{\"@id\":\"https:\\\/\\\/news.save.ch\\\/oeffentlichen-verkehr-mehr-arbeitsunfaelle\\\/#breadcrumb\"},\"inLanguage\":\"en-US\",\"potentialAction\":[{\"@type\":\"ReadAction\",\"target\":[\"https:\\\/\\\/news.save.ch\\\/oeffentlichen-verkehr-mehr-arbeitsunfaelle\\\/\"]}]},{\"@type\":\"ImageObject\",\"inLanguage\":\"en-US\",\"@id\":\"https:\\\/\\\/news.save.ch\\\/oeffentlichen-verkehr-mehr-arbeitsunfaelle\\\/#primaryimage\",\"url\":\"https:\\\/\\\/news.save.ch\\\/wp-content\\\/uploads\\\/2023\\\/06\\\/Bahn-IMG_5440-scaled.jpg\",\"contentUrl\":\"https:\\\/\\\/news.save.ch\\\/wp-content\\\/uploads\\\/2023\\\/06\\\/Bahn-IMG_5440-scaled.jpg\",\"width\":1200,\"height\":800,\"caption\":\"Foto: Roger Str\u00e4ssle\"},{\"@type\":\"BreadcrumbList\",\"@id\":\"https:\\\/\\\/news.save.ch\\\/oeffentlichen-verkehr-mehr-arbeitsunfaelle\\\/#breadcrumb\",\"itemListElement\":[{\"@type\":\"ListItem\",\"position\":1,\"name\":\"Home\",\"item\":\"https:\\\/\\\/news.save.ch\\\/de\\\/\"},{\"@type\":\"ListItem\",\"position\":2,\"name\":\"\u00d6ffentlichen Verkehr: Mehr Arbeitsunf\u00e4lle\"}]},{\"@type\":\"WebSite\",\"@id\":\"https:\\\/\\\/news.save.ch\\\/de\\\/#website\",\"url\":\"https:\\\/\\\/news.save.ch\\\/de\\\/\",\"name\":\"Save\",\"description\":\"Schweizer Fachzeitschrift f\u00fcr Sicherheit\",\"publisher\":{\"@id\":\"https:\\\/\\\/news.save.ch\\\/de\\\/#organization\"},\"potentialAction\":[{\"@type\":\"SearchAction\",\"target\":{\"@type\":\"EntryPoint\",\"urlTemplate\":\"https:\\\/\\\/news.save.ch\\\/de\\\/?s={search_term_string}\"},\"query-input\":{\"@type\":\"PropertyValueSpecification\",\"valueRequired\":true,\"valueName\":\"search_term_string\"}}],\"inLanguage\":\"en-US\"},{\"@type\":\"Organization\",\"@id\":\"https:\\\/\\\/news.save.ch\\\/de\\\/#organization\",\"name\":\"Sicherheitsforum\",\"url\":\"https:\\\/\\\/news.save.ch\\\/de\\\/\",\"logo\":{\"@type\":\"ImageObject\",\"inLanguage\":\"en-US\",\"@id\":\"https:\\\/\\\/news.save.ch\\\/de\\\/#\\\/schema\\\/logo\\\/image\\\/\",\"url\":\"https:\\\/\\\/news.save.ch\\\/wp-content\\\/uploads\\\/2022\\\/06\\\/Logo_SF_2012.png\",\"contentUrl\":\"https:\\\/\\\/news.save.ch\\\/wp-content\\\/uploads\\\/2022\\\/06\\\/Logo_SF_2012.png\",\"width\":1100,\"height\":91,\"caption\":\"Sicherheitsforum\"},\"image\":{\"@id\":\"https:\\\/\\\/news.save.ch\\\/de\\\/#\\\/schema\\\/logo\\\/image\\\/\"}},{\"@type\":\"Person\",\"@id\":\"https:\\\/\\\/news.save.ch\\\/de\\\/#\\\/schema\\\/person\\\/d5022db048e0e2b9785c50e5b24da5aa\",\"name\":\"Roger Str\u00e4ssle\",\"image\":{\"@type\":\"ImageObject\",\"inLanguage\":\"en-US\",\"@id\":\"https:\\\/\\\/secure.gravatar.com\\\/avatar\\\/862a5569d087de48e5856e32f45d719a03804c891d6deb8d4f71a660e79e4a47?s=96&d=mm&r=g\",\"url\":\"https:\\\/\\\/secure.gravatar.com\\\/avatar\\\/862a5569d087de48e5856e32f45d719a03804c891d6deb8d4f71a660e79e4a47?s=96&d=mm&r=g\",\"contentUrl\":\"https:\\\/\\\/secure.gravatar.com\\\/avatar\\\/862a5569d087de48e5856e32f45d719a03804c891d6deb8d4f71a660e79e4a47?s=96&d=mm&r=g\",\"caption\":\"Roger Str\u00e4ssle\"},\"url\":\"https:\\\/\\\/news.save.ch\\\/en\\\/author\\\/roger-straessle\\\/\"}]}<\/script>\n<!-- \/ Yoast SEO plugin. -->","yoast_head_json":{"title":"Public transport: More accidents at work - Save","description":"According to the latest safety report, there has been an increase in occupational accidents on public transport compared to the previous year.","robots":{"index":"index","follow":"follow","max-snippet":"max-snippet:-1","max-image-preview":"max-image-preview:large","max-video-preview":"max-video-preview:-1"},"canonical":"https:\/\/news.save.ch\/en\/oeffentlichen-verkehr-mehr-arbeitsunfaelle\/","og_locale":"en_US","og_type":"article","og_title":"\u00d6ffentlichen Verkehr: Mehr Arbeitsunf\u00e4lle - Save","og_description":"Gem\u00e4ss dem j\u00fcngsten Sicherheitsbericht ist beim \u00f6V bez\u00fcglich Arbeitsunf\u00e4lle ein Anstieg gegen\u00fcber dem Vorjahr zu verzeichnen.","og_url":"https:\/\/news.save.ch\/en\/oeffentlichen-verkehr-mehr-arbeitsunfaelle\/","og_site_name":"Save","article_published_time":"2023-06-28T11:07:19+00:00","article_modified_time":"2023-07-03T06:43:25+00:00","og_image":[{"width":1200,"height":800,"url":"https:\/\/news.save.ch\/wp-content\/uploads\/2023\/06\/Bahn-IMG_5440-scaled.jpg","type":"image\/jpeg"}],"author":"Roger Str\u00e4ssle","twitter_card":"summary_large_image","twitter_misc":{"Written by":"Roger Str\u00e4ssle","Est. reading time":"2 minutes"},"schema":{"@context":"https:\/\/schema.org","@graph":[{"@type":"Article","@id":"https:\/\/news.save.ch\/oeffentlichen-verkehr-mehr-arbeitsunfaelle\/#article","isPartOf":{"@id":"https:\/\/news.save.ch\/oeffentlichen-verkehr-mehr-arbeitsunfaelle\/"},"author":{"name":"Roger Str\u00e4ssle","@id":"https:\/\/news.save.ch\/de\/#\/schema\/person\/d5022db048e0e2b9785c50e5b24da5aa"},"headline":"\u00d6ffentlichen Verkehr: Mehr Arbeitsunf\u00e4lle","datePublished":"2023-06-28T11:07:19+00:00","dateModified":"2023-07-03T06:43:25+00:00","mainEntityOfPage":{"@id":"https:\/\/news.save.ch\/oeffentlichen-verkehr-mehr-arbeitsunfaelle\/"},"wordCount":305,"publisher":{"@id":"https:\/\/news.save.ch\/de\/#organization"},"image":{"@id":"https:\/\/news.save.ch\/oeffentlichen-verkehr-mehr-arbeitsunfaelle\/#primaryimage"},"thumbnailUrl":"https:\/\/news.save.ch\/wp-content\/uploads\/2023\/06\/Bahn-IMG_5440-scaled.jpg","keywords":["Arbeitssicherheit","Sicherheitsbericht"],"articleSection":["HEALTH &amp; SAFETY"],"inLanguage":"en-US"},{"@type":"WebPage","@id":"https:\/\/news.save.ch\/oeffentlichen-verkehr-mehr-arbeitsunfaelle\/","url":"https:\/\/news.save.ch\/oeffentlichen-verkehr-mehr-arbeitsunfaelle\/","name":"Public transport: More accidents at work - Save","isPartOf":{"@id":"https:\/\/news.save.ch\/de\/#website"},"primaryImageOfPage":{"@id":"https:\/\/news.save.ch\/oeffentlichen-verkehr-mehr-arbeitsunfaelle\/#primaryimage"},"image":{"@id":"https:\/\/news.save.ch\/oeffentlichen-verkehr-mehr-arbeitsunfaelle\/#primaryimage"},"thumbnailUrl":"https:\/\/news.save.ch\/wp-content\/uploads\/2023\/06\/Bahn-IMG_5440-scaled.jpg","datePublished":"2023-06-28T11:07:19+00:00","dateModified":"2023-07-03T06:43:25+00:00","description":"According to the latest safety report, there has been an increase in occupational accidents on public transport compared to the previous year.","breadcrumb":{"@id":"https:\/\/news.save.ch\/oeffentlichen-verkehr-mehr-arbeitsunfaelle\/#breadcrumb"},"inLanguage":"en-US","potentialAction":[{"@type":"ReadAction","target":["https:\/\/news.save.ch\/oeffentlichen-verkehr-mehr-arbeitsunfaelle\/"]}]},{"@type":"ImageObject","inLanguage":"en-US","@id":"https:\/\/news.save.ch\/oeffentlichen-verkehr-mehr-arbeitsunfaelle\/#primaryimage","url":"https:\/\/news.save.ch\/wp-content\/uploads\/2023\/06\/Bahn-IMG_5440-scaled.jpg","contentUrl":"https:\/\/news.save.ch\/wp-content\/uploads\/2023\/06\/Bahn-IMG_5440-scaled.jpg","width":1200,"height":800,"caption":"Foto: Roger Str\u00e4ssle"},{"@type":"BreadcrumbList","@id":"https:\/\/news.save.ch\/oeffentlichen-verkehr-mehr-arbeitsunfaelle\/#breadcrumb","itemListElement":[{"@type":"ListItem","position":1,"name":"Home","item":"https:\/\/news.save.ch\/de\/"},{"@type":"ListItem","position":2,"name":"\u00d6ffentlichen Verkehr: Mehr Arbeitsunf\u00e4lle"}]},{"@type":"WebSite","@id":"https:\/\/news.save.ch\/de\/#website","url":"https:\/\/news.save.ch\/de\/","name":"Save","description":"Swiss trade journal for safety","publisher":{"@id":"https:\/\/news.save.ch\/de\/#organization"},"potentialAction":[{"@type":"SearchAction","target":{"@type":"EntryPoint","urlTemplate":"https:\/\/news.save.ch\/de\/?s={search_term_string}"},"query-input":{"@type":"PropertyValueSpecification","valueRequired":true,"valueName":"search_term_string"}}],"inLanguage":"en-US"},{"@type":"Organization","@id":"https:\/\/news.save.ch\/de\/#organization","name":"Security Forum","url":"https:\/\/news.save.ch\/de\/","logo":{"@type":"ImageObject","inLanguage":"en-US","@id":"https:\/\/news.save.ch\/de\/#\/schema\/logo\/image\/","url":"https:\/\/news.save.ch\/wp-content\/uploads\/2022\/06\/Logo_SF_2012.png","contentUrl":"https:\/\/news.save.ch\/wp-content\/uploads\/2022\/06\/Logo_SF_2012.png","width":1100,"height":91,"caption":"Sicherheitsforum"},"image":{"@id":"https:\/\/news.save.ch\/de\/#\/schema\/logo\/image\/"}},{"@type":"Person","@id":"https:\/\/news.save.ch\/de\/#\/schema\/person\/d5022db048e0e2b9785c50e5b24da5aa","name":"Roger Str\u00e4ssle","image":{"@type":"ImageObject","inLanguage":"en-US","@id":"https:\/\/secure.gravatar.com\/avatar\/862a5569d087de48e5856e32f45d719a03804c891d6deb8d4f71a660e79e4a47?s=96&d=mm&r=g","url":"https:\/\/secure.gravatar.com\/avatar\/862a5569d087de48e5856e32f45d719a03804c891d6deb8d4f71a660e79e4a47?s=96&d=mm&r=g","contentUrl":"https:\/\/secure.gravatar.com\/avatar\/862a5569d087de48e5856e32f45d719a03804c891d6deb8d4f71a660e79e4a47?s=96&d=mm&r=g","caption":"Roger Str\u00e4ssle"},"url":"https:\/\/news.save.ch\/en\/author\/roger-straessle\/"}]}},"_links":{"self":[{"href":"https:\/\/news.save.ch\/en\/wp-json\/wp\/v2\/posts\/20416","targetHints":{"allow":["GET"]}}],"collection":[{"href":"https:\/\/news.save.ch\/en\/wp-json\/wp\/v2\/posts"}],"about":[{"href":"https:\/\/news.save.ch\/en\/wp-json\/wp\/v2\/types\/post"}],"author":[{"embeddable":true,"href":"https:\/\/news.save.ch\/en\/wp-json\/wp\/v2\/users\/8"}],"replies":[{"embeddable":true,"href":"https:\/\/news.save.ch\/en\/wp-json\/wp\/v2\/comments?post=20416"}],"version-history":[{"count":3,"href":"https:\/\/news.save.ch\/en\/wp-json\/wp\/v2\/posts\/20416\/revisions"}],"predecessor-version":[{"id":20455,"href":"https:\/\/news.save.ch\/en\/wp-json\/wp\/v2\/posts\/20416\/revisions\/20455"}],"wp:featuredmedia":[{"embeddable":true,"href":"https:\/\/news.save.ch\/en\/wp-json\/wp\/v2\/media\/20417"}],"wp:attachment":[{"href":"https:\/\/news.save.ch\/en\/wp-json\/wp\/v2\/media?parent=20416"}],"wp:term":[{"taxonomy":"category","embeddable":true,"href":"https:\/\/news.save.ch\/en\/wp-json\/wp\/v2\/categories?post=20416"},{"taxonomy":"post_tag","embeddable":true,"href":"https:\/\/news.save.ch\/en\/wp-json\/wp\/v2\/tags?post=20416"}],"curies":[{"name":"wp","href":"https:\/\/api.w.org\/{rel}","templated":true}]}}