{"id":2086,"date":"2015-12-14T16:13:24","date_gmt":"2015-12-14T15:13:24","guid":{"rendered":"https:\/\/dev.sicherheitsforum.ch\/?p=2086"},"modified":"2015-12-14T16:13:24","modified_gmt":"2015-12-14T15:13:24","slug":"ausbildung-zum-projektleiter-sicherheitssysteme","status":null,"type":"post","link":"https:\/\/news.save.ch\/en\/ausbildung-zum-projektleiter-sicherheitssysteme\/","title":{"rendered":"Training as a project manager for security systems"},"content":{"rendered":"<p><img loading=\"lazy\" decoding=\"async\" class=\"alignnone wp-image-2097 size-full\" src=\"https:\/\/news.save.ch\/wp-content\/uploads\/2016\/12\/Ausbildung-zum-Projektleiter-Sicherheitssysteme-sicherheitsforum.png\" width=\"439\" height=\"430\" srcset=\"https:\/\/news.save.ch\/wp-content\/uploads\/2016\/12\/Ausbildung-zum-Projektleiter-Sicherheitssysteme-sicherheitsforum.png 439w, https:\/\/news.save.ch\/wp-content\/uploads\/2016\/12\/Ausbildung-zum-Projektleiter-Sicherheitssysteme-sicherheitsforum-306x300.png 306w\" sizes=\"auto, (max-width: 439px) 100vw, 439px\" \/><\/p>\n<p>\"Safety Systems Project Managers\" are well-trained and experienced safety engineering professionals. They have sufficient knowledge to manage safety projects from planning to operation.<\/p>\n<p>The next training courses will start on April 4, 2016:<\/p>\n<ul>\n<li>Safety Systems Project Manager,\u00a0<a href=\"https:\/\/www.stfw.ch\/de\/kursangebote\/gebaeudetechnik\/eidg-abschluesse\/projektleiter-sicherheitssysteme-sicherheit\" target=\"_blank\" data-cke-saved-href=\"https:\/\/www.stfw.ch\/de\/kursangebote\/gebaeudetechnik\/eidg-abschluesse\/projektleiter-sicherheitssysteme-sicherheit\" rel=\"noopener\">Safety specialty<\/a><\/li>\n<li>Safety Systems Project Manager,\u00a0<a href=\"https:\/\/www.stfw.ch\/de\/kursangebote\/gebaeudetechnik\/eidg-abschluesse\/projektleiter-sicherheitssysteme-feuer\" target=\"_blank\" data-cke-saved-href=\"https:\/\/www.stfw.ch\/de\/kursangebote\/gebaeudetechnik\/eidg-abschluesse\/projektleiter-sicherheitssysteme-feuer\" rel=\"noopener\">Specialty fire<\/a><\/li>\n<\/ul>\n<p>Individual subjects of the course can also be attended.<\/p>\n<p>Anyone who would like to know more about the training \"Project Manager Security Systems\" can contact the <a href=\"https:\/\/www.stfw.ch\/de\/angebot-buchen\/coursecont\/Course\/course\/367\" target=\"_blank\" data-cke-saved-href=\"https:\/\/www.stfw.ch\/de\/angebot-buchen\/coursecont\/Course\/course\/367\" rel=\"noopener\">HSES info event<\/a>\u00a0on January 14, 2016 in Winterthur.<\/p>\n<p>For more information: <a href=\"https:\/\/www.stfw.ch\" target=\"_blank\" data-cke-saved-href=\"https:\/\/www.stfw.ch\" rel=\"noopener\">www.stfw.ch<\/a> or <a href=\"https:\/\/www.sicher-ses.ch\" target=\"_blank\" data-cke-saved-href=\"https:\/\/www.sicher-ses.ch\" rel=\"noopener\">www.sicher-ses.ch<\/a><\/p>\n<p>&nbsp;<\/p>","protected":false},"excerpt":{"rendered":"<p>\u201eProjektleiter Sicherheitssysteme\u201c sind gut ausgebildete und erfahrene Fachleute der Sicherheitstechnik. Sie besitzen ausreichende Kenntnisse, um Sicherheitsprojekte von der Planung bis zum Betrieb zu leiten. Am 4. April 2016 starten die n\u00e4chsten Lehrg\u00e4nge f\u00fcr die Ausbildung: Projektleiter Sicherheitssysteme,\u00a0Fachrichtung Sicherheit Projektleiter Sicherheitssysteme,\u00a0Fachrichtung Feuer Es k\u00f6nnen auch einzelne F\u00e4cher des Lehrgangs besucht werden. Wer mehr wissen m\u00f6chte \u00fcber [&hellip;]<\/p>\n","protected":false},"author":1,"featured_media":2097,"comment_status":"open","ping_status":"open","sticky":false,"template":"","format":"standard","meta":{"_acf_changed":false,"pgc_sgb_lightbox_settings":"","footnotes":""},"categories":[1],"tags":[109],"class_list":["post-2086","post","type-post","status-publish","format-standard","has-post-thumbnail","hentry","category-allgemein","tag-aus-und-weiterbildung"],"acf":[],"hkrextid":null,"publication":null,"issue":null,"workflow":null,"startPage":null,"spitzmarke":null,"_posts_by_tag_page_fields":{"widget_title":"","widget_tags":""},"_at_widget":"1","_yoast_wpseo_primary_category":"1","_yoast_wpseo_focuskw_text_input":"Projektleiter Sicherheitssysteme","_yoast_wpseo_opengraph-image":"https:\/\/news.save.ch\/wp-content\/uploads\/2016\/12\/Ausbildung-zum-Projektleiter-Sicherheitssysteme-sicherheitsforum.png","_yoast_wpseo_opengraph-description":"Ausbildung zahlt sich aus: In wenigen Wochen beginnt die Ausbildung \u201eProjektleiter Sicherheitssysteme\u201c mit eidgen\u00f6ssischem Fachausweis. Im Januar findet dazu eine kostenlose Informationsveranstaltung statt.","_yoast_wpseo_opengraph-title":"Ausbildung zum Projektleiter Sicherheitssysteme","enclosure":null,"_yoast_wpseo_twitter-title":null,"_yoast_wpseo_twitter-description":null,"_yoast_wpseo_twitter-image":null,"_wp_old_slug":null,"_yoast_wpseo_title":null,"_yoast_wpseo_canonical":null,"yoast_head":"<!-- This site is optimized with the Yoast SEO plugin v27.5 - https:\/\/yoast.com\/product\/yoast-seo-wordpress\/ -->\n<title>Ausbildung zum Projektleiter Sicherheitssysteme - Save<\/title>\n<meta name=\"description\" content=\"Ausbildung zahlt sich aus: In wenigen Wochen beginnt die Ausbildung Projektleiter Sicherheitssysteme mit eidgen\u00f6ssischem Fachausweis.\" \/>\n<meta name=\"robots\" content=\"index, follow, max-snippet:-1, max-image-preview:large, max-video-preview:-1\" \/>\n<link rel=\"canonical\" href=\"https:\/\/news.save.ch\/en\/ausbildung-zum-projektleiter-sicherheitssysteme\/\" \/>\n<meta property=\"og:locale\" content=\"en_US\" \/>\n<meta property=\"og:type\" content=\"article\" \/>\n<meta property=\"og:title\" content=\"Ausbildung zum Projektleiter Sicherheitssysteme\" \/>\n<meta property=\"og:description\" content=\"Ausbildung zahlt sich aus: In wenigen Wochen beginnt die Ausbildung \u201eProjektleiter Sicherheitssysteme\u201c mit eidgen\u00f6ssischem Fachausweis. Im Januar findet dazu eine kostenlose Informationsveranstaltung statt.\" \/>\n<meta property=\"og:url\" content=\"https:\/\/news.save.ch\/en\/ausbildung-zum-projektleiter-sicherheitssysteme\/\" \/>\n<meta property=\"og:site_name\" content=\"Save\" \/>\n<meta property=\"article:published_time\" content=\"2015-12-14T15:13:24+00:00\" \/>\n<meta property=\"og:image\" content=\"https:\/\/news.save.ch\/wp-content\/uploads\/2016\/12\/Ausbildung-zum-Projektleiter-Sicherheitssysteme-sicherheitsforum.png\" \/>\n<meta name=\"author\" content=\"admin\" \/>\n<meta name=\"twitter:card\" content=\"summary_large_image\" \/>\n<meta name=\"twitter:label1\" content=\"Written by\" \/>\n\t<meta name=\"twitter:data1\" content=\"admin\" \/>\n<script type=\"application\/ld+json\" class=\"yoast-schema-graph\">{\"@context\":\"https:\\\/\\\/schema.org\",\"@graph\":[{\"@type\":\"Article\",\"@id\":\"https:\\\/\\\/news.save.ch\\\/ausbildung-zum-projektleiter-sicherheitssysteme\\\/#article\",\"isPartOf\":{\"@id\":\"https:\\\/\\\/news.save.ch\\\/ausbildung-zum-projektleiter-sicherheitssysteme\\\/\"},\"author\":{\"name\":\"admin\",\"@id\":\"https:\\\/\\\/news.save.ch\\\/de\\\/#\\\/schema\\\/person\\\/d49e199490bad7c70d64b9ab51142f2b\"},\"headline\":\"Ausbildung zum Projektleiter Sicherheitssysteme\",\"datePublished\":\"2015-12-14T15:13:24+00:00\",\"mainEntityOfPage\":{\"@id\":\"https:\\\/\\\/news.save.ch\\\/ausbildung-zum-projektleiter-sicherheitssysteme\\\/\"},\"wordCount\":94,\"commentCount\":0,\"publisher\":{\"@id\":\"https:\\\/\\\/news.save.ch\\\/de\\\/#organization\"},\"image\":{\"@id\":\"https:\\\/\\\/news.save.ch\\\/ausbildung-zum-projektleiter-sicherheitssysteme\\\/#primaryimage\"},\"thumbnailUrl\":\"https:\\\/\\\/news.save.ch\\\/wp-content\\\/uploads\\\/2016\\\/12\\\/Ausbildung-zum-Projektleiter-Sicherheitssysteme-sicherheitsforum.png\",\"keywords\":[\"Aus- und Weiterbildung\"],\"articleSection\":[\"ALLGEMEIN\"],\"inLanguage\":\"en-US\"},{\"@type\":\"WebPage\",\"@id\":\"https:\\\/\\\/news.save.ch\\\/ausbildung-zum-projektleiter-sicherheitssysteme\\\/\",\"url\":\"https:\\\/\\\/news.save.ch\\\/ausbildung-zum-projektleiter-sicherheitssysteme\\\/\",\"name\":\"Ausbildung zum Projektleiter Sicherheitssysteme - Save\",\"isPartOf\":{\"@id\":\"https:\\\/\\\/news.save.ch\\\/de\\\/#website\"},\"primaryImageOfPage\":{\"@id\":\"https:\\\/\\\/news.save.ch\\\/ausbildung-zum-projektleiter-sicherheitssysteme\\\/#primaryimage\"},\"image\":{\"@id\":\"https:\\\/\\\/news.save.ch\\\/ausbildung-zum-projektleiter-sicherheitssysteme\\\/#primaryimage\"},\"thumbnailUrl\":\"https:\\\/\\\/news.save.ch\\\/wp-content\\\/uploads\\\/2016\\\/12\\\/Ausbildung-zum-Projektleiter-Sicherheitssysteme-sicherheitsforum.png\",\"datePublished\":\"2015-12-14T15:13:24+00:00\",\"description\":\"Ausbildung zahlt sich aus: In wenigen Wochen beginnt die Ausbildung Projektleiter Sicherheitssysteme mit eidgen\u00f6ssischem Fachausweis.\",\"breadcrumb\":{\"@id\":\"https:\\\/\\\/news.save.ch\\\/ausbildung-zum-projektleiter-sicherheitssysteme\\\/#breadcrumb\"},\"inLanguage\":\"en-US\",\"potentialAction\":[{\"@type\":\"ReadAction\",\"target\":[\"https:\\\/\\\/news.save.ch\\\/ausbildung-zum-projektleiter-sicherheitssysteme\\\/\"]}]},{\"@type\":\"ImageObject\",\"inLanguage\":\"en-US\",\"@id\":\"https:\\\/\\\/news.save.ch\\\/ausbildung-zum-projektleiter-sicherheitssysteme\\\/#primaryimage\",\"url\":\"https:\\\/\\\/news.save.ch\\\/wp-content\\\/uploads\\\/2016\\\/12\\\/Ausbildung-zum-Projektleiter-Sicherheitssysteme-sicherheitsforum.png\",\"contentUrl\":\"https:\\\/\\\/news.save.ch\\\/wp-content\\\/uploads\\\/2016\\\/12\\\/Ausbildung-zum-Projektleiter-Sicherheitssysteme-sicherheitsforum.png\",\"width\":439,\"height\":430},{\"@type\":\"BreadcrumbList\",\"@id\":\"https:\\\/\\\/news.save.ch\\\/ausbildung-zum-projektleiter-sicherheitssysteme\\\/#breadcrumb\",\"itemListElement\":[{\"@type\":\"ListItem\",\"position\":1,\"name\":\"Home\",\"item\":\"https:\\\/\\\/news.save.ch\\\/de\\\/\"},{\"@type\":\"ListItem\",\"position\":2,\"name\":\"Ausbildung zum Projektleiter Sicherheitssysteme\"}]},{\"@type\":\"WebSite\",\"@id\":\"https:\\\/\\\/news.save.ch\\\/de\\\/#website\",\"url\":\"https:\\\/\\\/news.save.ch\\\/de\\\/\",\"name\":\"Save\",\"description\":\"Schweizer Fachzeitschrift f\u00fcr Sicherheit\",\"publisher\":{\"@id\":\"https:\\\/\\\/news.save.ch\\\/de\\\/#organization\"},\"potentialAction\":[{\"@type\":\"SearchAction\",\"target\":{\"@type\":\"EntryPoint\",\"urlTemplate\":\"https:\\\/\\\/news.save.ch\\\/de\\\/?s={search_term_string}\"},\"query-input\":{\"@type\":\"PropertyValueSpecification\",\"valueRequired\":true,\"valueName\":\"search_term_string\"}}],\"inLanguage\":\"en-US\"},{\"@type\":\"Organization\",\"@id\":\"https:\\\/\\\/news.save.ch\\\/de\\\/#organization\",\"name\":\"Sicherheitsforum\",\"url\":\"https:\\\/\\\/news.save.ch\\\/de\\\/\",\"logo\":{\"@type\":\"ImageObject\",\"inLanguage\":\"en-US\",\"@id\":\"https:\\\/\\\/news.save.ch\\\/de\\\/#\\\/schema\\\/logo\\\/image\\\/\",\"url\":\"https:\\\/\\\/news.save.ch\\\/wp-content\\\/uploads\\\/2022\\\/06\\\/Logo_SF_2012.png\",\"contentUrl\":\"https:\\\/\\\/news.save.ch\\\/wp-content\\\/uploads\\\/2022\\\/06\\\/Logo_SF_2012.png\",\"width\":1100,\"height\":91,\"caption\":\"Sicherheitsforum\"},\"image\":{\"@id\":\"https:\\\/\\\/news.save.ch\\\/de\\\/#\\\/schema\\\/logo\\\/image\\\/\"}},{\"@type\":\"Person\",\"@id\":\"https:\\\/\\\/news.save.ch\\\/de\\\/#\\\/schema\\\/person\\\/d49e199490bad7c70d64b9ab51142f2b\",\"name\":\"admin\",\"image\":{\"@type\":\"ImageObject\",\"inLanguage\":\"en-US\",\"@id\":\"https:\\\/\\\/secure.gravatar.com\\\/avatar\\\/ae2f4d718e6c49043e314ce431e7e645d646302a24a5ef5a8bc8e3f5a032e319?s=96&d=mm&r=g\",\"url\":\"https:\\\/\\\/secure.gravatar.com\\\/avatar\\\/ae2f4d718e6c49043e314ce431e7e645d646302a24a5ef5a8bc8e3f5a032e319?s=96&d=mm&r=g\",\"contentUrl\":\"https:\\\/\\\/secure.gravatar.com\\\/avatar\\\/ae2f4d718e6c49043e314ce431e7e645d646302a24a5ef5a8bc8e3f5a032e319?s=96&d=mm&r=g\",\"caption\":\"admin\"},\"sameAs\":[\"https:\\\/\\\/develop.organisator.galledia.ch\"],\"url\":\"https:\\\/\\\/news.save.ch\\\/en\\\/author\\\/admin\\\/\"}]}<\/script>\n<!-- \/ Yoast SEO plugin. -->","yoast_head_json":{"title":"Security Systems Project Manager Training - Save","description":"Training pays off: In a few weeks, the training course for project managers in security systems will begin, leading to a federal certificate of proficiency.","robots":{"index":"index","follow":"follow","max-snippet":"max-snippet:-1","max-image-preview":"max-image-preview:large","max-video-preview":"max-video-preview:-1"},"canonical":"https:\/\/news.save.ch\/en\/ausbildung-zum-projektleiter-sicherheitssysteme\/","og_locale":"en_US","og_type":"article","og_title":"Ausbildung zum Projektleiter Sicherheitssysteme","og_description":"Ausbildung zahlt sich aus: In wenigen Wochen beginnt die Ausbildung \u201eProjektleiter Sicherheitssysteme\u201c mit eidgen\u00f6ssischem Fachausweis. Im Januar findet dazu eine kostenlose Informationsveranstaltung statt.","og_url":"https:\/\/news.save.ch\/en\/ausbildung-zum-projektleiter-sicherheitssysteme\/","og_site_name":"Save","article_published_time":"2015-12-14T15:13:24+00:00","og_image":[{"url":"https:\/\/news.save.ch\/wp-content\/uploads\/2016\/12\/Ausbildung-zum-Projektleiter-Sicherheitssysteme-sicherheitsforum.png","type":"","width":"","height":""}],"author":"admin","twitter_card":"summary_large_image","twitter_misc":{"Written by":"admin"},"schema":{"@context":"https:\/\/schema.org","@graph":[{"@type":"Article","@id":"https:\/\/news.save.ch\/ausbildung-zum-projektleiter-sicherheitssysteme\/#article","isPartOf":{"@id":"https:\/\/news.save.ch\/ausbildung-zum-projektleiter-sicherheitssysteme\/"},"author":{"name":"admin","@id":"https:\/\/news.save.ch\/de\/#\/schema\/person\/d49e199490bad7c70d64b9ab51142f2b"},"headline":"Ausbildung zum Projektleiter Sicherheitssysteme","datePublished":"2015-12-14T15:13:24+00:00","mainEntityOfPage":{"@id":"https:\/\/news.save.ch\/ausbildung-zum-projektleiter-sicherheitssysteme\/"},"wordCount":94,"commentCount":0,"publisher":{"@id":"https:\/\/news.save.ch\/de\/#organization"},"image":{"@id":"https:\/\/news.save.ch\/ausbildung-zum-projektleiter-sicherheitssysteme\/#primaryimage"},"thumbnailUrl":"https:\/\/news.save.ch\/wp-content\/uploads\/2016\/12\/Ausbildung-zum-Projektleiter-Sicherheitssysteme-sicherheitsforum.png","keywords":["Aus- und Weiterbildung"],"articleSection":["ALLGEMEIN"],"inLanguage":"en-US"},{"@type":"WebPage","@id":"https:\/\/news.save.ch\/ausbildung-zum-projektleiter-sicherheitssysteme\/","url":"https:\/\/news.save.ch\/ausbildung-zum-projektleiter-sicherheitssysteme\/","name":"Security Systems Project Manager Training - Save","isPartOf":{"@id":"https:\/\/news.save.ch\/de\/#website"},"primaryImageOfPage":{"@id":"https:\/\/news.save.ch\/ausbildung-zum-projektleiter-sicherheitssysteme\/#primaryimage"},"image":{"@id":"https:\/\/news.save.ch\/ausbildung-zum-projektleiter-sicherheitssysteme\/#primaryimage"},"thumbnailUrl":"https:\/\/news.save.ch\/wp-content\/uploads\/2016\/12\/Ausbildung-zum-Projektleiter-Sicherheitssysteme-sicherheitsforum.png","datePublished":"2015-12-14T15:13:24+00:00","description":"Training pays off: In a few weeks, the training course for project managers in security systems will begin, leading to a federal certificate of proficiency.","breadcrumb":{"@id":"https:\/\/news.save.ch\/ausbildung-zum-projektleiter-sicherheitssysteme\/#breadcrumb"},"inLanguage":"en-US","potentialAction":[{"@type":"ReadAction","target":["https:\/\/news.save.ch\/ausbildung-zum-projektleiter-sicherheitssysteme\/"]}]},{"@type":"ImageObject","inLanguage":"en-US","@id":"https:\/\/news.save.ch\/ausbildung-zum-projektleiter-sicherheitssysteme\/#primaryimage","url":"https:\/\/news.save.ch\/wp-content\/uploads\/2016\/12\/Ausbildung-zum-Projektleiter-Sicherheitssysteme-sicherheitsforum.png","contentUrl":"https:\/\/news.save.ch\/wp-content\/uploads\/2016\/12\/Ausbildung-zum-Projektleiter-Sicherheitssysteme-sicherheitsforum.png","width":439,"height":430},{"@type":"BreadcrumbList","@id":"https:\/\/news.save.ch\/ausbildung-zum-projektleiter-sicherheitssysteme\/#breadcrumb","itemListElement":[{"@type":"ListItem","position":1,"name":"Home","item":"https:\/\/news.save.ch\/de\/"},{"@type":"ListItem","position":2,"name":"Ausbildung zum Projektleiter Sicherheitssysteme"}]},{"@type":"WebSite","@id":"https:\/\/news.save.ch\/de\/#website","url":"https:\/\/news.save.ch\/de\/","name":"Save","description":"Swiss trade journal for safety","publisher":{"@id":"https:\/\/news.save.ch\/de\/#organization"},"potentialAction":[{"@type":"SearchAction","target":{"@type":"EntryPoint","urlTemplate":"https:\/\/news.save.ch\/de\/?s={search_term_string}"},"query-input":{"@type":"PropertyValueSpecification","valueRequired":true,"valueName":"search_term_string"}}],"inLanguage":"en-US"},{"@type":"Organization","@id":"https:\/\/news.save.ch\/de\/#organization","name":"Security Forum","url":"https:\/\/news.save.ch\/de\/","logo":{"@type":"ImageObject","inLanguage":"en-US","@id":"https:\/\/news.save.ch\/de\/#\/schema\/logo\/image\/","url":"https:\/\/news.save.ch\/wp-content\/uploads\/2022\/06\/Logo_SF_2012.png","contentUrl":"https:\/\/news.save.ch\/wp-content\/uploads\/2022\/06\/Logo_SF_2012.png","width":1100,"height":91,"caption":"Sicherheitsforum"},"image":{"@id":"https:\/\/news.save.ch\/de\/#\/schema\/logo\/image\/"}},{"@type":"Person","@id":"https:\/\/news.save.ch\/de\/#\/schema\/person\/d49e199490bad7c70d64b9ab51142f2b","name":"admin","image":{"@type":"ImageObject","inLanguage":"en-US","@id":"https:\/\/secure.gravatar.com\/avatar\/ae2f4d718e6c49043e314ce431e7e645d646302a24a5ef5a8bc8e3f5a032e319?s=96&d=mm&r=g","url":"https:\/\/secure.gravatar.com\/avatar\/ae2f4d718e6c49043e314ce431e7e645d646302a24a5ef5a8bc8e3f5a032e319?s=96&d=mm&r=g","contentUrl":"https:\/\/secure.gravatar.com\/avatar\/ae2f4d718e6c49043e314ce431e7e645d646302a24a5ef5a8bc8e3f5a032e319?s=96&d=mm&r=g","caption":"admin"},"sameAs":["https:\/\/develop.organisator.galledia.ch"],"url":"https:\/\/news.save.ch\/en\/author\/admin\/"}]}},"_links":{"self":[{"href":"https:\/\/news.save.ch\/en\/wp-json\/wp\/v2\/posts\/2086","targetHints":{"allow":["GET"]}}],"collection":[{"href":"https:\/\/news.save.ch\/en\/wp-json\/wp\/v2\/posts"}],"about":[{"href":"https:\/\/news.save.ch\/en\/wp-json\/wp\/v2\/types\/post"}],"author":[{"embeddable":true,"href":"https:\/\/news.save.ch\/en\/wp-json\/wp\/v2\/users\/1"}],"replies":[{"embeddable":true,"href":"https:\/\/news.save.ch\/en\/wp-json\/wp\/v2\/comments?post=2086"}],"version-history":[{"count":0,"href":"https:\/\/news.save.ch\/en\/wp-json\/wp\/v2\/posts\/2086\/revisions"}],"wp:featuredmedia":[{"embeddable":true,"href":"https:\/\/news.save.ch\/en\/wp-json\/wp\/v2\/media\/2097"}],"wp:attachment":[{"href":"https:\/\/news.save.ch\/en\/wp-json\/wp\/v2\/media?parent=2086"}],"wp:term":[{"taxonomy":"category","embeddable":true,"href":"https:\/\/news.save.ch\/en\/wp-json\/wp\/v2\/categories?post=2086"},{"taxonomy":"post_tag","embeddable":true,"href":"https:\/\/news.save.ch\/en\/wp-json\/wp\/v2\/tags?post=2086"}],"curies":[{"name":"wp","href":"https:\/\/api.w.org\/{rel}","templated":true}]}}