{"id":2133,"date":"2016-01-14T16:25:27","date_gmt":"2016-01-14T15:25:27","guid":{"rendered":"https:\/\/dev.sicherheitsforum.ch\/?p=2133"},"modified":"2016-01-14T16:25:27","modified_gmt":"2016-01-14T15:25:27","slug":"dormakaba-geht-in-die-swisscom-cloud","status":null,"type":"post","link":"https:\/\/news.save.ch\/en\/dormakaba-geht-in-die-swisscom-cloud\/","title":{"rendered":"Dorma+Kaba goes to the Swisscom cloud"},"content":{"rendered":"<p><img loading=\"lazy\" decoding=\"async\" class=\"alignnone wp-image-2134 size-medium\" src=\"https:\/\/news.save.ch\/wp-content\/uploads\/2016\/12\/DormaKaba-geht-in-die-Swisscom-Cloud-sicherheitsforum.jpg\" width=\"680\" height=\"655\" srcset=\"https:\/\/news.save.ch\/wp-content\/uploads\/2016\/12\/DormaKaba-geht-in-die-Swisscom-Cloud-sicherheitsforum.jpg 1104w, https:\/\/news.save.ch\/wp-content\/uploads\/2016\/12\/DormaKaba-geht-in-die-Swisscom-Cloud-sicherheitsforum-311x300.jpg 311w\" sizes=\"auto, (max-width: 680px) 100vw, 680px\" \/><\/p>\n<p><a href=\"https:\/\/www.swisscom.ch\" target=\"_blank\" data-cke-saved-href=\"https:\/\/www.swisscom.ch\" rel=\"noopener\">Swisscom<\/a> and <a href=\"https:\/\/www.dormakaba.com\" target=\"_blank\" data-cke-saved-href=\"https:\/\/www.dormakaba.com\" rel=\"noopener\">Dorma+Kaba<\/a> are strengthening their collaboration: In spring 2016, the security provider will launch \"exivo,\" an Internet-based access solution for SMEs. This makes it easy to plan, configure, order, customize and install an access system, and rights can be assigned dynamically, as the two companies write. The solution, which is designed for both mechanical and electronic applications, runs on a central platform. Sales partners and end users would obtain the desired functionalities as software-as-a-service. Renato Serafini, Business Owner of \"exivo\", explains: \"The product supports the long-term transformation of our business model: away from the mechanical door lock product to the service business. This requires a rethink on the part of all involved, but also offers opportunities. For the first time, our partners can offer their own services on the platform and secure recurring revenue.\"<\/p>\n<p><strong>Development in the Swisscom Application Cloud<\/strong><\/p>\n<p>The new solution will be developed in Swisscom's Application Cloud, Swisscom said. On the Platform-as-a-Service (PaaS) environment, the development team can devote itself completely to the development of attractive application functions. The cloud service in a private environment relieves developers of all tedious administration and configuration tasks, the telecommunications provider writes.<\/p>\n<p>The crucial factor for the collaboration, he says, was the fit between Swisscom's PaaS environment and its own architecture. Andreas H\u00e4berli, CTO of Dorma+Kaba, says: \"Our developers speak the same language and we were able to help influence the technical framework.\" The telecommunications company relies on modern software design methods such as the functional decomposition of software into loosely coupled, cloud-native microservices, all of which can be scaled horizontally and easily adapted, he says. In addition, the telecommunications company uses Cloud Foundry, the industry standard in cloud-native open source platforms.<\/p>","protected":false},"excerpt":{"rendered":"<p>Swisscom und Dorma+Kaba verst\u00e4rken ihre Zusammenarbeit: Der Sicherheitsanbieter bringt im Fr\u00fchjahr 2016 mit \u201eexivo\u201c eine Internet-basierte Zutrittsl\u00f6sung f\u00fcr KMU auf den Markt. Damit l\u00e4sst sich ein Zutrittssystem einfach planen, konfigurieren, bestellen, individualisieren, installieren und Rechte k\u00f6nnen dynamisch vergeben werden, wie die zwei Unternehmen schreiben. Die L\u00f6sung, welche sowohl f\u00fcr mechanische wie auch elektronische Anwendungen konzipiert [&hellip;]<\/p>\n","protected":false},"author":1,"featured_media":2134,"comment_status":"open","ping_status":"open","sticky":false,"template":"","format":"standard","meta":{"_acf_changed":false,"pgc_sgb_lightbox_settings":"","footnotes":""},"categories":[1],"tags":[62,65],"class_list":["post-2133","post","type-post","status-publish","format-standard","has-post-thumbnail","hentry","category-allgemein","tag-ict-sicherheit","tag-unternehmen"],"acf":[],"hkrextid":null,"publication":null,"issue":null,"workflow":null,"startPage":null,"spitzmarke":null,"_posts_by_tag_page_fields":{"widget_title":"","widget_tags":""},"_at_widget":"1","_yoast_wpseo_primary_category":"1","_yoast_wpseo_focuskw_text_input":"Swisscom-Cloud","_yoast_wpseo_opengraph-image":"https:\/\/news.save.ch\/wp-content\/uploads\/2016\/12\/DormaKaba-geht-in-die-Swisscom-Cloud-sicherheitsforum.jpg","_yoast_wpseo_opengraph-description":"Dorma+Kaba setzt auf die Application Cloud von Swisscom, um neue Zutrittsl\u00f6sungen agiler zu entwickeln und schneller auf den Markt zu bringen, wie das Telekommunikationsunternehmen schreibt.","_yoast_wpseo_opengraph-title":"Dorma+Kaba geht in die Swisscom-Cloud","enclosure":null,"_yoast_wpseo_twitter-title":null,"_yoast_wpseo_twitter-description":null,"_yoast_wpseo_twitter-image":null,"_wp_old_slug":null,"_yoast_wpseo_title":null,"_yoast_wpseo_canonical":null,"yoast_head":"<!-- This site is optimized with the Yoast SEO plugin v27.5 - https:\/\/yoast.com\/product\/yoast-seo-wordpress\/ -->\n<title>Dorma+Kaba geht in die Swisscom-Cloud - Save<\/title>\n<meta name=\"description\" content=\"Dorma+Kaba setzt auf die Swisscom-Cloud Application, um neue Zutrittsl\u00f6sungen agiler zu entwickeln und schneller auf den Markt zu bringen.\" \/>\n<meta name=\"robots\" content=\"index, follow, max-snippet:-1, max-image-preview:large, max-video-preview:-1\" \/>\n<link rel=\"canonical\" href=\"https:\/\/news.save.ch\/en\/dormakaba-geht-in-die-swisscom-cloud\/\" \/>\n<meta property=\"og:locale\" content=\"en_US\" \/>\n<meta property=\"og:type\" content=\"article\" \/>\n<meta property=\"og:title\" content=\"Dorma+Kaba geht in die Swisscom-Cloud\" \/>\n<meta property=\"og:description\" content=\"Dorma+Kaba setzt auf die Application Cloud von Swisscom, um neue Zutrittsl\u00f6sungen agiler zu entwickeln und schneller auf den Markt zu bringen, wie das Telekommunikationsunternehmen schreibt.\" \/>\n<meta property=\"og:url\" content=\"https:\/\/news.save.ch\/en\/dormakaba-geht-in-die-swisscom-cloud\/\" \/>\n<meta property=\"og:site_name\" content=\"Save\" \/>\n<meta property=\"article:published_time\" content=\"2016-01-14T15:25:27+00:00\" \/>\n<meta property=\"og:image\" content=\"https:\/\/news.save.ch\/wp-content\/uploads\/2016\/12\/DormaKaba-geht-in-die-Swisscom-Cloud-sicherheitsforum.jpg\" \/>\n<meta name=\"author\" content=\"admin\" \/>\n<meta name=\"twitter:card\" content=\"summary_large_image\" \/>\n<meta name=\"twitter:label1\" content=\"Written by\" \/>\n\t<meta name=\"twitter:data1\" content=\"admin\" \/>\n\t<meta name=\"twitter:label2\" content=\"Est. reading time\" \/>\n\t<meta name=\"twitter:data2\" content=\"1 minute\" \/>\n<script type=\"application\/ld+json\" class=\"yoast-schema-graph\">{\"@context\":\"https:\\\/\\\/schema.org\",\"@graph\":[{\"@type\":\"Article\",\"@id\":\"https:\\\/\\\/news.save.ch\\\/dormakaba-geht-in-die-swisscom-cloud\\\/#article\",\"isPartOf\":{\"@id\":\"https:\\\/\\\/news.save.ch\\\/dormakaba-geht-in-die-swisscom-cloud\\\/\"},\"author\":{\"name\":\"admin\",\"@id\":\"https:\\\/\\\/news.save.ch\\\/de\\\/#\\\/schema\\\/person\\\/d49e199490bad7c70d64b9ab51142f2b\"},\"headline\":\"Dorma+Kaba geht in die Swisscom-Cloud\",\"datePublished\":\"2016-01-14T15:25:27+00:00\",\"mainEntityOfPage\":{\"@id\":\"https:\\\/\\\/news.save.ch\\\/dormakaba-geht-in-die-swisscom-cloud\\\/\"},\"wordCount\":275,\"commentCount\":0,\"publisher\":{\"@id\":\"https:\\\/\\\/news.save.ch\\\/de\\\/#organization\"},\"image\":{\"@id\":\"https:\\\/\\\/news.save.ch\\\/dormakaba-geht-in-die-swisscom-cloud\\\/#primaryimage\"},\"thumbnailUrl\":\"https:\\\/\\\/news.save.ch\\\/wp-content\\\/uploads\\\/2016\\\/12\\\/DormaKaba-geht-in-die-Swisscom-Cloud-sicherheitsforum.jpg\",\"keywords\":[\"ICT-Sicherheit\",\"Unternehmen\"],\"articleSection\":[\"ALLGEMEIN\"],\"inLanguage\":\"en-US\"},{\"@type\":\"WebPage\",\"@id\":\"https:\\\/\\\/news.save.ch\\\/dormakaba-geht-in-die-swisscom-cloud\\\/\",\"url\":\"https:\\\/\\\/news.save.ch\\\/dormakaba-geht-in-die-swisscom-cloud\\\/\",\"name\":\"Dorma+Kaba geht in die Swisscom-Cloud - Save\",\"isPartOf\":{\"@id\":\"https:\\\/\\\/news.save.ch\\\/de\\\/#website\"},\"primaryImageOfPage\":{\"@id\":\"https:\\\/\\\/news.save.ch\\\/dormakaba-geht-in-die-swisscom-cloud\\\/#primaryimage\"},\"image\":{\"@id\":\"https:\\\/\\\/news.save.ch\\\/dormakaba-geht-in-die-swisscom-cloud\\\/#primaryimage\"},\"thumbnailUrl\":\"https:\\\/\\\/news.save.ch\\\/wp-content\\\/uploads\\\/2016\\\/12\\\/DormaKaba-geht-in-die-Swisscom-Cloud-sicherheitsforum.jpg\",\"datePublished\":\"2016-01-14T15:25:27+00:00\",\"description\":\"Dorma+Kaba setzt auf die Swisscom-Cloud Application, um neue Zutrittsl\u00f6sungen agiler zu entwickeln und schneller auf den Markt zu bringen.\",\"breadcrumb\":{\"@id\":\"https:\\\/\\\/news.save.ch\\\/dormakaba-geht-in-die-swisscom-cloud\\\/#breadcrumb\"},\"inLanguage\":\"en-US\",\"potentialAction\":[{\"@type\":\"ReadAction\",\"target\":[\"https:\\\/\\\/news.save.ch\\\/dormakaba-geht-in-die-swisscom-cloud\\\/\"]}]},{\"@type\":\"ImageObject\",\"inLanguage\":\"en-US\",\"@id\":\"https:\\\/\\\/news.save.ch\\\/dormakaba-geht-in-die-swisscom-cloud\\\/#primaryimage\",\"url\":\"https:\\\/\\\/news.save.ch\\\/wp-content\\\/uploads\\\/2016\\\/12\\\/DormaKaba-geht-in-die-Swisscom-Cloud-sicherheitsforum.jpg\",\"contentUrl\":\"https:\\\/\\\/news.save.ch\\\/wp-content\\\/uploads\\\/2016\\\/12\\\/DormaKaba-geht-in-die-Swisscom-Cloud-sicherheitsforum.jpg\",\"width\":1104,\"height\":1064},{\"@type\":\"BreadcrumbList\",\"@id\":\"https:\\\/\\\/news.save.ch\\\/dormakaba-geht-in-die-swisscom-cloud\\\/#breadcrumb\",\"itemListElement\":[{\"@type\":\"ListItem\",\"position\":1,\"name\":\"Home\",\"item\":\"https:\\\/\\\/news.save.ch\\\/de\\\/\"},{\"@type\":\"ListItem\",\"position\":2,\"name\":\"Dorma+Kaba geht in die Swisscom-Cloud\"}]},{\"@type\":\"WebSite\",\"@id\":\"https:\\\/\\\/news.save.ch\\\/de\\\/#website\",\"url\":\"https:\\\/\\\/news.save.ch\\\/de\\\/\",\"name\":\"Save\",\"description\":\"Schweizer Fachzeitschrift f\u00fcr Sicherheit\",\"publisher\":{\"@id\":\"https:\\\/\\\/news.save.ch\\\/de\\\/#organization\"},\"potentialAction\":[{\"@type\":\"SearchAction\",\"target\":{\"@type\":\"EntryPoint\",\"urlTemplate\":\"https:\\\/\\\/news.save.ch\\\/de\\\/?s={search_term_string}\"},\"query-input\":{\"@type\":\"PropertyValueSpecification\",\"valueRequired\":true,\"valueName\":\"search_term_string\"}}],\"inLanguage\":\"en-US\"},{\"@type\":\"Organization\",\"@id\":\"https:\\\/\\\/news.save.ch\\\/de\\\/#organization\",\"name\":\"Sicherheitsforum\",\"url\":\"https:\\\/\\\/news.save.ch\\\/de\\\/\",\"logo\":{\"@type\":\"ImageObject\",\"inLanguage\":\"en-US\",\"@id\":\"https:\\\/\\\/news.save.ch\\\/de\\\/#\\\/schema\\\/logo\\\/image\\\/\",\"url\":\"https:\\\/\\\/news.save.ch\\\/wp-content\\\/uploads\\\/2022\\\/06\\\/Logo_SF_2012.png\",\"contentUrl\":\"https:\\\/\\\/news.save.ch\\\/wp-content\\\/uploads\\\/2022\\\/06\\\/Logo_SF_2012.png\",\"width\":1100,\"height\":91,\"caption\":\"Sicherheitsforum\"},\"image\":{\"@id\":\"https:\\\/\\\/news.save.ch\\\/de\\\/#\\\/schema\\\/logo\\\/image\\\/\"}},{\"@type\":\"Person\",\"@id\":\"https:\\\/\\\/news.save.ch\\\/de\\\/#\\\/schema\\\/person\\\/d49e199490bad7c70d64b9ab51142f2b\",\"name\":\"admin\",\"image\":{\"@type\":\"ImageObject\",\"inLanguage\":\"en-US\",\"@id\":\"https:\\\/\\\/secure.gravatar.com\\\/avatar\\\/ae2f4d718e6c49043e314ce431e7e645d646302a24a5ef5a8bc8e3f5a032e319?s=96&d=mm&r=g\",\"url\":\"https:\\\/\\\/secure.gravatar.com\\\/avatar\\\/ae2f4d718e6c49043e314ce431e7e645d646302a24a5ef5a8bc8e3f5a032e319?s=96&d=mm&r=g\",\"contentUrl\":\"https:\\\/\\\/secure.gravatar.com\\\/avatar\\\/ae2f4d718e6c49043e314ce431e7e645d646302a24a5ef5a8bc8e3f5a032e319?s=96&d=mm&r=g\",\"caption\":\"admin\"},\"sameAs\":[\"https:\\\/\\\/develop.organisator.galledia.ch\"],\"url\":\"https:\\\/\\\/news.save.ch\\\/en\\\/author\\\/admin\\\/\"}]}<\/script>\n<!-- \/ Yoast SEO plugin. -->","yoast_head_json":{"title":"Dorma+Kaba goes to the Swisscom cloud - Save","description":"Dorma+Kaba relies on the Swisscom Cloud Application to develop new access solutions more agilely and bring them to market faster.","robots":{"index":"index","follow":"follow","max-snippet":"max-snippet:-1","max-image-preview":"max-image-preview:large","max-video-preview":"max-video-preview:-1"},"canonical":"https:\/\/news.save.ch\/en\/dormakaba-geht-in-die-swisscom-cloud\/","og_locale":"en_US","og_type":"article","og_title":"Dorma+Kaba geht in die Swisscom-Cloud","og_description":"Dorma+Kaba setzt auf die Application Cloud von Swisscom, um neue Zutrittsl\u00f6sungen agiler zu entwickeln und schneller auf den Markt zu bringen, wie das Telekommunikationsunternehmen schreibt.","og_url":"https:\/\/news.save.ch\/en\/dormakaba-geht-in-die-swisscom-cloud\/","og_site_name":"Save","article_published_time":"2016-01-14T15:25:27+00:00","og_image":[{"url":"https:\/\/news.save.ch\/wp-content\/uploads\/2016\/12\/DormaKaba-geht-in-die-Swisscom-Cloud-sicherheitsforum.jpg","type":"","width":"","height":""}],"author":"admin","twitter_card":"summary_large_image","twitter_misc":{"Written by":"admin","Est. reading time":"1 minute"},"schema":{"@context":"https:\/\/schema.org","@graph":[{"@type":"Article","@id":"https:\/\/news.save.ch\/dormakaba-geht-in-die-swisscom-cloud\/#article","isPartOf":{"@id":"https:\/\/news.save.ch\/dormakaba-geht-in-die-swisscom-cloud\/"},"author":{"name":"admin","@id":"https:\/\/news.save.ch\/de\/#\/schema\/person\/d49e199490bad7c70d64b9ab51142f2b"},"headline":"Dorma+Kaba geht in die Swisscom-Cloud","datePublished":"2016-01-14T15:25:27+00:00","mainEntityOfPage":{"@id":"https:\/\/news.save.ch\/dormakaba-geht-in-die-swisscom-cloud\/"},"wordCount":275,"commentCount":0,"publisher":{"@id":"https:\/\/news.save.ch\/de\/#organization"},"image":{"@id":"https:\/\/news.save.ch\/dormakaba-geht-in-die-swisscom-cloud\/#primaryimage"},"thumbnailUrl":"https:\/\/news.save.ch\/wp-content\/uploads\/2016\/12\/DormaKaba-geht-in-die-Swisscom-Cloud-sicherheitsforum.jpg","keywords":["ICT-Sicherheit","Unternehmen"],"articleSection":["ALLGEMEIN"],"inLanguage":"en-US"},{"@type":"WebPage","@id":"https:\/\/news.save.ch\/dormakaba-geht-in-die-swisscom-cloud\/","url":"https:\/\/news.save.ch\/dormakaba-geht-in-die-swisscom-cloud\/","name":"Dorma+Kaba goes to the Swisscom cloud - Save","isPartOf":{"@id":"https:\/\/news.save.ch\/de\/#website"},"primaryImageOfPage":{"@id":"https:\/\/news.save.ch\/dormakaba-geht-in-die-swisscom-cloud\/#primaryimage"},"image":{"@id":"https:\/\/news.save.ch\/dormakaba-geht-in-die-swisscom-cloud\/#primaryimage"},"thumbnailUrl":"https:\/\/news.save.ch\/wp-content\/uploads\/2016\/12\/DormaKaba-geht-in-die-Swisscom-Cloud-sicherheitsforum.jpg","datePublished":"2016-01-14T15:25:27+00:00","description":"Dorma+Kaba relies on the Swisscom Cloud Application to develop new access solutions more agilely and bring them to market faster.","breadcrumb":{"@id":"https:\/\/news.save.ch\/dormakaba-geht-in-die-swisscom-cloud\/#breadcrumb"},"inLanguage":"en-US","potentialAction":[{"@type":"ReadAction","target":["https:\/\/news.save.ch\/dormakaba-geht-in-die-swisscom-cloud\/"]}]},{"@type":"ImageObject","inLanguage":"en-US","@id":"https:\/\/news.save.ch\/dormakaba-geht-in-die-swisscom-cloud\/#primaryimage","url":"https:\/\/news.save.ch\/wp-content\/uploads\/2016\/12\/DormaKaba-geht-in-die-Swisscom-Cloud-sicherheitsforum.jpg","contentUrl":"https:\/\/news.save.ch\/wp-content\/uploads\/2016\/12\/DormaKaba-geht-in-die-Swisscom-Cloud-sicherheitsforum.jpg","width":1104,"height":1064},{"@type":"BreadcrumbList","@id":"https:\/\/news.save.ch\/dormakaba-geht-in-die-swisscom-cloud\/#breadcrumb","itemListElement":[{"@type":"ListItem","position":1,"name":"Home","item":"https:\/\/news.save.ch\/de\/"},{"@type":"ListItem","position":2,"name":"Dorma+Kaba geht in die Swisscom-Cloud"}]},{"@type":"WebSite","@id":"https:\/\/news.save.ch\/de\/#website","url":"https:\/\/news.save.ch\/de\/","name":"Save","description":"Swiss trade journal for safety","publisher":{"@id":"https:\/\/news.save.ch\/de\/#organization"},"potentialAction":[{"@type":"SearchAction","target":{"@type":"EntryPoint","urlTemplate":"https:\/\/news.save.ch\/de\/?s={search_term_string}"},"query-input":{"@type":"PropertyValueSpecification","valueRequired":true,"valueName":"search_term_string"}}],"inLanguage":"en-US"},{"@type":"Organization","@id":"https:\/\/news.save.ch\/de\/#organization","name":"Security Forum","url":"https:\/\/news.save.ch\/de\/","logo":{"@type":"ImageObject","inLanguage":"en-US","@id":"https:\/\/news.save.ch\/de\/#\/schema\/logo\/image\/","url":"https:\/\/news.save.ch\/wp-content\/uploads\/2022\/06\/Logo_SF_2012.png","contentUrl":"https:\/\/news.save.ch\/wp-content\/uploads\/2022\/06\/Logo_SF_2012.png","width":1100,"height":91,"caption":"Sicherheitsforum"},"image":{"@id":"https:\/\/news.save.ch\/de\/#\/schema\/logo\/image\/"}},{"@type":"Person","@id":"https:\/\/news.save.ch\/de\/#\/schema\/person\/d49e199490bad7c70d64b9ab51142f2b","name":"admin","image":{"@type":"ImageObject","inLanguage":"en-US","@id":"https:\/\/secure.gravatar.com\/avatar\/ae2f4d718e6c49043e314ce431e7e645d646302a24a5ef5a8bc8e3f5a032e319?s=96&d=mm&r=g","url":"https:\/\/secure.gravatar.com\/avatar\/ae2f4d718e6c49043e314ce431e7e645d646302a24a5ef5a8bc8e3f5a032e319?s=96&d=mm&r=g","contentUrl":"https:\/\/secure.gravatar.com\/avatar\/ae2f4d718e6c49043e314ce431e7e645d646302a24a5ef5a8bc8e3f5a032e319?s=96&d=mm&r=g","caption":"admin"},"sameAs":["https:\/\/develop.organisator.galledia.ch"],"url":"https:\/\/news.save.ch\/en\/author\/admin\/"}]}},"_links":{"self":[{"href":"https:\/\/news.save.ch\/en\/wp-json\/wp\/v2\/posts\/2133","targetHints":{"allow":["GET"]}}],"collection":[{"href":"https:\/\/news.save.ch\/en\/wp-json\/wp\/v2\/posts"}],"about":[{"href":"https:\/\/news.save.ch\/en\/wp-json\/wp\/v2\/types\/post"}],"author":[{"embeddable":true,"href":"https:\/\/news.save.ch\/en\/wp-json\/wp\/v2\/users\/1"}],"replies":[{"embeddable":true,"href":"https:\/\/news.save.ch\/en\/wp-json\/wp\/v2\/comments?post=2133"}],"version-history":[{"count":0,"href":"https:\/\/news.save.ch\/en\/wp-json\/wp\/v2\/posts\/2133\/revisions"}],"wp:featuredmedia":[{"embeddable":true,"href":"https:\/\/news.save.ch\/en\/wp-json\/wp\/v2\/media\/2134"}],"wp:attachment":[{"href":"https:\/\/news.save.ch\/en\/wp-json\/wp\/v2\/media?parent=2133"}],"wp:term":[{"taxonomy":"category","embeddable":true,"href":"https:\/\/news.save.ch\/en\/wp-json\/wp\/v2\/categories?post=2133"},{"taxonomy":"post_tag","embeddable":true,"href":"https:\/\/news.save.ch\/en\/wp-json\/wp\/v2\/tags?post=2133"}],"curies":[{"name":"wp","href":"https:\/\/api.w.org\/{rel}","templated":true}]}}