{"id":21387,"date":"2023-07-24T15:38:47","date_gmt":"2023-07-24T13:38:47","guid":{"rendered":"https:\/\/news.save.ch\/?p=21387"},"modified":"2023-07-24T15:38:47","modified_gmt":"2023-07-24T13:38:47","slug":"swiss-expert-group-sa-uebernimmt-eb-qual-sa","status":null,"type":"post","link":"https:\/\/news.save.ch\/en\/swiss-expert-group-sa-uebernimmt-eb-qual-sa\/","title":{"rendered":"Swiss Expert Group SA acquires eb-Qual SA"},"content":{"rendered":"<p><img loading=\"lazy\" decoding=\"async\" class=\"size-medium wp-image-21388 aligncenter\" src=\"https:\/\/news.save.ch\/wp-content\/uploads\/2023\/07\/Depositphotos_475165626_S-680x454.jpg\" alt=\"\" width=\"680\" height=\"454\" srcset=\"https:\/\/news.save.ch\/wp-content\/uploads\/2023\/07\/Depositphotos_475165626_S-680x454.jpg 680w, https:\/\/news.save.ch\/wp-content\/uploads\/2023\/07\/Depositphotos_475165626_S-768x512.jpg 768w, https:\/\/news.save.ch\/wp-content\/uploads\/2023\/07\/Depositphotos_475165626_S-18x12.jpg 18w, https:\/\/news.save.ch\/wp-content\/uploads\/2023\/07\/Depositphotos_475165626_S-375x250.jpg 375w, https:\/\/news.save.ch\/wp-content\/uploads\/2023\/07\/Depositphotos_475165626_S-525x350.jpg 525w, https:\/\/news.save.ch\/wp-content\/uploads\/2023\/07\/Depositphotos_475165626_S.jpg 1000w\" sizes=\"auto, (max-width: 680px) 100vw, 680px\" \/><\/p>\n<p>With the acquisition, Swiss Expert Group continues its expansion, consolidating its position as an independent market leader in Switzerland and now employing nearly 100 people at six locations in the cantons of Geneva, Vaud, Fribourg and Zurich, the company said in its press release.<\/p>\n<h3>On the market for over 20 years<\/h3>\n<p>According to C\u00e9dric Enzler, Chairman of the Board of Directors of Swiss Expert Group SA, eb-Qual SA's services are a precise response to the major cybersecurity challenges faced by Swiss companies. \"With eb-Qual SA joining our group, our combined skills and experience enable us to ensure the success of our Swiss clients in the areas of IT security and digital transformation.\"<\/p>\n<p>Founded in 2002 in Givisiez (Fribourg), eb-Qual SA is a family business that stands out as a major player in IT security in French and German-speaking Switzerland. The company has a portfolio of advanced technologies that make it a preferred partner for Swiss companies of all sizes.<\/p>\n<h3>Expanded service portfolio<\/h3>\n<p>\"We are delighted to join Swiss Expert Group, implementing the project of our regretful founder Jacques Macherel. The strategic choice for this partnership underlines our shared vision and our focus on long-term development, while preserving our distinctive corporate culture and heritage,\" comments Herv\u00e9 Ottet, CEO of eb-Qual SA. \"This partnership opens up new opportunities for our customers, who will now benefit from an expanded service portfolio, including managed cybersecurity, DevSecOps and cloud solutions. By joining forces, we aim to strengthen our support in the ever-growing digital security market with comprehensive solutions.\"<\/p>\n<p>&nbsp;<\/p>","protected":false},"excerpt":{"rendered":"<p>Mit der \u00dcbernahme setze Swiss Expert Group ihre Expansion fort, festigt ihre Position als unabh\u00e4ngiger Marktf\u00fchrer in der Schweiz und besch\u00e4ftige nun fast 100 Mitarbeiter an sechs Standorten in den Kantonen Genf, Waadt, Freiburg und Z\u00fcrich, wie das Unternehmen in seiner Pressemitteilung schreibt. Seit \u00fcber 20 Jahren auf dem Markt Gem\u00e4ss C\u00e9dric Enzler, Vorsitzender des [&hellip;]<\/p>\n","protected":false},"author":8,"featured_media":21388,"comment_status":"closed","ping_status":"closed","sticky":false,"template":"","format":"standard","meta":{"_acf_changed":false,"pgc_sgb_lightbox_settings":"","footnotes":""},"categories":[3313],"tags":[657],"class_list":["post-21387","post","type-post","status-publish","format-standard","has-post-thumbnail","hentry","category-digitalisierung","tag-cyber-security"],"acf":[],"hkrextid":null,"publication":null,"issue":null,"workflow":null,"startPage":null,"spitzmarke":null,"_posts_by_tag_page_fields":null,"_at_widget":null,"_yoast_wpseo_primary_category":"3313","_yoast_wpseo_focuskw_text_input":null,"_yoast_wpseo_opengraph-image":null,"_yoast_wpseo_opengraph-description":null,"_yoast_wpseo_opengraph-title":null,"enclosure":null,"_yoast_wpseo_twitter-title":null,"_yoast_wpseo_twitter-description":null,"_yoast_wpseo_twitter-image":null,"_wp_old_slug":null,"_yoast_wpseo_title":null,"_yoast_wpseo_canonical":null,"yoast_head":"<!-- This site is optimized with the Yoast SEO plugin v27.5 - https:\/\/yoast.com\/product\/yoast-seo-wordpress\/ -->\n<title>Swiss Expert Group SA \u00fcbernimmt eb-Qual SA - Save<\/title>\n<meta name=\"description\" content=\"Die auf Cybersicherheit und Cloud-L\u00f6sungen spezialisierte Swiss Expert Group \u00fcbernimmt das Unternehmen eb-Qual SA.\" \/>\n<meta name=\"robots\" content=\"index, follow, max-snippet:-1, max-image-preview:large, max-video-preview:-1\" \/>\n<link rel=\"canonical\" href=\"https:\/\/news.save.ch\/en\/swiss-expert-group-sa-uebernimmt-eb-qual-sa\/\" \/>\n<meta property=\"og:locale\" content=\"en_US\" \/>\n<meta property=\"og:type\" content=\"article\" \/>\n<meta property=\"og:title\" content=\"Swiss Expert Group SA \u00fcbernimmt eb-Qual SA - Save\" \/>\n<meta property=\"og:description\" content=\"Die auf Cybersicherheit und Cloud-L\u00f6sungen spezialisierte Swiss Expert Group \u00fcbernimmt das Unternehmen eb-Qual SA.\" \/>\n<meta property=\"og:url\" content=\"https:\/\/news.save.ch\/en\/swiss-expert-group-sa-uebernimmt-eb-qual-sa\/\" \/>\n<meta property=\"og:site_name\" content=\"Save\" \/>\n<meta property=\"article:published_time\" content=\"2023-07-24T13:38:47+00:00\" \/>\n<meta property=\"og:image\" content=\"https:\/\/news.save.ch\/wp-content\/uploads\/2023\/07\/Depositphotos_475165626_S.jpg\" \/>\n\t<meta property=\"og:image:width\" content=\"1000\" \/>\n\t<meta property=\"og:image:height\" content=\"667\" \/>\n\t<meta property=\"og:image:type\" content=\"image\/jpeg\" \/>\n<meta name=\"author\" content=\"Roger Str\u00e4ssle\" \/>\n<meta name=\"twitter:card\" content=\"summary_large_image\" \/>\n<meta name=\"twitter:label1\" content=\"Written by\" \/>\n\t<meta name=\"twitter:data1\" content=\"Roger Str\u00e4ssle\" \/>\n\t<meta name=\"twitter:label2\" content=\"Est. reading time\" \/>\n\t<meta name=\"twitter:data2\" content=\"2 minutes\" \/>\n<script type=\"application\/ld+json\" class=\"yoast-schema-graph\">{\"@context\":\"https:\\\/\\\/schema.org\",\"@graph\":[{\"@type\":\"Article\",\"@id\":\"https:\\\/\\\/news.save.ch\\\/swiss-expert-group-sa-uebernimmt-eb-qual-sa\\\/#article\",\"isPartOf\":{\"@id\":\"https:\\\/\\\/news.save.ch\\\/swiss-expert-group-sa-uebernimmt-eb-qual-sa\\\/\"},\"author\":{\"name\":\"Roger Str\u00e4ssle\",\"@id\":\"https:\\\/\\\/news.save.ch\\\/de\\\/#\\\/schema\\\/person\\\/d5022db048e0e2b9785c50e5b24da5aa\"},\"headline\":\"Swiss Expert Group SA \u00fcbernimmt eb-Qual SA\",\"datePublished\":\"2023-07-24T13:38:47+00:00\",\"mainEntityOfPage\":{\"@id\":\"https:\\\/\\\/news.save.ch\\\/swiss-expert-group-sa-uebernimmt-eb-qual-sa\\\/\"},\"wordCount\":288,\"publisher\":{\"@id\":\"https:\\\/\\\/news.save.ch\\\/de\\\/#organization\"},\"image\":{\"@id\":\"https:\\\/\\\/news.save.ch\\\/swiss-expert-group-sa-uebernimmt-eb-qual-sa\\\/#primaryimage\"},\"thumbnailUrl\":\"https:\\\/\\\/news.save.ch\\\/wp-content\\\/uploads\\\/2023\\\/07\\\/Depositphotos_475165626_S.jpg\",\"keywords\":[\"Cyber-Security\"],\"articleSection\":[\"DIGITALISIERUNG\"],\"inLanguage\":\"en-US\"},{\"@type\":\"WebPage\",\"@id\":\"https:\\\/\\\/news.save.ch\\\/swiss-expert-group-sa-uebernimmt-eb-qual-sa\\\/\",\"url\":\"https:\\\/\\\/news.save.ch\\\/swiss-expert-group-sa-uebernimmt-eb-qual-sa\\\/\",\"name\":\"Swiss Expert Group SA \u00fcbernimmt eb-Qual SA - Save\",\"isPartOf\":{\"@id\":\"https:\\\/\\\/news.save.ch\\\/de\\\/#website\"},\"primaryImageOfPage\":{\"@id\":\"https:\\\/\\\/news.save.ch\\\/swiss-expert-group-sa-uebernimmt-eb-qual-sa\\\/#primaryimage\"},\"image\":{\"@id\":\"https:\\\/\\\/news.save.ch\\\/swiss-expert-group-sa-uebernimmt-eb-qual-sa\\\/#primaryimage\"},\"thumbnailUrl\":\"https:\\\/\\\/news.save.ch\\\/wp-content\\\/uploads\\\/2023\\\/07\\\/Depositphotos_475165626_S.jpg\",\"datePublished\":\"2023-07-24T13:38:47+00:00\",\"description\":\"Die auf Cybersicherheit und Cloud-L\u00f6sungen spezialisierte Swiss Expert Group \u00fcbernimmt das Unternehmen eb-Qual SA.\",\"breadcrumb\":{\"@id\":\"https:\\\/\\\/news.save.ch\\\/swiss-expert-group-sa-uebernimmt-eb-qual-sa\\\/#breadcrumb\"},\"inLanguage\":\"en-US\",\"potentialAction\":[{\"@type\":\"ReadAction\",\"target\":[\"https:\\\/\\\/news.save.ch\\\/swiss-expert-group-sa-uebernimmt-eb-qual-sa\\\/\"]}]},{\"@type\":\"ImageObject\",\"inLanguage\":\"en-US\",\"@id\":\"https:\\\/\\\/news.save.ch\\\/swiss-expert-group-sa-uebernimmt-eb-qual-sa\\\/#primaryimage\",\"url\":\"https:\\\/\\\/news.save.ch\\\/wp-content\\\/uploads\\\/2023\\\/07\\\/Depositphotos_475165626_S.jpg\",\"contentUrl\":\"https:\\\/\\\/news.save.ch\\\/wp-content\\\/uploads\\\/2023\\\/07\\\/Depositphotos_475165626_S.jpg\",\"width\":1000,\"height\":667},{\"@type\":\"BreadcrumbList\",\"@id\":\"https:\\\/\\\/news.save.ch\\\/swiss-expert-group-sa-uebernimmt-eb-qual-sa\\\/#breadcrumb\",\"itemListElement\":[{\"@type\":\"ListItem\",\"position\":1,\"name\":\"Home\",\"item\":\"https:\\\/\\\/news.save.ch\\\/de\\\/\"},{\"@type\":\"ListItem\",\"position\":2,\"name\":\"Swiss Expert Group SA \u00fcbernimmt eb-Qual SA\"}]},{\"@type\":\"WebSite\",\"@id\":\"https:\\\/\\\/news.save.ch\\\/de\\\/#website\",\"url\":\"https:\\\/\\\/news.save.ch\\\/de\\\/\",\"name\":\"Save\",\"description\":\"Schweizer Fachzeitschrift f\u00fcr Sicherheit\",\"publisher\":{\"@id\":\"https:\\\/\\\/news.save.ch\\\/de\\\/#organization\"},\"potentialAction\":[{\"@type\":\"SearchAction\",\"target\":{\"@type\":\"EntryPoint\",\"urlTemplate\":\"https:\\\/\\\/news.save.ch\\\/de\\\/?s={search_term_string}\"},\"query-input\":{\"@type\":\"PropertyValueSpecification\",\"valueRequired\":true,\"valueName\":\"search_term_string\"}}],\"inLanguage\":\"en-US\"},{\"@type\":\"Organization\",\"@id\":\"https:\\\/\\\/news.save.ch\\\/de\\\/#organization\",\"name\":\"Sicherheitsforum\",\"url\":\"https:\\\/\\\/news.save.ch\\\/de\\\/\",\"logo\":{\"@type\":\"ImageObject\",\"inLanguage\":\"en-US\",\"@id\":\"https:\\\/\\\/news.save.ch\\\/de\\\/#\\\/schema\\\/logo\\\/image\\\/\",\"url\":\"https:\\\/\\\/news.save.ch\\\/wp-content\\\/uploads\\\/2022\\\/06\\\/Logo_SF_2012.png\",\"contentUrl\":\"https:\\\/\\\/news.save.ch\\\/wp-content\\\/uploads\\\/2022\\\/06\\\/Logo_SF_2012.png\",\"width\":1100,\"height\":91,\"caption\":\"Sicherheitsforum\"},\"image\":{\"@id\":\"https:\\\/\\\/news.save.ch\\\/de\\\/#\\\/schema\\\/logo\\\/image\\\/\"}},{\"@type\":\"Person\",\"@id\":\"https:\\\/\\\/news.save.ch\\\/de\\\/#\\\/schema\\\/person\\\/d5022db048e0e2b9785c50e5b24da5aa\",\"name\":\"Roger Str\u00e4ssle\",\"image\":{\"@type\":\"ImageObject\",\"inLanguage\":\"en-US\",\"@id\":\"https:\\\/\\\/secure.gravatar.com\\\/avatar\\\/862a5569d087de48e5856e32f45d719a03804c891d6deb8d4f71a660e79e4a47?s=96&d=mm&r=g\",\"url\":\"https:\\\/\\\/secure.gravatar.com\\\/avatar\\\/862a5569d087de48e5856e32f45d719a03804c891d6deb8d4f71a660e79e4a47?s=96&d=mm&r=g\",\"contentUrl\":\"https:\\\/\\\/secure.gravatar.com\\\/avatar\\\/862a5569d087de48e5856e32f45d719a03804c891d6deb8d4f71a660e79e4a47?s=96&d=mm&r=g\",\"caption\":\"Roger Str\u00e4ssle\"},\"url\":\"https:\\\/\\\/news.save.ch\\\/en\\\/author\\\/roger-straessle\\\/\"}]}<\/script>\n<!-- \/ Yoast SEO plugin. -->","yoast_head_json":{"title":"Swiss Expert Group SA acquires eb-Qual SA - Save","description":"Swiss Expert Group, which specializes in cybersecurity and cloud solutions, acquires eb-Qual SA.","robots":{"index":"index","follow":"follow","max-snippet":"max-snippet:-1","max-image-preview":"max-image-preview:large","max-video-preview":"max-video-preview:-1"},"canonical":"https:\/\/news.save.ch\/en\/swiss-expert-group-sa-uebernimmt-eb-qual-sa\/","og_locale":"en_US","og_type":"article","og_title":"Swiss Expert Group SA \u00fcbernimmt eb-Qual SA - Save","og_description":"Die auf Cybersicherheit und Cloud-L\u00f6sungen spezialisierte Swiss Expert Group \u00fcbernimmt das Unternehmen eb-Qual SA.","og_url":"https:\/\/news.save.ch\/en\/swiss-expert-group-sa-uebernimmt-eb-qual-sa\/","og_site_name":"Save","article_published_time":"2023-07-24T13:38:47+00:00","og_image":[{"width":1000,"height":667,"url":"https:\/\/news.save.ch\/wp-content\/uploads\/2023\/07\/Depositphotos_475165626_S.jpg","type":"image\/jpeg"}],"author":"Roger Str\u00e4ssle","twitter_card":"summary_large_image","twitter_misc":{"Written by":"Roger Str\u00e4ssle","Est. reading time":"2 minutes"},"schema":{"@context":"https:\/\/schema.org","@graph":[{"@type":"Article","@id":"https:\/\/news.save.ch\/swiss-expert-group-sa-uebernimmt-eb-qual-sa\/#article","isPartOf":{"@id":"https:\/\/news.save.ch\/swiss-expert-group-sa-uebernimmt-eb-qual-sa\/"},"author":{"name":"Roger Str\u00e4ssle","@id":"https:\/\/news.save.ch\/de\/#\/schema\/person\/d5022db048e0e2b9785c50e5b24da5aa"},"headline":"Swiss Expert Group SA \u00fcbernimmt eb-Qual SA","datePublished":"2023-07-24T13:38:47+00:00","mainEntityOfPage":{"@id":"https:\/\/news.save.ch\/swiss-expert-group-sa-uebernimmt-eb-qual-sa\/"},"wordCount":288,"publisher":{"@id":"https:\/\/news.save.ch\/de\/#organization"},"image":{"@id":"https:\/\/news.save.ch\/swiss-expert-group-sa-uebernimmt-eb-qual-sa\/#primaryimage"},"thumbnailUrl":"https:\/\/news.save.ch\/wp-content\/uploads\/2023\/07\/Depositphotos_475165626_S.jpg","keywords":["Cyber-Security"],"articleSection":["DIGITALISIERUNG"],"inLanguage":"en-US"},{"@type":"WebPage","@id":"https:\/\/news.save.ch\/swiss-expert-group-sa-uebernimmt-eb-qual-sa\/","url":"https:\/\/news.save.ch\/swiss-expert-group-sa-uebernimmt-eb-qual-sa\/","name":"Swiss Expert Group SA acquires eb-Qual SA - Save","isPartOf":{"@id":"https:\/\/news.save.ch\/de\/#website"},"primaryImageOfPage":{"@id":"https:\/\/news.save.ch\/swiss-expert-group-sa-uebernimmt-eb-qual-sa\/#primaryimage"},"image":{"@id":"https:\/\/news.save.ch\/swiss-expert-group-sa-uebernimmt-eb-qual-sa\/#primaryimage"},"thumbnailUrl":"https:\/\/news.save.ch\/wp-content\/uploads\/2023\/07\/Depositphotos_475165626_S.jpg","datePublished":"2023-07-24T13:38:47+00:00","description":"Swiss Expert Group, which specializes in cybersecurity and cloud solutions, acquires eb-Qual SA.","breadcrumb":{"@id":"https:\/\/news.save.ch\/swiss-expert-group-sa-uebernimmt-eb-qual-sa\/#breadcrumb"},"inLanguage":"en-US","potentialAction":[{"@type":"ReadAction","target":["https:\/\/news.save.ch\/swiss-expert-group-sa-uebernimmt-eb-qual-sa\/"]}]},{"@type":"ImageObject","inLanguage":"en-US","@id":"https:\/\/news.save.ch\/swiss-expert-group-sa-uebernimmt-eb-qual-sa\/#primaryimage","url":"https:\/\/news.save.ch\/wp-content\/uploads\/2023\/07\/Depositphotos_475165626_S.jpg","contentUrl":"https:\/\/news.save.ch\/wp-content\/uploads\/2023\/07\/Depositphotos_475165626_S.jpg","width":1000,"height":667},{"@type":"BreadcrumbList","@id":"https:\/\/news.save.ch\/swiss-expert-group-sa-uebernimmt-eb-qual-sa\/#breadcrumb","itemListElement":[{"@type":"ListItem","position":1,"name":"Home","item":"https:\/\/news.save.ch\/de\/"},{"@type":"ListItem","position":2,"name":"Swiss Expert Group SA \u00fcbernimmt eb-Qual SA"}]},{"@type":"WebSite","@id":"https:\/\/news.save.ch\/de\/#website","url":"https:\/\/news.save.ch\/de\/","name":"Save","description":"Swiss trade journal for safety","publisher":{"@id":"https:\/\/news.save.ch\/de\/#organization"},"potentialAction":[{"@type":"SearchAction","target":{"@type":"EntryPoint","urlTemplate":"https:\/\/news.save.ch\/de\/?s={search_term_string}"},"query-input":{"@type":"PropertyValueSpecification","valueRequired":true,"valueName":"search_term_string"}}],"inLanguage":"en-US"},{"@type":"Organization","@id":"https:\/\/news.save.ch\/de\/#organization","name":"Security Forum","url":"https:\/\/news.save.ch\/de\/","logo":{"@type":"ImageObject","inLanguage":"en-US","@id":"https:\/\/news.save.ch\/de\/#\/schema\/logo\/image\/","url":"https:\/\/news.save.ch\/wp-content\/uploads\/2022\/06\/Logo_SF_2012.png","contentUrl":"https:\/\/news.save.ch\/wp-content\/uploads\/2022\/06\/Logo_SF_2012.png","width":1100,"height":91,"caption":"Sicherheitsforum"},"image":{"@id":"https:\/\/news.save.ch\/de\/#\/schema\/logo\/image\/"}},{"@type":"Person","@id":"https:\/\/news.save.ch\/de\/#\/schema\/person\/d5022db048e0e2b9785c50e5b24da5aa","name":"Roger Str\u00e4ssle","image":{"@type":"ImageObject","inLanguage":"en-US","@id":"https:\/\/secure.gravatar.com\/avatar\/862a5569d087de48e5856e32f45d719a03804c891d6deb8d4f71a660e79e4a47?s=96&d=mm&r=g","url":"https:\/\/secure.gravatar.com\/avatar\/862a5569d087de48e5856e32f45d719a03804c891d6deb8d4f71a660e79e4a47?s=96&d=mm&r=g","contentUrl":"https:\/\/secure.gravatar.com\/avatar\/862a5569d087de48e5856e32f45d719a03804c891d6deb8d4f71a660e79e4a47?s=96&d=mm&r=g","caption":"Roger Str\u00e4ssle"},"url":"https:\/\/news.save.ch\/en\/author\/roger-straessle\/"}]}},"_links":{"self":[{"href":"https:\/\/news.save.ch\/en\/wp-json\/wp\/v2\/posts\/21387","targetHints":{"allow":["GET"]}}],"collection":[{"href":"https:\/\/news.save.ch\/en\/wp-json\/wp\/v2\/posts"}],"about":[{"href":"https:\/\/news.save.ch\/en\/wp-json\/wp\/v2\/types\/post"}],"author":[{"embeddable":true,"href":"https:\/\/news.save.ch\/en\/wp-json\/wp\/v2\/users\/8"}],"replies":[{"embeddable":true,"href":"https:\/\/news.save.ch\/en\/wp-json\/wp\/v2\/comments?post=21387"}],"version-history":[{"count":3,"href":"https:\/\/news.save.ch\/en\/wp-json\/wp\/v2\/posts\/21387\/revisions"}],"predecessor-version":[{"id":21391,"href":"https:\/\/news.save.ch\/en\/wp-json\/wp\/v2\/posts\/21387\/revisions\/21391"}],"wp:featuredmedia":[{"embeddable":true,"href":"https:\/\/news.save.ch\/en\/wp-json\/wp\/v2\/media\/21388"}],"wp:attachment":[{"href":"https:\/\/news.save.ch\/en\/wp-json\/wp\/v2\/media?parent=21387"}],"wp:term":[{"taxonomy":"category","embeddable":true,"href":"https:\/\/news.save.ch\/en\/wp-json\/wp\/v2\/categories?post=21387"},{"taxonomy":"post_tag","embeddable":true,"href":"https:\/\/news.save.ch\/en\/wp-json\/wp\/v2\/tags?post=21387"}],"curies":[{"name":"wp","href":"https:\/\/api.w.org\/{rel}","templated":true}]}}