{"id":21412,"date":"2023-07-27T10:20:41","date_gmt":"2023-07-27T08:20:41","guid":{"rendered":"https:\/\/news.save.ch\/?p=21412"},"modified":"2023-07-27T10:25:11","modified_gmt":"2023-07-27T08:25:11","slug":"bergwandern-gefaehrliche-selbstueberschaetzung","status":null,"type":"post","link":"https:\/\/news.save.ch\/en\/bergwandern-gefaehrliche-selbstueberschaetzung\/","title":{"rendered":"Mountain hiking: dangerous overconfidence"},"content":{"rendered":"<figure id=\"attachment_21414\" aria-describedby=\"caption-attachment-21414\" style=\"width: 680px\" class=\"wp-caption aligncenter\"><img loading=\"lazy\" decoding=\"async\" class=\"size-medium wp-image-21414\" src=\"https:\/\/news.save.ch\/wp-content\/uploads\/2023\/07\/bfu_urbanposter_de-4-680x453.jpg\" alt=\"\" width=\"680\" height=\"453\" srcset=\"https:\/\/news.save.ch\/wp-content\/uploads\/2023\/07\/bfu_urbanposter_de-4-680x453.jpg 680w, https:\/\/news.save.ch\/wp-content\/uploads\/2023\/07\/bfu_urbanposter_de-4-1024x683.jpg 1024w, https:\/\/news.save.ch\/wp-content\/uploads\/2023\/07\/bfu_urbanposter_de-4-768x512.jpg 768w, https:\/\/news.save.ch\/wp-content\/uploads\/2023\/07\/bfu_urbanposter_de-4-1536x1024.jpg 1536w, https:\/\/news.save.ch\/wp-content\/uploads\/2023\/07\/bfu_urbanposter_de-4-2048x1366.jpg 2048w, https:\/\/news.save.ch\/wp-content\/uploads\/2023\/07\/bfu_urbanposter_de-4-18x12.jpg 18w, https:\/\/news.save.ch\/wp-content\/uploads\/2023\/07\/bfu_urbanposter_de-4-375x250.jpg 375w, https:\/\/news.save.ch\/wp-content\/uploads\/2023\/07\/bfu_urbanposter_de-4-525x350.jpg 525w, https:\/\/news.save.ch\/wp-content\/uploads\/2023\/07\/bfu_urbanposter_de-4-1000x667.jpg 1000w, https:\/\/news.save.ch\/wp-content\/uploads\/2023\/07\/bfu_urbanposter_de-4-scaled.jpg 1200w\" sizes=\"auto, (max-width: 680px) 100vw, 680px\" \/><figcaption id=\"caption-attachment-21414\" class=\"wp-caption-text\">Photo: AAIB<\/figcaption><\/figure>\n<p>Mountain hiking is the most popular sport in Switzerland. 58 percent of the population hikes on Swiss hiking trails for around 20 days a year, and the trend is rising. Unfortunately, according to the Swiss Council for Accident Prevention (BFU), the number of accidents is also increasing. According to current BFU estimates, 37,000 people have accidents while hiking in the mountains every year. In about 5,000 cases, the injuries are severe or moderate, and 42 accidents are fatal.<\/p>\n<p>Many people are not aware that a mountain hike is not just a walk, the accident advice center stresses. Anyone who wants to hike on white-red-white marked mountain trails must be fit, surefooted and free from vertigo. Various BFU studies have shown that many people do not prepare themselves sufficiently for a mountain hike.<\/p>\n<h3><strong>Importance of signposts hardly known<\/strong><\/h3>\n<p>Nearly half of the population does not know the meaning of white-red-white points on the signposts, according to BFU. 26 percent of those surveyed who were on a mountain hiking trail also said they were only moderately prepared or not prepared at all, the organization continues. 18 percent said they were not particularly surefooted.<\/p>\n<p>On the basis of these investigations, the BFU - together with the Association of Swiss Hiking Trails as a specialist partner - is focusing on the white-red-white signposts in the new mountain hiking campaign. The posters would be seen mainly in public transport areas and would encourage hikers to consider not only their departure times and connections, but also whether the planned mountain hike was suitable for their own abilities.<\/p>\n<h3><strong>Self test available online<\/strong><\/h3>\n<p>Hikers also have the possibility to walk on the <a href=\"https:\/\/sicher-bergwandern.ch\/de\">Campaign website<\/a> a <a href=\"https:\/\/sicher-bergwandern.ch\/de\/selbsttest\">Self-test<\/a> to do. This consists of questions about fitness and surefootedness, among other things; in addition, there are practical exercises to check one's own assessment. The result of the self-test shows whether the requirements for a mountain hike are met or whether a yellow-marked hiking trail is the better choice.<\/p>\n<p><em>Source: AAIB<\/em><\/p>\n<p>&nbsp;<\/p>\n<blockquote>\n<h3><strong>The most important tips for safe mountain hiking<\/strong><\/h3>\n<p>Prepare carefully: Consider the difficulty of the route (trail category), physical demands, time requirements, abilities of the hikers, trail conditions and weather. If you are hiking alone, inform a third person.<\/p>\n<p>Equip yourself properly: sturdy hiking boots with a non-slip tread, warm and weatherproof clothing, sun protection, map, provisions, emergency first-aid kit and cell phone are always on hand.<\/p>\n<p>Stay alert: Take regular breaks, drink and eat. Keep an eye on the schedule, weather, trail conditions and the condition of the hiking group. If in doubt, turn back in time or choose an alternative route. <em>(AAIB)<\/em><\/p><\/blockquote>\n<p><strong>\u00a0<\/strong><\/p>","protected":false},"excerpt":{"rendered":"<p>Bergwandern ist die beliebteste Sportart in der Schweiz. 58\u00a0Prozent der Bev\u00f6lkerung wandern w\u00e4hrend rund 20 Tagen im Jahr auf Schweizer Wanderwegen, Tendenz steigend. Leider steigt laut Beratungsstelle f\u00fcr Unfallverh\u00fctung (BFU) auch die Zahl der Unf\u00e4lle. Gem\u00e4ss aktuellen BFU-Sch\u00e4tzungen verunfallen jedes Jahr beim Bergwandern 37\u00a0000\u00a0Personen. In ungef\u00e4hr 5000 F\u00e4llen seien die Verletzungen schwer oder mittelschwer, 42 [&hellip;]<\/p>\n","protected":false},"author":8,"featured_media":21414,"comment_status":"closed","ping_status":"closed","sticky":false,"template":"","format":"standard","meta":{"_acf_changed":false,"pgc_sgb_lightbox_settings":"","footnotes":""},"categories":[3314],"tags":[2095],"class_list":["post-21412","post","type-post","status-publish","format-standard","has-post-thumbnail","hentry","category-health-safety","tag-freizeitsport"],"acf":[],"hkrextid":null,"publication":null,"issue":null,"workflow":null,"startPage":null,"spitzmarke":null,"_posts_by_tag_page_fields":null,"_at_widget":null,"_yoast_wpseo_primary_category":"3314","_yoast_wpseo_focuskw_text_input":null,"_yoast_wpseo_opengraph-image":null,"_yoast_wpseo_opengraph-description":null,"_yoast_wpseo_opengraph-title":null,"enclosure":null,"_yoast_wpseo_twitter-title":null,"_yoast_wpseo_twitter-description":null,"_yoast_wpseo_twitter-image":null,"_wp_old_slug":null,"_yoast_wpseo_title":null,"_yoast_wpseo_canonical":null,"yoast_head":"<!-- This site is optimized with the Yoast SEO plugin v27.5 - https:\/\/yoast.com\/product\/yoast-seo-wordpress\/ -->\n<title>Bergwandern: gef\u00e4hrliche Selbst\u00fcbersch\u00e4tzung - Save<\/title>\n<meta name=\"description\" content=\"Fast drei von f\u00fcnf Personen in der Schweiz wandern regelm\u00e4ssig. Die Kehrseite: Die Unfallzahlen steigen tendenziell.\" \/>\n<meta name=\"robots\" content=\"index, follow, max-snippet:-1, max-image-preview:large, max-video-preview:-1\" \/>\n<link rel=\"canonical\" href=\"https:\/\/news.save.ch\/en\/bergwandern-gefaehrliche-selbstueberschaetzung\/\" \/>\n<meta property=\"og:locale\" content=\"en_US\" \/>\n<meta property=\"og:type\" content=\"article\" \/>\n<meta property=\"og:title\" content=\"Bergwandern: gef\u00e4hrliche Selbst\u00fcbersch\u00e4tzung - Save\" \/>\n<meta property=\"og:description\" content=\"Fast drei von f\u00fcnf Personen in der Schweiz wandern regelm\u00e4ssig. Die Kehrseite: Die Unfallzahlen steigen tendenziell.\" \/>\n<meta property=\"og:url\" content=\"https:\/\/news.save.ch\/en\/bergwandern-gefaehrliche-selbstueberschaetzung\/\" \/>\n<meta property=\"og:site_name\" content=\"Save\" \/>\n<meta property=\"article:published_time\" content=\"2023-07-27T08:20:41+00:00\" \/>\n<meta property=\"article:modified_time\" content=\"2023-07-27T08:25:11+00:00\" \/>\n<meta property=\"og:image\" content=\"https:\/\/news.save.ch\/wp-content\/uploads\/2023\/07\/bfu_urbanposter_de-4-scaled.jpg\" \/>\n\t<meta property=\"og:image:width\" content=\"1200\" \/>\n\t<meta property=\"og:image:height\" content=\"800\" \/>\n\t<meta property=\"og:image:type\" content=\"image\/jpeg\" \/>\n<meta name=\"author\" content=\"Roger Str\u00e4ssle\" \/>\n<meta name=\"twitter:card\" content=\"summary_large_image\" \/>\n<meta name=\"twitter:label1\" content=\"Written by\" \/>\n\t<meta name=\"twitter:data1\" content=\"Roger Str\u00e4ssle\" \/>\n\t<meta name=\"twitter:label2\" content=\"Est. reading time\" \/>\n\t<meta name=\"twitter:data2\" content=\"3 minutes\" \/>\n<script type=\"application\/ld+json\" class=\"yoast-schema-graph\">{\"@context\":\"https:\\\/\\\/schema.org\",\"@graph\":[{\"@type\":\"Article\",\"@id\":\"https:\\\/\\\/news.save.ch\\\/bergwandern-gefaehrliche-selbstueberschaetzung\\\/#article\",\"isPartOf\":{\"@id\":\"https:\\\/\\\/news.save.ch\\\/bergwandern-gefaehrliche-selbstueberschaetzung\\\/\"},\"author\":{\"name\":\"Roger Str\u00e4ssle\",\"@id\":\"https:\\\/\\\/news.save.ch\\\/de\\\/#\\\/schema\\\/person\\\/d5022db048e0e2b9785c50e5b24da5aa\"},\"headline\":\"Bergwandern: gef\u00e4hrliche Selbst\u00fcbersch\u00e4tzung\",\"datePublished\":\"2023-07-27T08:20:41+00:00\",\"dateModified\":\"2023-07-27T08:25:11+00:00\",\"mainEntityOfPage\":{\"@id\":\"https:\\\/\\\/news.save.ch\\\/bergwandern-gefaehrliche-selbstueberschaetzung\\\/\"},\"wordCount\":407,\"publisher\":{\"@id\":\"https:\\\/\\\/news.save.ch\\\/de\\\/#organization\"},\"image\":{\"@id\":\"https:\\\/\\\/news.save.ch\\\/bergwandern-gefaehrliche-selbstueberschaetzung\\\/#primaryimage\"},\"thumbnailUrl\":\"https:\\\/\\\/news.save.ch\\\/wp-content\\\/uploads\\\/2023\\\/07\\\/bfu_urbanposter_de-4-scaled.jpg\",\"keywords\":[\"Freizeitsport\"],\"articleSection\":[\"HEALTH &amp; SAFETY\"],\"inLanguage\":\"en-US\"},{\"@type\":\"WebPage\",\"@id\":\"https:\\\/\\\/news.save.ch\\\/bergwandern-gefaehrliche-selbstueberschaetzung\\\/\",\"url\":\"https:\\\/\\\/news.save.ch\\\/bergwandern-gefaehrliche-selbstueberschaetzung\\\/\",\"name\":\"Bergwandern: gef\u00e4hrliche Selbst\u00fcbersch\u00e4tzung - Save\",\"isPartOf\":{\"@id\":\"https:\\\/\\\/news.save.ch\\\/de\\\/#website\"},\"primaryImageOfPage\":{\"@id\":\"https:\\\/\\\/news.save.ch\\\/bergwandern-gefaehrliche-selbstueberschaetzung\\\/#primaryimage\"},\"image\":{\"@id\":\"https:\\\/\\\/news.save.ch\\\/bergwandern-gefaehrliche-selbstueberschaetzung\\\/#primaryimage\"},\"thumbnailUrl\":\"https:\\\/\\\/news.save.ch\\\/wp-content\\\/uploads\\\/2023\\\/07\\\/bfu_urbanposter_de-4-scaled.jpg\",\"datePublished\":\"2023-07-27T08:20:41+00:00\",\"dateModified\":\"2023-07-27T08:25:11+00:00\",\"description\":\"Fast drei von f\u00fcnf Personen in der Schweiz wandern regelm\u00e4ssig. Die Kehrseite: Die Unfallzahlen steigen tendenziell.\",\"breadcrumb\":{\"@id\":\"https:\\\/\\\/news.save.ch\\\/bergwandern-gefaehrliche-selbstueberschaetzung\\\/#breadcrumb\"},\"inLanguage\":\"en-US\",\"potentialAction\":[{\"@type\":\"ReadAction\",\"target\":[\"https:\\\/\\\/news.save.ch\\\/bergwandern-gefaehrliche-selbstueberschaetzung\\\/\"]}]},{\"@type\":\"ImageObject\",\"inLanguage\":\"en-US\",\"@id\":\"https:\\\/\\\/news.save.ch\\\/bergwandern-gefaehrliche-selbstueberschaetzung\\\/#primaryimage\",\"url\":\"https:\\\/\\\/news.save.ch\\\/wp-content\\\/uploads\\\/2023\\\/07\\\/bfu_urbanposter_de-4-scaled.jpg\",\"contentUrl\":\"https:\\\/\\\/news.save.ch\\\/wp-content\\\/uploads\\\/2023\\\/07\\\/bfu_urbanposter_de-4-scaled.jpg\",\"width\":1200,\"height\":800,\"caption\":\"Foto: BFU\"},{\"@type\":\"BreadcrumbList\",\"@id\":\"https:\\\/\\\/news.save.ch\\\/bergwandern-gefaehrliche-selbstueberschaetzung\\\/#breadcrumb\",\"itemListElement\":[{\"@type\":\"ListItem\",\"position\":1,\"name\":\"Home\",\"item\":\"https:\\\/\\\/news.save.ch\\\/de\\\/\"},{\"@type\":\"ListItem\",\"position\":2,\"name\":\"Bergwandern: gef\u00e4hrliche Selbst\u00fcbersch\u00e4tzung\"}]},{\"@type\":\"WebSite\",\"@id\":\"https:\\\/\\\/news.save.ch\\\/de\\\/#website\",\"url\":\"https:\\\/\\\/news.save.ch\\\/de\\\/\",\"name\":\"Save\",\"description\":\"Schweizer Fachzeitschrift f\u00fcr Sicherheit\",\"publisher\":{\"@id\":\"https:\\\/\\\/news.save.ch\\\/de\\\/#organization\"},\"potentialAction\":[{\"@type\":\"SearchAction\",\"target\":{\"@type\":\"EntryPoint\",\"urlTemplate\":\"https:\\\/\\\/news.save.ch\\\/de\\\/?s={search_term_string}\"},\"query-input\":{\"@type\":\"PropertyValueSpecification\",\"valueRequired\":true,\"valueName\":\"search_term_string\"}}],\"inLanguage\":\"en-US\"},{\"@type\":\"Organization\",\"@id\":\"https:\\\/\\\/news.save.ch\\\/de\\\/#organization\",\"name\":\"Sicherheitsforum\",\"url\":\"https:\\\/\\\/news.save.ch\\\/de\\\/\",\"logo\":{\"@type\":\"ImageObject\",\"inLanguage\":\"en-US\",\"@id\":\"https:\\\/\\\/news.save.ch\\\/de\\\/#\\\/schema\\\/logo\\\/image\\\/\",\"url\":\"https:\\\/\\\/news.save.ch\\\/wp-content\\\/uploads\\\/2022\\\/06\\\/Logo_SF_2012.png\",\"contentUrl\":\"https:\\\/\\\/news.save.ch\\\/wp-content\\\/uploads\\\/2022\\\/06\\\/Logo_SF_2012.png\",\"width\":1100,\"height\":91,\"caption\":\"Sicherheitsforum\"},\"image\":{\"@id\":\"https:\\\/\\\/news.save.ch\\\/de\\\/#\\\/schema\\\/logo\\\/image\\\/\"}},{\"@type\":\"Person\",\"@id\":\"https:\\\/\\\/news.save.ch\\\/de\\\/#\\\/schema\\\/person\\\/d5022db048e0e2b9785c50e5b24da5aa\",\"name\":\"Roger Str\u00e4ssle\",\"image\":{\"@type\":\"ImageObject\",\"inLanguage\":\"en-US\",\"@id\":\"https:\\\/\\\/secure.gravatar.com\\\/avatar\\\/862a5569d087de48e5856e32f45d719a03804c891d6deb8d4f71a660e79e4a47?s=96&d=mm&r=g\",\"url\":\"https:\\\/\\\/secure.gravatar.com\\\/avatar\\\/862a5569d087de48e5856e32f45d719a03804c891d6deb8d4f71a660e79e4a47?s=96&d=mm&r=g\",\"contentUrl\":\"https:\\\/\\\/secure.gravatar.com\\\/avatar\\\/862a5569d087de48e5856e32f45d719a03804c891d6deb8d4f71a660e79e4a47?s=96&d=mm&r=g\",\"caption\":\"Roger Str\u00e4ssle\"},\"url\":\"https:\\\/\\\/news.save.ch\\\/en\\\/author\\\/roger-straessle\\\/\"}]}<\/script>\n<!-- \/ Yoast SEO plugin. -->","yoast_head_json":{"title":"Mountain hiking: dangerous overconfidence - Save","description":"Almost three out of five people in Switzerland hike regularly. The downside: the number of accidents tends to rise.","robots":{"index":"index","follow":"follow","max-snippet":"max-snippet:-1","max-image-preview":"max-image-preview:large","max-video-preview":"max-video-preview:-1"},"canonical":"https:\/\/news.save.ch\/en\/bergwandern-gefaehrliche-selbstueberschaetzung\/","og_locale":"en_US","og_type":"article","og_title":"Bergwandern: gef\u00e4hrliche Selbst\u00fcbersch\u00e4tzung - Save","og_description":"Fast drei von f\u00fcnf Personen in der Schweiz wandern regelm\u00e4ssig. Die Kehrseite: Die Unfallzahlen steigen tendenziell.","og_url":"https:\/\/news.save.ch\/en\/bergwandern-gefaehrliche-selbstueberschaetzung\/","og_site_name":"Save","article_published_time":"2023-07-27T08:20:41+00:00","article_modified_time":"2023-07-27T08:25:11+00:00","og_image":[{"width":1200,"height":800,"url":"https:\/\/news.save.ch\/wp-content\/uploads\/2023\/07\/bfu_urbanposter_de-4-scaled.jpg","type":"image\/jpeg"}],"author":"Roger Str\u00e4ssle","twitter_card":"summary_large_image","twitter_misc":{"Written by":"Roger Str\u00e4ssle","Est. reading time":"3 minutes"},"schema":{"@context":"https:\/\/schema.org","@graph":[{"@type":"Article","@id":"https:\/\/news.save.ch\/bergwandern-gefaehrliche-selbstueberschaetzung\/#article","isPartOf":{"@id":"https:\/\/news.save.ch\/bergwandern-gefaehrliche-selbstueberschaetzung\/"},"author":{"name":"Roger Str\u00e4ssle","@id":"https:\/\/news.save.ch\/de\/#\/schema\/person\/d5022db048e0e2b9785c50e5b24da5aa"},"headline":"Bergwandern: gef\u00e4hrliche Selbst\u00fcbersch\u00e4tzung","datePublished":"2023-07-27T08:20:41+00:00","dateModified":"2023-07-27T08:25:11+00:00","mainEntityOfPage":{"@id":"https:\/\/news.save.ch\/bergwandern-gefaehrliche-selbstueberschaetzung\/"},"wordCount":407,"publisher":{"@id":"https:\/\/news.save.ch\/de\/#organization"},"image":{"@id":"https:\/\/news.save.ch\/bergwandern-gefaehrliche-selbstueberschaetzung\/#primaryimage"},"thumbnailUrl":"https:\/\/news.save.ch\/wp-content\/uploads\/2023\/07\/bfu_urbanposter_de-4-scaled.jpg","keywords":["Freizeitsport"],"articleSection":["HEALTH &amp; SAFETY"],"inLanguage":"en-US"},{"@type":"WebPage","@id":"https:\/\/news.save.ch\/bergwandern-gefaehrliche-selbstueberschaetzung\/","url":"https:\/\/news.save.ch\/bergwandern-gefaehrliche-selbstueberschaetzung\/","name":"Mountain hiking: dangerous overconfidence - Save","isPartOf":{"@id":"https:\/\/news.save.ch\/de\/#website"},"primaryImageOfPage":{"@id":"https:\/\/news.save.ch\/bergwandern-gefaehrliche-selbstueberschaetzung\/#primaryimage"},"image":{"@id":"https:\/\/news.save.ch\/bergwandern-gefaehrliche-selbstueberschaetzung\/#primaryimage"},"thumbnailUrl":"https:\/\/news.save.ch\/wp-content\/uploads\/2023\/07\/bfu_urbanposter_de-4-scaled.jpg","datePublished":"2023-07-27T08:20:41+00:00","dateModified":"2023-07-27T08:25:11+00:00","description":"Almost three out of five people in Switzerland hike regularly. The downside: the number of accidents tends to rise.","breadcrumb":{"@id":"https:\/\/news.save.ch\/bergwandern-gefaehrliche-selbstueberschaetzung\/#breadcrumb"},"inLanguage":"en-US","potentialAction":[{"@type":"ReadAction","target":["https:\/\/news.save.ch\/bergwandern-gefaehrliche-selbstueberschaetzung\/"]}]},{"@type":"ImageObject","inLanguage":"en-US","@id":"https:\/\/news.save.ch\/bergwandern-gefaehrliche-selbstueberschaetzung\/#primaryimage","url":"https:\/\/news.save.ch\/wp-content\/uploads\/2023\/07\/bfu_urbanposter_de-4-scaled.jpg","contentUrl":"https:\/\/news.save.ch\/wp-content\/uploads\/2023\/07\/bfu_urbanposter_de-4-scaled.jpg","width":1200,"height":800,"caption":"Foto: BFU"},{"@type":"BreadcrumbList","@id":"https:\/\/news.save.ch\/bergwandern-gefaehrliche-selbstueberschaetzung\/#breadcrumb","itemListElement":[{"@type":"ListItem","position":1,"name":"Home","item":"https:\/\/news.save.ch\/de\/"},{"@type":"ListItem","position":2,"name":"Bergwandern: gef\u00e4hrliche Selbst\u00fcbersch\u00e4tzung"}]},{"@type":"WebSite","@id":"https:\/\/news.save.ch\/de\/#website","url":"https:\/\/news.save.ch\/de\/","name":"Save","description":"Swiss trade journal for safety","publisher":{"@id":"https:\/\/news.save.ch\/de\/#organization"},"potentialAction":[{"@type":"SearchAction","target":{"@type":"EntryPoint","urlTemplate":"https:\/\/news.save.ch\/de\/?s={search_term_string}"},"query-input":{"@type":"PropertyValueSpecification","valueRequired":true,"valueName":"search_term_string"}}],"inLanguage":"en-US"},{"@type":"Organization","@id":"https:\/\/news.save.ch\/de\/#organization","name":"Security Forum","url":"https:\/\/news.save.ch\/de\/","logo":{"@type":"ImageObject","inLanguage":"en-US","@id":"https:\/\/news.save.ch\/de\/#\/schema\/logo\/image\/","url":"https:\/\/news.save.ch\/wp-content\/uploads\/2022\/06\/Logo_SF_2012.png","contentUrl":"https:\/\/news.save.ch\/wp-content\/uploads\/2022\/06\/Logo_SF_2012.png","width":1100,"height":91,"caption":"Sicherheitsforum"},"image":{"@id":"https:\/\/news.save.ch\/de\/#\/schema\/logo\/image\/"}},{"@type":"Person","@id":"https:\/\/news.save.ch\/de\/#\/schema\/person\/d5022db048e0e2b9785c50e5b24da5aa","name":"Roger Str\u00e4ssle","image":{"@type":"ImageObject","inLanguage":"en-US","@id":"https:\/\/secure.gravatar.com\/avatar\/862a5569d087de48e5856e32f45d719a03804c891d6deb8d4f71a660e79e4a47?s=96&d=mm&r=g","url":"https:\/\/secure.gravatar.com\/avatar\/862a5569d087de48e5856e32f45d719a03804c891d6deb8d4f71a660e79e4a47?s=96&d=mm&r=g","contentUrl":"https:\/\/secure.gravatar.com\/avatar\/862a5569d087de48e5856e32f45d719a03804c891d6deb8d4f71a660e79e4a47?s=96&d=mm&r=g","caption":"Roger Str\u00e4ssle"},"url":"https:\/\/news.save.ch\/en\/author\/roger-straessle\/"}]}},"_links":{"self":[{"href":"https:\/\/news.save.ch\/en\/wp-json\/wp\/v2\/posts\/21412","targetHints":{"allow":["GET"]}}],"collection":[{"href":"https:\/\/news.save.ch\/en\/wp-json\/wp\/v2\/posts"}],"about":[{"href":"https:\/\/news.save.ch\/en\/wp-json\/wp\/v2\/types\/post"}],"author":[{"embeddable":true,"href":"https:\/\/news.save.ch\/en\/wp-json\/wp\/v2\/users\/8"}],"replies":[{"embeddable":true,"href":"https:\/\/news.save.ch\/en\/wp-json\/wp\/v2\/comments?post=21412"}],"version-history":[{"count":2,"href":"https:\/\/news.save.ch\/en\/wp-json\/wp\/v2\/posts\/21412\/revisions"}],"predecessor-version":[{"id":21416,"href":"https:\/\/news.save.ch\/en\/wp-json\/wp\/v2\/posts\/21412\/revisions\/21416"}],"wp:featuredmedia":[{"embeddable":true,"href":"https:\/\/news.save.ch\/en\/wp-json\/wp\/v2\/media\/21414"}],"wp:attachment":[{"href":"https:\/\/news.save.ch\/en\/wp-json\/wp\/v2\/media?parent=21412"}],"wp:term":[{"taxonomy":"category","embeddable":true,"href":"https:\/\/news.save.ch\/en\/wp-json\/wp\/v2\/categories?post=21412"},{"taxonomy":"post_tag","embeddable":true,"href":"https:\/\/news.save.ch\/en\/wp-json\/wp\/v2\/tags?post=21412"}],"curies":[{"name":"wp","href":"https:\/\/api.w.org\/{rel}","templated":true}]}}