{"id":2155,"date":"2016-01-19T16:32:20","date_gmt":"2016-01-19T15:32:20","guid":{"rendered":"https:\/\/dev.sicherheitsforum.ch\/?p=2155"},"modified":"2016-01-19T16:32:20","modified_gmt":"2016-01-19T15:32:20","slug":"16-iglu-fahrer-aus-dem-verkehr-gezogen","status":null,"type":"post","link":"https:\/\/news.save.ch\/en\/16-iglu-fahrer-aus-dem-verkehr-gezogen\/","title":{"rendered":"16 Igloo drivers taken out of circulation"},"content":{"rendered":"<figure id=\"attachment_2157\" aria-describedby=\"caption-attachment-2157\" style=\"width: 680px\" class=\"wp-caption alignnone\"><img loading=\"lazy\" decoding=\"async\" class=\"wp-image-2157 size-medium\" src=\"https:\/\/news.save.ch\/wp-content\/uploads\/2016\/12\/16-Iglu-Fahrer-aus-dem-Verkehr-gezogen-sicherheitsforum.jpg\" width=\"680\" height=\"623\" \/><figcaption id=\"caption-attachment-2157\" class=\"wp-caption-text\">Not like that! Photo: PD Stapo<\/figcaption><\/figure>\n<p>In the night from Sunday to Monday, January 17\/18, the Zurich city police (Stapo) had to take 16 \"igloo drivers\" out of traffic on the entire city area, who were driving with snow-covered or icy front and side windows. According to the police, twelve men and four women were referred to the relevant authorities (municipal magistrate's office, governor's office, public prosecutor's office). In serious cases, if there is a gross violation of traffic rules, even a withdrawal of identity card threatens, as the Stapo Zurich further writes.<\/p>\n<p>According to the law, the windshield, the two front side windows and also the side mirrors must be free of snow and ice. This also applies to the lights and the license plates. The roof and hood of the vehicle must also be cleared. Falling chunks of snow or ice can lead to dangerous situations or even accidents.<\/p>","protected":false},"excerpt":{"rendered":"<p>In der Nacht von Sonntag auf Montag, 17.\/18. Januar, musste die Stadtpolizei (Stapo) Z\u00fcrich auf dem gesamten Stadtgebiet 16 \u201eIglu-Lenker\u201c aus dem Verkehr nehmen, die mit schneebedeckten oder vereisten Front- und Seitenscheiben unterwegs waren. Gem\u00e4ss Polizeiangaben wurden zw\u00f6lf M\u00e4nner und vier Frauen an die zust\u00e4ndigen Beh\u00f6rden (Stadtrichteramt, Statthalteramt, Staatsanwaltschaft) weitergeleitet. In schwerwiegenden F\u00e4llen, wenn eine [&hellip;]<\/p>\n","protected":false},"author":1,"featured_media":2157,"comment_status":"open","ping_status":"open","sticky":false,"template":"","format":"standard","meta":{"_acf_changed":false,"pgc_sgb_lightbox_settings":"","footnotes":""},"categories":[1],"tags":[69],"class_list":["post-2155","post","type-post","status-publish","format-standard","has-post-thumbnail","hentry","category-allgemein","tag-justiz-polizei"],"acf":[],"hkrextid":null,"publication":null,"issue":null,"workflow":null,"startPage":null,"spitzmarke":null,"_posts_by_tag_page_fields":{"widget_title":"","widget_tags":""},"_at_widget":"1","_yoast_wpseo_primary_category":"1","_yoast_wpseo_focuskw_text_input":"Iglu-Fahrer","_yoast_wpseo_opengraph-image":"https:\/\/news.save.ch\/wp-content\/uploads\/2016\/12\/16-Iglu-Fahrer-aus-dem-Verkehr-gezogen-sicherheitsforum.jpg","_yoast_wpseo_opengraph-description":"Die Stadtpolizei Z\u00fcrich stoppte gestern mehrere Fahrzeuglenkende, die mit schnee- und eisbedeckten Autos unterwegs waren.","_yoast_wpseo_opengraph-title":"16 Iglu-Fahrer aus dem Verkehr gezogen","enclosure":null,"_yoast_wpseo_twitter-title":null,"_yoast_wpseo_twitter-description":null,"_yoast_wpseo_twitter-image":null,"_wp_old_slug":null,"_yoast_wpseo_title":null,"_yoast_wpseo_canonical":null,"yoast_head":"<!-- This site is optimized with the Yoast SEO plugin v27.5 - https:\/\/yoast.com\/product\/yoast-seo-wordpress\/ -->\n<title>16 Iglu-Fahrer aus dem Verkehr gezogen - Save<\/title>\n<meta name=\"description\" content=\"Iglu-Fahrer: Die Stadtpolizei Z\u00fcrich stoppte gestern mehrere Fahrzeuglenkende, die mit schnee- und eisbedeckten Autos unterwegs waren.\" \/>\n<meta name=\"robots\" content=\"index, follow, max-snippet:-1, max-image-preview:large, max-video-preview:-1\" \/>\n<link rel=\"canonical\" href=\"https:\/\/news.save.ch\/en\/16-iglu-fahrer-aus-dem-verkehr-gezogen\/\" \/>\n<meta property=\"og:locale\" content=\"en_US\" \/>\n<meta property=\"og:type\" content=\"article\" \/>\n<meta property=\"og:title\" content=\"16 Iglu-Fahrer aus dem Verkehr gezogen\" \/>\n<meta property=\"og:description\" content=\"Die Stadtpolizei Z\u00fcrich stoppte gestern mehrere Fahrzeuglenkende, die mit schnee- und eisbedeckten Autos unterwegs waren.\" \/>\n<meta property=\"og:url\" content=\"https:\/\/news.save.ch\/en\/16-iglu-fahrer-aus-dem-verkehr-gezogen\/\" \/>\n<meta property=\"og:site_name\" content=\"Save\" \/>\n<meta property=\"article:published_time\" content=\"2016-01-19T15:32:20+00:00\" \/>\n<meta property=\"og:image\" content=\"https:\/\/news.save.ch\/wp-content\/uploads\/2016\/12\/16-Iglu-Fahrer-aus-dem-Verkehr-gezogen-sicherheitsforum.jpg\" \/>\n<meta name=\"author\" content=\"admin\" \/>\n<meta name=\"twitter:card\" content=\"summary_large_image\" \/>\n<meta name=\"twitter:label1\" content=\"Written by\" \/>\n\t<meta name=\"twitter:data1\" content=\"admin\" \/>\n\t<meta name=\"twitter:label2\" content=\"Est. reading time\" \/>\n\t<meta name=\"twitter:data2\" content=\"1 minute\" \/>\n<script type=\"application\/ld+json\" class=\"yoast-schema-graph\">{\"@context\":\"https:\\\/\\\/schema.org\",\"@graph\":[{\"@type\":\"Article\",\"@id\":\"https:\\\/\\\/news.save.ch\\\/16-iglu-fahrer-aus-dem-verkehr-gezogen\\\/#article\",\"isPartOf\":{\"@id\":\"https:\\\/\\\/news.save.ch\\\/16-iglu-fahrer-aus-dem-verkehr-gezogen\\\/\"},\"author\":{\"name\":\"admin\",\"@id\":\"https:\\\/\\\/news.save.ch\\\/de\\\/#\\\/schema\\\/person\\\/d49e199490bad7c70d64b9ab51142f2b\"},\"headline\":\"16 Iglu-Fahrer aus dem Verkehr gezogen\",\"datePublished\":\"2016-01-19T15:32:20+00:00\",\"mainEntityOfPage\":{\"@id\":\"https:\\\/\\\/news.save.ch\\\/16-iglu-fahrer-aus-dem-verkehr-gezogen\\\/\"},\"wordCount\":147,\"commentCount\":0,\"publisher\":{\"@id\":\"https:\\\/\\\/news.save.ch\\\/de\\\/#organization\"},\"image\":{\"@id\":\"https:\\\/\\\/news.save.ch\\\/16-iglu-fahrer-aus-dem-verkehr-gezogen\\\/#primaryimage\"},\"thumbnailUrl\":\"https:\\\/\\\/news.save.ch\\\/wp-content\\\/uploads\\\/2016\\\/12\\\/16-Iglu-Fahrer-aus-dem-Verkehr-gezogen-sicherheitsforum-scaled-1-scaled.jpg\",\"keywords\":[\"Justiz &amp; Polizei\"],\"articleSection\":[\"ALLGEMEIN\"],\"inLanguage\":\"en-US\"},{\"@type\":\"WebPage\",\"@id\":\"https:\\\/\\\/news.save.ch\\\/16-iglu-fahrer-aus-dem-verkehr-gezogen\\\/\",\"url\":\"https:\\\/\\\/news.save.ch\\\/16-iglu-fahrer-aus-dem-verkehr-gezogen\\\/\",\"name\":\"16 Iglu-Fahrer aus dem Verkehr gezogen - Save\",\"isPartOf\":{\"@id\":\"https:\\\/\\\/news.save.ch\\\/de\\\/#website\"},\"primaryImageOfPage\":{\"@id\":\"https:\\\/\\\/news.save.ch\\\/16-iglu-fahrer-aus-dem-verkehr-gezogen\\\/#primaryimage\"},\"image\":{\"@id\":\"https:\\\/\\\/news.save.ch\\\/16-iglu-fahrer-aus-dem-verkehr-gezogen\\\/#primaryimage\"},\"thumbnailUrl\":\"https:\\\/\\\/news.save.ch\\\/wp-content\\\/uploads\\\/2016\\\/12\\\/16-Iglu-Fahrer-aus-dem-Verkehr-gezogen-sicherheitsforum-scaled-1-scaled.jpg\",\"datePublished\":\"2016-01-19T15:32:20+00:00\",\"description\":\"Iglu-Fahrer: Die Stadtpolizei Z\u00fcrich stoppte gestern mehrere Fahrzeuglenkende, die mit schnee- und eisbedeckten Autos unterwegs waren.\",\"breadcrumb\":{\"@id\":\"https:\\\/\\\/news.save.ch\\\/16-iglu-fahrer-aus-dem-verkehr-gezogen\\\/#breadcrumb\"},\"inLanguage\":\"en-US\",\"potentialAction\":[{\"@type\":\"ReadAction\",\"target\":[\"https:\\\/\\\/news.save.ch\\\/16-iglu-fahrer-aus-dem-verkehr-gezogen\\\/\"]}]},{\"@type\":\"ImageObject\",\"inLanguage\":\"en-US\",\"@id\":\"https:\\\/\\\/news.save.ch\\\/16-iglu-fahrer-aus-dem-verkehr-gezogen\\\/#primaryimage\",\"url\":\"https:\\\/\\\/news.save.ch\\\/wp-content\\\/uploads\\\/2016\\\/12\\\/16-Iglu-Fahrer-aus-dem-Verkehr-gezogen-sicherheitsforum-scaled-1-scaled.jpg\",\"contentUrl\":\"https:\\\/\\\/news.save.ch\\\/wp-content\\\/uploads\\\/2016\\\/12\\\/16-Iglu-Fahrer-aus-dem-Verkehr-gezogen-sicherheitsforum-scaled-1-scaled.jpg\",\"width\":1400,\"height\":1283,\"caption\":\"So nicht! Foto: PD Stapo\"},{\"@type\":\"BreadcrumbList\",\"@id\":\"https:\\\/\\\/news.save.ch\\\/16-iglu-fahrer-aus-dem-verkehr-gezogen\\\/#breadcrumb\",\"itemListElement\":[{\"@type\":\"ListItem\",\"position\":1,\"name\":\"Home\",\"item\":\"https:\\\/\\\/news.save.ch\\\/de\\\/\"},{\"@type\":\"ListItem\",\"position\":2,\"name\":\"16 Iglu-Fahrer aus dem Verkehr gezogen\"}]},{\"@type\":\"WebSite\",\"@id\":\"https:\\\/\\\/news.save.ch\\\/de\\\/#website\",\"url\":\"https:\\\/\\\/news.save.ch\\\/de\\\/\",\"name\":\"Save\",\"description\":\"Schweizer Fachzeitschrift f\u00fcr Sicherheit\",\"publisher\":{\"@id\":\"https:\\\/\\\/news.save.ch\\\/de\\\/#organization\"},\"potentialAction\":[{\"@type\":\"SearchAction\",\"target\":{\"@type\":\"EntryPoint\",\"urlTemplate\":\"https:\\\/\\\/news.save.ch\\\/de\\\/?s={search_term_string}\"},\"query-input\":{\"@type\":\"PropertyValueSpecification\",\"valueRequired\":true,\"valueName\":\"search_term_string\"}}],\"inLanguage\":\"en-US\"},{\"@type\":\"Organization\",\"@id\":\"https:\\\/\\\/news.save.ch\\\/de\\\/#organization\",\"name\":\"Sicherheitsforum\",\"url\":\"https:\\\/\\\/news.save.ch\\\/de\\\/\",\"logo\":{\"@type\":\"ImageObject\",\"inLanguage\":\"en-US\",\"@id\":\"https:\\\/\\\/news.save.ch\\\/de\\\/#\\\/schema\\\/logo\\\/image\\\/\",\"url\":\"https:\\\/\\\/news.save.ch\\\/wp-content\\\/uploads\\\/2022\\\/06\\\/Logo_SF_2012.png\",\"contentUrl\":\"https:\\\/\\\/news.save.ch\\\/wp-content\\\/uploads\\\/2022\\\/06\\\/Logo_SF_2012.png\",\"width\":1100,\"height\":91,\"caption\":\"Sicherheitsforum\"},\"image\":{\"@id\":\"https:\\\/\\\/news.save.ch\\\/de\\\/#\\\/schema\\\/logo\\\/image\\\/\"}},{\"@type\":\"Person\",\"@id\":\"https:\\\/\\\/news.save.ch\\\/de\\\/#\\\/schema\\\/person\\\/d49e199490bad7c70d64b9ab51142f2b\",\"name\":\"admin\",\"image\":{\"@type\":\"ImageObject\",\"inLanguage\":\"en-US\",\"@id\":\"https:\\\/\\\/secure.gravatar.com\\\/avatar\\\/ae2f4d718e6c49043e314ce431e7e645d646302a24a5ef5a8bc8e3f5a032e319?s=96&d=mm&r=g\",\"url\":\"https:\\\/\\\/secure.gravatar.com\\\/avatar\\\/ae2f4d718e6c49043e314ce431e7e645d646302a24a5ef5a8bc8e3f5a032e319?s=96&d=mm&r=g\",\"contentUrl\":\"https:\\\/\\\/secure.gravatar.com\\\/avatar\\\/ae2f4d718e6c49043e314ce431e7e645d646302a24a5ef5a8bc8e3f5a032e319?s=96&d=mm&r=g\",\"caption\":\"admin\"},\"sameAs\":[\"https:\\\/\\\/develop.organisator.galledia.ch\"],\"url\":\"https:\\\/\\\/news.save.ch\\\/en\\\/author\\\/admin\\\/\"}]}<\/script>\n<!-- \/ Yoast SEO plugin. -->","yoast_head_json":{"title":"16 igloo drivers taken off the road - Save","description":"Igloo drivers: Zurich city police stopped several drivers yesterday who were driving cars covered in snow and ice.","robots":{"index":"index","follow":"follow","max-snippet":"max-snippet:-1","max-image-preview":"max-image-preview:large","max-video-preview":"max-video-preview:-1"},"canonical":"https:\/\/news.save.ch\/en\/16-iglu-fahrer-aus-dem-verkehr-gezogen\/","og_locale":"en_US","og_type":"article","og_title":"16 Iglu-Fahrer aus dem Verkehr gezogen","og_description":"Die Stadtpolizei Z\u00fcrich stoppte gestern mehrere Fahrzeuglenkende, die mit schnee- und eisbedeckten Autos unterwegs waren.","og_url":"https:\/\/news.save.ch\/en\/16-iglu-fahrer-aus-dem-verkehr-gezogen\/","og_site_name":"Save","article_published_time":"2016-01-19T15:32:20+00:00","og_image":[{"url":"https:\/\/news.save.ch\/wp-content\/uploads\/2016\/12\/16-Iglu-Fahrer-aus-dem-Verkehr-gezogen-sicherheitsforum.jpg","type":"","width":"","height":""}],"author":"admin","twitter_card":"summary_large_image","twitter_misc":{"Written by":"admin","Est. reading time":"1 minute"},"schema":{"@context":"https:\/\/schema.org","@graph":[{"@type":"Article","@id":"https:\/\/news.save.ch\/16-iglu-fahrer-aus-dem-verkehr-gezogen\/#article","isPartOf":{"@id":"https:\/\/news.save.ch\/16-iglu-fahrer-aus-dem-verkehr-gezogen\/"},"author":{"name":"admin","@id":"https:\/\/news.save.ch\/de\/#\/schema\/person\/d49e199490bad7c70d64b9ab51142f2b"},"headline":"16 Iglu-Fahrer aus dem Verkehr gezogen","datePublished":"2016-01-19T15:32:20+00:00","mainEntityOfPage":{"@id":"https:\/\/news.save.ch\/16-iglu-fahrer-aus-dem-verkehr-gezogen\/"},"wordCount":147,"commentCount":0,"publisher":{"@id":"https:\/\/news.save.ch\/de\/#organization"},"image":{"@id":"https:\/\/news.save.ch\/16-iglu-fahrer-aus-dem-verkehr-gezogen\/#primaryimage"},"thumbnailUrl":"https:\/\/news.save.ch\/wp-content\/uploads\/2016\/12\/16-Iglu-Fahrer-aus-dem-Verkehr-gezogen-sicherheitsforum-scaled-1-scaled.jpg","keywords":["Justiz &amp; Polizei"],"articleSection":["ALLGEMEIN"],"inLanguage":"en-US"},{"@type":"WebPage","@id":"https:\/\/news.save.ch\/16-iglu-fahrer-aus-dem-verkehr-gezogen\/","url":"https:\/\/news.save.ch\/16-iglu-fahrer-aus-dem-verkehr-gezogen\/","name":"16 igloo drivers taken off the road - Save","isPartOf":{"@id":"https:\/\/news.save.ch\/de\/#website"},"primaryImageOfPage":{"@id":"https:\/\/news.save.ch\/16-iglu-fahrer-aus-dem-verkehr-gezogen\/#primaryimage"},"image":{"@id":"https:\/\/news.save.ch\/16-iglu-fahrer-aus-dem-verkehr-gezogen\/#primaryimage"},"thumbnailUrl":"https:\/\/news.save.ch\/wp-content\/uploads\/2016\/12\/16-Iglu-Fahrer-aus-dem-Verkehr-gezogen-sicherheitsforum-scaled-1-scaled.jpg","datePublished":"2016-01-19T15:32:20+00:00","description":"Igloo drivers: Zurich city police stopped several drivers yesterday who were driving cars covered in snow and ice.","breadcrumb":{"@id":"https:\/\/news.save.ch\/16-iglu-fahrer-aus-dem-verkehr-gezogen\/#breadcrumb"},"inLanguage":"en-US","potentialAction":[{"@type":"ReadAction","target":["https:\/\/news.save.ch\/16-iglu-fahrer-aus-dem-verkehr-gezogen\/"]}]},{"@type":"ImageObject","inLanguage":"en-US","@id":"https:\/\/news.save.ch\/16-iglu-fahrer-aus-dem-verkehr-gezogen\/#primaryimage","url":"https:\/\/news.save.ch\/wp-content\/uploads\/2016\/12\/16-Iglu-Fahrer-aus-dem-Verkehr-gezogen-sicherheitsforum-scaled-1-scaled.jpg","contentUrl":"https:\/\/news.save.ch\/wp-content\/uploads\/2016\/12\/16-Iglu-Fahrer-aus-dem-Verkehr-gezogen-sicherheitsforum-scaled-1-scaled.jpg","width":1400,"height":1283,"caption":"So nicht! Foto: PD Stapo"},{"@type":"BreadcrumbList","@id":"https:\/\/news.save.ch\/16-iglu-fahrer-aus-dem-verkehr-gezogen\/#breadcrumb","itemListElement":[{"@type":"ListItem","position":1,"name":"Home","item":"https:\/\/news.save.ch\/de\/"},{"@type":"ListItem","position":2,"name":"16 Iglu-Fahrer aus dem Verkehr gezogen"}]},{"@type":"WebSite","@id":"https:\/\/news.save.ch\/de\/#website","url":"https:\/\/news.save.ch\/de\/","name":"Save","description":"Swiss trade journal for safety","publisher":{"@id":"https:\/\/news.save.ch\/de\/#organization"},"potentialAction":[{"@type":"SearchAction","target":{"@type":"EntryPoint","urlTemplate":"https:\/\/news.save.ch\/de\/?s={search_term_string}"},"query-input":{"@type":"PropertyValueSpecification","valueRequired":true,"valueName":"search_term_string"}}],"inLanguage":"en-US"},{"@type":"Organization","@id":"https:\/\/news.save.ch\/de\/#organization","name":"Security Forum","url":"https:\/\/news.save.ch\/de\/","logo":{"@type":"ImageObject","inLanguage":"en-US","@id":"https:\/\/news.save.ch\/de\/#\/schema\/logo\/image\/","url":"https:\/\/news.save.ch\/wp-content\/uploads\/2022\/06\/Logo_SF_2012.png","contentUrl":"https:\/\/news.save.ch\/wp-content\/uploads\/2022\/06\/Logo_SF_2012.png","width":1100,"height":91,"caption":"Sicherheitsforum"},"image":{"@id":"https:\/\/news.save.ch\/de\/#\/schema\/logo\/image\/"}},{"@type":"Person","@id":"https:\/\/news.save.ch\/de\/#\/schema\/person\/d49e199490bad7c70d64b9ab51142f2b","name":"admin","image":{"@type":"ImageObject","inLanguage":"en-US","@id":"https:\/\/secure.gravatar.com\/avatar\/ae2f4d718e6c49043e314ce431e7e645d646302a24a5ef5a8bc8e3f5a032e319?s=96&d=mm&r=g","url":"https:\/\/secure.gravatar.com\/avatar\/ae2f4d718e6c49043e314ce431e7e645d646302a24a5ef5a8bc8e3f5a032e319?s=96&d=mm&r=g","contentUrl":"https:\/\/secure.gravatar.com\/avatar\/ae2f4d718e6c49043e314ce431e7e645d646302a24a5ef5a8bc8e3f5a032e319?s=96&d=mm&r=g","caption":"admin"},"sameAs":["https:\/\/develop.organisator.galledia.ch"],"url":"https:\/\/news.save.ch\/en\/author\/admin\/"}]}},"_links":{"self":[{"href":"https:\/\/news.save.ch\/en\/wp-json\/wp\/v2\/posts\/2155","targetHints":{"allow":["GET"]}}],"collection":[{"href":"https:\/\/news.save.ch\/en\/wp-json\/wp\/v2\/posts"}],"about":[{"href":"https:\/\/news.save.ch\/en\/wp-json\/wp\/v2\/types\/post"}],"author":[{"embeddable":true,"href":"https:\/\/news.save.ch\/en\/wp-json\/wp\/v2\/users\/1"}],"replies":[{"embeddable":true,"href":"https:\/\/news.save.ch\/en\/wp-json\/wp\/v2\/comments?post=2155"}],"version-history":[{"count":0,"href":"https:\/\/news.save.ch\/en\/wp-json\/wp\/v2\/posts\/2155\/revisions"}],"wp:featuredmedia":[{"embeddable":true,"href":"https:\/\/news.save.ch\/en\/wp-json\/wp\/v2\/media\/2157"}],"wp:attachment":[{"href":"https:\/\/news.save.ch\/en\/wp-json\/wp\/v2\/media?parent=2155"}],"wp:term":[{"taxonomy":"category","embeddable":true,"href":"https:\/\/news.save.ch\/en\/wp-json\/wp\/v2\/categories?post=2155"},{"taxonomy":"post_tag","embeddable":true,"href":"https:\/\/news.save.ch\/en\/wp-json\/wp\/v2\/tags?post=2155"}],"curies":[{"name":"wp","href":"https:\/\/api.w.org\/{rel}","templated":true}]}}